{"id":53862,"date":"2024-08-23T12:27:45","date_gmt":"2024-08-23T09:27:45","guid":{"rendered":"https:\/\/haircenterofturkey.com\/?p=53862"},"modified":"2026-08-31T15:14:48","modified_gmt":"2026-08-31T12:14:48","slug":"creatina-provoaca-caderea-parului-ce-spune-stiinta-despre-dht-si-varsare","status":"publish","type":"post","link":"https:\/\/haircenterofturkey.com\/ro\/creatina-provoaca-caderea-parului-ce-spune-stiinta-despre-dht-si-varsare\/","title":{"rendered":"Creatina provoac\u0103 c\u0103derea p\u0103rului? Ce spune \u0219tiin\u021ba despre DHT \u0219i v\u0103rsare"},"content":{"rendered":"\n<h2 class=\"wp-block-heading\" id=\"does-creatine-cause-hair-loss\"><b>Creatina provoac\u0103 c\u0103derea p\u0103rului?<\/b><\/h2>\n\n\n\n<p class=\"wp-block-paragraph\"><span style=\"font-weight: 400;\">Nu s-a dovedit c\u0103 creatina cauzeaz\u0103 c\u0103derea p\u0103rului. \u00cengrijorarea provine \u00een principal dintr-un mic studiu din 2009 care a constatat o cre\u0219tere a nivelului de DHT (un hormon legat de chelie masculin\u0103) dup\u0103 \u00eenc\u0103rcarea pe termen scurt cu creatin\u0103, dar studiul nu a m\u0103surat pierderea. Un studiu randomizat mai nou de 12 s\u0103pt\u0103m\u00e2ni nu a g\u0103sit modific\u0103ri ale DHT sau markerilor de cre\u0219tere a p\u0103rului.<\/span><\/p>\n\n\n\n<h2 class=\"wp-block-heading\" id=\"why-people-link-creatine-to-hair-loss\"><b>De ce oamenii leag\u0103 creatina cu c\u0103derea p\u0103rului<\/b><\/h2>\n\n\n\n<p class=\"wp-block-paragraph\"><span style=\"font-weight: 400;\">Creatina este unul dintre cele mai cercetate suplimente sportive, a\u0219a c\u0103 miturile c\u0103l\u0103toresc repede. Zvonul despre c\u0103derea p\u0103rului provine de obicei de la dihidrotestosteron (DHT), un androgen implicat \u00een alopecia androgenetic\u0103 (c\u0103derea p\u0103rului cu model masculin\/feminin). Dac\u0103 foliculii t\u0103i sunt sensibili genetic la DHT, chiar \u0219i fluctua\u021biile hormonale normale pot conta mai mult dec\u00e2t ar fi pentru cineva f\u0103r\u0103 aceast\u0103 predispozi\u021bie.<\/span><\/p>\n\n\n\n<h2 class=\"wp-block-heading\" id=\"what-the-research-actually-shows\"><b>Ce arat\u0103 de fapt cercet\u0103rile<\/b><\/h2>\n\n\n\n<p class=\"wp-block-paragraph\"><span style=\"font-weight: 400;\">Un studiu mic, dublu-orb, pe juc\u0103tori de rugby de v\u00e2rst\u0103 universitar\u0103 (2009) a raportat o cre\u0219tere a DHT \u0219i a raportului DHT-testosteron dup\u0103 o faz\u0103 de \u201e\u00eenc\u0103rcare\u201d cu creatin\u0103. Important, a f\u0103cut-o <\/span><b>nu<\/b><span style=\"font-weight: 400;\"> urm\u0103ri\u021bi c\u0103derea p\u0103rului, densitatea p\u0103rului sau modific\u0103rile scalpului.<\/span><\/p>\n\n\n\n<p class=\"wp-block-paragraph\"><span style=\"font-weight: 400;\">Mai recent, un studiu controlat randomizat de 12 s\u0103pt\u0103m\u00e2ni (2025) a comparat creatina cu placebo \u0219i a g\u0103sit <\/span><b>fara diferente semnificative<\/b><span style=\"font-weight: 400;\"> \u00een DHT, raportul DHT-testosteron sau parametrii de cre\u0219tere a p\u0103rului \u00eentre grupuri. \u00cen termeni practici, acesta este genul de design de studiu pe care oamenii au vrut s\u0103-l vad\u0103 dup\u0103 lucrarea din 2009.<\/span><\/p>\n\n\n\n<p class=\"wp-block-paragraph\"><span style=\"font-weight: 400;\">Profilul de siguran\u021b\u0103 mai larg al creatinei este, de asemenea, bine stabilit \u00een literatura de nutri\u021bie sportiv\u0103, cu pozi\u021bii care descriu creatina monohidrat ca un supliment bine studiat atunci c\u00e2nd este utilizat \u00een mod corespunz\u0103tor.<\/span><\/p>\n\n\n\n<h2 class=\"wp-block-heading\" id=\"dht-genetics-and-why-results-differ-between-people\"><b>DHT, genetic\u0103 \u0219i de ce rezultatele difer\u0103 \u00eentre oameni<\/b><\/h2>\n\n\n\n<p class=\"wp-block-paragraph\"><span style=\"font-weight: 400;\">DHT nu \u201eprovoac\u0103\u201d c\u0103derea p\u0103rului de la sine. C\u0103derea tipului de p\u0103r apare atunci c\u00e2nd foliculii sunt sensibili genetic la DHT \u00een timp, ceea ce duce la miniaturizare (p\u0103r mai sub\u021biri, mai scurti \u0219i o sc\u0103dere treptat\u0103 a densit\u0103\u021bii). Dac\u0103 ave\u021bi deja antecedente familiale de sub\u021biere a modelului, este posibil s\u0103 observa\u021bi pierderea mai devreme dec\u00e2t prietenii care iau acela\u0219i supliment.<\/span><\/p>\n\n\n\n<p class=\"wp-block-paragraph\"><span style=\"font-weight: 400;\">Acestea fiind spuse, a vedea mai mult p\u0103r la du\u0219 nu \u00eenseamn\u0103 automat c\u0103 DHT cre\u0219te. Mul\u021bi oameni se confrunt\u0103 cu scurgerea temporar\u0103 de la factorii declan\u0219atori care nu au leg\u0103tur\u0103.<\/span><\/p>\n\n\n\n<figure class=\"wp-block-image\"><img decoding=\"async\" src=\"https:\/\/haircenterofturkey.com\/wp-content\/uploads\/2024\/08\/Does-Creatine-Cause-Hair-Loss_1.webp\" alt=\"Does Creatine Cause Hair Loss?\" title=\"\"><\/figure>\n\n\n\n<div class=\"wp-block-rank-math-toc-block\" id=\"rank-math-toc\"><h2>Table of Contents<\/h2><nav><ul><li><a href=\"#does-creatine-cause-hair-loss\">Creatina provoac\u0103 c\u0103derea p\u0103rului?<\/a><\/li><li><a href=\"#why-people-link-creatine-to-hair-loss\">De ce oamenii leag\u0103 creatina cu c\u0103derea p\u0103rului<\/a><\/li><li><a href=\"#what-the-research-actually-shows\">Ce arat\u0103 de fapt cercet\u0103rile<\/a><\/li><li><a href=\"#dht-genetics-and-why-results-differ-between-people\">DHT, genetic\u0103 \u0219i de ce rezultatele difer\u0103 \u00eentre oameni<\/a><\/li><li><a href=\"#other-common-reasons-people-shed-while-taking-creatine\">Alte motive obi\u0219nuite pentru care oamenii elimin\u0103 \u00een timp ce iau creatin\u0103<\/a><\/li><li><a href=\"#what-to-do-if-you-notice-shedding\">Ce s\u0103 face\u021bi dac\u0103 observa\u021bi v\u0103rsarea<\/a><\/li><li><a href=\"#supporting-hair-health-while-training\">Sprijinirea s\u0103n\u0103t\u0103\u021bii p\u0103rului \u00een timpul antrenamentului<\/a><\/li><li><a href=\"#when-hair-loss-needs-a-specialist-eye\">C\u00e2nd c\u0103derea p\u0103rului are nevoie de un ochi de specialitate<\/a><\/li><li><a href=\"#faq\">\u00centreb\u0103ri frecvente<\/a><\/li><\/ul><\/nav><\/div>\n\n\n\n<h2 class=\"wp-block-heading\" id=\"other-common-reasons-people-shed-while-taking-creatine\"><b>Alte motive obi\u0219nuite pentru care oamenii elimin\u0103 \u00een timp ce iau creatin\u0103<\/b><\/h2>\n\n\n\n<p class=\"wp-block-paragraph\"><span style=\"font-weight: 400;\">Dac\u0103 c\u0103derea p\u0103rului \u00eencepe aproximativ \u00een acela\u0219i timp cu creatina, momentul poate induce \u00een eroare. C\u00e2\u021biva factori de confuzie obi\u0219nui\u021bi:<\/span><\/p>\n\n\n\n<ul class=\"wp-block-list\">\n<li><span style=\"font-weight: 400;\">** Antrenament greu \u0219i recuperare insuficient\u0103:** Cre\u0219terea rapid\u0103 a volumului de antrenament, somnul slab sau stresul ridicat pot contribui la pierderea.<\/span><\/li>\n\n\n\n<li><span style=\"font-weight: 400;\">**Deficit caloric \u0219i pierdere rapid\u0103 \u00een greutate:** T\u0103ierea agresiv\u0103 poate reduce proteinele, fierul, zincul \u0219i disponibilitatea general\u0103 a energiei.<\/span><\/li>\n\n\n\n<li><span style=\"font-weight: 400;\">**Boal\u0103 sau factori de stres majori \u00een via\u021b\u0103:** Ace\u0219tia pot declan\u0219a efluviu telogen (eliminare temporar\u0103) s\u0103pt\u0103m\u00e2ni p\u00e2n\u0103 la luni mai t\u00e2rziu.<\/span><\/li>\n\n\n\n<li><span style=\"font-weight: 400;\">**Calitatea suplimentului:** Contaminarea nu este obi\u0219nuit\u0103 \u00een cazul m\u0103rcilor de renume, dar testarea ter\u021b\u0103 parte conteaz\u0103.<\/span><\/li>\n\n\n\n<li><span style=\"font-weight: 400;\">**C\u0103derea p\u0103rului cu model existent:** Creatina poate fi acuzat\u0103 de un proces care era deja \u00een curs.<\/span><\/li>\n<\/ul>\n\n\n\n<figure class=\"wp-block-image\"><img decoding=\"async\" src=\"https:\/\/haircenterofturkey.com\/wp-content\/uploads\/2024\/08\/Does-Creatine-Cause-Hair-Loss_3.webp\" alt=\"Does Creatine Cause Hair Loss?\" title=\"\"><\/figure>\n\n\n\n<p class=\"wp-block-paragraph\"><\/p>\n\n\n\n<h2 class=\"wp-block-heading\" id=\"what-to-do-if-you-notice-shedding\"><b>Ce s\u0103 face\u021bi dac\u0103 observa\u021bi v\u0103rsarea<\/b><\/h2>\n\n\n\n<p class=\"wp-block-paragraph\"><span style=\"font-weight: 400;\">Dac\u0103 v\u0103rsarea este u\u0219oar\u0103 \u0219i v\u0103 sim\u021bi\u021bi bine, se poate stabili de la sine. Dac\u0103 este brusc\u0103, grea sau asociat\u0103 cu simptome ale scalpului (m\u00e2nc\u0103rime, arsuri, descuam\u0103ri) sau sub\u021bierea evident\u0103 la t\u00e2mple\/coroan\u0103, merit\u0103 s\u0103 fi\u021bi verificat.<\/span><\/p>\n\n\n\n<p class=\"wp-block-paragraph\"><span style=\"font-weight: 400;\">Un clinician poate analiza:<\/span><\/p>\n\n\n\n<ul class=\"wp-block-list\">\n<li><span style=\"font-weight: 400;\">Model vs v\u0103rsare difuz\u0103<\/span><\/li>\n\n\n\n<li><span style=\"font-weight: 400;\">Stresul recent, modific\u0103ri ale dietei, boli sau medicamente<\/span><\/li>\n\n\n\n<li><span style=\"font-weight: 400;\">Fier (feritina), vitamina D, func\u021bia tiroidian\u0103 \u0219i alte laboratoare relevante, acolo unde este cazul<\/span><\/li>\n<\/ul>\n\n\n\n<p class=\"wp-block-paragraph\"><span style=\"font-weight: 400;\">Dac\u0103 ave\u021bi un istoric familial puternic de alopecie androgenetic\u0103, \u00eentreba\u021bi despre op\u021biuni bazate pe dovezi, cum ar fi minoxidilul topic sau tratamentele pe baz\u0103 de prescrip\u021bie medical\u0103 &#8211; acestea ar trebui alese de un profesionist din domeniul s\u0103n\u0103t\u0103\u021bii.<\/span><\/p>\n\n\n\n<p class=\"wp-block-paragraph\"><img decoding=\"async\" src=\"https:\/\/haircenterofturkey.com\/wp-content\/uploads\/2024\/08\/Does-Creatine-Cause-Hair-Loss_2.webp\" alt=\"Does Creatine Cause Hair Loss?\" title=\"\"><strong>Lucruri de luat \u00een considerare<\/strong><\/p>\n\n\n\n<h2 class=\"wp-block-heading\" id=\"supporting-hair-health-while-training\"><b>Sprijinirea s\u0103n\u0103t\u0103\u021bii p\u0103rului \u00een timpul antrenamentului<\/b><\/h2>\n\n\n\n<p class=\"wp-block-paragraph\"><span style=\"font-weight: 400;\">P\u0103rul tinde s\u0103 reflecte starea general\u0103 de s\u0103n\u0103tate. Aceste elemente de baz\u0103 ajut\u0103 mai mult dec\u00e2t \u0219ampoanele \u201emiracol\u201d:<\/span><\/p>\n\n\n\n<ul class=\"wp-block-list\">\n<li><span style=\"font-weight: 400;\">Mananca suficiente calorii totale si proteine pentru sarcina ta de antrenament<\/span><\/li>\n\n\n\n<li><span style=\"font-weight: 400;\">Urm\u0103ri\u021bi o pierdere de gr\u0103sime constant\u0103 \u0219i durabil\u0103 dac\u0103 t\u0103ia\u021bi<\/span><\/li>\n\n\n\n<li><span style=\"font-weight: 400;\">Prioritizeaz\u0103 somnul \u0219i recuperarea<\/span><\/li>\n\n\n\n<li><span style=\"font-weight: 400;\">Evita coafurile stranse si tratamentele chimice dure daca parul este fragil<\/span><\/li>\n<\/ul>\n\n\n\n<h2 class=\"wp-block-heading\" id=\"when-hair-loss-needs-a-specialist-eye\"><b>C\u00e2nd c\u0103derea p\u0103rului are nevoie de un ochi de specialitate<\/b><\/h2>\n\n\n\n<p class=\"wp-block-paragraph\"><span style=\"font-weight: 400;\">Dac\u0103 dori\u021bi claritate cu privire la ceea ce provoac\u0103 sub\u021bierea \u2013 mai ales dac\u0103 ave\u021bi \u00een vedere un plan pe termen lung \u2013 ob\u021binerea unei evalu\u0103ri adecvate economise\u0219te timp. Hair Center of Turkey ofer\u0103 o abordare tip boutique, \u00een stil VIP, concentrat\u0103 pe \u00een\u021belegerea cauzei c\u0103derii p\u0103rului, apoi pe discutarea pa\u0219ilor urm\u0103tori adecva\u021bi \u00een func\u021bie de modelul, istoricul \u0219i obiectivele dvs.<\/span><\/p>\n\n\n\n<h2 class=\"wp-block-heading\" id=\"faq\">\u00centreb\u0103ri frecvente<\/h2>\n\n\n<div id=\"rank-math-faq\" class=\"rank-math-block\">\n<div class=\"rank-math-list \">\n<div id=\"faq-question-1771334299976\" class=\"rank-math-list-item\">\n<h3 class=\"rank-math-question \">Creatina cre\u0219te DHT \u0219i c\u0103derea p\u0103rului?<\/h3>\n<div class=\"rank-math-answer \">\n\n<p>Nu exist\u0103 dovezi puternice c\u0103 creatina cre\u0219te DHT sau provoac\u0103 c\u0103derea p\u0103rului.<\/p>\n\n<\/div>\n<\/div>\n<div id=\"faq-question-1771334324948\" class=\"rank-math-list-item\">\n<h3 class=\"rank-math-question \">Ar trebui s\u0103 opresc creatina dac\u0103 am c\u0103derea p\u0103rului?<\/h3>\n<div class=\"rank-math-answer \">\n\n<p>Nu; oprirea creatinei este op\u021bional\u0103, dar monitoriza\u021bi modific\u0103rile \u0219i consulta\u021bi un dermatolog.<\/p>\n\n<\/div>\n<\/div>\n<div id=\"faq-question-1771334330604\" class=\"rank-math-list-item\">\n<h3 class=\"rank-math-question \">Voi \u00eenceta pierderea p\u0103rului dac\u0103 nu mai iau creatin\u0103?<\/h3>\n<div class=\"rank-math-answer \">\n\n<p>Pu\u021bin probabil; oprirea creatinei nu va opri \u00een mod fiabil c\u0103derea p\u0103rului dac\u0103 e\u0219ti predispus genetic.<\/p>\n\n<\/div>\n<\/div>\n<div id=\"faq-question-1771334335494\" class=\"rank-math-list-item\">\n<h3 class=\"rank-math-question \">C\u00e2t\u0103 creatin\u0103 pentru a evita c\u0103derea p\u0103rului?<\/h3>\n<div class=\"rank-math-answer \">\n\n<p>Nicio doz\u0103 nu este dovedit\u0103 pentru a preveni c\u0103derea p\u0103rului; 3-5 g\/zi nu a demonstrat cauzalitate.<\/p>\n\n<\/div>\n<\/div>\n<div id=\"faq-question-1771334341964\" class=\"rank-math-list-item\">\n<h3 class=\"rank-math-question \">Creatina este rea pentru p\u0103rul sub\u021bire?<\/h3>\n<div class=\"rank-math-answer \">\n\n<p>Nu; creatina nu este dovedit\u0103 rea pentru p\u0103rul sub\u021bire.<\/p>\n\n<\/div>\n<\/div>\n<\/div>\n<\/div>","protected":false},"excerpt":{"rendered":"<p>Creatina provoac\u0103 c\u0103derea p\u0103rului? Nu s-a dovedit c\u0103 creatina cauzeaz\u0103 c\u0103derea p\u0103rului. \u00cengrijorarea provine \u00een principal dintr-un mic studiu din 2009 care a constatat o cre\u0219tere a nivelului de DHT (un hormon legat de chelie masculin\u0103) dup\u0103 \u00eenc\u0103rcarea pe termen scurt cu creatin\u0103, dar studiul nu a m\u0103surat pierderea. Un studiu randomizat mai nou de [&hellip;]<\/p>\n","protected":false},"author":2,"featured_media":18692,"comment_status":"closed","ping_status":"closed","sticky":false,"template":"","format":"standard","meta":{"footnotes":"","rank_math_title":"","rank_math_description":"Creatina nu provoac\u0103 \u00een mod direct c\u0103derea p\u0103rului, dar poate cre\u0219te nivelul de DHT, ceea ce poate contribui la pierderea p\u0103rului.","rank_math_focus_keyword":"","rank_math_canonical_url":"","rank_math_breadcrumb_title":"","rank_math_facebook_title":"","rank_math_facebook_description":"","rank_math_facebook_image":"","rank_math_twitter_title":"","rank_math_twitter_description":"","rank_math_twitter_image":"","rank_math_pillar_content":""},"categories":[968,987],"tags":[],"class_list":["post-53862","post","type-post","status-publish","format-standard","has-post-thumbnail","hentry","category-blog","category-caderea-parului"],"_links":{"self":[{"href":"https:\/\/haircenterofturkey.com\/ro\/wp-json\/wp\/v2\/posts\/53862","targetHints":{"allow":["GET"]}}],"collection":[{"href":"https:\/\/haircenterofturkey.com\/ro\/wp-json\/wp\/v2\/posts"}],"about":[{"href":"https:\/\/haircenterofturkey.com\/ro\/wp-json\/wp\/v2\/types\/post"}],"author":[{"embeddable":true,"href":"https:\/\/haircenterofturkey.com\/ro\/wp-json\/wp\/v2\/users\/2"}],"replies":[{"embeddable":true,"href":"https:\/\/haircenterofturkey.com\/ro\/wp-json\/wp\/v2\/comments?post=53862"}],"version-history":[{"count":2,"href":"https:\/\/haircenterofturkey.com\/ro\/wp-json\/wp\/v2\/posts\/53862\/revisions"}],"predecessor-version":[{"id":60515,"href":"https:\/\/haircenterofturkey.com\/ro\/wp-json\/wp\/v2\/posts\/53862\/revisions\/60515"}],"wp:featuredmedia":[{"embeddable":true,"href":"https:\/\/haircenterofturkey.com\/ro\/wp-json\/wp\/v2\/media\/18692"}],"wp:attachment":[{"href":"https:\/\/haircenterofturkey.com\/ro\/wp-json\/wp\/v2\/media?parent=53862"}],"wp:term":[{"taxonomy":"category","embeddable":true,"href":"https:\/\/haircenterofturkey.com\/ro\/wp-json\/wp\/v2\/categories?post=53862"},{"taxonomy":"post_tag","embeddable":true,"href":"https:\/\/haircenterofturkey.com\/ro\/wp-json\/wp\/v2\/tags?post=53862"}],"curies":[{"name":"wp","href":"https:\/\/api.w.org\/{rel}","templated":true}]}}