{"id":53854,"date":"2024-08-24T13:55:46","date_gmt":"2024-08-24T10:55:46","guid":{"rendered":"https:\/\/haircenterofturkey.com\/?p=53854"},"modified":"2026-09-05T15:54:52","modified_gmt":"2026-09-05T12:54:52","slug":"ceara-provoaca-caderea-parului","status":"publish","type":"post","link":"https:\/\/haircenterofturkey.com\/ro\/ceara-provoaca-caderea-parului\/","title":{"rendered":"Ceara provoac\u0103 c\u0103derea p\u0103rului?"},"content":{"rendered":"\n<h2 class=\"wp-block-heading\" id=\"does-hair-wax-cause-hair-loss\"><strong>Ceara de p\u0103r provoac\u0103 c\u0103derea p\u0103rului?<\/strong><\/h2>\n\n\n\n<p class=\"wp-block-paragraph\"><span style=\"font-weight: 400;\">Ceara de p\u0103r nu provoac\u0103 de obicei c\u0103derea real\u0103 a p\u0103rului de la r\u0103d\u0103cin\u0103. Cele mai multe probleme provin din acumularea de produs, irita\u021bia scalpului, reac\u021biile alergice sau ruperea c\u00e2nd ceara este aplicat\u0103 sau \u00eendep\u0103rtat\u0103 brusc. Folosit\u0103 pe p\u0103rul curat \u0219i sp\u0103lat\u0103 zilnic, ceara este \u00een general sigur\u0103. Pierderea continu\u0103 cu m\u00e2nc\u0103rime sau ro\u0219ea\u021b\u0103 este un semn de oprire \u0219i de a primi sfaturi.<\/span><\/p>\n\n\n\n<figure class=\"wp-block-image\"><img decoding=\"async\" src=\"https:\/\/haircenterofturkey.com\/wp-content\/uploads\/2024\/08\/Does-Wax-Cause-Hair-Loss.webp\" alt=\"Does Wax Cause Hair Loss? What Does Wax Do?\" title=\"\"><\/figure>\n\n\n\n<div class=\"wp-block-rank-math-toc-block\" id=\"rank-math-toc\"><h2>Table of Contents<\/h2><nav><ul><li><a href=\"#does-hair-wax-cause-hair-loss\">Ceara de p\u0103r provoac\u0103 c\u0103derea p\u0103rului?<\/a><\/li><li><a href=\"#what-hair-wax-does-and-what-it-doesnt\">Ce face ceara de p\u0103r \u0219i ce nu<\/a><\/li><li><a href=\"#how-to-use-hair-wax-safely\">Cum s\u0103 utiliza\u021bi ceara de p\u0103r \u00een siguran\u021b\u0103<\/a><ul><li><a href=\"#start-with-clean-mostly-dry-hair\">\u00cencepe\u021bi cu p\u0103rul curat, \u00een mare parte uscat<\/a><\/li><li><a href=\"#use-the-smallest-amount-that-works\">Utiliza\u021bi cea mai mic\u0103 cantitate care func\u021bioneaz\u0103<\/a><\/li><li><a href=\"#keep-wax-off-the-scalp\">P\u0103stra\u021bi ceara de pe scalp<\/a><\/li><li><a href=\"#remove-it-properly-at-night\">\u00cendep\u0103rta\u021bi-l corect noaptea<\/a><\/li><\/ul><\/li><li><a href=\"#types-of-wax-and-who-they-suit\">Tipuri de cear\u0103 \u0219i cui se potrivesc<\/a><ul><li><a href=\"#classic-hair-wax-and-pomade-style-products\">Cear\u0103 de p\u0103r clasic\u0103 \u0219i produse \u00een stil pomad\u0103<\/a><\/li><li><a href=\"#matte-wax-or-clay\">Cear\u0103 mat\u0103 sau argil\u0103<\/a><\/li><li><a href=\"#powder-wax\">Pudr\u0103 Cear\u0103<\/a><\/li><li><a href=\"#brow-wax\">Cear\u0103 pentru spr\u00e2ncene<\/a><\/li><\/ul><\/li><li><a href=\"#can-wax-trigger-hair-loss-common-scenarios\">Poate ceara s\u0103 declan\u0219eze c\u0103derea p\u0103rului? Scenarii comune<\/a><\/li><li><a href=\"#what-to-look-for-when-buying-wax\">Ce s\u0103 c\u0103uta\u021bi c\u00e2nd cump\u0103ra\u021bi cear\u0103<\/a><\/li><li><a href=\"#aftercare-what-to-do-after-using-wax\">\u00cengrijire ulterioar\u0103: Ce s\u0103 face\u021bi dup\u0103 ce a\u021bi folosit cear\u0103<\/a><\/li><li><a href=\"#how-long-can-wax-stay-in-hair\">C\u00e2t timp poate r\u0103m\u00e2ne ceara \u00een p\u0103r?<\/a><\/li><li><a href=\"#signs-wax-isnt-working-for-you\">Semne c\u0103 ceara nu func\u021bioneaz\u0103 pentru tine<\/a><\/li><li><a href=\"#faq\">\u00centreb\u0103ri frecvente<\/a><\/li><\/ul><\/nav><\/div>\n\n\n\n<h2 class=\"wp-block-heading\" id=\"what-hair-wax-does-and-what-it-doesnt\"><b>Ce face ceara de p\u0103r \u0219i ce nu<\/b><\/h2>\n\n\n\n<p class=\"wp-block-paragraph\"><span style=\"font-weight: 400;\">Ceara de p\u0103r este un produs de styling conceput pentru a ad\u0103uga textura, \u021binerea \u0219i, uneori, str\u0103lucirea. Se a\u0219eaz\u0103 pe suprafa\u021ba p\u0103rului, mai degrab\u0103 dec\u00e2t s\u0103 schimbe modul \u00een care cre\u0219te p\u0103rul. C\u00e2nd oamenii spun c\u0103 \u201eceara a cauzat c\u0103derea p\u0103rului\u201d, ei descriu adesea ruperea sau pierderea crescut\u0103 pe care o observ\u0103 \u00een timpul sp\u0103l\u0103rii.<\/span><\/p>\n\n\n\n<p class=\"wp-block-paragraph\"><span style=\"font-weight: 400;\">C\u0103derea adev\u0103rat\u0103 a p\u0103rului (din folicul) este de obicei determinat\u0103 de genetic\u0103, hormoni, boli sau anumite medicamente. Ceara poate contribui \u00een continuare la problemele scalpului care fac p\u0103rul s\u0103 se simt\u0103 mai sub\u021bire, mai ales dac\u0103 se acumuleaz\u0103, declan\u0219eaz\u0103 irita\u021bii sau duce la periaj agresiv.<\/span><\/p>\n\n\n\n<figure class=\"wp-block-image\"><img decoding=\"async\" src=\"https:\/\/haircenterofturkey.com\/wp-content\/uploads\/2024\/08\/Does-Wax-Cause-Hair-Loss_1.webp\" alt=\"Does Wax Cause Hair Loss? What Does Wax Do?\" title=\"\"><\/figure>\n\n\n\n<p class=\"wp-block-paragraph\"><\/p>\n\n\n\n<h2 class=\"wp-block-heading\" id=\"how-to-use-hair-wax-safely\"><b>Cum s\u0103 utiliza\u021bi ceara de p\u0103r \u00een siguran\u021b\u0103<\/b><\/h2>\n\n\n\n<h3 class=\"wp-block-heading\" id=\"start-with-clean-mostly-dry-hair\"><b>\u00cencepe\u021bi cu p\u0103rul curat, \u00een mare parte uscat<\/b><\/h3>\n\n\n\n<p class=\"wp-block-paragraph\"><span style=\"font-weight: 400;\">Aplic\u0103 cear\u0103 dup\u0103 sp\u0103larea \u0219i uscarea p\u0103rului, sau cel pu\u021bin dup\u0103 \u00eemprosp\u0103tarea scalpului. Ceara se aga\u021b\u0103 de ulei \u0219i de transpira\u021bie, a\u0219a c\u0103 utilizarea acesteia pe p\u0103rul murdar face mai probabil\u0103 acumularea. Dac\u0103 prefera\u021bi s\u0103 coafa\u021bi p\u0103rul umed, alege\u021bi un produs care spune \u00een mod explicit c\u0103 func\u021bioneaz\u0103 pe p\u0103rul umed.<\/span><\/p>\n\n\n\n<h3 class=\"wp-block-heading\" id=\"use-the-smallest-amount-that-works\"><b>Utiliza\u021bi cea mai mic\u0103 cantitate care func\u021bioneaz\u0103<\/b><\/h3>\n\n\n\n<p class=\"wp-block-paragraph\"><span style=\"font-weight: 400;\">\u00cenc\u0103lzi\u021bi o cantitate de m\u0103rimea unui bob de maz\u0103re \u00eentre palme \u0219i ad\u0103uga\u021bi mai mult doar dac\u0103 este necesar. Supra\u00eenc\u0103rcarea p\u0103rului cu cear\u0103 face mai greu s\u0103 se r\u0103sp\u00e2ndeasc\u0103 uniform \u0219i mai greu de \u00eendep\u0103rtat. Aplicarea grea poate cre\u0219te, de asemenea, frecarea la piept\u0103nare, ceea ce cre\u0219te riscul de rupere.<\/span><\/p>\n\n\n\n<figure class=\"wp-block-image\"><img decoding=\"async\" src=\"https:\/\/haircenterofturkey.com\/wp-content\/uploads\/2024\/08\/Does-Wax-Cause-Hair-Loss_2.webp\" alt=\"Does Wax Cause Hair Loss? What Does Wax Do?\" title=\"\"><\/figure>\n\n\n\n<p class=\"wp-block-paragraph\"><\/p>\n\n\n\n<h3 class=\"wp-block-heading\" id=\"keep-wax-off-the-scalp\"><b>P\u0103stra\u021bi ceara de pe scalp<\/b><\/h3>\n\n\n\n<p class=\"wp-block-paragraph\"><span style=\"font-weight: 400;\">Concentra\u021bi-v\u0103 pe lungimi \u0219i v\u00e2rfuri mijlocii, nu pe r\u0103d\u0103cini. Punerea cear\u0103 direct pe scalp poate \u00eenfunda porii pentru unele persoane \u0219i poate agrava m\u00e2nc\u0103rimea, descuamarea sau umfl\u0103turile. Dac\u0103 ave\u021bi nevoie de lifting de r\u0103d\u0103cin\u0103, utiliza\u021bi un produs u\u0219or f\u0103cut pentru utilizare \u00een apropierea scalpului \u0219i aplica\u021bi cu modera\u021bie.<\/span><\/p>\n\n\n\n<h3 class=\"wp-block-heading\" id=\"remove-it-properly-at-night\"><b>\u00cendep\u0103rta\u021bi-l corect noaptea<\/b><\/h3>\n\n\n\n<p class=\"wp-block-paragraph\"><span style=\"font-weight: 400;\">Sp\u0103la\u021bi ceara \u00eenainte de culcare ori de c\u00e2te ori este posibil. Dormitul \u00een cear\u0103 poate prinde transpira\u021bia \u0219i iritan\u021bii pe scalp \u0219i poate declan\u0219a descuam\u0103ri asem\u0103n\u0103toare m\u0103tre\u021bii sau inflama\u021bia foliculului. Dac\u0103 ceara ta este foarte rezistent\u0103 la ap\u0103, folose\u0219te o presp\u0103lare delicat\u0103 (cum ar fi balsam sau ulei u\u0219or) pentru a o sl\u0103bi, apoi \u0219ampon.<\/span><\/p>\n\n\n\n<figure class=\"wp-block-image\"><img decoding=\"async\" src=\"https:\/\/haircenterofturkey.com\/wp-content\/uploads\/2024\/08\/Does-Wax-Cause-Hair-Loss_3.webp\" alt=\"Does Wax Cause Hair Loss? What Does Wax Do?\" title=\"\"><\/figure>\n\n\n\n<p class=\"wp-block-paragraph\"><\/p>\n\n\n\n<h2 class=\"wp-block-heading\" id=\"types-of-wax-and-who-they-suit\"><b>Tipuri de cear\u0103 \u0219i cui se potrivesc<\/b><\/h2>\n\n\n\n<h3 class=\"wp-block-heading\" id=\"classic-hair-wax-and-pomade-style-products\"><b>Cear\u0103 de p\u0103r clasic\u0103 \u0219i produse \u00een stil pomad\u0103<\/b><\/h3>\n\n\n\n<p class=\"wp-block-paragraph\"><span style=\"font-weight: 400;\">Cerurile tradi\u021bionale \u0219i produsele \u00een stil pomad\u0103 ofer\u0103 o re\u021binere puternic\u0103 \u0219i un control puternic. Func\u021bioneaz\u0103 bine pentru stiluri scurte spre medii care au nevoie de defini\u021bie. Dac\u0103 acumula\u021bi u\u0219or, c\u0103uta\u021bi formule solubile \u00een ap\u0103 care se cl\u0103tesc mai curat.<\/span><\/p>\n\n\n\n<h3 class=\"wp-block-heading\" id=\"matte-wax-or-clay\"><b>Cear\u0103 mat\u0103 sau argil\u0103<\/b><\/h3>\n\n\n\n<p class=\"wp-block-paragraph\"><span style=\"font-weight: 400;\">Cerurile \u0219i argilele mate ofer\u0103 un finisaj natural cu textur\u0103 \u0219i volum. Ele pot fi grozave pentru p\u0103rul fin, dar unele produse grele de argil\u0103 se simt uscate pe p\u0103rul deja fragil. Asocia\u021bi-le cu un balsam \u0219i evita\u021bi reaplicarea abundent\u0103 \u00een aceea\u0219i zi.<\/span><\/p>\n\n\n\n<h3 class=\"wp-block-heading\" id=\"powder-wax\"><b>Pudr\u0103 Cear\u0103<\/b><\/h3>\n\n\n\n<p class=\"wp-block-paragraph\"><span style=\"font-weight: 400;\">Cerurile pulbere adaug\u0103 ridicare \u0219i aderen\u021b\u0103 \u0219i sunt adesea folosite pentru volum rapid. Se pot sim\u021bi murda\u0219i \u0219i pot provoca \u00eencurcare dac\u0103 sunt suprautiliza\u021bi. Folosi\u021bi o cantitate mic\u0103 \u0219i sp\u0103la\u021bi-l bine pentru a evita uscarea \u0219i spargerea.<\/span><\/p>\n\n\n\n<h3 class=\"wp-block-heading\" id=\"brow-wax\"><b>Cear\u0103 pentru spr\u00e2ncene<\/b><\/h3>\n\n\n\n<p class=\"wp-block-paragraph\"><span style=\"font-weight: 400;\">Cerurile pentru spr\u00e2ncene \u0219i s\u0103punurile pentru spr\u00e2ncene sunt f\u0103cute pentru modelarea p\u0103rului spr\u00e2ncenelor. De obicei prezint\u0103 un risc sc\u0103zut atunci c\u00e2nd sunt utilizate conform instruc\u021biunilor, dar pielea din jurul ochilor poate fi sensibil\u0103. Testeaz\u0103 cu plasture produse noi \u0219i evit\u0103 p\u0103trunderea lor \u00een zona ochilor.<\/span><\/p>\n\n\n\n<figure class=\"wp-block-image\"><img decoding=\"async\" src=\"https:\/\/haircenterofturkey.com\/wp-content\/uploads\/2024\/08\/Does-Wax-Cause-Hair-Loss_4.webp\" alt=\"Does Wax Cause Hair Loss? What Does Wax Do?\" title=\"\"><\/figure>\n\n\n\n<p class=\"wp-block-paragraph\"><\/p>\n\n\n\n<h2 class=\"wp-block-heading\" id=\"can-wax-trigger-hair-loss-common-scenarios\"><b>Poate ceara s\u0103 declan\u0219eze c\u0103derea p\u0103rului? Scenarii comune<\/b><\/h2>\n\n\n\n<p class=\"wp-block-paragraph\"><span style=\"font-weight: 400;\">Ceara nu este o cauz\u0103 direct\u0103 a c\u0103derii permanente a p\u0103rului pentru majoritatea oamenilor, dar poate contribui la probleme care o imit\u0103. Acestea sunt cele mai comune c\u0103i:<\/span><\/p>\n\n\n\n<ul class=\"wp-block-list\">\n<li><span style=\"font-weight: 400;\">Irita\u021bia scalpului sau dermatita de contact de la parfum, conservan\u021bi sau anumite cear\u0103. Acest lucru poate cre\u0219te v\u0103rsarea \u0219i poate provoca m\u00e2nc\u0103rime sau arsuri.<\/span><\/li>\n\n\n\n<li><span style=\"font-weight: 400;\">Foliculita (foliculi inflama\u021bi) \u00een cazul \u00een care produsul greu se afl\u0103 pe scalp, mai ales atunci c\u00e2nd este amestecat cu transpira\u021bie sau ocluzie de la p\u0103l\u0103rii.<\/span><\/li>\n\n\n\n<li><span style=\"font-weight: 400;\">Acumularea de produse care agraveaz\u0103 descuamarea \u0219i face p\u0103rul s\u0103 arate tern, plat sau mai sub\u021bire la r\u0103d\u0103cini.<\/span><\/li>\n\n\n\n<li><span style=\"font-weight: 400;\">Rupere de la prinderea rigid\u0103, piept\u0103narea repetat\u0103 sau \u00eendep\u0103rtarea brutal\u0103. Ruperea este adesea confundat\u0103 cu c\u0103derea p\u0103rului, deoarece buc\u0103\u021bile ies la du\u0219.<\/span><\/li>\n\n\n\n<li><span style=\"font-weight: 400;\">Trac\u021biune \u0219i stres de la stiluri str\u00e2nse \u021binute \u00een loc cu cear\u0103 (slick-back-uri, cozi de cal str\u00e2nse). Tensiunea repetat\u0103 poate sl\u0103bi firele de p\u0103r \u00een timp.<\/span><\/li>\n\n\n\n<li><span style=\"font-weight: 400;\">Folosind cear\u0103 cu c\u0103ldur\u0103 mare. C\u0103ldura poate face reziduurile mai greu de \u00eendep\u0103rtat \u0219i poate usca firul de p\u0103r, cresc\u00e2nd riscul de rupere.<\/span><\/li>\n<\/ul>\n\n\n\n<figure class=\"wp-block-image\"><img decoding=\"async\" src=\"https:\/\/haircenterofturkey.com\/wp-content\/uploads\/2024\/08\/Does-Wax-Cause-Hair-Loss_5.webp\" alt=\"Does Wax Cause Hair Loss? What Does Wax Do?\" title=\"\"><\/figure>\n\n\n\n<p class=\"wp-block-paragraph\"><\/p>\n\n\n\n<h2 class=\"wp-block-heading\" id=\"what-to-look-for-when-buying-wax\"><b>Ce s\u0103 c\u0103uta\u021bi c\u00e2nd cump\u0103ra\u021bi cear\u0103<\/b><\/h2>\n\n\n\n<p class=\"wp-block-paragraph\"><span style=\"font-weight: 400;\">Alege\u021bi o cear\u0103 \u00een func\u021bie de tipul dvs. de p\u0103r, de sensibilitatea scalpului \u0219i de c\u00e2t de des inten\u021biona\u021bi s\u0103 o utiliza\u021bi. Dac\u0103 sunte\u021bi predispus la irita\u021bii sau acnee \u00een jurul liniei p\u0103rului, evita\u021bi parfumurile grele \u0219i formulele foarte grase. Cerurile solubile \u00een ap\u0103 sunt de obicei mai u\u0219or de sp\u0103lat, ceea ce reduce acumularea.<\/span><\/p>\n\n\n\n<p class=\"wp-block-paragraph\"><span style=\"font-weight: 400;\">Verifica\u021bi o list\u0103 clar\u0103 de ingrediente \u0219i alege\u021bi m\u0103rci de renume care public\u0103 etichetarea complet\u0103. Dac\u0103 ave\u021bi antecedente de eczem\u0103, dermatit\u0103 seboreic\u0103 sau psoriazis al scalpului, alege\u021bi formule mai simple \u0219i evita\u021bi orice a declan\u0219at crize \u00eenainte.<\/span><\/p>\n\n\n\n<h2 class=\"wp-block-heading\" id=\"aftercare-what-to-do-after-using-wax\"><b>\u00cengrijire ulterioar\u0103: Ce s\u0103 face\u021bi dup\u0103 ce a\u021bi folosit cear\u0103<\/b><\/h2>\n\n\n\n<p class=\"wp-block-paragraph\"><span style=\"font-weight: 400;\">Sp\u0103la\u021bi-v\u0103 bine p\u0103rul \u0219i scalpul la sf\u00e2r\u0219itul zilei. Masa\u021bi \u0219amponul \u00een scalp timp de cel pu\u021bin 30-60 de secunde pentru a \u00eendep\u0103rta reziduurile. Dac\u0103 folosi\u021bi cear\u0103 zilnic, lua\u021bi \u00een considerare un \u0219ampon de clarificare o dat\u0103 pe s\u0103pt\u0103m\u00e2n\u0103, urmat de balsam.<\/span><\/p>\n\n\n\n<p class=\"wp-block-paragraph\"><span style=\"font-weight: 400;\">Fii bl\u00e2nd c\u00e2nd te descurci. Folosi\u021bi un pieptene cu din\u021bi largi \u0219i \u00eencepe\u021bi de la capete, mai ales dac\u0103 produsul adaug\u0103 aderen\u021b\u0103. Mai pu\u021bin\u0103 tragere \u00eenseamn\u0103 mai pu\u021bin\u0103 rupere.<\/span><\/p>\n\n\n\n<figure class=\"wp-block-image\"><img decoding=\"async\" src=\"https:\/\/haircenterofturkey.com\/wp-content\/uploads\/2024\/08\/Does-Wax-Cause-Hair-Loss_6.webp\" alt=\"Does Wax Cause Hair Loss? What Does Wax Do?\" title=\"\"><\/figure>\n\n\n\n<p class=\"wp-block-paragraph\"><\/p>\n\n\n\n<h2 class=\"wp-block-heading\" id=\"how-long-can-wax-stay-in-hair\"><b>C\u00e2t timp poate r\u0103m\u00e2ne ceara \u00een p\u0103r?<\/b><\/h2>\n\n\n\n<p class=\"wp-block-paragraph\"><span style=\"font-weight: 400;\">P\u0103strarea cear\u0103 \u00een p\u0103r \u00een timpul zilei este de obicei bine dac\u0103 scalpul se simte confortabil. Problema mai mare este l\u0103sarea acestuia peste noapte sau stratificarea produsului timp de mai multe zile. \u00cendep\u0103rtarea zilnic\u0103 ajut\u0103 scalpul s\u0103 r\u0103m\u00e2n\u0103 curat \u0219i reduce \u0219ansa de iritare sau foliculi \u00eenfunda\u021bi.<\/span><\/p>\n\n\n\n<h2 class=\"wp-block-heading\" id=\"signs-wax-isnt-working-for-you\"><b>Semne c\u0103 ceara nu func\u021bioneaz\u0103 pentru tine<\/b><\/h2>\n\n\n\n<p class=\"wp-block-paragraph\"><span style=\"font-weight: 400;\">Opri\u021bi utilizarea produsului \u0219i reevalua\u021bi dac\u0103 observa\u021bi m\u00e2nc\u0103rime, ro\u0219ea\u021b\u0103, arsuri, umfl\u0103turi de-a lungul liniei p\u0103rului sau o cre\u0219tere brusc\u0103 a pierderii. Urm\u0103ri\u021bi, de asemenea, pete de fulgi care se agraveaz\u0103 dup\u0103 coafare sau p\u0103r care se rupe u\u0219or c\u00e2nd este piept\u0103nat. Trecerea la un produs mai u\u0219or, f\u0103r\u0103 parfum \u0219i solubil \u00een ap\u0103 ajut\u0103 adesea.<\/span><\/p>\n\n\n\n<p class=\"wp-block-paragraph\"><span style=\"font-weight: 400;\">Dac\u0103 simptomele dureaz\u0103 mai mult de dou\u0103 s\u0103pt\u0103m\u00e2ni sau dac\u0103 observa\u021bi chelie, durere sau scurgere, consulta\u021bi un dermatolog. Aceste semne pot indica o afec\u021biune a pielii care necesit\u0103 un tratament \u021bintit, nu doar o schimbare de produs.<\/span><\/p>\n\n\n\n<h2 class=\"wp-block-heading\" id=\"faq\"><b>\u00centreb\u0103ri frecvente<\/b><\/h2>\n\n\n<div id=\"rank-math-faq\" class=\"rank-math-block\">\n<div class=\"rank-math-list \">\n<div id=\"faq-question-1771312841490\" class=\"rank-math-list-item\">\n<h3 class=\"rank-math-question \">Poate ceara de p\u0103r s\u0103 v\u0103 d\u0103uneze p\u0103rului?<\/h3>\n<div class=\"rank-math-answer \">\n\n<p>Da, ceara de p\u0103r poate provoca acumulare, usc\u0103ciune \u0219i rupere dac\u0103 este folosit\u0103 \u00een exces.<\/p>\n\n<\/div>\n<\/div>\n<div id=\"faq-question-1771313000245\" class=\"rank-math-list-item\">\n<h3 class=\"rank-math-question \">Pute\u021bi pierde p\u0103rul de la ceara de p\u0103r?<\/h3>\n<div class=\"rank-math-answer \">\n\n<p>Nu, ceara de p\u0103r cauzeaz\u0103 rareori c\u0103derea p\u0103rului; poate cre\u0219te ruperea \u0219i v\u0103rsarea.<\/p>\n\n<\/div>\n<\/div>\n<div id=\"faq-question-1771313004854\" class=\"rank-math-list-item\">\n<h3 class=\"rank-math-question \">Epilarea cu cear\u0103 provoac\u0103 c\u0103derea p\u0103rului?<\/h3>\n<div class=\"rank-math-answer \">\n\n<p>Ceara de coafat nu provoac\u0103 c\u0103derea permanent\u0103 a p\u0103rului, dar ruperea poate ar\u0103ta ca sub\u021bierea.<\/p>\n\n<\/div>\n<\/div>\n<div id=\"faq-question-1771313008932\" class=\"rank-math-list-item\">\n<h3 class=\"rank-math-question \">Pot s\u0103 pun cear\u0103 de p\u0103r \u00een fiecare zi?<\/h3>\n<div class=\"rank-math-answer \">\n\n<p>Da, pute\u021bi folosi zilnic cear\u0103 de p\u0103r dac\u0103 cur\u0103\u021ba\u021bi p\u0103rul \u0219i scalpul \u00een mod regulat.<\/p>\n\n<\/div>\n<\/div>\n<div id=\"faq-question-1771313013138\" class=\"rank-math-list-item\">\n<h3 class=\"rank-math-question \">Este s\u0103n\u0103tos s\u0103 folose\u0219ti cear\u0103 de p\u0103r?<\/h3>\n<div class=\"rank-math-answer \">\n\n<p>Da, ceara de par este sanatoasa cu moderatie; sp\u0103la\u021bi zilnic pentru a preveni irita\u021bia.<\/p>\n\n<\/div>\n<\/div>\n<\/div>\n<\/div>\n\n\n<p class=\"wp-block-paragraph\"><br><\/p>\n\n\n\n<p class=\"wp-block-paragraph\"><br><\/p>\n\n\n\n<p class=\"wp-block-paragraph\"><br><\/p>\n\n\n\n<p class=\"wp-block-paragraph\"><br><\/p>\n","protected":false},"excerpt":{"rendered":"<p>Ceara de p\u0103r provoac\u0103 c\u0103derea p\u0103rului? Ceara de p\u0103r nu provoac\u0103 de obicei c\u0103derea real\u0103 a p\u0103rului de la r\u0103d\u0103cin\u0103. Cele mai multe probleme provin din acumularea de produs, irita\u021bia scalpului, reac\u021biile alergice sau ruperea c\u00e2nd ceara este aplicat\u0103 sau \u00eendep\u0103rtat\u0103 brusc. Folosit\u0103 pe p\u0103rul curat \u0219i sp\u0103lat\u0103 zilnic, ceara este \u00een general sigur\u0103. Pierderea [&hellip;]<\/p>\n","protected":false},"author":2,"featured_media":359,"comment_status":"closed","ping_status":"closed","sticky":false,"template":"","format":"standard","meta":{"footnotes":"","rank_math_title":"","rank_math_description":"Epilarea cu cear\u0103 nu provoac\u0103 \u00een mod direct c\u0103derea permanent\u0103 a p\u0103rului. Face\u021bi clic pentru mai multe informa\u021bii.","rank_math_focus_keyword":"","rank_math_canonical_url":"","rank_math_breadcrumb_title":"","rank_math_facebook_title":"","rank_math_facebook_description":"","rank_math_facebook_image":"","rank_math_twitter_title":"","rank_math_twitter_description":"","rank_math_twitter_image":"","rank_math_pillar_content":""},"categories":[968,987],"tags":[],"class_list":["post-53854","post","type-post","status-publish","format-standard","has-post-thumbnail","hentry","category-blog","category-caderea-parului"],"_links":{"self":[{"href":"https:\/\/haircenterofturkey.com\/ro\/wp-json\/wp\/v2\/posts\/53854","targetHints":{"allow":["GET"]}}],"collection":[{"href":"https:\/\/haircenterofturkey.com\/ro\/wp-json\/wp\/v2\/posts"}],"about":[{"href":"https:\/\/haircenterofturkey.com\/ro\/wp-json\/wp\/v2\/types\/post"}],"author":[{"embeddable":true,"href":"https:\/\/haircenterofturkey.com\/ro\/wp-json\/wp\/v2\/users\/2"}],"replies":[{"embeddable":true,"href":"https:\/\/haircenterofturkey.com\/ro\/wp-json\/wp\/v2\/comments?post=53854"}],"version-history":[{"count":3,"href":"https:\/\/haircenterofturkey.com\/ro\/wp-json\/wp\/v2\/posts\/53854\/revisions"}],"predecessor-version":[{"id":62787,"href":"https:\/\/haircenterofturkey.com\/ro\/wp-json\/wp\/v2\/posts\/53854\/revisions\/62787"}],"wp:featuredmedia":[{"embeddable":true,"href":"https:\/\/haircenterofturkey.com\/ro\/wp-json\/wp\/v2\/media\/359"}],"wp:attachment":[{"href":"https:\/\/haircenterofturkey.com\/ro\/wp-json\/wp\/v2\/media?parent=53854"}],"wp:term":[{"taxonomy":"category","embeddable":true,"href":"https:\/\/haircenterofturkey.com\/ro\/wp-json\/wp\/v2\/categories?post=53854"},{"taxonomy":"post_tag","embeddable":true,"href":"https:\/\/haircenterofturkey.com\/ro\/wp-json\/wp\/v2\/tags?post=53854"}],"curies":[{"name":"wp","href":"https:\/\/api.w.org\/{rel}","templated":true}]}}