{"id":53722,"date":"2024-09-17T09:40:23","date_gmt":"2024-09-17T06:40:23","guid":{"rendered":"https:\/\/haircenterofturkey.com\/?p=53722"},"modified":"2026-09-01T12:40:41","modified_gmt":"2026-09-01T09:40:41","slug":"vitamina-b12-pentru-par-beneficii-semne-de-deficienta-si-tratament","status":"publish","type":"post","link":"https:\/\/haircenterofturkey.com\/ro\/vitamina-b12-pentru-par-beneficii-semne-de-deficienta-si-tratament\/","title":{"rendered":"Vitamina B12 pentru p\u0103r: beneficii, semne de deficien\u021b\u0103 \u0219i tratament"},"content":{"rendered":"<h2><b>Beneficiile vitaminei B12 pentru p\u0103r<\/b><\/h2>\n<p>Vitamina B12 sus\u021bine s\u0103n\u0103tatea p\u0103rului, \u00een principal, ajut\u00e2ndu-v\u0103 corpul s\u0103 produc\u0103 celule ro\u0219ii din s\u00e2nge \u0219i ADN &#8211; ambele esen\u021biale pentru foliculii de p\u0103r cu cre\u0219tere rapid\u0103. Dac\u0103 ave\u021bi deficien\u021b\u0103, este posibil s\u0103 observa\u021bi o pierdere crescut\u0103, sub\u021biere sau o cre\u0219tere mai lent\u0103. Corectarea unei adev\u0103rate deficien\u021be poate ajuta, dar administrarea suplimentar\u0103 de B12 nu va opri c\u0103derea p\u0103rului dac\u0103 nivelul t\u0103u este deja normal.<\/p>\n<p><img decoding=\"async\" src=\"https:\/\/haircenterofturkey.com\/wp-content\/uploads\/2024\/09\/sac-icin-b12-vitamini.webp\" alt=\"Benefits of Vitamin B12 for Hair\" title=\"\"><\/p>\n<h2><b>Ce face vitamina B12 \u00een organism<\/b><\/h2>\n<p><span style=\"font-weight: 400;\">Vitamina B12 (cobalamina) este o vitamin\u0103 solubil\u0103 \u00een ap\u0103 necesar\u0103 pentru sinteza ADN-ului, formarea globulelor ro\u0219ii \u0219i func\u021bionarea s\u0103n\u0103toas\u0103 a nervilor. Corpul t\u0103u nu o produce, a\u0219a c\u0103 trebuie s\u0103 o ob\u021bii din alimente sau suplimente. Cele mai multe surse naturale bogate sunt alimentele de origine animal\u0103, plus unele produse fortificate.\u00a0<\/span><\/p>\n<p><img decoding=\"async\" src=\"https:\/\/haircenterofturkey.com\/wp-content\/uploads\/2024\/09\/b12-vitamini-nedir.webp\" alt=\"Benefits of Vitamin B12 for Hair\" title=\"\"><\/p>\n<h2><b>Cum sus\u021bine vitamina B12 s\u0103n\u0103tatea p\u0103rului<\/b><\/h2>\n<p><span style=\"font-weight: 400;\">Foliculii de p\u0103r sunt \u021besuturi extrem de active care se bazeaz\u0103 pe o schimbare constant\u0103 a celulelor. Deoarece B12 ajut\u0103 la producerea de ADN \u0219i la formarea globulelor ro\u0219ii, sus\u021bine indirect condi\u021biile de care foliculii dumneavoastr\u0103 au nevoie pentru a func\u021biona normal. C\u00e2nd B12 este sc\u0103zut, livrarea redus\u0103 de oxigen (din anemie) \u0219i re\u00eennoirea celular\u0103 afectat\u0103 pot contribui la o cre\u0219tere mai slab\u0103 \u0219i la mai mult\u0103 pierdere la unii oameni.<\/span><b>\u00a0<\/b><\/p>\n<h2><b>Vitamina B12 sc\u0103zut\u0103 poate provoca c\u0103derea p\u0103rului?<\/b><\/h2>\n<p><span style=\"font-weight: 400;\">Se poate, mai ales atunci c\u00e2nd deficien\u021ba este semnificativ\u0103 \u0219i este asociat\u0103 cu anemie sau stare nutri\u021bional\u0103 general\u0103 slab\u0103. Acestea fiind spuse, cercet\u0103rile privind nivelurile de B12 \u00een condi\u021biile obi\u0219nuite de c\u0103derea p\u0103rului sunt mixte, iar mul\u021bi oameni cu c\u0103derea p\u0103rului au niveluri normale de B12. Cea mai sigur\u0103 variant\u0103 este cea practic\u0103: B12 ajut\u0103 p\u0103rul atunci c\u00e2nd ave\u021bi deficien\u021be; nu este o solu\u021bie universal\u0103 \u00eempotriva c\u0103derii p\u0103rului.\u00a0<\/span><\/p>\n<h2><b>Semne ale deficitului de vitamina B12<\/b><\/h2>\n<p><span style=\"font-weight: 400;\">Deficitul de B12 nu apare \u00eentotdeauna primul \u00een p\u0103r. Mul\u021bi oameni observ\u0103 simptome ale \u00eentregului corp \u00eenainte de a le conecta la v\u0103rsare.<\/span><\/p>\n<h3><b>Simptome comune<\/b><\/h3>\n<ul>\n<li style=\"font-weight: 400;\" aria-level=\"1\"><span style=\"font-weight: 400;\">Oboseal\u0103, energie sc\u0103zut\u0103, sl\u0103biciune<\/span><\/li>\n<li style=\"font-weight: 400;\" aria-level=\"1\"><span style=\"font-weight: 400;\">Piele palid\u0103 sau dificult\u0103\u021bi de respira\u021bie (posibil\u0103 anemie)<\/span><\/li>\n<li style=\"font-weight: 400;\" aria-level=\"1\"><span style=\"font-weight: 400;\">Amor\u021beal\u0103, furnic\u0103turi, probleme de echilibru<\/span><\/li>\n<li style=\"font-weight: 400;\" aria-level=\"1\"><span style=\"font-weight: 400;\">Schimb\u0103ri de dispozi\u021bie, probleme de memorie sau de concentrare\u00a0<\/span><\/li>\n<\/ul>\n<h3><b>Schimb\u0103ri legate de p\u0103r Unii oameni raporteaz\u0103<\/b><\/h3>\n<ul>\n<li aria-level=\"1\"><span style=\"font-weight: 400;\">Cre\u0219terea v\u0103rs\u0103rii sau sub\u021bierea<\/span><\/li>\n<\/ul>\n<ul>\n<li style=\"font-weight: 400;\" aria-level=\"1\"><span style=\"font-weight: 400;\">\u0218uvi\u021be uscate, fragile, care se rup u\u0219or<\/span><\/li>\n<li style=\"font-weight: 400;\" aria-level=\"1\"><span style=\"font-weight: 400;\">\u00cengrijire prematur\u0103 (mai pu\u021bin frecvent\u0103 \u0219i nu specific\u0103 B12)<\/span><\/li>\n<\/ul>\n<p><span style=\"font-weight: 400;\">Simptomele p\u0103rului se pot suprapune cu deficien\u021ba de fier, tulbur\u0103rile tiroidiene, stresul, modific\u0103rile postpartum, medicamentele \u0219i genetica &#8211; deci testarea conteaz\u0103.<\/span><\/p>\n<p><img decoding=\"async\" src=\"https:\/\/haircenterofturkey.com\/wp-content\/uploads\/2024\/09\/yorgunluk-ve-halsizlik.webp\" alt=\"Benefits of Vitamin B12 for Hair\" title=\"\"><\/p>\n<h2><b>Cum s\u0103 v\u0103 verifica\u021bi nivelul de vitamina B12<\/b><\/h2>\n<p>Un test de s\u00e2nge este punctul de plecare. Multe referin\u021be consider\u0103 valorile B12 serice sub ~200\u2013250 pg\/mL ca fiind subnormale, dar limitele variaz\u0103 \u00een func\u021bie de laborator \u0219i de contextul clinic. Dac\u0103 rezultatele sunt limit\u0103, clinicienii confirm\u0103 adesea deficien\u021ba func\u021bional\u0103 folosind markeri precum acidul metilmalonic<\/p>\n<p>Un clinician poate examina, de asemenea, factorii de risc precum:<\/p>\n<ul>\n<li aria-level=\"1\">Diet\u0103 vegan\u0103\/vegetarian\u0103 f\u0103r\u0103 alimente sau suplimente fortificate de \u00eencredere<\/li>\n<\/ul>\n<ul>\n<li aria-level=\"1\">Condi\u021bii digestive care afecteaz\u0103 absorb\u021bia<\/li>\n<\/ul>\n<ul>\n<li aria-level=\"1\">Utilizarea metforminei sau a medicamentelor de reducere a acidului pe termen lung<\/li>\n<\/ul>\n<ul>\n<li aria-level=\"1\">Anemie pernicioas\u0103 sau antecedente autoimune<\/li>\n<\/ul>\n<p><img decoding=\"async\" src=\"https:\/\/haircenterofturkey.com\/wp-content\/uploads\/2024\/09\/bas-doenmesi.webp\" alt=\"Benefits of Vitamin B12 for Hair\" title=\"\"><\/p>\n<h2><b>Cum s\u0103 tratezi deficien\u021ba de vitamina B12<\/b><\/h2>\n<p>Tratamentul depinde de cauz\u0103 \u0219i de severitate.<\/p>\n<h3>Op\u021biuni comune<\/h3>\n<ul>\n<li aria-level=\"1\">Modific\u0103ri ale dietei: mai multe alimente bogate \u00een B12 (pe\u0219te, carne, ou\u0103, lactate) sau alimente fortificate<\/li>\n<\/ul>\n<ul>\n<li aria-level=\"1\">Suplimente orale: utilizate adesea pentru deficien\u021be u\u0219oare p\u00e2n\u0103 la moderate<\/li>\n<\/ul>\n<ul>\n<li aria-level=\"1\">Injec\u021bii: Se utilizeaz\u0103 mai des atunci c\u00e2nd deficien\u021ba este sever\u0103 sau absorb\u021bia este afectat\u0103<\/li>\n<\/ul>\n<p>Dac\u0103 B12 este sc\u0103zut\u0103 din cauza problemelor de absorb\u021bie (cum ar fi anemia pernicioas\u0103), alimentele singure ar putea s\u0103 nu fie suficiente. Corectarea cauzei de baz\u0103 face parte din controlul pe termen lung.<\/p>\n<p><img decoding=\"async\" src=\"https:\/\/haircenterofturkey.com\/wp-content\/uploads\/2024\/09\/soluk-cilt.webp\" alt=\"Benefits of Vitamin B12 for Hair\" title=\"\"><\/p>\n<h2><b>De c\u00e2t\u0103 vitamina B12 ai nevoie?<\/b><\/h2>\n<p>Nevoile zilnice depind de v\u00e2rst\u0103 \u0219i de stadiul vie\u021bii. Pentru majoritatea adul\u021bilor, cantitatea recomandat\u0103 este de 2,4 mcg\/zi, cu nevoi mai mari \u00een timpul sarcinii \u0219i al\u0103pt\u0103rii.<\/p>\n<p><img decoding=\"async\" src=\"https:\/\/haircenterofturkey.com\/wp-content\/uploads\/2024\/09\/nefes-darligi.webp\" alt=\"Benefits of Vitamin B12 for Hair\" title=\"\"><\/p>\n<h2><b>C\u00e2nd c\u0103derea p\u0103rului are nevoie de un control mai amplu<\/b><\/h2>\n<p><span style=\"font-weight: 400;\">Dac\u0103 v\u0103rsarea este persistent\u0103, brusc\u0103 sau asociat\u0103 cu simptome ale scalpului (m\u00e2nc\u0103rime, ro\u0219ea\u021b\u0103, descuamare), B12 este doar o pies\u0103 a puzzle-ului. Un medic poate verifica, de asemenea, fierul\/feritina, markerii tiroidieni, vitamina D \u0219i semnele de inflama\u021bie sau dezechilibru hormonal, \u00een func\u021bie de istoricul \u0219i modelul de pierdere.<\/span><\/p>\n<p><span style=\"font-weight: 400;\">Dac\u0103 explora\u021bi un plan pe termen lung pentru restaurarea p\u0103rului, clinici precum Hair Center of Turkey \u00eencep de obicei prin a identifica cauza \u0219i apoi v\u0103 potrivesc cu o cale adecvat\u0103, personalizat\u0103 &#8211; suport nutri\u021bional atunci c\u00e2nd este relevant \u0219i op\u021biuni medicale sau procedurale atunci c\u00e2nd este necesar.<\/span><\/p>\n<p><img decoding=\"async\" src=\"https:\/\/haircenterofturkey.com\/wp-content\/uploads\/2024\/09\/uyusma-ve-karincalanma.webp\" alt=\"Benefits of Vitamin B12 for Hair\" title=\"\"><\/p>\n<p>\u00a0<\/p>\n<h2><b>\u00centreb\u0103ri frecvente<\/b><\/h2>\n<h3><b>Deficien\u021ba de B12 afecteaz\u0103 p\u0103rul?<\/b><\/h3>\n<p>Da, atunci c\u00e2nd este o deficien\u021b\u0103 adev\u0103rat\u0103, poate contribui la pierderea sau o cre\u0219tere mai slab\u0103. Dac\u0103 nivelul dvs. de B12 este normal, este pu\u021bin probabil ca B12 suplimentar s\u0103 modifice rezultatele p\u0103rului.<\/p>\n<h3><b>Ce vitamine sunt discutate frecvent pentru p\u0103r?<\/b><\/h3>\n<p>Oamenii se uit\u0103 adesea la fier, vitamina D, zinc \u0219i vitaminele B. Alegerea corect\u0103 depinde de laboratoarele dvs. \u0219i de cauza care st\u0103 la baza c\u0103derii p\u0103rului, mai degrab\u0103 dec\u00e2t de o \u201evitamina pentru p\u0103r\u201d universal\u0103.<\/p>\n<h3><b>Ce simptome psihologice se pot \u00eent\u00e2mpla cu deficitul de B12?<\/b><\/h3>\n<p>Some people experience low mood, anxiety, memory issues, confusion, or cognitive changes, especially when deficiency is long-standing.<\/p>\n","protected":false},"excerpt":{"rendered":"<p>Beneficiile vitaminei B12 pentru p\u0103r Vitamina B12 sus\u021bine s\u0103n\u0103tatea p\u0103rului, \u00een principal, ajut\u00e2ndu-v\u0103 corpul s\u0103 produc\u0103 celule ro\u0219ii din s\u00e2nge \u0219i ADN &#8211; ambele esen\u021biale pentru foliculii de p\u0103r cu cre\u0219tere rapid\u0103. Dac\u0103 ave\u021bi deficien\u021b\u0103, este posibil s\u0103 observa\u021bi o pierdere crescut\u0103, sub\u021biere sau o cre\u0219tere mai lent\u0103. Corectarea unei adev\u0103rate deficien\u021be poate ajuta, dar [&hellip;]<\/p>\n","protected":false},"author":2,"featured_media":378,"comment_status":"closed","ping_status":"closed","sticky":false,"template":"","format":"standard","meta":{"footnotes":"","rank_math_title":"","rank_math_description":"Afla\u021bi cum vitamina B12 sus\u021bine cre\u0219terea s\u0103n\u0103toas\u0103 a p\u0103rului, semnele de avertizare ale deficien\u021bei, cum s\u0103 v\u0103 testa\u021bi nivelurile \u0219i modalit\u0103\u021bi sigure de a corecta nivelul sc\u0103zut de B12.","rank_math_focus_keyword":"","rank_math_canonical_url":"","rank_math_breadcrumb_title":"","rank_math_facebook_title":"","rank_math_facebook_description":"","rank_math_facebook_image":"","rank_math_twitter_title":"","rank_math_twitter_description":"","rank_math_twitter_image":"","rank_math_pillar_content":""},"categories":[968,981],"tags":[],"class_list":["post-53722","post","type-post","status-publish","format-standard","has-post-thumbnail","hentry","category-blog","category-ingrijirea-parului"],"_links":{"self":[{"href":"https:\/\/haircenterofturkey.com\/ro\/wp-json\/wp\/v2\/posts\/53722","targetHints":{"allow":["GET"]}}],"collection":[{"href":"https:\/\/haircenterofturkey.com\/ro\/wp-json\/wp\/v2\/posts"}],"about":[{"href":"https:\/\/haircenterofturkey.com\/ro\/wp-json\/wp\/v2\/types\/post"}],"author":[{"embeddable":true,"href":"https:\/\/haircenterofturkey.com\/ro\/wp-json\/wp\/v2\/users\/2"}],"replies":[{"embeddable":true,"href":"https:\/\/haircenterofturkey.com\/ro\/wp-json\/wp\/v2\/comments?post=53722"}],"version-history":[{"count":1,"href":"https:\/\/haircenterofturkey.com\/ro\/wp-json\/wp\/v2\/posts\/53722\/revisions"}],"predecessor-version":[{"id":60779,"href":"https:\/\/haircenterofturkey.com\/ro\/wp-json\/wp\/v2\/posts\/53722\/revisions\/60779"}],"wp:featuredmedia":[{"embeddable":true,"href":"https:\/\/haircenterofturkey.com\/ro\/wp-json\/wp\/v2\/media\/378"}],"wp:attachment":[{"href":"https:\/\/haircenterofturkey.com\/ro\/wp-json\/wp\/v2\/media?parent=53722"}],"wp:term":[{"taxonomy":"category","embeddable":true,"href":"https:\/\/haircenterofturkey.com\/ro\/wp-json\/wp\/v2\/categories?post=53722"},{"taxonomy":"post_tag","embeddable":true,"href":"https:\/\/haircenterofturkey.com\/ro\/wp-json\/wp\/v2\/tags?post=53722"}],"curies":[{"name":"wp","href":"https:\/\/api.w.org\/{rel}","templated":true}]}}