{"id":53631,"date":"2024-09-26T13:18:12","date_gmt":"2024-09-26T10:18:12","guid":{"rendered":"https:\/\/haircenterofturkey.com\/?p=53631"},"modified":"2026-08-31T16:12:07","modified_gmt":"2026-08-31T13:12:07","slug":"perucile-provoaca-caderea-parului","status":"publish","type":"post","link":"https:\/\/haircenterofturkey.com\/ro\/perucile-provoaca-caderea-parului\/","title":{"rendered":"Perucile provoac\u0103 c\u0103derea p\u0103rului?"},"content":{"rendered":"\n<h2 class=\"wp-block-heading\" id=\"do-wigs-cause-hair-loss\"><b>Perucile provoac\u0103 c\u0103derea p\u0103rului?<\/b><\/h2>\n\n\n\n<p class=\"wp-block-paragraph\"><span style=\"font-weight: 400;\">Perucile nu provoac\u0103 \u00een mod direct c\u0103derea p\u0103rului, dar felul \u00een care sunt purtate poate. O peruc\u0103 prea str\u00e2ns\u0103, frecare constant\u0103 sau adezivi \u0219i cleme puternice pot stresa foliculii \u0219i rupe p\u0103rul, duc\u00e2nd uneori la alopecie de trac\u021biune \u00een jurul liniei p\u0103rului. O potrivire confortabil\u0103, ata\u0219area bl\u00e2nd\u0103 \u0219i rupturile regulate ale scalpului reduc foarte mult riscul.<\/span><\/p>\n\n\n\n<h2 class=\"wp-block-heading\" id=\"why-wig-wear-can-lead-to-shedding-or-thinning\"><b>De ce purtarea perucilor poate duce la pierderea sau sub\u021bierea<\/b><\/h2>\n\n\n\n<p class=\"wp-block-paragraph\"><span style=\"font-weight: 400;\">Cele mai multe probleme de p\u0103r legate de peruci se reduc la tensiune, frecare sau iritare repetate. Ace\u0219ti factori declan\u0219atori pot face ca p\u0103rul s\u0103 se rup\u0103 (rupere) sau s\u0103 se trag\u0103 de la r\u0103d\u0103cin\u0103 (trac\u021biune). Riscul este mai mare dac\u0103 acelea\u0219i puncte de presiune sunt stresate zi de zi.<\/span><\/p>\n\n\n\n<figure class=\"wp-block-image\"><img decoding=\"async\" src=\"https:\/\/haircenterofturkey.com\/wp-content\/uploads\/2024\/09\/Do-Wigs-Cause-Hair-Loss-1.webp\" alt=\"Do Wigs Cause Hair Loss?\" title=\"\"><\/figure>\n\n\n\n<div class=\"wp-block-rank-math-toc-block\" id=\"rank-math-toc\"><h2>Table of Contents<\/h2><nav><ul><li><a href=\"#do-wigs-cause-hair-loss\">Perucile provoac\u0103 c\u0103derea p\u0103rului?<\/a><\/li><li><a href=\"#why-wig-wear-can-lead-to-shedding-or-thinning\">De ce purtarea perucilor poate duce la pierderea sau sub\u021bierea<\/a><ul><li><a href=\"#traction-alopecia-from-a-tight-fit\">Alopecie de trac\u021biune de la o potrivire str\u00e2ns\u0103<\/a><\/li><li><a href=\"#breakage-from-friction-and-poor-prep\">Rupere de la frecare \u0219i preg\u0103tire slab\u0103<\/a><\/li><li><a href=\"#irritation-from-adhesives-tapes-and-clips\">Irita\u021bie de la adezivi, benzi \u0219i cleme<\/a><\/li><\/ul><\/li><li><a href=\"#signs-to-watch-for\">Semne de urm\u0103rit<\/a><\/li><li><a href=\"#can-wigs-damage-the-scalp\">Perucile pot deteriora scalpul?<\/a><\/li><li><a href=\"#how-to-prevent-hair-loss-when-wearing-a-wig\">Cum s\u0103 preveni\u021bi c\u0103derea p\u0103rului atunci c\u00e2nd por\u021bi o peruc\u0103<\/a><\/li><li><a href=\"#how-to-care-for-your-natural-hair-under-a-wig\">Cum s\u0103-\u021bi \u00eengrije\u0219ti p\u0103rul natural sub peruc\u0103<\/a><\/li><li><a href=\"#what-to-do-if-you-think-your-wig-is-causing-hair-loss\">Ce s\u0103 faci dac\u0103 crezi c\u0103 peruca ta provoac\u0103 c\u0103derea p\u0103rului<\/a><\/li><li><a href=\"#hair-transplant-as-a-longer-term-option\">Transplantul de p\u0103r ca op\u021biune pe termen mai lung<\/a><\/li><li><a href=\"#are-you-considering-a-consultation\">V\u0103 g\u00e2ndi\u021bi la o consulta\u021bie?<\/a><\/li><li><a href=\"#faq\">\u00centreb\u0103ri frecvente<\/a><\/li><\/ul><\/nav><\/div>\n\n\n\n<h3 class=\"wp-block-heading\" id=\"traction-alopecia-from-a-tight-fit\"><b>Alopecie de trac\u021biune de la o potrivire str\u00e2ns\u0103<\/b><\/h3>\n\n\n\n<p class=\"wp-block-paragraph\"><span style=\"font-weight: 400;\">Alopecia de trac\u021biune este c\u0103derea p\u0103rului cauzat\u0103 de tragerea continu\u0103 a foliculului. \u00cen cazul perucilor, acest lucru se poate \u00eent\u00e2mpla atunci c\u00e2nd capacul este prea str\u00e2ns, curelele sunt str\u00e2nse excesiv sau peruca este ancorat\u0103 \u00een acela\u0219i loc pentru ore lungi. Adesea apare mai \u00eent\u00e2i de-a lungul marginilor: t\u00e2mple, linia p\u0103rului din fa\u021b\u0103 sau \u00een spatele urechilor.<\/span><\/p>\n\n\n\n<h3 class=\"wp-block-heading\" id=\"breakage-from-friction-and-poor-prep\"><b>Rupere de la frecare \u0219i preg\u0103tire slab\u0103<\/b><\/h3>\n\n\n\n<p class=\"wp-block-paragraph\"><span style=\"font-weight: 400;\">Chiar \u0219i f\u0103r\u0103 tragere puternic\u0103, frecarea zilnic\u0103 poate sl\u0103bi firele de p\u0103r. P\u0103rul uscat, \u00eempletiturile aspre sau omiterea unui capac de protec\u021bie pot cre\u0219te frecarea dintre p\u0103rul t\u0103u natural \u0219i peruc\u0103. De-a lungul timpului, acea frecare poate duce la \u00eencre\u021bire, v\u00e2rfuri despicate \u0219i rupere care arat\u0103 ca sub\u021bierea.<\/span><\/p>\n\n\n\n<figure class=\"wp-block-image\"><img decoding=\"async\" src=\"https:\/\/haircenterofturkey.com\/wp-content\/uploads\/2024\/09\/Do-Wigs-Cause-Hair-Loss-2.webp\" alt=\"Do Wigs Cause Hair Loss?\" title=\"\"><\/figure>\n\n\n\n<p class=\"wp-block-paragraph\"><\/p>\n\n\n\n<h3 class=\"wp-block-heading\" id=\"irritation-from-adhesives-tapes-and-clips\"><b>Irita\u021bie de la adezivi, benzi \u0219i cleme<\/b><\/h3>\n\n\n\n<p class=\"wp-block-paragraph\"><span style=\"font-weight: 400;\">Unii purt\u0103tori reac\u021bioneaz\u0103 la adezivi, benzi sau cleme metalice, mai ales atunci c\u00e2nd produsele sunt folosite frecvent sau \u00eendep\u0103rtate agresiv. Irita\u021bia poate inflama scalpul \u0219i poate face p\u0103rul mai fragil. Dac\u0103 observa\u021bi m\u00e2nc\u0103rime, arsur\u0103 sau o erup\u021bie cutanat\u0103, v\u0103 poate ajuta s\u0103 schimba\u021bi produsele \u0219i s\u0103 acorda\u021bi pielii timp s\u0103 se recupereze.<\/span><\/p>\n\n\n\n<h2 class=\"wp-block-heading\" id=\"signs-to-watch-for\"><b>Semne de urm\u0103rit<\/b><\/h2>\n\n\n\n<p class=\"wp-block-paragraph\"><span style=\"font-weight: 400;\">Ac\u021biunea timpurie conteaz\u0103, deoarece trac\u021biunea prelungit\u0103 poate deveni mai greu de inversat. Atentie la:<\/span><\/p>\n\n\n\n<ul class=\"wp-block-list\">\n<li><span style=\"font-weight: 400;\">Mai mult\u0103 pierdere dec\u00e2t de obicei atunci c\u00e2nd v\u0103 \u00eendep\u0103rta\u021bi peruca sau v\u0103 coafa\u021bi linia p\u0103rului<\/span><\/li>\n\n\n\n<li><span style=\"font-weight: 400;\">Sub\u021bierea la t\u00e2mple, linia par\u021bial\u0103 sau de-a lungul marginilor frontale<\/span><\/li>\n\n\n\n<li><span style=\"font-weight: 400;\">P\u0103r scurt, rupt \u00een jurul perimetrului (un semn de rupere)<\/span><\/li>\n\n\n\n<li><span style=\"font-weight: 400;\">Sensibilitate, dureri de cap sau senza\u021bie de \u201estr\u00e2ngere\u201d dup\u0103 purtarea unei peruci<\/span><\/li>\n\n\n\n<li><span style=\"font-weight: 400;\">Ro\u0219ea\u021b\u0103, umfl\u0103turi mici, descuam\u0103ri sau dureri la nivelul scalpului<\/span><\/li>\n<\/ul>\n\n\n\n<figure class=\"wp-block-image\"><img decoding=\"async\" src=\"https:\/\/haircenterofturkey.com\/wp-content\/uploads\/2024\/09\/Do-Wigs-Cause-Hair-Loss-3.webp\" alt=\"Do Wigs Cause Hair Loss?\" title=\"\"><\/figure>\n\n\n\n<p class=\"wp-block-paragraph\"><\/p>\n\n\n\n<h2 class=\"wp-block-heading\" id=\"can-wigs-damage-the-scalp\"><b>Perucile pot deteriora scalpul?<\/b><\/h2>\n\n\n\n<p class=\"wp-block-paragraph\"><span style=\"font-weight: 400;\">Ele pot, mai ales dac\u0103 c\u0103ldura \u0219i transpira\u021bia sunt prinse sub capac. Un mediu cald \u0219i umed poate agrava m\u0103trea\u021ba \u0219i poate contribui la foliculit\u0103 (foliculi inflama\u021bi), mai ales dac\u0103 peruca \u0219i scalpul nu sunt cur\u0103\u021bate \u00een mod regulat. Materialele de calitate sc\u0103zut\u0103 \u0219i agen\u021bii de \u00eendep\u0103rtare dure pot provoca, de asemenea, dermatit\u0103 de contact, care poate ar\u0103ta ca ro\u0219ea\u021b\u0103, descuamare sau m\u00e2nc\u0103rime.<\/span><\/p>\n\n\n\n<h2 class=\"wp-block-heading\" id=\"how-to-prevent-hair-loss-when-wearing-a-wig\"><b>Cum s\u0103 preveni\u021bi c\u0103derea p\u0103rului atunci c\u00e2nd por\u021bi o peruc\u0103<\/b><\/h2>\n\n\n\n<p class=\"wp-block-paragraph\"><span style=\"font-weight: 400;\">Micile modific\u0103ri la potrivire, timpul de purtare \u0219i \u00eengrijirea scalpului fac cea mai mare diferen\u021b\u0103. Scopul mai \u00eent\u00e2i spre confort \u2013 durerea este un semnal c\u0103 scalpul este stresat.<\/span><\/p>\n\n\n\n<p class=\"wp-block-paragraph\"><b>Alege\u021bi potrivirea potrivit\u0103: <\/b><span style=\"font-weight: 400;\">Alege\u021bi o m\u0103rime de \u0219apc\u0103 care s\u0103 se simt\u0103 \u00een siguran\u021b\u0103 f\u0103r\u0103 presiune. Dac\u0103 peruca dvs. las\u0103 urme ad\u00e2nci, provoac\u0103 dureri de cap sau se simte str\u00e2ns la linia p\u0103rului, sl\u0103bi\u021bi curelele sau m\u0103ri\u021bi-v\u0103.<\/span><\/p>\n\n\n\n<p class=\"wp-block-paragraph\"><b>Utiliza\u021bi o metod\u0103 de ata\u0219are bl\u00e2nd\u0103, cu tensiune sc\u0103zut\u0103:<\/b><span style=\"font-weight: 400;\">Dac\u0103 utiliza\u021bi adezivi sau band\u0103, urma\u021bi instruc\u021biunile produsului \u0219i \u00eendep\u0103rta\u021bi-le \u00eencet cu un agent de \u00eendep\u0103rtare adecvat. Lua\u021bi \u00een considerare curelele reglabile, benzile elastice sau benzile de prindere pentru a reduce nevoia de adeziv puternic.<\/span><\/p>\n\n\n\n<p class=\"wp-block-paragraph\"><b>Proteja\u021bi-v\u0103 p\u0103rul natural dedesubt: <\/b><span style=\"font-weight: 400;\">P\u0103stra\u021bi p\u0103rul hidratat, apoi plasa\u021bi-l \u00een stiluri cu tensiune sc\u0103zut\u0103, cum ar fi \u00eempletituri largi sau r\u0103suciri. O \u0219apc\u0103 de peruc\u0103 satinat\u0103 sau respirabil\u0103 poate reduce frecarea \u0219i poate ajuta la prevenirea ruperii.<\/span><\/p>\n\n\n\n<p class=\"wp-block-paragraph\"><b>Roti\u021bi piesa \u0219i punctele de presiune: <\/b><span style=\"font-weight: 400;\">Schimbarea pozi\u021biei ajut\u0103 la evitarea stresului aceia\u0219i foliculi \u00een acela\u0219i loc \u00een fiecare zi.<\/span><\/p>\n\n\n\n<p class=\"wp-block-paragraph\"><b>Lua\u021bi pauze regulate: <\/b><span style=\"font-weight: 400;\">Planifica\u021bi timp f\u0103r\u0103 peruci ori de c\u00e2te ori pute\u021bi, mai ales peste noapte. Chiar \u0219i c\u00e2teva ore libere \u00een fiecare zi pot oferi scalpului timp s\u0103 se recupereze.<\/span><\/p>\n\n\n\n<p class=\"wp-block-paragraph\"><b>P\u0103stra\u021bi at\u00e2t scalpul c\u00e2t \u0219i peruca curate: <\/b><span style=\"font-weight: 400;\">Sp\u0103la\u021bi-v\u0103 peruca conform recomand\u0103rilor produc\u0103torului \u0219i cur\u0103\u021ba\u021bi-v\u0103 scalpul \u00een mod regulat. Dac\u0103 transpira\u021bi abundent, poate fi necesar s\u0103 cur\u0103\u021ba\u021bi mai des pentru a preveni acumularea.<\/span><\/p>\n\n\n\n<figure class=\"wp-block-image\"><img decoding=\"async\" src=\"https:\/\/haircenterofturkey.com\/wp-content\/uploads\/2024\/09\/Do-Wigs-Cause-Hair-Loss-4.webp\" alt=\"Do Wigs Cause Hair Loss?\" title=\"\"><\/figure>\n\n\n\n<p class=\"wp-block-paragraph\"><\/p>\n\n\n\n<h2 class=\"wp-block-heading\" id=\"how-to-care-for-your-natural-hair-under-a-wig\"><b>Cum s\u0103-\u021bi \u00eengrije\u0219ti p\u0103rul natural sub peruc\u0103<\/b><\/h2>\n\n\n\n<p class=\"wp-block-paragraph\"><span style=\"font-weight: 400;\">P\u0103rul s\u0103n\u0103tos de dedesubt \u00eencepe cu hidratare \u0219i manipulare bl\u00e2nd\u0103. Folosi\u021bi un balsam u\u0219or f\u0103r\u0103 \u00eendoial\u0103 sau ulei prietenos pentru scalp, dac\u0103 pielea dvs. \u00eel tolereaz\u0103 \u0219i evita\u021bi produsele grele care capteaz\u0103 acumularea. C\u00e2nd \u00ee\u021bi sco\u021bi peruca, descurc\u0103-te \u00eencet \u0219i maseaz\u0103 scalpul cu v\u00e2rful degetelor, nu cu unghiile, pentru a sus\u021bine confortul \u0219i circula\u021bia.<\/span><\/p>\n\n\n\n<h2 class=\"wp-block-heading\" id=\"what-to-do-if-you-think-your-wig-is-causing-hair-loss\"><b>Ce s\u0103 faci dac\u0103 crezi c\u0103 peruca ta provoac\u0103 c\u0103derea p\u0103rului<\/b><\/h2>\n\n\n\n<p class=\"wp-block-paragraph\"><span style=\"font-weight: 400;\">\u00cencepe\u021bi prin a \u00eendep\u0103rta declan\u0219atorul principal: sl\u0103bi\u021bi potrivirea, reduce\u021bi timpul de purtare \u0219i opri\u021bi orice metod\u0103 de ata\u0219are care provoac\u0103 irita\u021bii. Dac\u0103 observa\u021bi umfl\u0103turi, m\u00e2nc\u0103rimi intense sau piele rupt\u0103, \u00eentrerupe\u021bi adezivii \u0219i cere\u021bi sfatul unui farmacist sau dermatolog. Pentru pierderea continu\u0103 sau sub\u021bierea vizibil\u0103, un clinician poate exclude alte cauze, cum ar fi efluviul telogen, modific\u0103rile hormonale sau problemele nutri\u021bionale.<\/span><\/p>\n\n\n\n<figure class=\"wp-block-image\"><img decoding=\"async\" src=\"https:\/\/haircenterofturkey.com\/wp-content\/uploads\/2024\/09\/Do-Wigs-Cause-Hair-Loss-5.webp\" alt=\"Do Wigs Cause Hair Loss?\" title=\"\"><\/figure>\n\n\n\n<p class=\"wp-block-paragraph\"><\/p>\n\n\n\n<h2 class=\"wp-block-heading\" id=\"hair-transplant-as-a-longer-term-option\"><b>Transplantul de p\u0103r ca op\u021biune pe termen mai lung<\/b><\/h2>\n\n\n\n<p class=\"wp-block-paragraph\"><span style=\"font-weight: 400;\">Dac\u0103 c\u0103derea p\u0103rului a progresat \u0219i foliculii au fost afecta\u021bi permanent, un transplant de p\u0103r poate fi o op\u021biune pentru candida\u021bii potrivi\u021bi. Transplanturile mut\u0103 foliculii s\u0103n\u0103to\u0219i dintr-o zon\u0103 donatoare (de obicei partea din spate a scalpului) \u00een regiunile sub\u021biere. O consultare cu un specialist calificat poate clarifica dac\u0103 tratamentul medical, schimb\u0103rile stilului de via\u021b\u0103 sau interven\u021bia chirurgical\u0103 se potrivesc situa\u021biei dumneavoastr\u0103.<\/span><\/p>\n\n\n\n<h2 class=\"wp-block-heading\" id=\"are-you-considering-a-consultation\"><b>V\u0103 g\u00e2ndi\u021bi la o consulta\u021bie?<\/b><\/h2>\n\n\n\n<p class=\"wp-block-paragraph\"><span style=\"font-weight: 400;\">Dac\u0103 explora\u021bi restaurarea p\u0103rului, c\u0103uta\u021bi un furnizor care ofer\u0103 o evaluare medical\u0103, a\u0219tept\u0103ri clare \u0219i rezultate documentate. Hair Center of Turkey ofer\u0103 consulta\u021bii \u0219i galerii \u00eenainte \u0219i dup\u0103, astfel \u00eenc\u00e2t pacien\u021bii s\u0103 poat\u0103 analiza rezultatele \u0219i s\u0103 pun\u0103 \u00eentreb\u0103ri detaliate despre adecvarea, planificarea grefei \u0219i \u00eengrijirea ulterioar\u0103.<\/span><\/p>\n\n\n\n<h2 class=\"wp-block-heading\" id=\"faq\"><b>\u00centreb\u0103ri frecvente<\/b><\/h2>\n\n\n<div id=\"rank-math-faq\" class=\"rank-math-block\">\n<div class=\"rank-math-list \">\n<div id=\"faq-question-1771316831194\" class=\"rank-math-list-item\">\n<h3 class=\"rank-math-question \">Purtarea unei peruci \u00ee\u021bi face s\u0103 cad\u0103 p\u0103rul?<\/h3>\n<div class=\"rank-math-answer \">\n\n<p>O peruc\u0103 bine adaptat\u0103 nu va provoca c\u0103derea p\u0103rului; stilurile str\u00e2nse pot provoca alopecie de trac\u021biune.<\/p>\n\n<\/div>\n<\/div>\n<div id=\"faq-question-1771317205807\" class=\"rank-math-list-item\">\n<h3 class=\"rank-math-question \">Ce se \u00eent\u00e2mpl\u0103 dac\u0103 por\u021bi o peruc\u0103 \u00een fiecare zi?<\/h3>\n<div class=\"rank-math-answer \">\n\n<p>Purtarea zilnic\u0103 poate irita scalpul; \u00eendep\u0103rta\u021bi seara, cur\u0103\u021ba\u021bi peruca \u0219i proteja\u021bi p\u0103rul natural.<\/p>\n\n<\/div>\n<\/div>\n<div id=\"faq-question-1771317211125\" class=\"rank-math-list-item\">\n<h3 class=\"rank-math-question \">Care sunt efectele secundare ale purt\u0103rii unei peruci?<\/h3>\n<div class=\"rank-math-answer \">\n\n<p>M\u00e2nc\u0103rime a scalpului, transpira\u021bie, dermatit\u0103 de contact, foliculit\u0103, dureri de cap \u0219i alopecie de trac\u021biune de la constr\u00e2ngere.<\/p>\n\n<\/div>\n<\/div>\n<div id=\"faq-question-1771317242988\" class=\"rank-math-list-item\">\n<h3 class=\"rank-math-question \">Ce este mai bun dec\u00e2t o peruc\u0103?<\/h3>\n<div class=\"rank-math-answer \">\n\n<p>Un topper personalizat poate ar\u0103ta natural \u0219i poate fi mai u\u0219or pentru c\u0103derea par\u021bial\u0103.<\/p>\n\n<\/div>\n<\/div>\n<div id=\"faq-question-1771317250808\" class=\"rank-math-list-item\">\n<h3 class=\"rank-math-question \">Care este regula cu patru degete pentru peruci?<\/h3>\n<div class=\"rank-math-answer \">\n\n<p>Plasa\u021bi linia p\u0103rului din fa\u021b\u0103 la aproximativ patru degete deasupra spr\u00e2ncenelor pentru o potrivire natural\u0103<\/p>\n\n<\/div>\n<\/div>\n<\/div>\n<\/div>","protected":false},"excerpt":{"rendered":"<p>Perucile provoac\u0103 c\u0103derea p\u0103rului? Perucile nu provoac\u0103 \u00een mod direct c\u0103derea p\u0103rului, dar felul \u00een care sunt purtate poate. O peruc\u0103 prea str\u00e2ns\u0103, frecare constant\u0103 sau adezivi \u0219i cleme puternice pot stresa foliculii \u0219i rupe p\u0103rul, duc\u00e2nd uneori la alopecie de trac\u021biune \u00een jurul liniei p\u0103rului. O potrivire confortabil\u0103, ata\u0219area bl\u00e2nd\u0103 \u0219i rupturile regulate ale [&hellip;]<\/p>\n","protected":false},"author":2,"featured_media":388,"comment_status":"closed","ping_status":"closed","sticky":false,"template":"","format":"standard","meta":{"footnotes":"","rank_math_title":"","rank_math_description":"Nu, purtarea perucilor nu provoac\u0103 direct c\u0103derea p\u0103rului. Face\u021bi clic pentru informa\u021bii.","rank_math_focus_keyword":"","rank_math_canonical_url":"","rank_math_breadcrumb_title":"","rank_math_facebook_title":"","rank_math_facebook_description":"","rank_math_facebook_image":"","rank_math_twitter_title":"","rank_math_twitter_description":"","rank_math_twitter_image":"","rank_math_pillar_content":""},"categories":[968,987],"tags":[],"class_list":["post-53631","post","type-post","status-publish","format-standard","has-post-thumbnail","hentry","category-blog","category-caderea-parului"],"_links":{"self":[{"href":"https:\/\/haircenterofturkey.com\/ro\/wp-json\/wp\/v2\/posts\/53631","targetHints":{"allow":["GET"]}}],"collection":[{"href":"https:\/\/haircenterofturkey.com\/ro\/wp-json\/wp\/v2\/posts"}],"about":[{"href":"https:\/\/haircenterofturkey.com\/ro\/wp-json\/wp\/v2\/types\/post"}],"author":[{"embeddable":true,"href":"https:\/\/haircenterofturkey.com\/ro\/wp-json\/wp\/v2\/users\/2"}],"replies":[{"embeddable":true,"href":"https:\/\/haircenterofturkey.com\/ro\/wp-json\/wp\/v2\/comments?post=53631"}],"version-history":[{"count":2,"href":"https:\/\/haircenterofturkey.com\/ro\/wp-json\/wp\/v2\/posts\/53631\/revisions"}],"predecessor-version":[{"id":60642,"href":"https:\/\/haircenterofturkey.com\/ro\/wp-json\/wp\/v2\/posts\/53631\/revisions\/60642"}],"wp:featuredmedia":[{"embeddable":true,"href":"https:\/\/haircenterofturkey.com\/ro\/wp-json\/wp\/v2\/media\/388"}],"wp:attachment":[{"href":"https:\/\/haircenterofturkey.com\/ro\/wp-json\/wp\/v2\/media?parent=53631"}],"wp:term":[{"taxonomy":"category","embeddable":true,"href":"https:\/\/haircenterofturkey.com\/ro\/wp-json\/wp\/v2\/categories?post=53631"},{"taxonomy":"post_tag","embeddable":true,"href":"https:\/\/haircenterofturkey.com\/ro\/wp-json\/wp\/v2\/tags?post=53631"}],"curies":[{"name":"wp","href":"https:\/\/api.w.org\/{rel}","templated":true}]}}