{"id":53605,"date":"2024-10-10T09:25:16","date_gmt":"2024-10-10T06:25:16","guid":{"rendered":"https:\/\/haircenterofturkey.com\/?p=53605"},"modified":"2026-08-31T17:48:24","modified_gmt":"2026-08-31T14:48:24","slug":"tiroida-si-caderea-parului","status":"publish","type":"post","link":"https:\/\/haircenterofturkey.com\/ro\/tiroida-si-caderea-parului\/","title":{"rendered":"Tiroid\u0103 \u0219i c\u0103derea p\u0103rului"},"content":{"rendered":"\n<h2 class=\"wp-block-heading\" id=\"thyroid-and-hair-loss\"><b>Tiroid\u0103 \u0219i c\u0103derea p\u0103rului<\/b><\/h2>\n\n\n\n<p class=\"wp-block-paragraph\"><span style=\"font-weight: 400;\">Dezechilibrul tiroidian sever sau de lung\u0103 durat\u0103 poate \u00eempinge mai multe fire de p\u0103r \u00een faza de c\u0103dere, provoc\u00e2nd sub\u021bierea difuz\u0103 pe scalp \u0219i, uneori, pierderea spr\u00e2ncenelor. P\u0103rul se \u00eembun\u0103t\u0103\u021be\u0219te adesea odat\u0103 ce nivelul tiroidei este stabilizat, dar recre\u0219terea necesit\u0103 timp, de obicei luni. Deoarece alte afec\u021biuni pot imita c\u0103derea p\u0103rului tiroidian, un medic poate confirma cauza prin teste de s\u00e2nge.<\/span><\/p>\n\n\n\n<h2 class=\"wp-block-heading\" id=\"symptoms-of-thyroid-related-hair-loss\"><b>Simptomele c\u0103derii p\u0103rului legate de tiroida<\/b><\/h2>\n\n\n\n<p class=\"wp-block-paragraph\"><span style=\"font-weight: 400;\">C\u0103derea p\u0103rului legat\u0103 de tiroida arat\u0103 de obicei ca o sub\u021biere difuz\u0103, mai degrab\u0103 dec\u00e2t o singur\u0103 chelie. Mul\u021bi oameni observ\u0103 c\u0103 coada de cal se simte mai mic\u0103, partea lor pare mai larg\u0103 sau linia p\u0103rului pare mai pu\u021bin dens\u0103.<\/span><\/p>\n\n\n\n<p class=\"wp-block-paragraph\"><span style=\"font-weight: 400;\">\u00cen unele cazuri, p\u0103rul se poate sub\u021bire \u0219i \u00een treimea exterioar\u0103 a spr\u00e2ncenelor. Modific\u0103rile genelor sunt mai pu\u021bin frecvente, dar se pot \u00eent\u00e2mpla atunci c\u00e2nd nivelul tiroidei este semnificativ \u00een afara limitei.<\/span><\/p>\n\n\n\n<p class=\"wp-block-paragraph\"><span style=\"font-weight: 400;\">Extinderea poate fi treptat\u0103 \u0219i poate deveni mai vizibil\u0103 dup\u0103 o schimbare major\u0103 a nivelurilor hormonilor tiroidieni, cum ar fi \u00eenceperea sau ajustarea tratamentului. Acest moment poate fi confuz, deoarece ciclurile p\u0103rului r\u0103spund lent.<\/span><\/p>\n\n\n\n<figure class=\"wp-block-image\"><img decoding=\"async\" src=\"https:\/\/haircenterofturkey.com\/wp-content\/uploads\/2024\/10\/thyroid-and-hair-loss-2.webp\" alt=\"Thyroid and Hair Loss\" title=\"\"><\/figure>\n\n\n\n<div class=\"wp-block-rank-math-toc-block\" id=\"rank-math-toc\"><h2>Table of Contents<\/h2><nav><ul><li><a href=\"#thyroid-and-hair-loss\">Tiroid\u0103 \u0219i c\u0103derea p\u0103rului<\/a><\/li><li><a href=\"#symptoms-of-thyroid-related-hair-loss\">Simptomele c\u0103derii p\u0103rului legate de tiroida<\/a><\/li><li><a href=\"#symptoms-of-thyroid-disease\">Simptomele bolii tiroidiene<\/a><\/li><li><a href=\"#causes-of-thyroid-hair-loss\">Cauzele c\u0103derii p\u0103rului tiroidian<\/a><\/li><li><a href=\"#whats-the-connection-between-your-thyroid-and-your-hair\">Care este leg\u0103tura dintre tiroida \u0219i p\u0103rul t\u0103u?<\/a><\/li><li><a href=\"#can-thyroid-medication-cause-hair-loss\">Medicamentele tiroidiene pot provoca c\u0103derea p\u0103rului?<\/a><\/li><li><a href=\"#how-to-reduce-hair-loss-if-your-thyroid-is-involved\">Cum s\u0103 reduce\u021bi c\u0103derea p\u0103rului dac\u0103 tiroida este implicat\u0103<\/a><ul><li><a href=\"#1-get-the-right-tests\">1) Ob\u021bine\u021bi testele potrivite<\/a><\/li><li><a href=\"#2-give-treatment-time-to-work\">2) Acorda\u021bi timp tratamentului s\u0103 lucreze<\/a><\/li><li><a href=\"#3-support-hair-growth-with-basics-that-matter\">3) Sus\u021bine cre\u0219terea p\u0103rului cu elementele de baz\u0103 care conteaz\u0103<\/a><\/li><li><a href=\"#4-manage-stress-and-scalp-inflammation\">4) Gestiona\u021bi stresul \u0219i inflama\u021bia scalpului<\/a><\/li><\/ul><\/li><li><a href=\"#will-hair-loss-due-to-thyroid-grow-back\">Va cre\u0219te c\u0103derea p\u0103rului din cauza tiroidei?<\/a><\/li><li><a href=\"#faq\">\u00centreb\u0103ri frecvente<\/a><\/li><\/ul><\/nav><\/div>\n\n\n\n<h2 class=\"wp-block-heading\" id=\"symptoms-of-thyroid-disease\"><b>Simptomele bolii tiroidiene<\/b><\/h2>\n\n\n\n<p class=\"wp-block-paragraph\"><span style=\"font-weight: 400;\">R\u0103rirea p\u0103rului este rareori singurul semn al unei tulbur\u0103ri tiroidiene. Dac\u0103 ave\u021bi \u0219i simptome de mai jos, merit\u0103 s\u0103 discuta\u021bi despre testarea tiroidei cu un profesionist din domeniul s\u0103n\u0103t\u0103\u021bii.<\/span><\/p>\n\n\n\n<p class=\"wp-block-paragraph\"><span style=\"font-weight: 400;\">Simptomele posibile ale hipotiroidismului (tiroid\u0103 subactiv\u0103) includ oboseal\u0103, senza\u021bie de frig, piele uscat\u0103, constipa\u021bie, ritm cardiac \u00eencetinit, dispozi\u021bie sc\u0103zut\u0103 \u0219i cre\u0219tere \u00een greutate inexplicabil\u0103.<\/span><\/p>\n\n\n\n<p class=\"wp-block-paragraph\"><span style=\"font-weight: 400;\">Simptomele posibile ale hipertiroidismului (tiroid\u0103 hiperactiv\u0103) includ senza\u021bie de c\u0103ldur\u0103, anxietate sau iritabilitate, tremor, palpita\u021bii, transpira\u021bie crescut\u0103, probleme de somn \u0219i sc\u0103dere \u00een greutate inexplicabil\u0103.<\/span><\/p>\n\n\n\n<p class=\"wp-block-paragraph\"><span style=\"font-weight: 400;\">Simptomele tiroidiene pot fi subtile, se suprapun cu alte afec\u021biuni \u0219i pot varia \u00een func\u021bie de v\u00e2rst\u0103, starea sarcinii \u0219i al\u021bi factori de s\u0103n\u0103tate. Un test de s\u00e2nge este cel mai fiabil mod de a confirma ceea ce se \u00eent\u00e2mpl\u0103.<\/span><\/p>\n\n\n\n<figure class=\"wp-block-image\"><img decoding=\"async\" src=\"https:\/\/haircenterofturkey.com\/wp-content\/uploads\/2024\/10\/thyroid-and-hair-loss-3.webp\" alt=\"Thyroid and Hair Loss\" title=\"\"><\/figure>\n\n\n\n<p class=\"wp-block-paragraph\"><\/p>\n\n\n\n<h2 class=\"wp-block-heading\" id=\"causes-of-thyroid-hair-loss\"><b>Cauzele c\u0103derii p\u0103rului tiroidian<\/b><\/h2>\n\n\n\n<p class=\"wp-block-paragraph\"><span style=\"font-weight: 400;\">At\u00e2t hipotiroidismul, c\u00e2t \u0219i hipertiroidismul pot perturba ciclul de cre\u0219tere a p\u0103rului, mai ales c\u00e2nd afec\u021biunea este sever\u0103 sau a fost netratat\u0103 de ceva timp. Cel mai frecvent model este efluviul telogen &#8211; mai multe fire de p\u0103r dec\u00e2t de obicei trec \u00een faza de repaus (c\u0103derea).<\/span><\/p>\n\n\n\n<p class=\"wp-block-paragraph\"><span style=\"font-weight: 400;\">Multe afec\u021biuni ale tiroidei sunt autoimune. Tiroidita lui Hashimoto este o cauz\u0103 comun\u0103 a hipotiroidismului, \u00een timp ce boala Graves este o cauz\u0103 comun\u0103 a hipertiroidismului. A avea o afec\u021biune autoimun\u0103 poate cre\u0219te riscul apari\u021biei alteia.<\/span><\/p>\n\n\n\n<p class=\"wp-block-paragraph\"><span style=\"font-weight: 400;\">Alopecia areata este o afec\u021biune autoimun\u0103 care provoac\u0103 pete bine definite de c\u0103derea p\u0103rului \u0219i apare mai des la persoanele cu boal\u0103 autoimun\u0103 tiroidian\u0103 dec\u00e2t \u00een popula\u021bia general\u0103. Dac\u0103 vede\u021bi pete rotunde, netede, un dermatolog v\u0103 poate ajuta s\u0103 confirma\u021bi diagnosticul.<\/span><\/p>\n\n\n\n<figure class=\"wp-block-image\"><img decoding=\"async\" src=\"https:\/\/haircenterofturkey.com\/wp-content\/uploads\/2024\/10\/thyroid-and-hair-loss-4.webp\" alt=\"Thyroid and Hair Loss\" title=\"\"><\/figure>\n\n\n\n<p class=\"wp-block-paragraph\"><\/p>\n\n\n\n<h2 class=\"wp-block-heading\" id=\"whats-the-connection-between-your-thyroid-and-your-hair\"><b>Care este leg\u0103tura dintre tiroida \u0219i p\u0103rul t\u0103u?<\/b><\/h2>\n\n\n\n<p class=\"wp-block-paragraph\"><span style=\"font-weight: 400;\">Foliculii de p\u0103r sunt \u021besuturi foarte active \u0219i se bazeaz\u0103 pe semnale hormonale stabile pentru a continua s\u0103 creasc\u0103. Hormonii tiroidieni (T3 \u0219i T4) influen\u021beaz\u0103 c\u00e2t de mult r\u0103m\u00e2n firele de p\u0103r \u00een faza de cre\u0219tere \u0219i c\u00e2t de repede trec \u00een faza de c\u0103dere.<\/span><\/p>\n\n\n\n<p class=\"wp-block-paragraph\"><span style=\"font-weight: 400;\">C\u00e2nd nivelul hormonilor tiroidieni este prea sc\u0103zut sau prea ridicat, foliculii pot \u201eschimba vitezele\u201d prematur. Rezultatul este adesea sub\u021bierea pe scar\u0103 larg\u0103 a scalpului, mai degrab\u0103 dec\u00e2t cicatrizarea sau deteriorarea permanent\u0103 a foliculilor.<\/span><\/p>\n\n\n\n<p class=\"wp-block-paragraph\"><span style=\"font-weight: 400;\">Deoarece p\u0103rul cre\u0219te \u00een cicluri, modific\u0103rile pe care le faci ast\u0103zi nu vor ap\u0103rea imediat. Mul\u021bi oameni observ\u0103 pierderea de la c\u00e2teva s\u0103pt\u0103m\u00e2ni p\u00e2n\u0103 la c\u00e2teva luni dup\u0103 o criz\u0103 tiroidian\u0103, o schimbare a medicamentelor sau un alt factor de stres.<\/span><\/p>\n\n\n\n<figure class=\"wp-block-image\"><img decoding=\"async\" src=\"https:\/\/haircenterofturkey.com\/wp-content\/uploads\/2024\/10\/thyroid-and-hair-loss-5.webp\" alt=\"Thyroid and Hair Loss\" title=\"\"><\/figure>\n\n\n\n<p class=\"wp-block-paragraph\"><\/p>\n\n\n\n<h2 class=\"wp-block-heading\" id=\"can-thyroid-medication-cause-hair-loss\"><b>Medicamentele tiroidiene pot provoca c\u0103derea p\u0103rului?<\/b><\/h2>\n\n\n\n<p class=\"wp-block-paragraph\"><span style=\"font-weight: 400;\">Ocazional, oamenii observ\u0103 o pierdere crescut\u0103 la scurt timp dup\u0103 \u00eenceperea tratamentului pentru hipo- sau hipertiroidism. \u00cen multe cazuri, acest lucru reflect\u0103 adaptarea ciclului p\u0103rului la nivelurile hormonale \u00een schimbare, mai degrab\u0103 dec\u00e2t un adev\u0103rat efect secundar al medicamentelor.<\/span><\/p>\n\n\n\n<p class=\"wp-block-paragraph\"><span style=\"font-weight: 400;\">Medicamentele antitiroidiene, cum ar fi carbimazolul \u0219i propiltiouracilul, r\u0103rirea p\u0103rului este un posibil efect secundar (de obicei mai pu\u021bin frecvent). Chiar \u0219i atunci, poate fi dificil s\u0103 se separe efectul medicamentului de efectele hiperactivit\u0103\u021bii tiroidiene subiacente.<\/span><\/p>\n\n\n\n<p class=\"wp-block-paragraph\"><span style=\"font-weight: 400;\">Nu \u00eentrerupe\u021bi sau schimba\u021bi niciodat\u0103 medicamentele tiroidiene pe cont propriu. Dac\u0103 v\u0103rsarea este sever\u0103 sau persistent\u0103, discuta\u021bi cu medicul dumneavoastr\u0103, astfel \u00eenc\u00e2t acesta s\u0103 v\u0103 poat\u0103 revizui doza, rezultatele de laborator \u0219i alte cauze posibile.<\/span><\/p>\n\n\n\n<h2 class=\"wp-block-heading\" id=\"how-to-reduce-hair-loss-if-your-thyroid-is-involved\"><b>Cum s\u0103 reduce\u021bi c\u0103derea p\u0103rului dac\u0103 tiroida este implicat\u0103<\/b><\/h2>\n\n\n\n<p class=\"wp-block-paragraph\"><span style=\"font-weight: 400;\">Scopul este de a trata afec\u021biunea tiroidian\u0103 de baz\u0103 \u0219i de a elimina al\u021bi factori declan\u0219atori obi\u0219nui\u021bi ai excre\u021biei difuze.<\/span><\/p>\n\n\n\n<figure class=\"wp-block-image\"><img decoding=\"async\" src=\"https:\/\/haircenterofturkey.com\/wp-content\/uploads\/2024\/10\/thyroid-and-hair-loss-6.webp\" alt=\"Thyroid and Hair Loss\" title=\"\"><\/figure>\n\n\n\n<p class=\"wp-block-paragraph\"><\/p>\n\n\n\n<h3 class=\"wp-block-heading\" id=\"1-get-the-right-tests\"><b>1) Ob\u021bine\u021bi testele potrivite<\/b><\/h3>\n\n\n\n<p class=\"wp-block-paragraph\"><span style=\"font-weight: 400;\">\u00centreba\u021bi medicul care sunt testele potrivite pentru dvs. Evalu\u0103rile tiroidiene includ de obicei TSH \u0219i T4 liber \u0219i uneori T3 liber plus anticorpi tiroidieni (cum ar fi anticorpii TPO) atunci c\u00e2nd este suspectat\u0103 o boal\u0103 tiroidian\u0103 autoimun\u0103.<\/span><\/p>\n\n\n\n<p class=\"wp-block-paragraph\"><span style=\"font-weight: 400;\">Dac\u0103 c\u0103derea p\u0103rului este principala ta preocupare, medicii caut\u0103 adesea \u0219i alte cauze ale pierderii, cum ar fi feritina sc\u0103zut\u0103 (rezervele de fier), deficien\u021ba de vitamina D, B12 sc\u0103zut \u0219i boli recente, pierderea \u00een greutate sau modific\u0103rile postpartum.<\/span><\/p>\n\n\n\n<h3 class=\"wp-block-heading\" id=\"2-give-treatment-time-to-work\"><b>2) Acorda\u021bi timp tratamentului s\u0103 lucreze<\/b><\/h3>\n\n\n\n<p class=\"wp-block-paragraph\"><span style=\"font-weight: 400;\">Chiar \u0219i cu diagnosticul \u0219i medica\u021bia corect\u0103, recuperarea p\u0103rului este lent\u0103. Mul\u021bi oameni au nevoie de c\u00e2teva luni de niveluri stabile ale tiroidei \u00eenainte de a vedea o re\u00eencre\u0219tere clar\u0103 sau o grosime \u00eembun\u0103t\u0103\u021bit\u0103.<\/span><\/p>\n\n\n\n<p class=\"wp-block-paragraph\"><span style=\"font-weight: 400;\">Dac\u0103 medicamentul dumneavoastr\u0103 s-a schimbat recent, \u00eencerca\u021bi s\u0103 evita\u021bi s\u0103 judeca\u021bi progresul s\u0103pt\u0103m\u00e2n\u0103 de s\u0103pt\u0103m\u00e2n\u0103. Fotografiile cu iluminare constant\u0103 \u0219i o cronologie simpl\u0103 pot face tendin\u021bele mai u\u0219or de observat.<\/span><\/p>\n\n\n\n<h3 class=\"wp-block-heading\" id=\"3-support-hair-growth-with-basics-that-matter\"><b>3) Sus\u021bine cre\u0219terea p\u0103rului cu elementele de baz\u0103 care conteaz\u0103<\/b><\/h3>\n\n\n\n<ul class=\"wp-block-list\">\n<li><span style=\"font-weight: 400;\">Prioritizeaz\u0103 proteinele la mese dac\u0103 aportul t\u0103u este sc\u0103zut sau inconsecvent.<\/span><\/li>\n\n\n\n<li><span style=\"font-weight: 400;\">Corecta\u021bi deficitul de fier dac\u0103 este confirmat prin testare (nu v\u0103 prescrie\u021bi singur fierul pe termen lung f\u0103r\u0103 laboratoare).<\/span><\/li>\n\n\n\n<li><span style=\"font-weight: 400;\">Evita\u021bi suplimentele \u201emega-doze\u201d. Unele vitamine (cum ar fi vitamina A \u0219i seleniul) pot agrava c\u0103derea p\u0103rului atunci c\u00e2nd sunt luate \u00een exces.<\/span><\/li>\n\n\n\n<li><span style=\"font-weight: 400;\">Fi\u021bi bl\u00e2nd cu p\u0103rul: minimiza\u021bi coaf\u0103rile str\u00e2nse, albirea dur\u0103 \u0219i coafarea frecvent\u0103 la c\u0103ldur\u0103 ridicat\u0103 \u00een timpul v\u0103rs\u0103rii abundente.<\/span><\/li>\n<\/ul>\n\n\n\n<h3 class=\"wp-block-heading\" id=\"4-manage-stress-and-scalp-inflammation\"><b>4) Gestiona\u021bi stresul \u0219i inflama\u021bia scalpului<\/b><\/h3>\n\n\n\n<p class=\"wp-block-paragraph\"><span style=\"font-weight: 400;\">Stresul nu cauzeaz\u0103 \u00een mod direct boala tiroidian\u0103, dar poate agrava excre\u021bia \u0219i poate face ca simptomele s\u0103 se simt\u0103 mai intense. Gestionarea consecvent\u0103 a somnului, mi\u0219c\u0103rilor \u0219i stresului v\u0103 poate ajuta s\u0103 face\u021bi fa\u021b\u0103 \u00een timp ce tratamentul se stabilizeaz\u0103.<\/span><\/p>\n\n\n\n<p class=\"wp-block-paragraph\"><span style=\"font-weight: 400;\">Dac\u0103 ave\u021bi \u0219i m\u00e2nc\u0103rime, descuamare sau ro\u0219ea\u021b\u0103, este posibil s\u0103 ave\u021bi dermatit\u0103 seboreic\u0103 sau o alt\u0103 afec\u021biune a scalpului care poate contribui la pierderea. Tratarea inflama\u021biei scalpului poate \u00eembun\u0103t\u0103\u021bi confortul \u0219i poate reduce ruperea.<\/span><\/p>\n\n\n\n<figure class=\"wp-block-image\"><img decoding=\"async\" src=\"https:\/\/haircenterofturkey.com\/wp-content\/uploads\/2024\/10\/thyroid-and-hair-loss-7.webp\" alt=\"Thyroid and Hair Loss\" title=\"\"><\/figure>\n\n\n\n<p class=\"wp-block-paragraph\"><\/p>\n\n\n\n<h2 class=\"wp-block-heading\" id=\"will-hair-loss-due-to-thyroid-grow-back\"><b>Va cre\u0219te c\u0103derea p\u0103rului din cauza tiroidei?<\/b><\/h2>\n\n\n\n<p class=\"wp-block-paragraph\"><span style=\"font-weight: 400;\">\u00cen multe cazuri, da &#8211; odat\u0103 ce nivelurile tiroidei sunt readuse la intervale \u0219i men\u021binute, p\u0103rul \u00eencepe adesea s\u0103 se \u00eembun\u0103t\u0103\u021beasc\u0103. Recre\u0219terea dureaz\u0103 de obicei luni, deoarece fiecare folicul trebuie s\u0103 intre din nou \u00een faza de cre\u0219tere.<\/span><\/p>\n\n\n\n<p class=\"wp-block-paragraph\"><span style=\"font-weight: 400;\">Recre\u0219terea poate fi inegal\u0103 la \u00eenceput, iar p\u0103rul nou se poate sim\u021bi diferit ca textur\u0103. Dac\u0103 sub\u021bierea continu\u0103 \u00een ciuda laboratoarelor stabile ale tiroidei timp de c\u00e2teva luni, cere\u021bi medicului dumneavoastr\u0103 s\u0103 reevalueze alte cauze \u0219i s\u0103 lua\u021bi \u00een considerare trimiterea la un dermatolog.<\/span><\/p>\n\n\n\n<figure class=\"wp-block-embed is-type-video is-provider-youtube wp-block-embed-youtube wp-embed-aspect-16-9 wp-has-aspect-ratio\"><div class=\"wp-block-embed__wrapper\">https:\/\/www.youtube.com\/watch?v=9-aJbYxJOcI&amp;list=PLZvhVYepvzyjWunWOGffTWpsfISVVDG5c&amp;index=9<\/div><\/figure>\n\n\n\n<h2 class=\"wp-block-heading\" id=\"faq\"><b>\u00centreb\u0103ri frecvente<\/b><\/h2>\n\n\n<div id=\"rank-math-faq\" class=\"rank-math-block\">\n<div class=\"rank-math-list \">\n<div id=\"faq-question-1771330532289\" class=\"rank-math-list-item\">\n<h3 class=\"rank-math-question \">Cum \u0219tiu dac\u0103 tiroida mea provoac\u0103 c\u0103derea p\u0103rului?<\/h3>\n<div class=\"rank-math-answer \">\n\n<p>Verifica\u021bi simptomele hipotiroidiene \u0219i confirma\u021bi cu teste de s\u00e2nge TSH\/T4 liber.<\/p>\n\n<\/div>\n<\/div>\n<div id=\"faq-question-1771330542173\" class=\"rank-math-list-item\">\n<h3 class=\"rank-math-question \">Cum pot opri caderea parului tiroidian?<\/h3>\n<div class=\"rank-math-answer \">\n\n<p>Optimiza\u021bi nivelul tiroidei cu tratament prescris; a\u0219tepta\u021bi-v\u0103 la recre\u0219terea p\u0103rului dup\u0103 c\u00e2teva luni.<\/p>\n\n<\/div>\n<\/div>\n<div id=\"faq-question-1771330554067\" class=\"rank-math-list-item\">\n<h3 class=\"rank-math-question \">Ce vitamin\u0103 ajut\u0103 la c\u0103derea p\u0103rului tiroidian?<\/h3>\n<div class=\"rank-math-answer \">\n\n<p>Biotina ajut\u0103 doar dac\u0103 este deficitar\u0103; corecteaz\u0103 deficien\u021bele de fier, vitamina D \u0219i B12.<\/p>\n\n<\/div>\n<\/div>\n<div id=\"faq-question-1771330560618\" class=\"rank-math-list-item\">\n<h3 class=\"rank-math-question \">Este c\u0103derea p\u0103rului tiroidian reversibil\u0103?<\/h3>\n<div class=\"rank-math-answer \">\n\n<p>Da, odat\u0103 ce nivelul tiroidei se normalizeaz\u0103, pierderea se \u00eembun\u0103t\u0103\u021be\u0219te de obicei \u0219i are loc regenerarea.<\/p>\n\n<\/div>\n<\/div>\n<div id=\"faq-question-1771330567687\" class=\"rank-math-list-item\">\n<h3 class=\"rank-math-question \">Ce s\u0103 m\u0103n\u00e2nci pentru c\u0103derea p\u0103rului tiroidian?<\/h3>\n<div class=\"rank-math-answer \">\n\n<p>Consuma\u021bi proteine \u200b\u200badecvate, alimente bogate \u00een fier, seleniu, zinc \u0219i iod \u00een limitele recomandate.<\/p>\n\n<\/div>\n<\/div>\n<\/div>\n<\/div>","protected":false},"excerpt":{"rendered":"<p>Tiroid\u0103 \u0219i c\u0103derea p\u0103rului Dezechilibrul tiroidian sever sau de lung\u0103 durat\u0103 poate \u00eempinge mai multe fire de p\u0103r \u00een faza de c\u0103dere, provoc\u00e2nd sub\u021bierea difuz\u0103 pe scalp \u0219i, uneori, pierderea spr\u00e2ncenelor. P\u0103rul se \u00eembun\u0103t\u0103\u021be\u0219te adesea odat\u0103 ce nivelul tiroidei este stabilizat, dar recre\u0219terea necesit\u0103 timp, de obicei luni. Deoarece alte afec\u021biuni pot imita c\u0103derea p\u0103rului [&hellip;]<\/p>\n","protected":false},"author":2,"featured_media":402,"comment_status":"closed","ping_status":"closed","sticky":false,"template":"","format":"standard","meta":{"footnotes":"","rank_math_title":"","rank_math_description":"O linie de p\u0103r matur\u0103 este o parte natural\u0103 a \u00eemb\u0103tr\u00e2nirii, \u00een timp ce o linie de p\u0103r \u00een retragere semnaleaz\u0103 c\u0103derea precoce a p\u0103rului. Face\u021bi clic pentru informa\u021bii.","rank_math_focus_keyword":"","rank_math_canonical_url":"","rank_math_breadcrumb_title":"","rank_math_facebook_title":"","rank_math_facebook_description":"","rank_math_facebook_image":"","rank_math_twitter_title":"","rank_math_twitter_description":"","rank_math_twitter_image":"","rank_math_pillar_content":""},"categories":[968,987],"tags":[],"class_list":["post-53605","post","type-post","status-publish","format-standard","has-post-thumbnail","hentry","category-blog","category-caderea-parului"],"_links":{"self":[{"href":"https:\/\/haircenterofturkey.com\/ro\/wp-json\/wp\/v2\/posts\/53605","targetHints":{"allow":["GET"]}}],"collection":[{"href":"https:\/\/haircenterofturkey.com\/ro\/wp-json\/wp\/v2\/posts"}],"about":[{"href":"https:\/\/haircenterofturkey.com\/ro\/wp-json\/wp\/v2\/types\/post"}],"author":[{"embeddable":true,"href":"https:\/\/haircenterofturkey.com\/ro\/wp-json\/wp\/v2\/users\/2"}],"replies":[{"embeddable":true,"href":"https:\/\/haircenterofturkey.com\/ro\/wp-json\/wp\/v2\/comments?post=53605"}],"version-history":[{"count":2,"href":"https:\/\/haircenterofturkey.com\/ro\/wp-json\/wp\/v2\/posts\/53605\/revisions"}],"predecessor-version":[{"id":60696,"href":"https:\/\/haircenterofturkey.com\/ro\/wp-json\/wp\/v2\/posts\/53605\/revisions\/60696"}],"wp:featuredmedia":[{"embeddable":true,"href":"https:\/\/haircenterofturkey.com\/ro\/wp-json\/wp\/v2\/media\/402"}],"wp:attachment":[{"href":"https:\/\/haircenterofturkey.com\/ro\/wp-json\/wp\/v2\/media?parent=53605"}],"wp:term":[{"taxonomy":"category","embeddable":true,"href":"https:\/\/haircenterofturkey.com\/ro\/wp-json\/wp\/v2\/categories?post=53605"},{"taxonomy":"post_tag","embeddable":true,"href":"https:\/\/haircenterofturkey.com\/ro\/wp-json\/wp\/v2\/tags?post=53605"}],"curies":[{"name":"wp","href":"https:\/\/api.w.org\/{rel}","templated":true}]}}