{"id":53103,"date":"2025-01-27T08:42:34","date_gmt":"2025-01-27T05:42:34","guid":{"rendered":"https:\/\/haircenterofturkey.com\/?p=53103"},"modified":"2026-08-31T17:47:48","modified_gmt":"2026-08-31T14:47:48","slug":"postul-intermitent-provoaca-caderea-parului-un-ghid-cuprinzator","status":"publish","type":"post","link":"https:\/\/haircenterofturkey.com\/ro\/postul-intermitent-provoaca-caderea-parului-un-ghid-cuprinzator\/","title":{"rendered":"Postul intermitent provoac\u0103 c\u0103derea p\u0103rului? Un ghid cuprinz\u0103tor"},"content":{"rendered":"\n<h2 class=\"wp-block-heading\" id=\"does-intermittent-fasting-cause-hair-loss-a-comprehensive-guide\"><b>Postul intermitent provoac\u0103 c\u0103derea p\u0103rului? Un ghid cuprinz\u0103tor<\/b><\/h2>\n\n\n\n<p class=\"wp-block-paragraph\"><span style=\"font-weight: 400;\">Uneori. Postul intermitent poate fi legat de c\u0103derea temporar\u0103 a p\u0103rului atunci c\u00e2nd duce la o pierdere rapid\u0103 \u00een greutate, prea pu\u021bine calorii sau deficit de proteine, fier, zinc sau al\u021bi nutrien\u021bi. Postul \u00een sine nu \u201edeterioreaz\u0103\u201d foliculii de p\u0103r, dar corpul poate muta p\u0103rul \u00eentr-o faz\u0103 de repaus. Corectarea aportului \u0219i a stresului ajut\u0103 de obicei.<\/span><\/p>\n\n\n\n<figure class=\"wp-block-image\"><img decoding=\"async\" src=\"https:\/\/haircenterofturkey.com\/wp-content\/uploads\/2025\/01\/intermittent-fasting-cause-hair-loss-1.webp\" alt=\"Does Intermittent Fasting Cause Hair Loss? A Comprehensive Guide\" title=\"\"><\/figure>\n\n\n\n<div class=\"wp-block-rank-math-toc-block\" id=\"rank-math-toc\"><h2>Table of Contents<\/h2><nav><ul><li><a href=\"#does-intermittent-fasting-cause-hair-loss-a-comprehensive-guide\">Postul intermitent provoac\u0103 c\u0103derea p\u0103rului? Un ghid cuprinz\u0103tor<\/a><\/li><li><a href=\"#what-intermittent-fasting-is\">Ce este postul intermitent<\/a><\/li><li><a href=\"#can-intermittent-fasting-cause-hair-loss\">Postul intermitent poate provoca c\u0103derea p\u0103rului?<\/a><\/li><li><a href=\"#why-shedding-can-happen-during-intermittent-fasting\">De ce se poate \u00eent\u00e2mpla v\u0103rsarea \u00een timpul postului intermitent<\/a><ul><li><a href=\"#low-protein-or-too-few-calories\">Proteine sc\u0103zute sau prea pu\u021bine calorii<\/a><\/li><li><a href=\"#micronutrient-shortfalls\">Deficien\u021be de micronutrien\u021bi<\/a><\/li><li><a href=\"#rapid-weight-loss-and-telogen-effluvium\">Pierdere rapid\u0103 \u00een greutate \u0219i efluviu telogen<\/a><\/li><li><a href=\"#stress-sleep-and-cortisol\">Stresul, somnul \u0219i cortizolul<\/a><\/li><li><a href=\"#thyroid-and-other-hormonal-factors\">Tiroid\u0103 \u0219i al\u021bi factori hormonali<\/a><\/li><li><a href=\"#signs-your-shedding-might-be-related-to-fasting\">Semne c\u0103 v\u0103rsarea ta ar putea fi legat\u0103 de post<\/a><\/li><\/ul><\/li><li><a href=\"#how-to-prevent-hair-loss-while-practicing-intermittent-fasting\">Cum s\u0103 preveni\u021bi c\u0103derea p\u0103rului \u00een timp ce practica\u021bi postul intermitent<\/a><ul><li><a href=\"#build-meals-around-protein\">Construi\u021bi mese \u00een jurul proteinelor<\/a><\/li><li><a href=\"#choose-iron-and-zinc-rich-foods\">Alege\u021bi alimente bogate \u00een fier \u0219i zinc<\/a><\/li><li><a href=\"#avoid-aggressive-calorie-deficits\">Evita\u021bi deficitele calorice agresive<\/a><\/li><li><a href=\"#hydrate-and-dont-skip-healthy-fats\">Hidrateaz\u0103-te \u0219i nu s\u0103ri peste gr\u0103simile s\u0103n\u0103toase<\/a><\/li><li><a href=\"#supplement-only-when-it-makes-sense\">Supliment numai c\u00e2nd are sens<\/a><\/li><\/ul><\/li><li><a href=\"#when-to-pause-fasting-and-see-a-clinician\">C\u00e2nd s\u0103 \u00eentrerupe\u021bi postul \u0219i s\u0103 vede\u021bi un medic<\/a><\/li><li><a href=\"#frequently-asked-questions\">\u00centreb\u0103ri frecvente<\/a><\/li><\/ul><\/nav><\/div>\n\n\n\n<h2 class=\"wp-block-heading\" id=\"what-intermittent-fasting-is\"><b>Ce este postul intermitent<\/b><\/h2>\n\n\n\n<p class=\"wp-block-paragraph\"><span style=\"font-weight: 400;\">Postul intermitent (IF) este un model de alimenta\u021bie care circul\u0103 \u00eentre perioadele de m\u00e2ncare \u0219i perioadele de post. Este adesea folosit pentru gestionarea greut\u0103\u021bii, s\u0103n\u0103tatea metabolic\u0103 sau pentru a simplifica ora mesei.<\/span><\/p>\n\n\n\n<p class=\"wp-block-paragraph\"><span style=\"font-weight: 400;\">Abord\u0103rile comune includ:<\/span><\/p>\n\n\n\n<ul class=\"wp-block-list\">\n<li><span style=\"font-weight: 400;\">16:8: poste\u0219te timp de 16 ore, apoi m\u0103n\u00e2nc\u0103 \u00eentr-o fereastr\u0103 de 8 ore.<\/span><\/li>\n\n\n\n<li><span style=\"font-weight: 400;\">5:2: M\u00e2nca\u021bi \u00een mod normal cinci zile pe s\u0103pt\u0103m\u00e2n\u0103 \u0219i reduce\u021bi semnificativ caloriile \u00een dou\u0103 zile neconsecutive.<\/span><\/li>\n\n\n\n<li><span style=\"font-weight: 400;\">Post \u00een zile alternative: Alterneaz\u0103 zilele normale de alimenta\u021bie cu zile cu un aport foarte sc\u0103zut de calorii.<\/span><\/li>\n<\/ul>\n\n\n\n<h2 class=\"wp-block-heading\" id=\"can-intermittent-fasting-cause-hair-loss\"><b>Postul intermitent poate provoca c\u0103derea p\u0103rului?<\/b><\/h2>\n\n\n\n<p class=\"wp-block-paragraph\"><span style=\"font-weight: 400;\">C\u0103derea p\u0103rului \u00een timpul IF este de obicei un efect indirect al modului \u00een care este executat planul, nu postul \u00een sine. C\u00e2nd postul provoac\u0103 un deficit caloric mare, o sc\u0103dere rapid\u0103 \u00een greutate sau o diet\u0103 s\u0103rac\u0103 \u00een nutrien\u021bi cheie, organismul poate acorda prioritate func\u021biilor esen\u021biale fa\u021b\u0103 de cre\u0219terea p\u0103rului.<\/span><\/p>\n\n\n\n<p class=\"wp-block-paragraph\"><span style=\"font-weight: 400;\">Cel mai frecvent model observat de oameni este v\u0103rsarea difuz\u0103 pe scalp, mai degrab\u0103 dec\u00e2t pete chelie. Acest lucru este adesea \u00een concordan\u021b\u0103 cu efluviul telogen, o schimbare temporar\u0103 a mai multor fire de p\u0103r \u00een faza de pierdere.<\/span><\/p>\n\n\n\n<figure class=\"wp-block-image\"><img decoding=\"async\" src=\"https:\/\/haircenterofturkey.com\/wp-content\/uploads\/2025\/01\/intermittent-fasting-cause-hair-loss-2.webp\" alt=\"Does Intermittent Fasting Cause Hair Loss? A Comprehensive Guide\" title=\"\"><\/figure>\n\n\n\n<p class=\"wp-block-paragraph\"><\/p>\n\n\n\n<h2 class=\"wp-block-heading\" id=\"why-shedding-can-happen-during-intermittent-fasting\"><b>De ce se poate \u00eent\u00e2mpla v\u0103rsarea \u00een timpul postului intermitent<\/b><\/h2>\n\n\n\n<h3 class=\"wp-block-heading\" id=\"low-protein-or-too-few-calories\"><b>Proteine sc\u0103zute sau prea pu\u021bine calorii<\/b><\/h3>\n\n\n\n<p class=\"wp-block-paragraph\"><span style=\"font-weight: 400;\">P\u0103rul este \u00een mare parte format din cheratina, o protein\u0103 pe care corpul t\u0103u o construie\u0219te din aminoacizii dietetici. Dac\u0103 fereastra ta de m\u00e2ncare este mic\u0103 \u0219i mesele sunt u\u0219oare, este u\u0219or s\u0103 consumi pu\u021bin proteine \u200b\u200bf\u0103r\u0103 s\u0103-\u021bi dai seama.<\/span><\/p>\n\n\n\n<p class=\"wp-block-paragraph\"><span style=\"font-weight: 400;\">Un deficit de calorii sus\u021binut poate, de asemenea, semnala organismului s\u0103 conserve energie. \u00cen timp, acest lucru poate reduce resursele disponibile pentru cre\u0219terea p\u0103rului \u0219i poate contribui la pierderea p\u0103rului.<\/span><\/p>\n\n\n\n<h3 class=\"wp-block-heading\" id=\"micronutrient-shortfalls\"><b>Deficien\u021be de micronutrien\u021bi<\/b><\/h3>\n\n\n\n<p class=\"wp-block-paragraph\"><span style=\"font-weight: 400;\">Tiparele de alimenta\u021bie restrictive exclud uneori alimentele bogate \u00een nutrien\u021bi. Nivelurile sc\u0103zute de fier (\u00een special feritina sc\u0103zut\u0103), zinc, seleniu, vitamina D, vitamina B12 \u0219i acid folic au fost toate legate de cre\u0219terea sl\u0103bit\u0103 a p\u0103rului la persoanele susceptibile.<\/span><\/p>\n\n\n\n<p class=\"wp-block-paragraph\"><span style=\"font-weight: 400;\">Biotina atrage mult\u0103 aten\u021bie, dar adev\u0103rata deficien\u021b\u0103 de biotin\u0103 este neobi\u0219nuit\u0103. Dac\u0103 urma\u021bi o diet\u0103 variat\u0103, riscurile mai mari sunt de obicei proteinele, fierul \u0219i caloriile generale.<\/span><\/p>\n\n\n\n<h3 class=\"wp-block-heading\" id=\"rapid-weight-loss-and-telogen-effluvium\"><b>Pierdere rapid\u0103 \u00een greutate \u0219i efluviu telogen<\/b><\/h3>\n\n\n\n<p class=\"wp-block-paragraph\"><span style=\"font-weight: 400;\">O sc\u0103dere rapid\u0103 a greut\u0103\u021bii poate ac\u021biona ca un factor de stres fizic. \u00cen cazul efluviului telogen, eliminarea \u00eencepe adesea la aproximativ 6 p\u00e2n\u0103 la 12 s\u0103pt\u0103m\u00e2ni dup\u0103 declan\u0219are, mai degrab\u0103 dec\u00e2t imediat.<\/span><\/p>\n\n\n\n<p class=\"wp-block-paragraph\"><span style=\"font-weight: 400;\">Vestea bun\u0103 este c\u0103 efluviul telogen este de obicei reversibil odat\u0103 ce declan\u0219atorul de baz\u0103 este abordat. Recre\u0219terea poate dura c\u00e2teva luni, deoarece p\u0103rul cre\u0219te \u00eencet.<\/span><\/p>\n\n\n\n<h3 class=\"wp-block-heading\" id=\"stress-sleep-and-cortisol\"><b>Stresul, somnul \u0219i cortizolul<\/b><\/h3>\n\n\n\n<p class=\"wp-block-paragraph\"><span style=\"font-weight: 400;\">Postul poate fi lin pentru unii oameni \u0219i stresant pentru al\u021bii. Dac\u0103 IF duce la somn prost, iritabilitate, foame intens\u0103 sau supraantrenament, hormonii de stres pot cre\u0219te \u0219i pot contribui la pierderea.<\/span><\/p>\n\n\n\n<p class=\"wp-block-paragraph\"><span style=\"font-weight: 400;\">Pierderea cauzat\u0103 de stres este rareori cauzat\u0103 de un singur factor. Adesea se suprapune cu alimenta\u021bia insuficient\u0103, lipsurile de nutrien\u021bi sau alte modific\u0103ri ale stilului de via\u021b\u0103.<\/span><\/p>\n\n\n\n<figure class=\"wp-block-image\"><img decoding=\"async\" src=\"https:\/\/haircenterofturkey.com\/wp-content\/uploads\/2025\/01\/intermittent-fasting-cause-hair-loss-3.webp\" alt=\"Does Intermittent Fasting Cause Hair Loss? A Comprehensive Guide\" title=\"\"><\/figure>\n\n\n\n<p class=\"wp-block-paragraph\"><\/p>\n\n\n\n<h3 class=\"wp-block-heading\" id=\"thyroid-and-other-hormonal-factors\"><b>Tiroid\u0103 \u0219i al\u021bi factori hormonali<\/b><\/h3>\n\n\n\n<p class=\"wp-block-paragraph\"><span style=\"font-weight: 400;\">Cre\u0219terea p\u0103rului este sensibil\u0103 la func\u021bia tiroidian\u0103. Dac\u0103 IF coincide cu simptome precum oboseala, senza\u021bia de frig, constipa\u021bia sau modific\u0103rile menstruale, merit\u0103 s\u0103 discuta\u021bi despre testarea tiroidei cu un medic.<\/span><\/p>\n\n\n\n<p class=\"wp-block-paragraph\"><span style=\"font-weight: 400;\">IF poate coincide, de asemenea, cu afec\u021biunile existente de c\u0103dere a p\u0103rului, cum ar fi alopecia androgenetic\u0103 (model de c\u0103dere a p\u0103rului). \u00cen aceste cazuri, postul poate s\u0103 nu fie cauza principal\u0103, dar v\u0103rsarea poate face sub\u021bierea mai vizibil\u0103.<\/span><\/p>\n\n\n\n<figure class=\"wp-block-image\"><img decoding=\"async\" src=\"https:\/\/haircenterofturkey.com\/wp-content\/uploads\/2025\/01\/intermittent-fasting-cause-hair-loss-4.webp\" alt=\"Does Intermittent Fasting Cause Hair Loss? A Comprehensive Guide\" title=\"\"><\/figure>\n\n\n\n<p class=\"wp-block-paragraph\"><\/p>\n\n\n\n<h3 class=\"wp-block-heading\" id=\"signs-your-shedding-might-be-related-to-fasting\"><b>Semne c\u0103 v\u0103rsarea ta ar putea fi legat\u0103 de post<\/b><\/h3>\n\n\n\n<p class=\"wp-block-paragraph\"><span style=\"font-weight: 400;\">Aceste indicii sunt comune atunci c\u00e2nd aportul de calorii sau nutri\u021bia este problema principal\u0103:<\/span><\/p>\n\n\n\n<ul class=\"wp-block-list\">\n<li><span style=\"font-weight: 400;\">Mai mult p\u0103r dec\u00e2t de obicei \u00een scurgerea du\u0219ului, pe pern\u0103 sau \u00een perie.<\/span><\/li>\n\n\n\n<li><span style=\"font-weight: 400;\">Sub\u021bierea general\u0103 sau o circumferin\u021b\u0103 mai mic\u0103 a cozii de cal, mai degrab\u0103 dec\u00e2t o singur\u0103 chelie.<\/span><\/li>\n\n\n\n<li><span style=\"font-weight: 400;\">P\u0103r uscat, fragil sau rupere crescut\u0103 (de multe ori din cauza deshidrat\u0103rii, calorii sc\u0103zute sau aport redus de gr\u0103simi).<\/span><\/li>\n\n\n\n<li><span style=\"font-weight: 400;\">Pierderea rapid\u0103 \u00een greutate recent\u0103 sau o schimbare major\u0103 \u00een timpul dietei sau caloriile.<\/span><\/li>\n<\/ul>\n\n\n\n<h2 class=\"wp-block-heading\" id=\"how-to-prevent-hair-loss-while-practicing-intermittent-fasting\"><b>Cum s\u0103 preveni\u021bi c\u0103derea p\u0103rului \u00een timp ce practica\u021bi postul intermitent<\/b><\/h2>\n\n\n\n<h3 class=\"wp-block-heading\" id=\"build-meals-around-protein\"><b>Construi\u021bi mese \u00een jurul proteinelor<\/b><\/h3>\n\n\n\n<p class=\"wp-block-paragraph\"><span style=\"font-weight: 400;\">\u00cencerca\u021bi s\u0103 include\u021bi o surs\u0103 solid\u0103 de proteine la fiecare mas\u0103 \u00een fereastra de m\u00e2ncare. Op\u021biunile includ ou\u0103, iaurt grecesc, carne de pas\u0103re, pe\u0219te, carne slab\u0103, tofu, tempeh, linte \u0219i fasole.<\/span><\/p>\n\n\n\n<p class=\"wp-block-paragraph\"><span style=\"font-weight: 400;\">Dac\u0103 v\u0103 str\u0103dui\u021bi s\u0103 satisface\u021bi nevoile de proteine \u00een mai pu\u021bine mese, lua\u021bi \u00een considerare o gustare cu proteine, cum ar fi iaurt, br\u00e2nz\u0103 de vaci sau un smoothie.<\/span><\/p>\n\n\n\n<h3 class=\"wp-block-heading\" id=\"choose-iron-and-zinc-rich-foods\"><b>Alege\u021bi alimente bogate \u00een fier \u0219i zinc<\/b><\/h3>\n\n\n\n<p class=\"wp-block-paragraph\"><span style=\"font-weight: 400;\">Sursele de fier includ carnea ro\u0219ie, carnea de pas\u0103re, pe\u0219tele, lintea, fasolea \u0219i legumele cu frunze verzi. Asocia\u021bi sursele vegetale cu vitamina C (cum ar fi citricele sau ardeiul gras) pentru a \u00eembun\u0103t\u0103\u021bi absorb\u021bia.<\/span><\/p>\n\n\n\n<p class=\"wp-block-paragraph\"><span style=\"font-weight: 400;\">Zincul \u0219i seleniul apar \u00een alimente precum stridiile, carnea de vit\u0103, semin\u021bele de dovleac, n\u0103utul, ou\u0103le \u0219i nucile braziliene. O diet\u0103 variat\u0103 bate de obicei baza pe un singur \u201esuper-aliment\u201d.<\/span><\/p>\n\n\n\n<figure class=\"wp-block-image\"><img decoding=\"async\" src=\"https:\/\/haircenterofturkey.com\/wp-content\/uploads\/2025\/01\/intermittent-fasting-cause-hair-loss-5.webp\" alt=\"Does Intermittent Fasting Cause Hair Loss? A Comprehensive Guide\" title=\"\"><\/figure>\n\n\n\n<p class=\"wp-block-paragraph\"><\/p>\n\n\n\n<h3 class=\"wp-block-heading\" id=\"avoid-aggressive-calorie-deficits\"><b>Evita\u021bi deficitele calorice agresive<\/b><\/h3>\n\n\n\n<p class=\"wp-block-paragraph\"><span style=\"font-weight: 400;\">Dac\u0103 scopul t\u0103u este pierderea de gr\u0103sime, un deficit moderat este \u00een general mai u\u0219or pentru p\u0103r dec\u00e2t o restric\u021bie drastic\u0103. Abord\u0103rile extreme cresc \u0219ansele de efluviu telogen \u0219i goluri de nutrien\u021bi.<\/span><\/p>\n\n\n\n<p class=\"wp-block-paragraph\"><span style=\"font-weight: 400;\">Dac\u0103 sunte\u021bi frecvent ame\u021bit, v\u0103 este frig \u00een mod constant sau pierde\u021bi \u00een greutate mai repede dec\u00e2t s-a prev\u0103zut, lua\u021bi \u00een considerare l\u0103rgirea ferestrei de m\u00e2ncare sau cre\u0219terea caloriilor.<\/span><\/p>\n\n\n\n<figure class=\"wp-block-image\"><img decoding=\"async\" src=\"https:\/\/haircenterofturkey.com\/wp-content\/uploads\/2025\/01\/intermittent-fasting-cause-hair-loss-6.webp\" alt=\"Does Intermittent Fasting Cause Hair Loss? A Comprehensive Guide\" title=\"\"><\/figure>\n\n\n\n<p class=\"wp-block-paragraph\"><\/p>\n\n\n\n<h3 class=\"wp-block-heading\" id=\"hydrate-and-dont-skip-healthy-fats\"><b>Hidrateaz\u0103-te \u0219i nu s\u0103ri peste gr\u0103simile s\u0103n\u0103toase<\/b><\/h3>\n\n\n\n<p class=\"wp-block-paragraph\"><span style=\"font-weight: 400;\">Deshidratarea poate agrava uscarea \u0219i ruperea, chiar dac\u0103 nu provoac\u0103 \u00een mod direct c\u0103derea p\u0103rului legat\u0103 de foliculi. Bea ap\u0103 \u00een mod constant pe parcursul zilei, mai ales dac\u0103 te antrenezi \u00een timpul postului.<\/span><\/p>\n\n\n\n<p class=\"wp-block-paragraph\"><span style=\"font-weight: 400;\">Include\u021bi gr\u0103simi s\u0103n\u0103toase, cum ar fi ulei de m\u0103sline, avocado, nuci, semin\u021be \u0219i pe\u0219te gras. Aportul adecvat de gr\u0103simi sus\u021bine produc\u021bia de hormoni \u0219i s\u0103n\u0103tatea general\u0103 a p\u0103rului \u0219i a scalpului.<\/span><\/p>\n\n\n\n<figure class=\"wp-block-image\"><img decoding=\"async\" src=\"https:\/\/haircenterofturkey.com\/wp-content\/uploads\/2025\/01\/intermittent-fasting-cause-hair-loss-7.webp\" alt=\"Does Intermittent Fasting Cause Hair Loss? A Comprehensive Guide\" title=\"\"><\/figure>\n\n\n\n<p class=\"wp-block-paragraph\"><\/p>\n\n\n\n<h3 class=\"wp-block-heading\" id=\"supplement-only-when-it-makes-sense\"><b>Supliment numai c\u00e2nd are sens<\/b><\/h3>\n\n\n\n<p class=\"wp-block-paragraph\"><span style=\"font-weight: 400;\">Suplimentele pot ajuta atunci c\u00e2nd o deficien\u021b\u0103 este confirmat\u0103 sau puternic suspectat\u0103, dar nu reprezint\u0103 o scurt\u0103tur\u0103 pentru o diet\u0103 dezechilibrat\u0103. Prea mult\u0103 cantitate de anumite substan\u021be nutritive poate cauza probleme proprii.<\/span><\/p>\n\n\n\n<p class=\"wp-block-paragraph\"><span style=\"font-weight: 400;\">Dac\u0103 eliminarea este semnificativ\u0103, \u00eentreba\u021bi un medic despre testarea \u021bintit\u0103 (de exemplu: CBC, feritin\u0103, TSH, vitamina D, vitamina B12 \u0219i zinc) \u00eenainte de a \u00eencepe mai multe suplimente.<\/span><\/p>\n\n\n\n<figure class=\"wp-block-image\"><img decoding=\"async\" src=\"https:\/\/haircenterofturkey.com\/wp-content\/uploads\/2025\/01\/intermittent-fasting-cause-hair-loss-8.webp\" alt=\"Does Intermittent Fasting Cause Hair Loss? A Comprehensive Guide\" title=\"\"><\/figure>\n\n\n\n<p class=\"wp-block-paragraph\"><\/p>\n\n\n\n<h2 class=\"wp-block-heading\" id=\"when-to-pause-fasting-and-see-a-clinician\"><b>C\u00e2nd s\u0103 \u00eentrerupe\u021bi postul \u0219i s\u0103 vede\u021bi un medic<\/b><\/h2>\n\n\n\n<p class=\"wp-block-paragraph\"><span style=\"font-weight: 400;\">Solicita\u021bi sfatul medicului dac\u0103 se aplic\u0103 oricare dintre urm\u0103toarele:<\/span><\/p>\n\n\n\n<ul class=\"wp-block-list\">\n<li><span style=\"font-weight: 400;\">Pierderea dureaz\u0103 mai mult de 3 luni sau continu\u0103 s\u0103 se agraveze.<\/span><\/li>\n\n\n\n<li><span style=\"font-weight: 400;\">Observa\u021bi pete chelie, dureri ale scalpului, m\u00e2nc\u0103rimi puternice sau descuamare.<\/span><\/li>\n\n\n\n<li><span style=\"font-weight: 400;\">Ave\u021bi simptome de anemie sau probleme cu tiroida (oboseal\u0103, dificult\u0103\u021bi de respira\u021bie, senza\u021bie de frig sau modific\u0103ri ale menstrua\u021biei).<\/span><\/li>\n\n\n\n<li><span style=\"font-weight: 400;\">E\u0219ti \u00eens\u0103rcinat\u0103, \u00een perioada postpartum sau ai antecedente de tulbur\u0103ri alimentare.<\/span><\/li>\n\n\n\n<li><span style=\"font-weight: 400;\">Lua\u021bi medicamente sau ave\u021bi o afec\u021biune care ar putea afecta cre\u0219terea p\u0103rului.<\/span><\/li>\n<\/ul>\n\n\n\n<p class=\"wp-block-paragraph\"><span style=\"font-weight: 400;\">Un dermatolog sau un medic primar poate ajuta la identificarea modelului \u0219i la excluderea cauzelor comune, cum ar fi deficien\u021ba de fier, disfunc\u021bia tiroidian\u0103 \u0219i afec\u021biunile inflamatorii ale scalpului. Aceast\u0103 claritate poate economisi luni de \u00eencerc\u0103ri \u0219i erori.<\/span><\/p>\n\n\n\n<figure class=\"wp-block-image\"><img decoding=\"async\" src=\"https:\/\/haircenterofturkey.com\/wp-content\/uploads\/2025\/01\/intermittent-fasting-cause-hair-loss-10.webp\" alt=\"Does Intermittent Fasting Cause Hair Loss? A Comprehensive Guide\" title=\"\"><\/figure>\n\n\n\n<p class=\"wp-block-paragraph\"><\/p>\n\n\n\n<h2 class=\"wp-block-heading\" id=\"frequently-asked-questions\"><b>\u00centreb\u0103ri frecvente<\/b><\/h2>\n\n\n<div id=\"rank-math-faq\" class=\"rank-math-block\">\n<div class=\"rank-math-list \">\n<div id=\"faq-question-1771503944756\" class=\"rank-math-list-item\">\n<h3 class=\"rank-math-question \">Postul intermitent poate provoca c\u0103derea p\u0103rului?<\/h3>\n<div class=\"rank-math-answer \">\n\n<p>Da, dac\u0103 postul provoac\u0103 sc\u0103dere rapid\u0103 \u00een greutate, calorii sc\u0103zute sau deficite de nutrien\u021bi.<\/p>\n\n<\/div>\n<\/div>\n<div id=\"faq-question-1771503947653\" class=\"rank-math-list-item\">\n<h3 class=\"rank-math-question \">De ce are loc r\u0103rirea p\u0103rului \u00een timpul postului intermitent?<\/h3>\n<div class=\"rank-math-answer \">\n\n<p>Deficitul de calorii\/proteine \u200b\u200b\u0219i stresul transform\u0103 foliculii \u00een telogen, cresc\u00e2nd eliminarea.<\/p>\n\n<\/div>\n<\/div>\n<div id=\"faq-question-1771503948000\" class=\"rank-math-list-item\">\n<h3 class=\"rank-math-question \">C\u0103derea p\u0103rului din postul intermitent este permanent\u0103?<\/h3>\n<div class=\"rank-math-answer \">\n\n<p>De obicei nu; efluviul telogen recre\u0219te dup\u0103 ce declan\u0219atorii se rezolv\u0103, de\u0219i poate dura luni de zile.<\/p>\n\n<\/div>\n<\/div>\n<div id=\"faq-question-1771503948599\" class=\"rank-math-list-item\">\n<h3 class=\"rank-math-question \">Cum po\u021bi preveni c\u0103derea p\u0103rului \u00een timpul postului intermitent?<\/h3>\n<div class=\"rank-math-answer \">\n\n<p>M\u00e2nca\u021bi suficiente proteine\/calorii, evita\u021bi pierderile accidentale, corecta\u021bi fierul\/vitamina D \u0219i dormi\u021bi bine.<\/p>\n\n<\/div>\n<\/div>\n<div id=\"faq-question-1771503948952\" class=\"rank-math-list-item\">\n<h3 class=\"rank-math-question \">Postul intermitent afecteaz\u0103 nivelul hormonal legat de cre\u0219terea p\u0103rului?<\/h3>\n<div class=\"rank-math-answer \">\n\n<p>Da; postul intermitent modific\u0103 insulina\/IGF-1 \u0219i hormonii de stres, influen\u021b\u00e2nd ciclul p\u0103rului.<\/p>\n\n<\/div>\n<\/div>\n<\/div>\n<\/div>","protected":false},"excerpt":{"rendered":"<p>Postul intermitent provoac\u0103 c\u0103derea p\u0103rului? Un ghid cuprinz\u0103tor Uneori. Postul intermitent poate fi legat de c\u0103derea temporar\u0103 a p\u0103rului atunci c\u00e2nd duce la o pierdere rapid\u0103 \u00een greutate, prea pu\u021bine calorii sau deficit de proteine, fier, zinc sau al\u021bi nutrien\u021bi. Postul \u00een sine nu \u201edeterioreaz\u0103\u201d foliculii de p\u0103r, dar corpul poate muta p\u0103rul \u00eentr-o faz\u0103 [&hellip;]<\/p>\n","protected":false},"author":2,"featured_media":592,"comment_status":"closed","ping_status":"closed","sticky":false,"template":"","format":"standard","meta":{"footnotes":"","rank_math_title":"","rank_math_description":"Postul intermitent nu cauzeaz\u0103 \u00een mod direct c\u0103derea p\u0103rului, dar o alimenta\u021bie deficitar\u0103 \u00een timpul postului poate contribui la aceasta.","rank_math_focus_keyword":"","rank_math_canonical_url":"","rank_math_breadcrumb_title":"","rank_math_facebook_title":"","rank_math_facebook_description":"","rank_math_facebook_image":"","rank_math_twitter_title":"","rank_math_twitter_description":"","rank_math_twitter_image":"","rank_math_pillar_content":""},"categories":[968,987],"tags":[],"class_list":["post-53103","post","type-post","status-publish","format-standard","has-post-thumbnail","hentry","category-blog","category-caderea-parului"],"_links":{"self":[{"href":"https:\/\/haircenterofturkey.com\/ro\/wp-json\/wp\/v2\/posts\/53103","targetHints":{"allow":["GET"]}}],"collection":[{"href":"https:\/\/haircenterofturkey.com\/ro\/wp-json\/wp\/v2\/posts"}],"about":[{"href":"https:\/\/haircenterofturkey.com\/ro\/wp-json\/wp\/v2\/types\/post"}],"author":[{"embeddable":true,"href":"https:\/\/haircenterofturkey.com\/ro\/wp-json\/wp\/v2\/users\/2"}],"replies":[{"embeddable":true,"href":"https:\/\/haircenterofturkey.com\/ro\/wp-json\/wp\/v2\/comments?post=53103"}],"version-history":[{"count":3,"href":"https:\/\/haircenterofturkey.com\/ro\/wp-json\/wp\/v2\/posts\/53103\/revisions"}],"predecessor-version":[{"id":60652,"href":"https:\/\/haircenterofturkey.com\/ro\/wp-json\/wp\/v2\/posts\/53103\/revisions\/60652"}],"wp:featuredmedia":[{"embeddable":true,"href":"https:\/\/haircenterofturkey.com\/ro\/wp-json\/wp\/v2\/media\/592"}],"wp:attachment":[{"href":"https:\/\/haircenterofturkey.com\/ro\/wp-json\/wp\/v2\/media?parent=53103"}],"wp:term":[{"taxonomy":"category","embeddable":true,"href":"https:\/\/haircenterofturkey.com\/ro\/wp-json\/wp\/v2\/categories?post=53103"},{"taxonomy":"post_tag","embeddable":true,"href":"https:\/\/haircenterofturkey.com\/ro\/wp-json\/wp\/v2\/tags?post=53103"}],"curies":[{"name":"wp","href":"https:\/\/api.w.org\/{rel}","templated":true}]}}