{"id":53091,"date":"2025-01-29T08:21:42","date_gmt":"2025-01-29T05:21:42","guid":{"rendered":"https:\/\/haircenterofturkey.com\/?p=53091"},"modified":"2026-08-31T13:19:24","modified_gmt":"2026-08-31T10:19:24","slug":"caderea-parului-fragila-vs-subtierea-parului-intelegerea-diferentelor","status":"publish","type":"post","link":"https:\/\/haircenterofturkey.com\/ro\/caderea-parului-fragila-vs-subtierea-parului-intelegerea-diferentelor\/","title":{"rendered":"C\u0103derea p\u0103rului fragil\u0103 vs sub\u021bierea p\u0103rului: \u00een\u021belegerea diferen\u021belor"},"content":{"rendered":"\n<h2 class=\"wp-block-heading\" id=\"brittle-hair-loss-vs-hair-thinning-understanding-the-differences\">C\u0103derea p\u0103rului fragil\u0103 vs sub\u021bierea p\u0103rului: \u00een\u021belegerea diferen\u021belor<\/h2>\n\n\n\n<p class=\"wp-block-paragraph\"><span style=\"font-weight: 400;\">C\u0103derea fragil\u0103 a p\u0103rului este, de obicei, ruperea p\u0103rului: firele se rup deoarece firul de p\u0103r este uscat sau deteriorat. R\u0103rirea p\u0103rului este o sc\u0103dere treptat\u0103 a densit\u0103\u021bii sau a grosimii firului, adesea legat\u0103 de genetic\u0103, hormoni, v\u00e2rst\u0103 sau stres. Solu\u021bia corect\u0103 depinde de problema pe care o ave\u021bi, a\u0219a c\u0103 identificarea diferen\u021bei este primul pas.<\/span><\/p>\n\n\n\n<p class=\"wp-block-paragraph\"><span style=\"font-weight: 400;\">Modific\u0103rile p\u0103rului pot ar\u0103ta similar \u00een oglind\u0103, chiar \u0219i atunci c\u00e2nd cauza este total diferit\u0103. Ruperea face p\u0103rul s\u0103 se simt\u0103 aspru \u0219i neuniform, \u00een timp ce sub\u021bierea schimb\u0103 c\u00e2t de mult p\u0103r ave\u021bi \u00een general. Mai jos este o modalitate clar\u0103 de a le separa pe cele dou\u0103 \u0219i de a alege \u00eengrijirea care se potrive\u0219te de fapt cu ceea ce are nevoie p\u0103rul t\u0103u.<\/span><\/p>\n\n\n\n<figure class=\"wp-block-image\"><img decoding=\"async\" src=\"https:\/\/haircenterofturkey.com\/wp-content\/uploads\/2025\/01\/brittle-hair-and-hair-thinning-1.webp\" alt=\"Brittle Hair Loss vs Hair Thinning: Understanding the Differences\" title=\"\"><\/figure>\n\n\n\n<div class=\"wp-block-rank-math-toc-block\" id=\"rank-math-toc\"><h2>Table of Contents<\/h2><nav><ul><li><a href=\"#brittle-hair-loss-vs-hair-thinning-understanding-the-differences\">C\u0103derea p\u0103rului fragil\u0103 vs sub\u021bierea p\u0103rului: \u00een\u021belegerea diferen\u021belor<\/a><\/li><li><a href=\"#what-brittle-hair-loss-really-means\">Ce \u00eenseamn\u0103 cu adev\u0103rat c\u0103derea p\u0103rului fragil<\/a><ul><li><a href=\"#common-signs-of-brittle-hair-breakage\">Semne comune ale ruperii p\u0103rului fragil<\/a><\/li><li><a href=\"#\ufffc-common-causes-of-brittle-hair-loss\">Cauze comune ale c\u0103derii p\u0103rului fragil<\/a><\/li><\/ul><\/li><li><a href=\"#\ufffc-what-hair-thinning-means\">Ce \u00eenseamn\u0103 r\u0103rirea p\u0103rului<\/a><ul><li><a href=\"#common-signs-of-hair-thinning\">Semne comune ale r\u0103ririi p\u0103rului<\/a><\/li><li><a href=\"#common-causes-of-hair-thinning\">Cauze comune ale r\u0103ririi p\u0103rului<\/a><\/li><\/ul><\/li><li><a href=\"#\ufffc-key-differences-at-a-glance\">Diferen\u021bele cheie dintr-o privire<\/a><\/li><li><a href=\"#treatment-options-that-match-the-cause\">Op\u021biuni de tratament care se potrivesc cu cauza<\/a><ul><li><a href=\"#if-youre-dealing-with-brittle-hair-breakage\">Dac\u0103 ave\u021bi de-a face cu ruperea p\u0103rului fragil<\/a><\/li><li><a href=\"#\ufffc-if-youre-seeing-true-hair-thinning\">Dac\u0103 observa\u021bi o adev\u0103rat\u0103 sub\u021biere a p\u0103rului<\/a><\/li><\/ul><\/li><li><a href=\"#when-to-see-a-dermatologist\">C\u00e2nd s\u0103 vezi un dermatolog<\/a><\/li><li><a href=\"#frequently-asked-questions\">\u00centreb\u0103ri frecvente<\/a><\/li><\/ul><\/nav><\/div>\n\n\n\n<h2 class=\"wp-block-heading\" id=\"what-brittle-hair-loss-really-means\"><b>Ce \u00eenseamn\u0103 cu adev\u0103rat c\u0103derea p\u0103rului fragil<\/b><\/h2>\n\n\n\n<p class=\"wp-block-paragraph\"><span style=\"font-weight: 400;\">C\u00e2nd oamenii spun \u201ec\u0103derea fragil\u0103 a p\u0103rului\u201d, ei descriu adesea ruperea. \u00cen loc s\u0103 cad\u0103 de la r\u0103d\u0103cin\u0103, firul de p\u0103r sl\u0103be\u0219te \u0219i se rupe, astfel \u00eenc\u00e2t v\u00e2rfurile s\u0103 par\u0103 mai sub\u021biri \u0219i mai scurte \u00een timp. P\u0103rul fragil nu are de obicei str\u0103lucire \u0219i se simte uscat sau ca paiul.<\/span><\/p>\n\n\n\n<h3 class=\"wp-block-heading\" id=\"common-signs-of-brittle-hair-breakage\"><b>Semne comune ale ruperii p\u0103rului fragil<\/b><\/h3>\n\n\n\n<ul class=\"wp-block-list\">\n<li><span style=\"font-weight: 400;\">Buc\u0103\u021bi scurte, rupte \u00een jurul liniei p\u0103rului sau a coroanei.<\/span><\/li>\n\n\n\n<li><span style=\"font-weight: 400;\">Varfuri despicate si frizz care revine rapid dupa tundere.<\/span><\/li>\n\n\n\n<li><span style=\"font-weight: 400;\">P\u0103r care se rupe \u00een timpul periajului, coaf\u0103rii sau desc\u00e2lcirii.<\/span><\/li>\n\n\n\n<li><span style=\"font-weight: 400;\">Usc\u0103ciune, tocitate \u0219i \u00eencurcare mai mult dec\u00e2t de obicei.<\/span><\/li>\n<\/ul>\n\n\n\n<h3 class=\"wp-block-heading\" id=\"\ufffc-common-causes-of-brittle-hair-loss\"><figure><img decoding=\"async\" style=\"font-size: 16px;\" src=\"https:\/\/haircenterofturkey.com\/wp-content\/uploads\/2025\/01\/brittle-hair-and-hair-thinning-2.webp\" alt=\"Brittle Hair Loss vs Hair Thinning: Understanding the Differences\" title=\"\"><\/figure><b>Cauze comune ale c\u0103derii p\u0103rului fragil<\/b><\/h3>\n\n\n\n<p class=\"wp-block-paragraph\"><span style=\"font-weight: 400;\">Ruperea este cel mai adesea cauzat\u0103 de stresul extern asupra fibrei p\u0103rului. C\u00e2teva obiceiuri se pot ad\u0103uga rapid, mai ales dac\u0103 p\u0103rul t\u0103u este fin, ondulat sau tratat chimic.<\/span><\/p>\n\n\n\n<ul class=\"wp-block-list\">\n<li><span style=\"font-weight: 400;\">Coafare frecvent\u0103 la c\u0103ldur\u0103 (dispozitive de \u00eendreptat, baghete pentru ondulare, uscare cu bruiaj la foc mare).<\/span><\/li>\n\n\n\n<li><span style=\"font-weight: 400;\">Albire, colorare, relaxante, permanente sau alte tratamente chimice puternice.<\/span><\/li>\n\n\n\n<li><span style=\"font-weight: 400;\">Sp\u0103lare excesiv\u0103, \u0219ampoane dure sau balsam s\u0103ri\u021bi atunci c\u00e2nd p\u0103rul are nevoie de umiditate.<\/span><\/li>\n\n\n\n<li><span style=\"font-weight: 400;\">Coafuri str\u00e2nse care creeaz\u0103 tensiune \u0219i ruptur\u0103 (cozi de cal, \u00eempletituri, extensii).<\/span><\/li>\n\n\n\n<li><span style=\"font-weight: 400;\">Aport redus de proteine \u0219i nutrien\u021bi cheie care sus\u021bin structura s\u0103n\u0103toas\u0103 a p\u0103rului.<\/span><\/li>\n<\/ul>\n\n\n\n<h2 class=\"wp-block-heading\" id=\"\ufffc-what-hair-thinning-means\"><figure><img decoding=\"async\" style=\"font-size: 16px;\" src=\"https:\/\/haircenterofturkey.com\/wp-content\/uploads\/2025\/01\/brittle-hair-and-hair-thinning-3.webp\" alt=\"Brittle Hair Loss vs Hair Thinning: Understanding the Differences\" title=\"\"><\/figure><b>Ce \u00eenseamn\u0103 r\u0103rirea p\u0103rului<\/b><\/h2>\n\n\n\n<p class=\"wp-block-paragraph\"><span style=\"font-weight: 400;\">R\u0103rirea p\u0103rului este o modificare a densit\u0103\u021bii, grosimii sau ambelor. Este posibil s\u0103 observa\u021bi mai pu\u021bin volum \u00een coada de cal, mai mult scalpul vizibil sau o parte mai larg\u0103. Spre deosebire de rupere, sub\u021bierea reflect\u0103 de obicei schimb\u0103rile care au loc \u00een folicul sau \u00een ciclul de cre\u0219tere a p\u0103rului.<\/span><\/p>\n\n\n\n<h3 class=\"wp-block-heading\" id=\"common-signs-of-hair-thinning\"><b>Semne comune ale r\u0103ririi p\u0103rului<\/b><\/h3>\n\n\n\n<ul class=\"wp-block-list\">\n<li><span style=\"font-weight: 400;\">Pierderea total\u0103 a volumului, \u00een special la nivelul coroanei sau de-a lungul p\u0103r\u021bii.<\/span><\/li>\n\n\n\n<li><span style=\"font-weight: 400;\">\u0218uvi\u021be mai fine \u00een timp, chiar dac\u0103 v\u00e2rfurile arat\u0103 s\u0103n\u0103toase.<\/span><\/li>\n\n\n\n<li><span style=\"font-weight: 400;\">Vizibilitatea scalpului care devine \u00eencet mai vizibil\u0103.<\/span><\/li>\n\n\n\n<li><span style=\"font-weight: 400;\">Mai multe fire de p\u0103r scad constant timp de s\u0103pt\u0103m\u00e2ni sau luni.<\/span><\/li>\n<\/ul>\n\n\n\n<h3 class=\"wp-block-heading\" id=\"common-causes-of-hair-thinning\"><b>Cauze comune ale r\u0103ririi p\u0103rului<\/b><\/h3>\n\n\n\n<p class=\"wp-block-paragraph\"><span style=\"font-weight: 400;\">Sub\u021bierea poate avea mai mul\u021bi factori declan\u0219atori \u0219i mai mul\u021bi pot fi prezen\u021bi \u00een acela\u0219i timp. Dac\u0103 schimbarea se simte brusc\u0103 sau vine cu alte simptome, merit\u0103 s\u0103 consulta\u021bi un medic.<\/span><\/p>\n\n\n\n<ul class=\"wp-block-list\">\n<li><span style=\"font-weight: 400;\">Genetic\u0103 (chelie pe model masculin sau c\u0103derea p\u0103rului cu model feminin).<\/span><\/li>\n\n\n\n<li><span style=\"font-weight: 400;\">Schimb\u0103ri hormonale (modific\u0103ri postpartum, menopauz\u0103, afec\u021biuni tiroidiene).<\/span><\/li>\n\n\n\n<li><span style=\"font-weight: 400;\">Modific\u0103ri legate de v\u00e2rst\u0103 \u00een ciclul de cre\u0219tere a p\u0103rului \u0219i dimensiunea foliculilor.<\/span><\/li>\n\n\n\n<li><span style=\"font-weight: 400;\">Stresul fizic sau emo\u021bional prelungit care perturb\u0103 ciclurile de cre\u0219tere.<\/span><\/li>\n<\/ul>\n\n\n\n<h2 class=\"wp-block-heading\" id=\"\ufffc-key-differences-at-a-glance\"><figure><img decoding=\"async\" style=\"font-size: 16px;\" src=\"https:\/\/haircenterofturkey.com\/wp-content\/uploads\/2025\/01\/brittle-hair-and-hair-thinning-4.webp\" alt=\"Brittle Hair Loss vs Hair Thinning: Understanding the Differences\" title=\"\"><\/figure><b>Diferen\u021bele cheie dintr-o privire<\/b><\/h2>\n\n\n\n<p class=\"wp-block-paragraph\"><span style=\"font-weight: 400;\">Utiliza\u021bi aceast\u0103 list\u0103 de verificare rapid\u0103 pentru a restr\u00e2nge ceea ce se \u00eent\u00e2mpl\u0103. Mul\u021bi oameni au o combina\u021bie a ambelor, a\u0219a c\u0103 trata\u021bi-l ca un ghid mai degrab\u0103 dec\u00e2t un diagnostic.<\/span><\/p>\n\n\n\n<figure class=\"wp-block-table\"><table class=\"has-fixed-layout\"><tbody><tr><td><span style=\"font-weight: 400;\">Indiciu<\/span><\/td><td><span style=\"font-weight: 400;\">Rupere mai probabil\u0103 (p\u0103r fragil)<\/span><\/td><td><span style=\"font-weight: 400;\">Mai probabil sub\u021biere<\/span><\/td><\/tr><tr><td><span style=\"font-weight: 400;\">Ce vezi<\/span><\/td><td><span style=\"font-weight: 400;\">Lungimi neuniforme, \u00eencre\u021bire, v\u00e2rfuri despicate<\/span><\/td><td><span style=\"font-weight: 400;\">Parte mai larg\u0103, volum mai pu\u021bin, scalp mai vizibil<\/span><\/td><\/tr><tr><td><span style=\"font-weight: 400;\">Ce simti tu<\/span><\/td><td><span style=\"font-weight: 400;\">P\u0103r uscat, aspru, \u00eenc\u00e2lcit<\/span><\/td><td><span style=\"font-weight: 400;\">P\u0103rul se poate sim\u021bi normal, doar mai pu\u021bin dens<\/span><\/td><\/tr><tr><td><span style=\"font-weight: 400;\">Unde se \u00eent\u00e2mpl\u0103<\/span><\/td><td><span style=\"font-weight: 400;\">Capete \u0219i zone cu frecare mare<\/span><\/td><td><span style=\"font-weight: 400;\">Coroan\u0103, temple, linie par\u021bial\u0103<\/span><\/td><\/tr><tr><td><span style=\"font-weight: 400;\">\u0218ofer principal<\/span><\/td><td><span style=\"font-weight: 400;\">Deteriorarea firului de p\u0103r<\/span><\/td><td><span style=\"font-weight: 400;\">Modific\u0103ri ale foliculilor sau ale ciclurilor de cre\u0219tere<\/span><\/td><\/tr><\/tbody><\/table><\/figure>\n\n\n\n<h3 class=\"wp-block-heading\" id=\"\ufffc\"><figure><img decoding=\"async\" style=\"font-size: 16px;\" src=\"https:\/\/haircenterofturkey.com\/wp-content\/uploads\/2025\/01\/brittle-hair-and-hair-thinning-5.webp\" alt=\"Brittle Hair Loss vs Hair Thinning: Understanding the Differences\" title=\"\"><\/figure><\/h3>\n\n\n\n<h2 class=\"wp-block-heading\" id=\"treatment-options-that-match-the-cause\"><b>Op\u021biuni de tratament care se potrivesc cu cauza<\/b><\/h2>\n\n\n\n<h3 class=\"wp-block-heading\" id=\"if-youre-dealing-with-brittle-hair-breakage\"><b>Dac\u0103 ave\u021bi de-a face cu ruperea p\u0103rului fragil<\/b><\/h3>\n\n\n\n<p class=\"wp-block-paragraph\"><span style=\"font-weight: 400;\">Concentra\u021bi-v\u0103 pe umiditate, manipulare bl\u00e2nd\u0103 \u0219i reducerea daunelor care au cauzat ruperea. Majoritatea oamenilor observ\u0103 o senza\u021bie mai bun\u0103 \u0219i mai pu\u021bine fire de p\u0103r rupte, odat\u0103 ce rutina lor este constant\u0103 timp de c\u00e2teva luni.<\/span><\/p>\n\n\n\n<ul class=\"wp-block-list\">\n<li><span style=\"font-weight: 400;\">Utiliza\u021bi un balsam la fiecare sp\u0103lare \u0219i ad\u0103uga\u021bi o masc\u0103 de condi\u021bionare profund\u0103 s\u0103pt\u0103m\u00e2nal.<\/span><\/li>\n\n\n\n<li><span style=\"font-weight: 400;\">Limita\u021bi uneltele fierbin\u021bi \u0219i folosi\u021bi protec\u021bie \u00eempotriva c\u0103ldurii atunci c\u00e2nd face\u021bi stil.<\/span><\/li>\n\n\n\n<li><span style=\"font-weight: 400;\">Descurc\u0103 u\u0219or cu un pieptene cu din\u021bi largi, \u00eencep\u00e2nd de la capete.<\/span><\/li>\n\n\n\n<li><span style=\"font-weight: 400;\">T\u0103ia\u021bi capete despicate \u00een mod regulat pentru a reduce despicarea ulterioar\u0103.<\/span><\/li>\n\n\n\n<li><span style=\"font-weight: 400;\">Sus\u021bine structura p\u0103rului cu proteine adecvate \u0219i o diet\u0103 echilibrat\u0103.<\/span><\/li>\n<\/ul>\n\n\n\n<h3 class=\"wp-block-heading\" id=\"\ufffc-if-youre-seeing-true-hair-thinning\"><figure><img decoding=\"async\" style=\"font-size: 16px;\" src=\"https:\/\/haircenterofturkey.com\/wp-content\/uploads\/2025\/01\/brittle-hair-and-hair-thinning-6.webp\" alt=\"Brittle Hair Loss vs Hair Thinning: Understanding the Differences\" title=\"\"><\/figure><b>Dac\u0103 observa\u021bi o adev\u0103rat\u0103 sub\u021biere a p\u0103rului<\/b><\/h3>\n\n\n\n<p class=\"wp-block-paragraph\"><span style=\"font-weight: 400;\">Sub\u021bierea beneficiaz\u0103 adesea de tratamente bazate pe dovezi \u0219i de o verificare a declan\u0219atorilor subiacente. Un dermatolog poate ajuta la confirmarea modelului \u0219i poate recomanda op\u021biuni care se potrivesc situa\u021biei dvs.<\/span><\/p>\n\n\n\n<ul class=\"wp-block-list\">\n<li><span style=\"font-weight: 400;\">Minoxidilul topic (f\u0103r\u0103 prescrip\u021bie medical\u0103 \u00een multe \u021b\u0103ri) poate sprijini regenerarea pentru unele persoane atunci c\u00e2nd este utilizat \u00een mod constant.<\/span><\/li>\n\n\n\n<li><span style=\"font-weight: 400;\">Tratamentele pe baz\u0103 de prescrip\u021bie medical\u0103 pot fi adecvate \u00een func\u021bie de cauz\u0103 \u0219i istoricul medical.<\/span><\/li>\n\n\n\n<li><span style=\"font-weight: 400;\">\u00cen cazuri avansate, stabile, procedurile de transplant de p\u0103r, cum ar fi FUE, pot fi luate \u00een considerare cu un chirurg calificat.<\/span><\/li>\n\n\n\n<li><span style=\"font-weight: 400;\">Terapia cu plasm\u0103 bogat\u0103 \u00een trombocite (PRP) este utilizat\u0103 \u00een unele clinici pentru a sus\u021bine densitatea p\u0103rului, cu rezultate diferite de la persoan\u0103.<\/span><\/li>\n<\/ul>\n\n\n\n<h3 class=\"wp-block-heading\" id=\"\ufffc-1\"><figure><img decoding=\"async\" style=\"font-size: 16px;\" src=\"https:\/\/haircenterofturkey.com\/wp-content\/uploads\/2025\/01\/brittle-hair-and-hair-thinning-7.webp\" alt=\"Brittle Hair Loss vs Hair Thinning: Understanding the Differences\" title=\"\"><\/figure><\/h3>\n\n\n\n<h2 class=\"wp-block-heading\" id=\"when-to-see-a-dermatologist\"><b>C\u00e2nd s\u0103 vezi un dermatolog<\/b><\/h2>\n\n\n\n<p class=\"wp-block-paragraph\"><span style=\"font-weight: 400;\">Solicita\u021bi sfatul unui profesionist dac\u0103 c\u0103derea p\u0103rului este brusc\u0103, neregulat\u0103, dureroas\u0103 sau asociat\u0103 cu ro\u0219ea\u021b\u0103, descuamare sau m\u00e2nc\u0103rime a scalpului. De asemenea, este inteligent s\u0103 ob\u021bine\u021bi ajutor dac\u0103 sub\u021bierea progreseaz\u0103 rapid, v\u0103 pierde\u021bi p\u0103rul din spr\u00e2ncene sau gene sau dac\u0103 b\u0103nui\u021bi o problem\u0103 hormonal\u0103 sau tiroidian\u0103. Testarea direc\u021bionat\u0103 poate economisi timp \u0219i poate preveni presupunerile.<\/span><\/p>\n\n\n\n<h2 class=\"wp-block-heading\" id=\"frequently-asked-questions\"><b>\u00centreb\u0103ri frecvente<\/b><\/h2>\n\n\n<div id=\"rank-math-faq\" class=\"rank-math-block\">\n<div class=\"rank-math-list \">\n<div id=\"faq-question-1771493931543\" class=\"rank-math-list-item\">\n<h3 class=\"rank-math-question \">C\u0103derea p\u0103rului fragil vs r\u0103rirea p\u0103rului \u00een\u021belegerea diferen\u021belor masculine<\/h3>\n<div class=\"rank-math-answer \">\n\n<p>Ruperea fragil\u0103 provoac\u0103 fire de p\u0103r scurte; r\u0103rirea este densitate redus\u0103 din miniaturizare sau v\u0103rsare.<\/p>\n\n<\/div>\n<\/div>\n<div id=\"faq-question-1771493932553\" class=\"rank-math-list-item\">\n<h3 class=\"rank-math-question \">Care deficien\u021b\u0103 de vitamine cauzeaz\u0103 c\u0103derea p\u0103rului<\/h3>\n<div class=\"rank-math-answer \">\n\n<p>Deficitul de fier este cel mai frecvent; pot contribui un nivel sc\u0103zut de vitamina D, zinc, B12, folat, biotina.<\/p>\n\n<\/div>\n<\/div>\n<div id=\"faq-question-1771493932774\" class=\"rank-math-list-item\">\n<h3 class=\"rank-math-question \">De ce \u00eemi pierd at\u00e2t de mult p\u0103r de femeie<\/h3>\n<div class=\"rank-math-answer \">\n\n<p>Cauzele comune sunt efluviul telogen, probleme cu fier\/tiroid\u0103, modific\u0103ri postpartum, PCOS, trac\u021biune, genetic\u0103.<\/p>\n\n<\/div>\n<\/div>\n<div id=\"faq-question-1771493933191\" class=\"rank-math-list-item\">\n<h3 class=\"rank-math-question \">R\u0103rirea p\u0103rului vs c\u0103derea p\u0103rului<\/h3>\n<div class=\"rank-math-answer \">\n\n<p>C\u0103derea p\u0103rului scap\u0103 firele; thinning is fewer hairs or finer hairs over time.<\/p>\n\n<\/div>\n<\/div>\n<div id=\"faq-question-1771493933605\" class=\"rank-math-list-item\">\n<h3 class=\"rank-math-question \">Este r\u0103rirea p\u0103rului reversibil\u0103<\/h3>\n<div class=\"rank-math-answer \">\n\n<p>Adesea da dac\u0103 cauza este tratat\u0103 devreme; pierderea modelului genetic este gestionat\u0103, nu inversat\u0103.<\/p>\n\n<\/div>\n<\/div>\n<\/div>\n<\/div>","protected":false},"excerpt":{"rendered":"<p>C\u0103derea p\u0103rului fragil\u0103 vs sub\u021bierea p\u0103rului: \u00een\u021belegerea diferen\u021belor C\u0103derea fragil\u0103 a p\u0103rului este, de obicei, ruperea p\u0103rului: firele se rup deoarece firul de p\u0103r este uscat sau deteriorat. R\u0103rirea p\u0103rului este o sc\u0103dere treptat\u0103 a densit\u0103\u021bii sau a grosimii firului, adesea legat\u0103 de genetic\u0103, hormoni, v\u00e2rst\u0103 sau stres. Solu\u021bia corect\u0103 depinde de problema pe care [&hellip;]<\/p>\n","protected":false},"author":2,"featured_media":16266,"comment_status":"closed","ping_status":"closed","sticky":false,"template":"","format":"standard","meta":{"footnotes":"","rank_math_title":"","rank_math_description":"C\u0103derea fragil\u0103 a p\u0103rului implic\u0103 ruperea p\u0103rului din cauza sl\u0103biciunii, \u00een timp ce sub\u021bierea p\u0103rului \u00eenseamn\u0103 o densitate redus\u0103 a p\u0103rului de pe scalp.","rank_math_focus_keyword":"","rank_math_canonical_url":"","rank_math_breadcrumb_title":"","rank_math_facebook_title":"","rank_math_facebook_description":"","rank_math_facebook_image":"","rank_math_twitter_title":"","rank_math_twitter_description":"","rank_math_twitter_image":"","rank_math_pillar_content":""},"categories":[968,987],"tags":[],"class_list":["post-53091","post","type-post","status-publish","format-standard","has-post-thumbnail","hentry","category-blog","category-caderea-parului"],"_links":{"self":[{"href":"https:\/\/haircenterofturkey.com\/ro\/wp-json\/wp\/v2\/posts\/53091","targetHints":{"allow":["GET"]}}],"collection":[{"href":"https:\/\/haircenterofturkey.com\/ro\/wp-json\/wp\/v2\/posts"}],"about":[{"href":"https:\/\/haircenterofturkey.com\/ro\/wp-json\/wp\/v2\/types\/post"}],"author":[{"embeddable":true,"href":"https:\/\/haircenterofturkey.com\/ro\/wp-json\/wp\/v2\/users\/2"}],"replies":[{"embeddable":true,"href":"https:\/\/haircenterofturkey.com\/ro\/wp-json\/wp\/v2\/comments?post=53091"}],"version-history":[{"count":3,"href":"https:\/\/haircenterofturkey.com\/ro\/wp-json\/wp\/v2\/posts\/53091\/revisions"}],"predecessor-version":[{"id":60338,"href":"https:\/\/haircenterofturkey.com\/ro\/wp-json\/wp\/v2\/posts\/53091\/revisions\/60338"}],"wp:featuredmedia":[{"embeddable":true,"href":"https:\/\/haircenterofturkey.com\/ro\/wp-json\/wp\/v2\/media\/16266"}],"wp:attachment":[{"href":"https:\/\/haircenterofturkey.com\/ro\/wp-json\/wp\/v2\/media?parent=53091"}],"wp:term":[{"taxonomy":"category","embeddable":true,"href":"https:\/\/haircenterofturkey.com\/ro\/wp-json\/wp\/v2\/categories?post=53091"},{"taxonomy":"post_tag","embeddable":true,"href":"https:\/\/haircenterofturkey.com\/ro\/wp-json\/wp\/v2\/tags?post=53091"}],"curies":[{"name":"wp","href":"https:\/\/api.w.org\/{rel}","templated":true}]}}