{"id":53070,"date":"2025-02-19T07:26:06","date_gmt":"2025-02-19T04:26:06","guid":{"rendered":"https:\/\/haircenterofturkey.com\/?p=53070"},"modified":"2026-08-31T16:11:37","modified_gmt":"2026-08-31T13:11:37","slug":"lipsa-somnului-poate-provoca-caderea-parului","status":"publish","type":"post","link":"https:\/\/haircenterofturkey.com\/ro\/lipsa-somnului-poate-provoca-caderea-parului\/","title":{"rendered":"Lipsa somnului poate provoca c\u0103derea p\u0103rului"},"content":{"rendered":"\n<h2 class=\"wp-block-heading\" id=\"can-lack-of-sleep-cause-hair-loss\">Lipsa somnului poate cauza c\u0103derea p\u0103rului?<\/h2>\n\n\n\n<p class=\"wp-block-paragraph\">Da, somnul slab poate contribui la c\u0103derea p\u0103rului la unii oameni. Pierderea somnului poate cre\u0219te hormonii de stres, poate agrava inflama\u021bia scalpului \u0219i poate \u00eempinge mai mul\u021bi fire de p\u0103r \u00een faza de repaus (telogen), care poate ap\u0103rea ca sub\u021biere difuz\u0103. Vestea bun\u0103 este c\u0103 pierderile legate de somn sunt adesea reversibile odat\u0103 ce somnul, stresul \u0219i s\u0103n\u0103tatea general\u0103 se \u00eembun\u0103t\u0103\u021besc.<\/p>\n\n\n\n<div class=\"wp-block-rank-math-toc-block\" id=\"rank-math-toc\"><h2>Table of Contents<\/h2><nav><ul><li><a href=\"#can-lack-of-sleep-cause-hair-loss\">Lipsa somnului poate cauza c\u0103derea p\u0103rului?<\/a><\/li><li><a href=\"#the-connection-between-sleep-and-hair-health\">Leg\u0103tura dintre somn \u0219i s\u0103n\u0103tatea p\u0103rului<\/a><\/li><li><a href=\"#how-lack-of-sleep-can-affect-the-hair-growth-cycle\">Cum poate afecta lipsa somnului ciclul de cre\u0219tere a p\u0103rului<\/a><\/li><li><a href=\"#ways-sleep-deprivation-may-trigger-shedding\">Modalit\u0103\u021bi \u00een care privarea de somn poate declan\u0219a pierderea<\/a><ul><li><a href=\"#1-higher-stress-hormones\">1) Hormonii de stres superiori<\/a><\/li><li><a href=\"#2-increased-inflammation-and-scalp-sensitivity\">2) Cre\u0219terea inflama\u021biei \u0219i a sensibilit\u0103\u021bii scalpului<\/a><\/li><li><a href=\"#3-lifestyle-knock-on-effects\">3) Efecte secundare ale stilului de via\u021b\u0103<\/a><\/li><\/ul><\/li><li><a href=\"#what-sleep-related-hair-loss-typically-looks-like\">Cum arat\u0103 de obicei c\u0103derea p\u0103rului legat\u0103 de somn<\/a><\/li><li><a href=\"#how-long-does-it-take-for-hair-to-recover\">C\u00e2t dureaz\u0103 p\u00e2n\u0103 se reface p\u0103rul?<\/a><\/li><li><a href=\"#practical-sleep-tips-that-also-support-hair-health\">Sfaturi practice de somn care sus\u021bin \u0219i s\u0103n\u0103tatea p\u0103rului<\/a><\/li><li><a href=\"#nutrition-basics-to-pair-with-better-sleep\">Elementele de baz\u0103 ale nutri\u021biei pentru a se combina cu un somn mai bun<\/a><\/li><li><a href=\"#when-to-see-a-doctor-or-hair-specialist\">C\u00e2nd s\u0103 vezi un medic sau un specialist \u00een p\u0103r<\/a><\/li><li><a href=\"#f-a-q\">F.A.Q<\/a><\/li><\/ul><\/nav><\/div>\n\n\n\n<h2 class=\"wp-block-heading\" id=\"the-connection-between-sleep-and-hair-health\">Leg\u0103tura dintre somn \u0219i s\u0103n\u0103tatea p\u0103rului<\/h2>\n\n\n\n<p class=\"wp-block-paragraph\">Somnul sus\u021bine echilibrul hormonal, func\u021bia imunitar\u0103, repararea \u021besuturilor \u0219i sinteza proteinelor. Aceste sisteme ajut\u0103, de asemenea, s\u0103 men\u021bin\u0103 foliculii de p\u0103r \u00een faza de cre\u0219tere pentru mai mult timp. C\u00e2nd somnul este \u00een mod constant scurt sau de calitate slab\u0103, organismul acord\u0103 prioritate func\u021biilor esen\u021biale, iar p\u0103rul poate deveni o prioritate mai mic\u0103.<\/p>\n\n\n\n<figure class=\"wp-block-image\"><img decoding=\"async\" src=\"https:\/\/haircenterofturkey.com\/wp-content\/uploads\/2025\/02\/lack-of-sleep-and-hair-loss-1.webp\" alt=\"Can Lack of Sleep Cause Hair Loss\" title=\"\"><\/figure>\n\n\n\n<p class=\"wp-block-paragraph\"><\/p>\n\n\n\n<h2 class=\"wp-block-heading\" id=\"how-lack-of-sleep-can-affect-the-hair-growth-cycle\">Cum poate afecta lipsa somnului ciclul de cre\u0219tere a p\u0103rului<\/h2>\n\n\n\n<p class=\"wp-block-paragraph\">P\u0103rul cre\u0219te \u00eentr-un ciclu repetat cu trei etape principale: anagen (cre\u0219tere), catagen (tranzi\u021bie) \u0219i telogen (repaus). Dac\u0103 un num\u0103r mai mare de foliculi se transform\u0103 \u00een telogen \u00een acela\u0219i timp, excre\u021bia cre\u0219te. Acest model este adesea numit efluviu telogen \u0219i poate fi declan\u0219at de factori de stres fizic sau emo\u021bional, inclusiv privarea prelungit\u0103 de somn.<\/p>\n\n\n\n<figure class=\"wp-block-image\"><img decoding=\"async\" src=\"https:\/\/haircenterofturkey.com\/wp-content\/uploads\/2025\/02\/lack-of-sleep-and-hair-loss-2.webp\" alt=\"Can Lack of Sleep Cause Hair Loss\" title=\"\"><\/figure>\n\n\n\n<p class=\"wp-block-paragraph\"><\/p>\n\n\n\n<h2 class=\"wp-block-heading\" id=\"ways-sleep-deprivation-may-trigger-shedding\">Modalit\u0103\u021bi \u00een care privarea de somn poate declan\u0219a pierderea<\/h2>\n\n\n\n<h3 class=\"wp-block-heading\" id=\"1-higher-stress-hormones\">1) Hormonii de stres superiori<\/h3>\n\n\n\n<p class=\"wp-block-paragraph\">Somnul slab este asociat cu niveluri mai ridicate de cortizol. \u00cen timp, cortizolul crescut poate afecta fluxul sanguin, cre\u0219te inflama\u021bia \u0219i poate perturba hormonii care influen\u021beaz\u0103 ciclul p\u0103rului. Acest lucru nu \u00eenseamn\u0103 c\u0103 to\u021bi cei care doarme prost \u00ee\u0219i vor pierde p\u0103rul, dar poate fi un factor care contribuie dac\u0103 pierderea este deja la limit\u0103.<\/p>\n\n\n\n<h3 class=\"wp-block-heading\" id=\"2-increased-inflammation-and-scalp-sensitivity\">2) Cre\u0219terea inflama\u021biei \u0219i a sensibilit\u0103\u021bii scalpului<\/h3>\n\n\n\n<p class=\"wp-block-paragraph\">Pierderea somnului poate face afec\u021biunile inflamatorii ale pielii mai greu de controlat. Dac\u0103 ave\u021bi m\u0103trea\u021b\u0103, dermatit\u0103 seboreic\u0103, eczem\u0103 sau psoriazis, erup\u021biile pot cre\u0219te m\u00e2nc\u0103rimea \u0219i zg\u00e2rierea. Frecarea \u0219i zg\u00e2rieturile repetate pot sl\u0103bi firul de p\u0103r \u0219i pot agrava ruperea.<\/p>\n\n\n\n<h3 class=\"wp-block-heading\" id=\"3-lifestyle-knock-on-effects\">3) Efecte secundare ale stilului de via\u021b\u0103<\/h3>\n\n\n\n<p class=\"wp-block-paragraph\">Somnul scurt vine adesea cu modific\u0103ri care afecteaz\u0103 \u0219i p\u0103rul, cum ar fi anxietate mai mare, mese neregulate \u0219i aport mai sc\u0103zut de proteine. Oamenii se pot baza mai mult pe cofein\u0103, pot fuma mai mult sau pot bea mai mult alcool atunci c\u00e2nd sunt obosi\u021bi. Ace\u0219ti factori pot reduce recuperarea \u0219i pot face pierderea mai vizibil\u0103.<\/p>\n\n\n\n<figure class=\"wp-block-image\"><img decoding=\"async\" src=\"https:\/\/haircenterofturkey.com\/wp-content\/uploads\/2025\/02\/lack-of-sleep-and-hair-loss-3.webp\" alt=\"Can Lack of Sleep Cause Hair Loss\" title=\"\"><\/figure>\n\n\n\n<p class=\"wp-block-paragraph\"><\/p>\n\n\n\n<h2 class=\"wp-block-heading\" id=\"what-sleep-related-hair-loss-typically-looks-like\">Cum arat\u0103 de obicei c\u0103derea p\u0103rului legat\u0103 de somn<\/h2>\n\n\n\n<p class=\"wp-block-paragraph\">C\u00e2nd somnul este un factor, c\u0103derea p\u0103rului este de obicei difuz\u0103, mai degrab\u0103 dec\u00e2t neuniform\u0103. Este posibil s\u0103 observa\u021bi mai mult p\u0103r la du\u0219, pe pern\u0103 sau la periaj, cu o reducere general\u0103 a volumului. Linia p\u0103rului r\u0103m\u00e2ne de obicei aceea\u0219i, de\u0219i poate p\u0103rea mai sub\u021bire dac\u0103 densitatea general\u0103 scade.<\/p>\n\n\n\n<h2 class=\"wp-block-heading\" id=\"how-long-does-it-take-for-hair-to-recover\">C\u00e2t dureaz\u0103 p\u00e2n\u0103 se reface p\u0103rul?<\/h2>\n\n\n\n<p class=\"wp-block-paragraph\">P\u0103rul r\u0103spunde lent, deoarece foliculii au nevoie de timp pentru a reintra \u00een faza de cre\u0219tere. Dac\u0103 v\u0103rsarea este determinat\u0103 de efluviul telogen, \u00eembun\u0103t\u0103\u021birea \u00eencepe adesea dup\u0103 ce declan\u0219atorul este abordat, dar regenerarea vizibil\u0103 poate dura c\u00e2teva luni. Dac\u0103 exist\u0103 \u0219i alte cauze \u00een acela\u0219i timp &#8211; cum ar fi deficien\u021ba de fier sau alopecia androgenetic\u0103 &#8211; progresul poate fi mai lent \u0219i necesit\u0103 \u00eengrijire \u021bintit\u0103.<\/p>\n\n\n\n<h2 class=\"wp-block-heading\" id=\"practical-sleep-tips-that-also-support-hair-health\">Sfaturi practice de somn care sus\u021bin \u0219i s\u0103n\u0103tatea p\u0103rului<\/h2>\n\n\n\n<p class=\"wp-block-paragraph\">Urm\u0103re\u0219te un somn regulat \u0219i o or\u0103 de trezire, chiar \u0219i \u00een weekend. Limita\u021bi ecranele luminoase \u0219i mesele grele aproape de ora de culcare \u0219i p\u0103stra\u021bi camera rece, \u00eentunecat\u0103 \u0219i lini\u0219tit\u0103. Dac\u0103 v\u0103 trezi\u021bi des, lua\u021bi \u00een considerare reducerea cofeinei \u0219i a alcoolului de t\u00e2rziu \u0219i construi\u021bi o rutin\u0103 de relaxare, cum ar fi lectura u\u0219oar\u0103 sau exerci\u021bii de respira\u021bie.<\/p>\n\n\n\n<h2 class=\"wp-block-heading\" id=\"nutrition-basics-to-pair-with-better-sleep\">Elementele de baz\u0103 ale nutri\u021biei pentru a se combina cu un somn mai bun<\/h2>\n\n\n\n<p class=\"wp-block-paragraph\">P\u0103rul este f\u0103cut \u00een principal din proteine, a\u0219a c\u0103 aportul consistent de proteine conteaz\u0103. Fierul, zincul, vitamina D \u0219i vitaminele B sunt, de asemenea, asociate \u00een mod obi\u0219nuit cu c\u0103derea p\u0103rului atunci c\u00e2nd nivelurile sunt sc\u0103zute. Dac\u0103 dieta ta este restr\u00e2ns\u0103, sau ai menstrua\u021bii abundente, simptome digestive sau pierdere recent\u0103 \u00een greutate, merit\u0103 s\u0103 discuta\u021bi despre testele de s\u00e2nge cu un medic.<\/p>\n\n\n\n<h2 class=\"wp-block-heading\" id=\"when-to-see-a-doctor-or-hair-specialist\">C\u00e2nd s\u0103 vezi un medic sau un specialist \u00een p\u0103r<\/h2>\n\n\n\n<p class=\"wp-block-paragraph\">Solicita\u021bi sfatul medicului dac\u0103 v\u0103rsarea este brusc\u0103, sever\u0103 sau dureaz\u0103 mai mult de trei luni. De asemenea, ar trebui s\u0103 v\u0103 verifica\u021bi dac\u0103 ave\u021bi pete chelie, dureri ale scalpului, descuam\u0103ri, ro\u0219ea\u021b\u0103 sau semne de dezechilibru hormonal, cum ar fi acnee sau menstrua\u021bii neregulate. Un medic poate ajuta la excluderea cauzelor comune, cum ar fi boala tiroidian\u0103, anemia, deficien\u021bele de nutrien\u021bi, afec\u021biunile autoimune \u0219i efectele secundare ale medicamentelor.<\/p>\n\n\n\n<h2 class=\"wp-block-heading\" id=\"f-a-q\">F.A.Q<\/h2>\n\n\n<div id=\"rank-math-faq\" class=\"rank-math-block\">\n<div class=\"rank-math-list \">\n<div id=\"faq-question-1771501577367\" class=\"rank-math-list-item\">\n<h3 class=\"rank-math-question \">Care este cauza c\u0103derii p\u0103rului?<\/h3>\n<div class=\"rank-math-answer \">\n\n<p>C\u0103derea p\u0103rului este cauzat\u0103 de genetic\u0103, hormoni, boli, medicamente, deficien\u021be de nutrien\u021bi, stres sau afec\u021biuni cicatrice.<\/p>\n\n<\/div>\n<\/div>\n<div id=\"faq-question-1771501578052\" class=\"rank-math-list-item\">\n<h3 class=\"rank-math-question \">Cum arat\u0103 c\u0103derea p\u0103rului cauzat\u0103 de stres?<\/h3>\n<div class=\"rank-math-answer \">\n\n<p>C\u0103derea p\u0103rului cauzat\u0103 de stres cauzeaz\u0103 adesea c\u0103deri difuze, coad\u0103 de cal mai sub\u021bire, por\u021biune l\u0103rgit\u0103 \u0219i v\u0103rsare crescut\u0103 la du\u0219.<\/p>\n\n<\/div>\n<\/div>\n<div id=\"faq-question-1771501578424\" class=\"rank-math-list-item\">\n<h3 class=\"rank-math-question \">Cum \u00eemi opresc p\u0103rul s\u0103 nu cad\u0103?<\/h3>\n<div class=\"rank-math-answer \">\n\n<p>Consulta\u021bi un medic pentru a g\u0103si cauza; trata\u021bi deficien\u021bele, evita\u021bi trac\u021biunea \u0219i lua\u021bi \u00een considerare minoxidilul.<\/p>\n\n<\/div>\n<\/div>\n<div id=\"faq-question-1771501578682\" class=\"rank-math-list-item\">\n<h3 class=\"rank-math-question \">\u00cemi va cre\u0219te p\u0103rul din nou dac\u0103 \u00eemi rezolv programul de somn?<\/h3>\n<div class=\"rank-math-answer \">\n\n<p>Uneori, \u00eembun\u0103t\u0103\u021birea somnului reduce pierderea \u0219i sus\u021bine recre\u0219terea, dar trateaz\u0103 \u0219i cauzele subiacente.<\/p>\n\n<\/div>\n<\/div>\n<div id=\"faq-question-1771501578997\" class=\"rank-math-list-item\">\n<h3 class=\"rank-math-question \">Ce organ este legat de c\u0103derea p\u0103rului?<\/h3>\n<div class=\"rank-math-answer \">\n\n<p>Glanda tiroid\u0103 este de obicei legat\u0103; C\u0103derea p\u0103rului poate reflecta, de asemenea, probleme legate de fier, hormoni sau autoimune.<\/p>\n\n<\/div>\n<\/div>\n<\/div>\n<\/div>","protected":false},"excerpt":{"rendered":"<p>Lipsa somnului poate cauza c\u0103derea p\u0103rului? Da, somnul slab poate contribui la c\u0103derea p\u0103rului la unii oameni. Pierderea somnului poate cre\u0219te hormonii de stres, poate agrava inflama\u021bia scalpului \u0219i poate \u00eempinge mai mul\u021bi fire de p\u0103r \u00een faza de repaus (telogen), care poate ap\u0103rea ca sub\u021biere difuz\u0103. Vestea bun\u0103 este c\u0103 pierderile legate de somn [&hellip;]<\/p>\n","protected":false},"author":2,"featured_media":656,"comment_status":"closed","ping_status":"closed","sticky":false,"template":"","format":"standard","meta":{"footnotes":"","rank_math_title":"","rank_math_description":"Lipsa somnului poate contribui la c\u0103derea p\u0103rului prin perturbarea nivelului hormonal \u0219i cre\u0219terea stresului asupra organismului.  Face\u021bi clic pentru informa\u021bii.","rank_math_focus_keyword":"","rank_math_canonical_url":"","rank_math_breadcrumb_title":"","rank_math_facebook_title":"","rank_math_facebook_description":"","rank_math_facebook_image":"","rank_math_twitter_title":"","rank_math_twitter_description":"","rank_math_twitter_image":"","rank_math_pillar_content":""},"categories":[968,987],"tags":[],"class_list":["post-53070","post","type-post","status-publish","format-standard","has-post-thumbnail","hentry","category-blog","category-caderea-parului"],"_links":{"self":[{"href":"https:\/\/haircenterofturkey.com\/ro\/wp-json\/wp\/v2\/posts\/53070","targetHints":{"allow":["GET"]}}],"collection":[{"href":"https:\/\/haircenterofturkey.com\/ro\/wp-json\/wp\/v2\/posts"}],"about":[{"href":"https:\/\/haircenterofturkey.com\/ro\/wp-json\/wp\/v2\/types\/post"}],"author":[{"embeddable":true,"href":"https:\/\/haircenterofturkey.com\/ro\/wp-json\/wp\/v2\/users\/2"}],"replies":[{"embeddable":true,"href":"https:\/\/haircenterofturkey.com\/ro\/wp-json\/wp\/v2\/comments?post=53070"}],"version-history":[{"count":3,"href":"https:\/\/haircenterofturkey.com\/ro\/wp-json\/wp\/v2\/posts\/53070\/revisions"}],"predecessor-version":[{"id":60610,"href":"https:\/\/haircenterofturkey.com\/ro\/wp-json\/wp\/v2\/posts\/53070\/revisions\/60610"}],"wp:featuredmedia":[{"embeddable":true,"href":"https:\/\/haircenterofturkey.com\/ro\/wp-json\/wp\/v2\/media\/656"}],"wp:attachment":[{"href":"https:\/\/haircenterofturkey.com\/ro\/wp-json\/wp\/v2\/media?parent=53070"}],"wp:term":[{"taxonomy":"category","embeddable":true,"href":"https:\/\/haircenterofturkey.com\/ro\/wp-json\/wp\/v2\/categories?post=53070"},{"taxonomy":"post_tag","embeddable":true,"href":"https:\/\/haircenterofturkey.com\/ro\/wp-json\/wp\/v2\/tags?post=53070"}],"curies":[{"name":"wp","href":"https:\/\/api.w.org\/{rel}","templated":true}]}}