{"id":53052,"date":"2025-02-22T12:18:18","date_gmt":"2025-02-22T09:18:18","guid":{"rendered":"https:\/\/haircenterofturkey.com\/?p=53052"},"modified":"2026-08-31T17:48:05","modified_gmt":"2026-08-31T14:48:05","slug":"retragerea-liniei-parului-la-femei","status":"publish","type":"post","link":"https:\/\/haircenterofturkey.com\/ro\/retragerea-liniei-parului-la-femei\/","title":{"rendered":"Retragerea liniei p\u0103rului la femei"},"content":{"rendered":"\n<h2 class=\"wp-block-heading\" id=\"receding-hairline-in-women-causes-signs-and-what-helps\">Retragerea liniei p\u0103rului la femei: cauze, semne \u0219i ce ajut\u0103<\/h2>\n\n\n\n<p class=\"wp-block-paragraph\">O linie de p\u0103r \u00een retragere la femei se manifest\u0103 de obicei ca sub\u021biere la t\u00e2mple, o frunte cu aspect mai \u00eenalt sau o densitate redus\u0103 de-a lungul liniei p\u0103rului din fa\u021b\u0103. Declan\u0219atorii obi\u0219nui\u021bi includ modific\u0103ri hormonale, trac\u021biunea de la stiluri str\u00e2nse, c\u0103derea p\u0103rului cu model feminin, c\u0103derea cauzat\u0103 de stres \u0219i unele afec\u021biuni medicale. Tratamentul potrivit depinde de cauz\u0103 \u0219i de c\u00e2t de devreme ac\u021biona\u021bi.<\/p>\n\n\n\n<div class=\"wp-block-rank-math-toc-block\" id=\"rank-math-toc\"><h2>Table of Contents<\/h2><nav><ul><li><a href=\"#receding-hairline-in-women-causes-signs-and-what-helps\">Retragerea liniei p\u0103rului la femei: cauze, semne \u0219i ce ajut\u0103<\/a><\/li><li><a href=\"#what-a-receding-hairline-looks-like-in-women\">Cum arat\u0103 linia p\u0103rului \u00een retragere la femei<\/a><\/li><li><a href=\"#common-causes-of-a-receding-hairline-in-women\">Cauze obi\u0219nuite ale unei linii de p\u0103r \u00een retragere la femei<\/a><ul><li><a href=\"#hormonal-changes\">Modific\u0103ri hormonale<\/a><\/li><li><a href=\"#traction-alopecia-from-hairstyling\">Alopecie de trac\u021biune de la coafur\u0103<\/a><\/li><li><a href=\"#genetics-and-female-pattern-hair-loss\">Genetica \u0219i c\u0103derea p\u0103rului cu model feminin<\/a><\/li><li><a href=\"#stress-related-shedding-telogen-effluvium\">Deversare legat\u0103 de stres (efluviu telogen)<\/a><\/li><li><a href=\"#nutrient-deficiencies-and-diet-gaps\">Deficien\u021be de nutrien\u021bi \u0219i lacune ale dietei<\/a><\/li><li><a href=\"#scalp-conditions-and-autoimmune-causes\">Afec\u021biuni ale scalpului \u0219i cauze autoimune<\/a><\/li><li><a href=\"#medications-and-hormonal-contraceptive-changes\">Medicamente \u0219i modific\u0103ri hormonale contraceptive<\/a><\/li><\/ul><\/li><li><a href=\"#when-to-see-a-dermatologist\">C\u00e2nd s\u0103 vezi un dermatolog<\/a><\/li><li><a href=\"#how-doctors-diagnose-the-cause\">Cum diagnosticeaz\u0103 medicii cauza<\/a><\/li><li><a href=\"#treatment-options-that-can-help\">Op\u021biuni de tratament care pot ajuta<\/a><ul><li><a href=\"#change-styling-habits-and-reduce-tension\">Schimba\u021bi obiceiurile de stil \u0219i reduce\u021bi tensiunea<\/a><\/li><li><a href=\"#topical-minoxidil\">Minoxidil local<\/a><\/li><li><a href=\"#treat-the-underlying-trigger\">Trata\u021bi declan\u0219atorul de baz\u0103<\/a><\/li><li><a href=\"#in-clinic-options\">Op\u021biuni \u00een clinic\u0103<\/a><\/li><li><a href=\"#hair-transplantation-for-women\">Transplant de p\u0103r pentru femei<\/a><\/li><\/ul><\/li><li><a href=\"#can-a-receding-hairline-grow-back\">Poate o linie de p\u0103r \u00een retragere s\u0103 creasc\u0103 \u00eenapoi?<\/a><\/li><li><a href=\"#frequently-asked-questions\">\u00centreb\u0103ri frecvente<\/a><\/li><\/ul><\/nav><\/div>\n\n\n\n<h2 class=\"wp-block-heading\" id=\"what-a-receding-hairline-looks-like-in-women\">Cum arat\u0103 linia p\u0103rului \u00een retragere la femei<\/h2>\n\n\n\n<p class=\"wp-block-paragraph\">Recesiunea firului de p\u0103r la femei poate fi subtil\u0103 la \u00eenceput. Mul\u021bi oameni observ\u0103 schimb\u0103ri \u00een fotografii \u00eenainte de a le vedea \u00een oglind\u0103.<\/p>\n\n\n\n<ul class=\"wp-block-list\">\n<li>Sub\u021bierea la t\u00e2mple sau zonele \u201ede col\u021b\u201d.<\/li>\n\n\n\n<li>O frunte mai lat\u0103 sau mai \u00eenalt\u0103<\/li>\n\n\n\n<li>Mai pu\u021bin\u0103 densitate de-a lungul liniei p\u0103rului din fa\u021b\u0103, mai ales c\u00e2nd p\u0103rul este tras pe spate<\/li>\n\n\n\n<li>O parte de l\u0103rgire care se extinde \u00eenainte (se suprapune adesea cu c\u0103derea p\u0103rului model feminin)<\/li>\n\n\n\n<li>Mai mult\u0103 rupere \u00een jurul liniei p\u0103rului de la c\u0103ldur\u0103, substan\u021be chimice sau frecare (poate imita recesiunea)<\/li>\n<\/ul>\n\n\n\n<figure class=\"wp-block-image\"><img decoding=\"async\" src=\"https:\/\/haircenterofturkey.com\/wp-content\/uploads\/2025\/02\/receding-hairline-in-woman-1.webp\" alt=\"Receding Hairline in Women\" title=\"\"><\/figure>\n\n\n\n<p class=\"wp-block-paragraph\"><\/p>\n\n\n\n<h2 class=\"wp-block-heading\" id=\"common-causes-of-a-receding-hairline-in-women\">Cauze obi\u0219nuite ale unei linii de p\u0103r \u00een retragere la femei<\/h2>\n\n\n\n<h3 class=\"wp-block-heading\" id=\"hormonal-changes\">Modific\u0103ri hormonale<\/h3>\n\n\n\n<p class=\"wp-block-paragraph\">Hormonii influen\u021beaz\u0103 ciclul de cre\u0219tere a p\u0103rului. Schimb\u0103rile de estrogen \u0219i androgeni pot face p\u0103rul mai fin, pot scurta faza de cre\u0219tere \u0219i pot cre\u0219te pierderea.<\/p>\n\n\n\n<ul class=\"wp-block-list\">\n<li>Perimenopauza si menopauza<\/li>\n\n\n\n<li>Modific\u0103ri postpartum (de obicei, pierderea temporar\u0103 la c\u00e2teva luni dup\u0103 na\u0219tere)<\/li>\n\n\n\n<li>Tulbur\u0103ri tiroidiene (at\u00e2t tiroid\u0103 subactiv\u0103, c\u00e2t \u0219i hiperactiv\u0103)<\/li>\n\n\n\n<li>Sindromul ovarului polichistic (PCOS) \u0219i alte afec\u021biuni legate de androgeni<\/li>\n<\/ul>\n\n\n\n<figure class=\"wp-block-image\"><img decoding=\"async\" src=\"https:\/\/haircenterofturkey.com\/wp-content\/uploads\/2025\/02\/receding-hairline-in-woman-2.webp\" alt=\"Receding Hairline in Women\" title=\"\"><\/figure>\n\n\n\n<p class=\"wp-block-paragraph\"><\/p>\n\n\n\n<h3 class=\"wp-block-heading\" id=\"traction-alopecia-from-hairstyling\">Alopecie de trac\u021biune de la coafur\u0103<\/h3>\n\n\n\n<p class=\"wp-block-paragraph\">Tragerea repetat\u0103 de linia p\u0103rului poate inflama \u0219i deteriora foliculii \u00een timp. Alopecia de trac\u021biune precoce se poate \u00eembun\u0103t\u0103\u021bi odat\u0103 ce tensiunea \u00eenceteaz\u0103, dar trac\u021biunea de lung\u0103 durat\u0103 poate deveni permanent\u0103.<\/p>\n\n\n\n<ul class=\"wp-block-list\">\n<li>Cozi de cal str\u00e2nse, coci, \u00eempletituri \u0219i \u021bes\u0103turi<\/li>\n\n\n\n<li>Extensii grele sau \u00eembr\u0103c\u0103minte str\u00e2ns\u0103 frecvent\u0103<\/li>\n\n\n\n<li>Utilizarea regulat\u0103 a gelurilor puternice care \u00eencurajeaz\u0103 stilurile sleck, str\u00e2mte<\/li>\n<\/ul>\n\n\n\n<figure class=\"wp-block-image\"><img decoding=\"async\" src=\"https:\/\/haircenterofturkey.com\/wp-content\/uploads\/2025\/02\/receding-hairline-in-woman-3.webp\" alt=\"Receding Hairline in Women\" title=\"\"><\/figure>\n\n\n\n<p class=\"wp-block-paragraph\"><\/p>\n\n\n\n<h3 class=\"wp-block-heading\" id=\"genetics-and-female-pattern-hair-loss\">Genetica \u0219i c\u0103derea p\u0103rului cu model feminin<\/h3>\n\n\n\n<p class=\"wp-block-paragraph\">Unele femei dezvolt\u0103 o sub\u021biere treptat\u0103 care afecteaz\u0103 partea din fa\u021b\u0103 \u0219i partea superioar\u0103 a scalpului, uneori inclusiv linia p\u0103rului. Istoricul familial poate cre\u0219te probabilitatea, dar nu este singurul factor.<\/p>\n\n\n\n<h3 class=\"wp-block-heading\" id=\"\ufffc\"><figure><img decoding=\"async\" style=\"font-size: 16px;\" src=\"https:\/\/haircenterofturkey.com\/wp-content\/uploads\/2025\/02\/receding-hairline-in-woman-4.webp\" alt=\"Receding Hairline in Women\" title=\"\"><\/figure><\/h3>\n\n\n\n<h3 class=\"wp-block-heading\" id=\"stress-related-shedding-telogen-effluvium\">Deversare legat\u0103 de stres (efluviu telogen)<\/h3>\n\n\n\n<p class=\"wp-block-paragraph\">Factorii de stres majori pot \u00eempinge mai mul\u021bi fire de p\u0103r \u00een faza de c\u0103dere. Oamenii observ\u0103 adesea c\u0103derea crescut\u0103 a p\u0103rului \u00een timpul sp\u0103l\u0103rii sau periajului, urmat\u0103 de o densitate redus\u0103 \u00een jurul liniei \u0219i p\u0103r\u021bii p\u0103rului.<\/p>\n\n\n\n<ul class=\"wp-block-list\">\n<li>Stres psihologic ridicat<\/li>\n\n\n\n<li>Sc\u0103dere rapid\u0103 \u00een greutate sau diet\u0103 restrictiv\u0103<\/li>\n\n\n\n<li>Febr\u0103 mare sau boal\u0103 grav\u0103<\/li>\n\n\n\n<li>Chirurgie sau evenimente semnificative de via\u021b\u0103<\/li>\n<\/ul>\n\n\n\n<figure class=\"wp-block-image\"><img decoding=\"async\" src=\"https:\/\/haircenterofturkey.com\/wp-content\/uploads\/2025\/02\/receding-hairline-in-woman-5.webp\" alt=\"Receding Hairline in Women\" title=\"\"><\/figure>\n\n\n\n<p class=\"wp-block-paragraph\"><\/p>\n\n\n\n<h3 class=\"wp-block-heading\" id=\"nutrient-deficiencies-and-diet-gaps\">Deficien\u021be de nutrien\u021bi \u0219i lacune ale dietei<\/h3>\n\n\n\n<p class=\"wp-block-paragraph\">Rezervele sc\u0103zute de fier, vitamina D sc\u0103zut\u0103, aportul inadecvat de proteine \u0219i alte probleme de nutri\u021bie pot agrava c\u0103derea sau pot face p\u0103rul s\u0103 creasc\u0103 mai lent. Testele de s\u00e2nge pot ajuta la confirmarea dac\u0103 este prezent\u0103 o deficien\u021b\u0103 \u00eenainte de suplimentare.<\/p>\n\n\n\n<figure class=\"wp-block-image\"><img decoding=\"async\" src=\"https:\/\/haircenterofturkey.com\/wp-content\/uploads\/2025\/02\/receding-hairline-in-woman-6.webp\" alt=\"Receding Hairline in Women\" title=\"\"><\/figure>\n\n\n\n<p class=\"wp-block-paragraph\"><\/p>\n\n\n\n<h3 class=\"wp-block-heading\" id=\"scalp-conditions-and-autoimmune-causes\">Afec\u021biuni ale scalpului \u0219i cauze autoimune<\/h3>\n\n\n\n<p class=\"wp-block-paragraph\">Unele afec\u021biuni ale scalpului provoac\u0103 inflama\u021bie \u00een jurul foliculilor, care poate afecta densitatea la linia p\u0103rului. C\u00e2teva afec\u021biuni pot cicatrici foliculii, a\u0219a c\u0103 evaluarea timpurie conteaz\u0103.<\/p>\n\n\n\n<ul class=\"wp-block-list\">\n<li>Alopecia areata (c\u0103derea neregulat\u0103 a p\u0103rului care poate implica linia p\u0103rului)<\/li>\n\n\n\n<li>Alopecie fibrozat\u0103 frontal\u0103 (include adesea recesiune cu sub\u021bierea spr\u00e2ncenelor)<\/li>\n\n\n\n<li>Alte tulbur\u0103ri inflamatorii ale scalpului care provoac\u0103 ro\u0219ea\u021b\u0103, descuamare, arsuri sau durere<\/li>\n<\/ul>\n\n\n\n<figure class=\"wp-block-image\"><img decoding=\"async\" src=\"https:\/\/haircenterofturkey.com\/wp-content\/uploads\/2025\/02\/receding-hairline-in-woman-7.webp\" alt=\"Receding Hairline in Women\" title=\"\"><\/figure>\n\n\n\n<p class=\"wp-block-paragraph\"><\/p>\n\n\n\n<h3 class=\"wp-block-heading\" id=\"medications-and-hormonal-contraceptive-changes\">Medicamente \u0219i modific\u0103ri hormonale contraceptive<\/h3>\n\n\n\n<p class=\"wp-block-paragraph\">C\u0103derea p\u0103rului poate uneori ca urmare a modific\u0103rilor de medicamente sau a schimb\u0103rilor \u00een contracep\u021bia hormonal\u0103. Dac\u0103 timpul se aliniaz\u0103 cu o nou\u0103 re\u021bet\u0103 sau cu o modificare a dozei, discuta\u021bi-o cu clinicianul care prescrie, mai degrab\u0103 dec\u00e2t s\u0103 v\u0103 opri\u021bi brusc pe cont propriu.<\/p>\n\n\n\n<figure class=\"wp-block-image\"><img decoding=\"async\" src=\"https:\/\/haircenterofturkey.com\/wp-content\/uploads\/2025\/02\/receding-hairline-in-woman-8.webp\" alt=\"Receding Hairline in Women\" title=\"\"><\/figure>\n\n\n\n<p class=\"wp-block-paragraph\"><\/p>\n\n\n\n<h2 class=\"wp-block-heading\" id=\"when-to-see-a-dermatologist\">C\u00e2nd s\u0103 vezi un dermatolog<\/h2>\n\n\n\n<p class=\"wp-block-paragraph\">Lua\u021bi \u00een considerare o evaluare dac\u0103 observa\u021bi oricare dintre semnele de mai jos, mai ales dac\u0103 schimbarea este nou\u0103 sau \u00een progres.<\/p>\n\n\n\n<ul class=\"wp-block-list\">\n<li>V\u0103rsarea brusc\u0103 sau grea care dureaz\u0103 mai mult de c\u00e2teva s\u0103pt\u0103m\u00e2ni<\/li>\n\n\n\n<li>C\u0103derea neted\u0103 a p\u0103rului sau pete chelie netede<\/li>\n\n\n\n<li>M\u00e2nc\u0103rime, arsur\u0103, durere, cruste sau descuamare pe scalp<\/li>\n\n\n\n<li>Ro\u0219ea\u021b\u0103 sau piele \u201estr\u0103lucitoare\u201d de-a lungul liniei p\u0103rului (proces posibil de cicatrizare)<\/li>\n\n\n\n<li>Recesiunea firului de p\u0103r \u00eempreun\u0103 cu c\u0103derea spr\u00e2ncenelor sau modific\u0103ri ale p\u0103rului facial<\/li>\n\n\n\n<li>C\u0103derea p\u0103rului cu oboseal\u0103, menstrua\u021bii abundente sau alte simptome care ar putea sugera o problem\u0103 cu tiroida sau cu fierul<\/li>\n<\/ul>\n\n\n\n<figure class=\"wp-block-image\"><img decoding=\"async\" src=\"https:\/\/haircenterofturkey.com\/wp-content\/uploads\/2025\/02\/receding-hairline-in-woman-9.webp\" alt=\"Receding Hairline in Women\" title=\"\"><\/figure>\n\n\n\n<p class=\"wp-block-paragraph\"><\/p>\n\n\n\n<h2 class=\"wp-block-heading\" id=\"how-doctors-diagnose-the-cause\">Cum diagnosticeaz\u0103 medicii cauza<\/h2>\n\n\n\n<p class=\"wp-block-paragraph\">Un diagnostic bun combin\u0103 de obicei un istoric medical cu un examen al scalpului. \u00cen func\u021bie de tipar, medicul dumneavoastr\u0103 v\u0103 poate recomanda:<\/p>\n\n\n\n<ul class=\"wp-block-list\">\n<li>O examinare a scalpului \u0219i a liniei p\u0103rului (adesea cu dermatoscopie)<\/li>\n\n\n\n<li>Un test de trac\u021biune bl\u00e2nd pentru a evalua pierderea activ\u0103<\/li>\n\n\n\n<li>Analize de s\u00e2nge, cum ar fi func\u021bia tiroidian\u0103 \u0219i depozitele de fier (feritin\u0103), plus alte laboratoare bazate pe simptome<\/li>\n\n\n\n<li>O biopsie a scalpului atunci c\u00e2nd se suspecteaz\u0103 o form\u0103 cicatrice de c\u0103dere a p\u0103rului<\/li>\n<\/ul>\n\n\n\n<figure class=\"wp-block-image\"><img decoding=\"async\" src=\"https:\/\/haircenterofturkey.com\/wp-content\/uploads\/2025\/02\/receding-hairline-in-woman-10.webp\" alt=\"Receding Hairline in Women\" title=\"\"><\/figure>\n\n\n\n<p class=\"wp-block-paragraph\"><\/p>\n\n\n\n<h2 class=\"wp-block-heading\" id=\"treatment-options-that-can-help\">Op\u021biuni de tratament care pot ajuta<\/h2>\n\n\n\n<h3 class=\"wp-block-heading\" id=\"change-styling-habits-and-reduce-tension\">Schimba\u021bi obiceiurile de stil \u0219i reduce\u021bi tensiunea<\/h3>\n\n\n\n<p class=\"wp-block-paragraph\">Dac\u0103 trac\u021biunea este un factor, trecerea la coafuri cu tensiune sc\u0103zut\u0103 este unul dintre cei mai eficien\u021bi pa\u0219i. D\u0103-i timp liniei p\u0103rului s\u0103 se refac\u0103 \u0219i evit\u0103 coafarea str\u00e2ns\u0103 repet\u0103.<\/p>\n\n\n\n<h3 class=\"wp-block-heading\" id=\"topical-minoxidil\">Minoxidil local<\/h3>\n\n\n\n<p class=\"wp-block-paragraph\">Minoxidilul local poate ajuta unele femei s\u0103 \u00eembun\u0103t\u0103\u021beasc\u0103 densitatea \u0219i s\u0103 \u00eencetineasc\u0103 progresia \u00een anumite modele de c\u0103dere a p\u0103rului. Rezultatele variaz\u0103 \u0219i, de obicei, este nevoie de o utilizare constant\u0103 timp de c\u00e2teva luni pentru a evalua r\u0103spunsul. Un medic poate ghida alegerea \u0219i adecvarea produsului, \u00een special \u00een timpul sarcinii sau al\u0103pt\u0103rii.<\/p>\n\n\n\n<h3 class=\"wp-block-heading\" id=\"treat-the-underlying-trigger\">Trata\u021bi declan\u0219atorul de baz\u0103<\/h3>\n\n\n\n<p class=\"wp-block-paragraph\">Dac\u0103 testele arat\u0103 un dezechilibru tiroidian sau deficien\u021b\u0103 de fier, abordarea problemei r\u0103d\u0103cinii poate reduce v\u0103rsarea \u0219i sus\u021bine recre\u0219terea. Pentru inflama\u021bia sau infec\u021bia scalpului, pot fi necesare tratamente \u021bintite.<\/p>\n\n\n\n<h3 class=\"wp-block-heading\" id=\"in-clinic-options\">Op\u021biuni \u00een clinic\u0103<\/h3>\n\n\n\n<ul class=\"wp-block-list\">\n<li>Terapie cu PRP (plasm\u0103 bogat\u0103 \u00een trombocite) pentru cazuri selectate de sub\u021biere<\/li>\n\n\n\n<li>Terapia cu laser de nivel sc\u0103zut (LLLT) ca op\u021biune de sprijin non-invaziv\u0103<\/li>\n\n\n\n<li>Terapii cu prescrip\u021bie medical\u0103 pentru c\u0103derea p\u0103rului cauzat\u0103 de androgeni, atunci c\u00e2nd este cazul \u0219i supravegheate medical<\/li>\n<\/ul>\n\n\n\n<h3 class=\"wp-block-heading\" id=\"hair-transplantation-for-women\">Transplant de p\u0103r pentru femei<\/h3>\n\n\n\n<p class=\"wp-block-paragraph\">Transplantul de p\u0103r poate fi o op\u021biune pentru unele femei, dar candidatura depinde de diagnostic, puterea zonei donatoare \u0219i dac\u0103 modelul c\u0103derii p\u0103rului este stabil. O consultare cu o echip\u0103 medical\u0103 cu experien\u021b\u0103 ajut\u0103 la stabilirea a\u0219tept\u0103rilor realiste \u0219i la planificarea unei abord\u0103ri personalizate.<\/p>\n\n\n\n<h2 class=\"wp-block-heading\" id=\"can-a-receding-hairline-grow-back\">Poate o linie de p\u0103r \u00een retragere s\u0103 creasc\u0103 \u00eenapoi?<\/h2>\n\n\n\n<p class=\"wp-block-paragraph\">Recre\u0219terea depinde de cauz\u0103. Extinderea temporar\u0103 \u0219i alopecia de trac\u021biune precoce se \u00eembun\u0103t\u0103\u021besc adesea odat\u0103 ce factorii declan\u0219atori sunt \u00eendep\u0103rta\u021bi. Sub\u021bierea genetic\u0103 \u0219i determinat\u0103 de hormoni poate r\u0103spunde la tratament, dar de obicei necesit\u0103 un management continuu. Formele cicatrici ale c\u0103derii p\u0103rului se concentreaz\u0103 pe oprirea progresiei, a\u0219a c\u0103 diagnosticarea precoce este esen\u021bial\u0103.<\/p>\n\n\n\n<h2 class=\"wp-block-heading\" id=\"frequently-asked-questions\">\u00centreb\u0103ri frecvente<\/h2>\n\n\n<div id=\"rank-math-faq\" class=\"rank-math-block\">\n<div class=\"rank-math-list \">\n<div id=\"faq-question-1771499029432\" class=\"rank-math-list-item\">\n<h3 class=\"rank-math-question \">Poate linia p\u0103rului \u00een retragere a unei femei s\u0103 creasc\u0103 \u00eenapoi?<\/h3>\n<div class=\"rank-math-answer \">\n\n<p>Uneori, tratamentul precoce poate restabili cre\u0219terea dac\u0103 foliculii nu sunt cicatrici definitiv.<\/p>\n\n<\/div>\n<\/div>\n<div id=\"faq-question-1771499030028\" class=\"rank-math-list-item\">\n<h3 class=\"rank-math-question \">Cum s\u0103 recreasc\u0103 linia p\u0103rului frontal\u0103 femeie?<\/h3>\n<div class=\"rank-math-answer \">\n\n<p>Aplica\u021bi minoxidil topic, corecta\u021bi deficien\u021bele\/problemele hormonale \u0219i opri\u021bi trac\u021biunea; consulta\u021bi un dermatolog.<\/p>\n\n<\/div>\n<\/div>\n<div id=\"faq-question-1771499030322\" class=\"rank-math-list-item\">\n<h3 class=\"rank-math-question \">Cum s\u0103 remedia\u021bi linia p\u0103rului feminin \u00een retragere?<\/h3>\n<div class=\"rank-math-answer \">\n\n<p>Aborda\u021bi cauza, \u00eencepe\u021bi cu minoxidil, evita\u021bi coafurile str\u00e2nse \u0219i lua\u021bi \u00een considerare prescrip\u021bia sau procedurile.<\/p>\n\n<\/div>\n<\/div>\n<div id=\"faq-question-1771499030592\" class=\"rank-math-list-item\">\n<h3 class=\"rank-math-question \">Este normal\u0103 retragerea firului de p\u0103r la femei?<\/h3>\n<div class=\"rank-math-answer \">\n\n<p>Poate s\u0103 apar\u0103 o sub\u021biere temporal\u0103 u\u0219oar\u0103, dar o recesiune vizibil\u0103 justific\u0103 o evaluare medical\u0103.<\/p>\n\n<\/div>\n<\/div>\n<div id=\"faq-question-1771499030861\" class=\"rank-math-list-item\">\n<h3 class=\"rank-math-question \">Cum s\u0103 opre\u0219ti c\u0103derea p\u0103rului de sex feminin?<\/h3>\n<div class=\"rank-math-answer \">\n\n<p>Opri\u021bi trac\u021biunea, trata\u021bi inflama\u021bia scalpului, utiliza\u021bi minoxidil \u0219i gestiona\u021bi factorii declan\u0219atori precum tiroida sau anemia.<\/p>\n\n<\/div>\n<\/div>\n<\/div>\n<\/div>","protected":false},"excerpt":{"rendered":"<p>Retragerea liniei p\u0103rului la femei: cauze, semne \u0219i ce ajut\u0103 O linie de p\u0103r \u00een retragere la femei se manifest\u0103 de obicei ca sub\u021biere la t\u00e2mple, o frunte cu aspect mai \u00eenalt sau o densitate redus\u0103 de-a lungul liniei p\u0103rului din fa\u021b\u0103. Declan\u0219atorii obi\u0219nui\u021bi includ modific\u0103ri hormonale, trac\u021biunea de la stiluri str\u00e2nse, c\u0103derea p\u0103rului cu [&hellip;]<\/p>\n","protected":false},"author":2,"featured_media":666,"comment_status":"closed","ping_status":"closed","sticky":false,"template":"","format":"standard","meta":{"footnotes":"","rank_math_title":"","rank_math_description":"O retragere a firului de p\u0103r la femei este adesea cauzat\u0103 de modific\u0103ri hormonale, genetic\u0103, stres sau condi\u021bii de s\u0103n\u0103tate subiacente. Face\u021bi clic pentru informa\u021bii.","rank_math_focus_keyword":"","rank_math_canonical_url":"","rank_math_breadcrumb_title":"","rank_math_facebook_title":"","rank_math_facebook_description":"","rank_math_facebook_image":"","rank_math_twitter_title":"","rank_math_twitter_description":"","rank_math_twitter_image":"","rank_math_pillar_content":""},"categories":[968,987],"tags":[],"class_list":["post-53052","post","type-post","status-publish","format-standard","has-post-thumbnail","hentry","category-blog","category-caderea-parului"],"_links":{"self":[{"href":"https:\/\/haircenterofturkey.com\/ro\/wp-json\/wp\/v2\/posts\/53052","targetHints":{"allow":["GET"]}}],"collection":[{"href":"https:\/\/haircenterofturkey.com\/ro\/wp-json\/wp\/v2\/posts"}],"about":[{"href":"https:\/\/haircenterofturkey.com\/ro\/wp-json\/wp\/v2\/types\/post"}],"author":[{"embeddable":true,"href":"https:\/\/haircenterofturkey.com\/ro\/wp-json\/wp\/v2\/users\/2"}],"replies":[{"embeddable":true,"href":"https:\/\/haircenterofturkey.com\/ro\/wp-json\/wp\/v2\/comments?post=53052"}],"version-history":[{"count":2,"href":"https:\/\/haircenterofturkey.com\/ro\/wp-json\/wp\/v2\/posts\/53052\/revisions"}],"predecessor-version":[{"id":60673,"href":"https:\/\/haircenterofturkey.com\/ro\/wp-json\/wp\/v2\/posts\/53052\/revisions\/60673"}],"wp:featuredmedia":[{"embeddable":true,"href":"https:\/\/haircenterofturkey.com\/ro\/wp-json\/wp\/v2\/media\/666"}],"wp:attachment":[{"href":"https:\/\/haircenterofturkey.com\/ro\/wp-json\/wp\/v2\/media?parent=53052"}],"wp:term":[{"taxonomy":"category","embeddable":true,"href":"https:\/\/haircenterofturkey.com\/ro\/wp-json\/wp\/v2\/categories?post=53052"},{"taxonomy":"post_tag","embeddable":true,"href":"https:\/\/haircenterofturkey.com\/ro\/wp-json\/wp\/v2\/tags?post=53052"}],"curies":[{"name":"wp","href":"https:\/\/api.w.org\/{rel}","templated":true}]}}