{"id":53046,"date":"2025-02-26T11:15:01","date_gmt":"2025-02-26T08:15:01","guid":{"rendered":"https:\/\/haircenterofturkey.com\/?p=53046"},"modified":"2026-08-31T16:12:03","modified_gmt":"2026-08-31T13:12:03","slug":"perioade-menstruale-neregulate-si-caderea-parului-sindromul-ovarului-polichistic","status":"publish","type":"post","link":"https:\/\/haircenterofturkey.com\/ro\/perioade-menstruale-neregulate-si-caderea-parului-sindromul-ovarului-polichistic\/","title":{"rendered":"Perioade menstruale neregulate \u0219i c\u0103derea p\u0103rului (sindromul ovarului polichistic)"},"content":{"rendered":"\n<h2 class=\"wp-block-heading\" id=\"irregular-periods-and-hair-loss-polycystic-ovary-syndrome\">Perioadele neregulate \u0219i c\u0103derea p\u0103rului (sindromul ovarului polichistic)<\/h2>\n\n\n\n<p class=\"wp-block-paragraph\">Perioadele neregulate \u0219i c\u0103derea p\u0103rului au adesea o cauz\u0103 hormonal\u0103. Afec\u021biuni precum PCOS, boala tiroidian\u0103, prolactina ridicat\u0103, modific\u0103rile ciclului legate de stres sau deficien\u021bele de nutrien\u021bi pot \u00eempinge p\u0103rul \u00eentr-o faz\u0103 de c\u0103dere sau pot agrava sub\u021bierea modelului feminin. O analiz\u0103 medical\u0103 \u021bintit\u0103 \u0219i tratarea declan\u0219atorului \u00eembun\u0103t\u0103\u021be\u0219te de obicei pierderea \u00een timp.<\/p>\n\n\n\n<div class=\"wp-block-rank-math-toc-block\" id=\"rank-math-toc\"><h2>Table of Contents<\/h2><nav><ul><li><a href=\"#irregular-periods-and-hair-loss-polycystic-ovary-syndrome\">Perioadele neregulate \u0219i c\u0103derea p\u0103rului (sindromul ovarului polichistic)<\/a><\/li><li><a href=\"#what-irregular-periods-mean\">Ce \u00eenseamn\u0103 perioadele neregulate<\/a><\/li><li><a href=\"#why-hormone-changes-can-trigger-hair-loss\">De ce modific\u0103rile hormonale pot declan\u0219a c\u0103derea p\u0103rului<\/a><\/li><li><a href=\"#most-common-causes-of-irregular-periods-with-hair-loss\">Cele mai frecvente cauze ale perioadelor neregulate cu c\u0103derea p\u0103rului<\/a><ul><li><a href=\"#pcos-and-androgen-excess\">PCOS \u0219i excesul de androgeni<\/a><\/li><li><a href=\"#low-estrogen-or-perimenopause\">Estrogen sc\u0103zut sau perimenopauz\u0103<\/a><\/li><li><a href=\"#thyroid-disorders\">Tulbur\u0103ri tiroidiene<\/a><\/li><li><a href=\"#high-prolactin\">Prolactin\u0103 ridicat\u0103<\/a><\/li><li><a href=\"#stress-rapid-weight-change-or-over-exercising\">Stresul, schimbarea rapid\u0103 a greut\u0103\u021bii sau exerci\u021biile excesive<\/a><\/li><li><a href=\"#iron-vitamin-d-or-other-nutrient-gaps\">Fier, vitamina D sau alte lacune nutritive<\/a><\/li><\/ul><\/li><li><a href=\"#how-hair-loss-usually-looks-in-these-cases\">Cum arat\u0103 de obicei c\u0103derea p\u0103rului \u00een aceste cazuri<\/a><\/li><li><a href=\"#when-to-see-a-doctor\">C\u00e2nd s\u0103 vezi un medic<\/a><\/li><li><a href=\"#tests-doctors-commonly-use\">Teste utilizate \u00een mod obi\u0219nuit de medici<\/a><\/li><li><a href=\"#treatment-options-that-support-cycle-regulation-and-hair-regrowth\">Op\u021biuni de tratament care sprijin\u0103 reglarea ciclului \u0219i cre\u0219terea p\u0103rului<\/a><ul><li><a href=\"#treat-the-underlying-cause\">Trateaz\u0103 cauza de baz\u0103<\/a><\/li><li><a href=\"#nutrition-and-supplement-strategy\">Strategia de nutri\u021bie \u0219i suplimente<\/a><\/li><li><a href=\"#stress-and-sleep\">Stresul \u0219i somnul<\/a><\/li><li><a href=\"#hair-focused-treatments\">Tratamente concentrate pe p\u0103r<\/a><\/li><\/ul><\/li><li><a href=\"#how-long-recovery-usually-takes\">C\u00e2t dureaz\u0103 de obicei recuperarea<\/a><ul><li><a href=\"#f-a-q\">F.A.Q<\/a><\/li><\/ul><\/li><\/ul><\/nav><\/div>\n\n\n\n<h2 class=\"wp-block-heading\" id=\"what-irregular-periods-mean\">Ce \u00eenseamn\u0103 perioadele neregulate<\/h2>\n\n\n\n<p class=\"wp-block-paragraph\">Perioadele neregulate descriu modific\u0103ri ale duratei ciclului, perioade omise, s\u00e2nger\u0103ri neobi\u0219nuit de frecvente sau flux imprevizibil. Pentru mul\u021bi oameni, cauza este o schimbare temporar\u0103 a hormonilor. Pentru al\u021bii, indic\u0103 o afec\u021biune de baz\u0103 care afecteaz\u0103 \u0219i cre\u0219terea p\u0103rului.<\/p>\n\n\n\n<figure class=\"wp-block-image\"><img decoding=\"async\" src=\"https:\/\/haircenterofturkey.com\/wp-content\/uploads\/2025\/02\/irregular-periods-and-hair-loss-1.webp\" alt=\"Irregular Periods and Hair Loss (Polycystic Ovary Syndrome)\" title=\"\"><\/figure>\n\n\n\n<p class=\"wp-block-paragraph\"><\/p>\n\n\n\n<h2 class=\"wp-block-heading\" id=\"why-hormone-changes-can-trigger-hair-loss\">De ce modific\u0103rile hormonale pot declan\u0219a c\u0103derea p\u0103rului<\/h2>\n\n\n\n<p class=\"wp-block-paragraph\">Foliculii de p\u0103r circul\u0103 prin cre\u0219tere (anagen), tranzi\u021bie (catagen) \u0219i odihn\u0103\/v\u0103rsare (telogen). C\u00e2nd hormonii sunt perturba\u021bi, mai multe fire de p\u0103r se pot transforma \u00een telogen \u00een acela\u0219i timp, ceea ce duce la pierderea vizibil\u0103 c\u00e2teva luni mai t\u00e2rziu.<\/p>\n\n\n\n<figure class=\"wp-block-image\"><img decoding=\"async\" src=\"https:\/\/haircenterofturkey.com\/wp-content\/uploads\/2025\/02\/irregular-periods-and-hair-loss-2.webp\" alt=\"Irregular Periods and Hair Loss (Polycystic Ovary Syndrome)\" title=\"\"><\/figure>\n\n\n\n<p class=\"wp-block-paragraph\"><\/p>\n\n\n\n<h2 class=\"wp-block-heading\" id=\"most-common-causes-of-irregular-periods-with-hair-loss\">Cele mai frecvente cauze ale perioadelor neregulate cu c\u0103derea p\u0103rului<\/h2>\n\n\n\n<h3 class=\"wp-block-heading\" id=\"pcos-and-androgen-excess\">PCOS \u0219i excesul de androgeni<\/h3>\n\n\n\n<p class=\"wp-block-paragraph\">PCOS poate cre\u0219te nivelurile de androgeni, care pot mic\u0219ora (miniaturiza) foliculii scalpului \u00een timp. Acest lucru apare adesea ca l\u0103rgirea liniei p\u0103r\u021bii sau sub\u021bierea pe coroan\u0103, \u00een timp ce linia p\u0103rului din fa\u021b\u0103 r\u0103m\u00e2ne relativ conservat\u0103.<\/p>\n\n\n\n<p class=\"wp-block-paragraph\">PCOS poate provoca, de asemenea, acnee, cre\u0219terea p\u0103rului facial sau corporal, modific\u0103ri de greutate \u0219i dificult\u0103\u021bi de a concepe. Unii oameni au PCOS f\u0103r\u0103 toate aceste semne.<\/p>\n\n\n\n<figure class=\"wp-block-image\"><img decoding=\"async\" src=\"https:\/\/haircenterofturkey.com\/wp-content\/uploads\/2025\/02\/irregular-periods-and-hair-loss-3.webp\" alt=\"Irregular Periods and Hair Loss (Polycystic Ovary Syndrome)\" title=\"\"><\/figure>\n\n\n\n<p class=\"wp-block-paragraph\"><\/p>\n\n\n\n<h3 class=\"wp-block-heading\" id=\"low-estrogen-or-perimenopause\">Estrogen sc\u0103zut sau perimenopauz\u0103<\/h3>\n\n\n\n<p class=\"wp-block-paragraph\">Estrogenul mai sc\u0103zut poate scurta faza de cre\u0219tere a p\u0103rului. \u00cen timpul perimenopauzei, ciclurile pot deveni neregulate, iar p\u0103rul se poate sim\u021bi mai fin, mai plat sau mai predispus la c\u0103dere.<\/p>\n\n\n\n<h3 class=\"wp-block-heading\" id=\"thyroid-disorders\">Tulbur\u0103ri tiroidiene<\/h3>\n\n\n\n<p class=\"wp-block-paragraph\">At\u00e2t hipotiroidismul, c\u00e2t \u0219i hipertiroidismul pot afecta ciclul menstrual \u0219i densitatea p\u0103rului. R\u0103rirea difuz\u0103 (pe toat\u0103 suprafa\u021ba) este obi\u0219nuit\u0103, iar p\u0103rul se poate sim\u021bi uscat sau fragil.<\/p>\n\n\n\n<figure class=\"wp-block-image\"><img decoding=\"async\" src=\"https:\/\/haircenterofturkey.com\/wp-content\/uploads\/2025\/02\/irregular-periods-and-hair-loss-4.webp\" alt=\"Irregular Periods and Hair Loss (Polycystic Ovary Syndrome)\" title=\"\"><\/figure>\n\n\n\n<p class=\"wp-block-paragraph\"><\/p>\n\n\n\n<h3 class=\"wp-block-heading\" id=\"high-prolactin\">Prolactin\u0103 ridicat\u0103<\/h3>\n\n\n\n<p class=\"wp-block-paragraph\">Prolactina crescut\u0103 poate perturba ovula\u021bia \u0219i poate duce la menstrua\u021bii neregulate. De asemenea, poate contribui la pierderea \u0219i ar trebui verificat atunci c\u00e2nd ciclurile se schimb\u0103 \u00een mod nea\u0219teptat.<\/p>\n\n\n\n<h3 class=\"wp-block-heading\" id=\"stress-rapid-weight-change-or-over-exercising\">Stresul, schimbarea rapid\u0103 a greut\u0103\u021bii sau exerci\u021biile excesive<\/h3>\n\n\n\n<p class=\"wp-block-paragraph\">Stresul fizic sau emo\u021bional poate perturba axa hipotalamo-hipofizo-ovarian. Acela\u0219i factor de stres poate declan\u0219a efluviu telogen, unde mul\u021bi fire de p\u0103r se v\u0103rseaz\u0103 simultan.<\/p>\n\n\n\n<figure class=\"wp-block-image\"><img decoding=\"async\" src=\"https:\/\/haircenterofturkey.com\/wp-content\/uploads\/2025\/02\/irregular-periods-and-hair-loss-5.webp\" alt=\"Irregular Periods and Hair Loss (Polycystic Ovary Syndrome)\" title=\"\"><\/figure>\n\n\n\n<p class=\"wp-block-paragraph\"><\/p>\n\n\n\n<h3 class=\"wp-block-heading\" id=\"iron-vitamin-d-or-other-nutrient-gaps\">Fier, vitamina D sau alte lacune nutritive<\/h3>\n\n\n\n<p class=\"wp-block-paragraph\">S\u00e2ngerarea abundent\u0103 sau prelungit\u0103 poate reduce rezervele de fier. Feritin\u0103 sc\u0103zut\u0103, deficien\u021b\u0103 de vitamina D \u0219i zinc sc\u0103zut sunt toate legate de pierderea crescut\u0103 la unii oameni.<\/p>\n\n\n\n<figure class=\"wp-block-image\"><img decoding=\"async\" src=\"https:\/\/haircenterofturkey.com\/wp-content\/uploads\/2025\/02\/irregular-periods-and-hair-loss-6.webp\" alt=\"Irregular Periods and Hair Loss (Polycystic Ovary Syndrome)\" title=\"\"><\/figure>\n\n\n\n<p class=\"wp-block-paragraph\"><\/p>\n\n\n\n<h2 class=\"wp-block-heading\" id=\"how-hair-loss-usually-looks-in-these-cases\">Cum arat\u0103 de obicei c\u0103derea p\u0103rului \u00een aceste cazuri<\/h2>\n\n\n\n<p class=\"wp-block-paragraph\">Pierderea difuz\u0103: mai mult p\u0103r \u00een scurgerea du\u0219ului, pe pern\u0103 sau \u00een perie.<\/p>\n\n\n\n<p class=\"wp-block-paragraph\">R\u0103rirea modelului feminin: por\u021biune l\u0103rgit\u0103, volum redus pe coroan\u0103 \u0219i fire de p\u0103r miniaturizate.<\/p>\n\n\n\n<p class=\"wp-block-paragraph\">Schimb\u0103ri de textura: p\u0103rul se simte mai uscat, mai slab sau se rupe mai u\u0219or.<\/p>\n\n\n\n<h3 class=\"wp-block-heading\" id=\"\ufffc\"><figure><img decoding=\"async\" style=\"font-size: 16px;\" src=\"https:\/\/haircenterofturkey.com\/wp-content\/uploads\/2025\/02\/irregular-periods-and-hair-loss-7.webp\" alt=\"Irregular Periods and Hair Loss (Polycystic Ovary Syndrome)\" title=\"\"><\/figure><\/h3>\n\n\n\n<h2 class=\"wp-block-heading\" id=\"when-to-see-a-doctor\">C\u00e2nd s\u0103 vezi un medic<\/h2>\n\n\n\n<p class=\"wp-block-paragraph\">Face\u021bi o programare dac\u0103 menstrua\u021biile neregulate dureaz\u0103 mai mult de 2-3 cicluri, dac\u0103 pierderea este brusc\u0103 sau grea sau dac\u0103 ave\u021bi \u0219i simptome precum acnee, cre\u0219terea p\u0103rului facial, modific\u0103ri de greutate, oboseal\u0103 sau dureri de cap noi.<\/p>\n\n\n\n<p class=\"wp-block-paragraph\">Solicita\u021bi \u00eengrijiri urgente pentru s\u00e2nger\u0103ri foarte abundente, ame\u021beli, le\u0219in sau dureri pelvine severe.<\/p>\n\n\n\n<h2 class=\"wp-block-heading\" id=\"tests-doctors-commonly-use\">Teste utilizate \u00een mod obi\u0219nuit de medici<\/h2>\n\n\n\n<p class=\"wp-block-paragraph\">Istoricul medical \u0219i examenul scalpului sunt punctul de plecare. \u00cen func\u021bie de simptome, testele comune includ:<\/p>\n\n\n\n<ul class=\"wp-block-list\">\n<li>Test de sarcin\u0103 (dac\u0103 este cazul)<\/li>\n\n\n\n<li>Hemoleucograma complet\u0103 (CBC) \u0219i feritin\u0103 (rezervele de fier)<\/li>\n\n\n\n<li>Hormonul de stimulare a tiroidei (TSH) \u00b1 T4 liber<\/li>\n\n\n\n<li>Vitamina D (25-OH) \u0219i uneori zinc sau B12<\/li>\n\n\n\n<li>Testosteron total\/liber, DHEA-S \u0219i SHBG atunci c\u00e2nd se suspecteaz\u0103 PCOS<\/li>\n\n\n\n<li>Prolactina<\/li>\n<\/ul>\n\n\n\n<p class=\"wp-block-paragraph\">Ecografia pelvian\u0103 poate fi recomandat\u0103 dac\u0103 sunt suspectate PCOS sau alte cauze ginecologice.<\/p>\n\n\n\n<h2 class=\"wp-block-heading\" id=\"treatment-options-that-support-cycle-regulation-and-hair-regrowth\">Op\u021biuni de tratament care sprijin\u0103 reglarea ciclului \u0219i cre\u0219terea p\u0103rului<\/h2>\n\n\n\n<h3 class=\"wp-block-heading\" id=\"treat-the-underlying-cause\">Trateaz\u0103 cauza de baz\u0103<\/h3>\n\n\n\n<p class=\"wp-block-paragraph\">Tratamentul PCOS poate include modific\u0103ri ale stilului de via\u021b\u0103, metformin\u0103 \u0219i contracep\u021bie hormonal\u0103. Unii pacien\u021bi folosesc, de asemenea, medicamente antiandrogenice sub supraveghere medical\u0103.<\/p>\n\n\n\n<p class=\"wp-block-paragraph\">Problemele tiroidiene sau legate de prolactin\u0103 se \u00eembun\u0103t\u0103\u021besc de obicei cu un tratament \u021bintit odat\u0103 ce un diagnostic este confirmat.<\/p>\n\n\n\n<h3 class=\"wp-block-heading\" id=\"nutrition-and-supplement-strategy\">Strategia de nutri\u021bie \u0219i suplimente<\/h3>\n\n\n\n<p class=\"wp-block-paragraph\">Concentra\u021bi-v\u0103 pe proteine, alimente bogate \u00een fier \u0219i o diet\u0103 echilibrat\u0103. Dac\u0103 feritina sau vitamina D sunt sc\u0103zute, corectarea deficien\u021bei ajut\u0103 adesea la reducerea pierderii \u00een timp.<\/p>\n\n\n\n<p class=\"wp-block-paragraph\">Suplimenteaz\u0103 doar ceea ce ai nevoie. Excesul de fier, vitamina A sau biotin\u0103 \u00een doze mari pot cauza probleme sau interfera cu testele de laborator.<\/p>\n\n\n\n<h3 class=\"wp-block-heading\" id=\"stress-and-sleep\">Stresul \u0219i somnul<\/h3>\n\n\n\n<p class=\"wp-block-paragraph\">Reducerea stresului cronic \u0219i \u00eembun\u0103t\u0103\u021birea calit\u0103\u021bii somnului pot ajuta la normalizarea ciclurilor \u0219i la reducerea efluviului telogen. Schimb\u0103rile mici \u0219i consistente tind s\u0103 func\u021bioneze mai bine dec\u00e2t rutinele extreme.<\/p>\n\n\n\n<h3 class=\"wp-block-heading\" id=\"hair-focused-treatments\">Tratamente concentrate pe p\u0103r<\/h3>\n\n\n\n<p class=\"wp-block-paragraph\">Minoxidilul topic este una dintre cele mai studiate op\u021biuni pentru c\u0103derea p\u0103rului cu model feminin \u0219i, de asemenea, poate ajuta unii oameni s\u0103-\u0219i recupereze densitatea dup\u0103 c\u0103dere. Func\u021bioneaz\u0103 cel mai bine atunci c\u00e2nd este utilizat constant timp de c\u00e2teva luni.<\/p>\n\n\n\n<p class=\"wp-block-paragraph\">Obiceiurile prietenoase cu scalpul conteaz\u0103: sp\u0103larea bl\u00e2nd\u0103, reducerea la minimum a coafurilor str\u00e2nse \u0219i reducerea coaf\u0103rii frecvente la c\u0103ldur\u0103.<\/p>\n\n\n\n<h2 class=\"wp-block-heading\" id=\"how-long-recovery-usually-takes\">C\u00e2t dureaz\u0103 de obicei recuperarea<\/h2>\n\n\n\n<p class=\"wp-block-paragraph\">\u00cen cazul efluviului telogen, eliminarea se \u00eembun\u0103t\u0103\u021be\u0219te adesea \u00een 3-6 luni odat\u0103 ce declan\u0219atorul este \u00eendep\u0103rtat. Rec\u0103p\u0103tarea densit\u0103\u021bii vizibile poate dura mai mult deoarece p\u0103rul cre\u0219te \u00eencet. Dac\u0103 sub\u021bierea este determinat\u0103 de sensibilitatea la androgeni (ca \u00een cazul pierderii modelului feminin legat de PCOS), tratamentul este de obicei \u00een curs de desf\u0103\u0219urare pentru a men\u021bine rezultatele.<\/p>\n\n\n\n<h3 class=\"wp-block-heading\" id=\"f-a-q\">F.A.Q<\/h3>\n\n\n<div id=\"rank-math-faq\" class=\"rank-math-block\">\n<div class=\"rank-math-list \">\n<div id=\"faq-question-1771495863211\" class=\"rank-math-list-item\">\n<h3 class=\"rank-math-question \">Care sunt simptomele PCOS sever?<\/h3>\n<div class=\"rank-math-answer \">\n\n<p>PCOS sever poate provoca perioade neregulate\/absente, infertilitate, hirsutism, acnee, obezitate, rezistenta la insulina.<\/p>\n\n<\/div>\n<\/div>\n<div id=\"faq-question-1771495863866\" class=\"rank-math-list-item\">\n<h3 class=\"rank-math-question \">Ovarele polichistice pot provoca c\u0103derea p\u0103rului?<\/h3>\n<div class=\"rank-math-answer \">\n\n<p>Da; Excesul de androgeni legat de PCOS poate provoca sub\u021bierea scalpului, cum ar fi c\u0103derea p\u0103rului cu model feminin.<\/p>\n\n<\/div>\n<\/div>\n<div id=\"faq-question-1771495864278\" class=\"rank-math-list-item\">\n<h3 class=\"rank-math-question \">Poate PCOS s\u0103 se agraveze brusc?<\/h3>\n<div class=\"rank-math-answer \">\n\n<p>Da; simptomele pot aprinde rapid odat\u0103 cu cre\u0219terea \u00een greutate, stresul sau oprirea hormonilor.<\/p>\n\n<\/div>\n<\/div>\n<div id=\"faq-question-1771495864542\" class=\"rank-math-list-item\">\n<h3 class=\"rank-math-question \">Care sunt cele patru tipuri de PCOS?<\/h3>\n<div class=\"rank-math-answer \">\n\n<p>Nu exist\u0103 patru tipuri oficiale; PCOS este descris de fenotipurile Rotterdam A-D.<\/p>\n\n<\/div>\n<\/div>\n<div id=\"faq-question-1771495864809\" class=\"rank-math-list-item\">\n<h3 class=\"rank-math-question \">Ce este stadiul 3 al PCOS?<\/h3>\n<div class=\"rank-math-answer \">\n\n<p>Nu exist\u0103 SOP \u201eetapa 3\u201d validat\u0103; severitatea este evaluat\u0103 prin simptome \u0219i riscuri.<\/p>\n\n<\/div>\n<\/div>\n<\/div>\n<\/div>","protected":false},"excerpt":{"rendered":"<p>Perioadele neregulate \u0219i c\u0103derea p\u0103rului (sindromul ovarului polichistic) Perioadele neregulate \u0219i c\u0103derea p\u0103rului au adesea o cauz\u0103 hormonal\u0103. Afec\u021biuni precum PCOS, boala tiroidian\u0103, prolactina ridicat\u0103, modific\u0103rile ciclului legate de stres sau deficien\u021bele de nutrien\u021bi pot \u00eempinge p\u0103rul \u00eentr-o faz\u0103 de c\u0103dere sau pot agrava sub\u021bierea modelului feminin. O analiz\u0103 medical\u0103 \u021bintit\u0103 \u0219i tratarea declan\u0219atorului \u00eembun\u0103t\u0103\u021be\u0219te [&hellip;]<\/p>\n","protected":false},"author":2,"featured_media":672,"comment_status":"closed","ping_status":"closed","sticky":false,"template":"","format":"standard","meta":{"footnotes":"","rank_math_title":"","rank_math_description":"Perioadele neregulate \u0219i c\u0103derea p\u0103rului sunt adesea legate de dezechilibre hormonale, \u00een special care implic\u0103 estrogen, progesteron \u0219i androgeni. Face\u021bi clic pentru informa\u021bii.","rank_math_focus_keyword":"","rank_math_canonical_url":"","rank_math_breadcrumb_title":"","rank_math_facebook_title":"","rank_math_facebook_description":"","rank_math_facebook_image":"","rank_math_twitter_title":"","rank_math_twitter_description":"","rank_math_twitter_image":"","rank_math_pillar_content":""},"categories":[968,987],"tags":[],"class_list":["post-53046","post","type-post","status-publish","format-standard","has-post-thumbnail","hentry","category-blog","category-caderea-parului"],"_links":{"self":[{"href":"https:\/\/haircenterofturkey.com\/ro\/wp-json\/wp\/v2\/posts\/53046","targetHints":{"allow":["GET"]}}],"collection":[{"href":"https:\/\/haircenterofturkey.com\/ro\/wp-json\/wp\/v2\/posts"}],"about":[{"href":"https:\/\/haircenterofturkey.com\/ro\/wp-json\/wp\/v2\/types\/post"}],"author":[{"embeddable":true,"href":"https:\/\/haircenterofturkey.com\/ro\/wp-json\/wp\/v2\/users\/2"}],"replies":[{"embeddable":true,"href":"https:\/\/haircenterofturkey.com\/ro\/wp-json\/wp\/v2\/comments?post=53046"}],"version-history":[{"count":3,"href":"https:\/\/haircenterofturkey.com\/ro\/wp-json\/wp\/v2\/posts\/53046\/revisions"}],"predecessor-version":[{"id":60637,"href":"https:\/\/haircenterofturkey.com\/ro\/wp-json\/wp\/v2\/posts\/53046\/revisions\/60637"}],"wp:featuredmedia":[{"embeddable":true,"href":"https:\/\/haircenterofturkey.com\/ro\/wp-json\/wp\/v2\/media\/672"}],"wp:attachment":[{"href":"https:\/\/haircenterofturkey.com\/ro\/wp-json\/wp\/v2\/media?parent=53046"}],"wp:term":[{"taxonomy":"category","embeddable":true,"href":"https:\/\/haircenterofturkey.com\/ro\/wp-json\/wp\/v2\/categories?post=53046"},{"taxonomy":"post_tag","embeddable":true,"href":"https:\/\/haircenterofturkey.com\/ro\/wp-json\/wp\/v2\/tags?post=53046"}],"curies":[{"name":"wp","href":"https:\/\/api.w.org\/{rel}","templated":true}]}}