{"id":53043,"date":"2025-02-28T06:43:56","date_gmt":"2025-02-28T03:43:56","guid":{"rendered":"https:\/\/haircenterofturkey.com\/?p=53043"},"modified":"2026-08-31T16:11:35","modified_gmt":"2026-08-31T13:11:35","slug":"legatura-dintre-boala-celiaca-si-caderea-parului","status":"publish","type":"post","link":"https:\/\/haircenterofturkey.com\/ro\/legatura-dintre-boala-celiaca-si-caderea-parului\/","title":{"rendered":"Leg\u0103tura dintre boala celiac\u0103 \u0219i c\u0103derea p\u0103rului"},"content":{"rendered":"\n<h2 class=\"wp-block-heading\" id=\"what-is-coeliac-disease\">Ce este boala celiac\u0103?<\/h2>\n\n\n\n<p class=\"wp-block-paragraph\">Boala celiac\u0103 este o afec\u021biune cronic\u0103 autoimun\u0103 \u00een care consumul de gluten (care se g\u0103se\u0219te \u00een gr\u00e2u, orz \u0219i secar\u0103) declan\u0219eaz\u0103 o reac\u021bie imun\u0103. \u00cen timp, aceast\u0103 reac\u021bie afecteaz\u0103 mucoasa intestinului sub\u021bire, ceea ce poate reduce capacitatea organismului de a absorbi fier, zinc \u0219i mai multe vitamine. C\u00e2nd rezervele de nutrien\u021bi scad, p\u0103rul poate deveni mai slab, mai sub\u021bire \u0219i mai predispus la c\u0103dere.<\/p>\n\n\n\n<div class=\"wp-block-rank-math-toc-block\" id=\"rank-math-toc\"><h2>Table of Contents<\/h2><nav><ul><li><a href=\"#what-is-coeliac-disease\">Ce este boala celiac\u0103?<\/a><\/li><li><a href=\"#how-coeliac-disease-can-lead-to-hair-loss\">Cum poate duce boala celiac\u0103 la c\u0103derea p\u0103rului<\/a><ul><li><a href=\"#nutrient-malabsorption-and-deficiencies\">Malabsorb\u021bie \u0219i deficien\u021be de nutrien\u021bi<\/a><\/li><li><a href=\"#autoimmune-activity\">Activitate autoimun\u0103<\/a><\/li><li><a href=\"#chronic-inflammation-and-scalp-health\">Inflama\u021bia cronic\u0103 \u0219i s\u0103n\u0103tatea scalpului<\/a><\/li><\/ul><\/li><li><a href=\"#signs-of-hair-loss-linked-to-coeliac-disease\">Semne ale c\u0103derii p\u0103rului legate de boala celiac\u0103<\/a><\/li><li><a href=\"#getting-the-right-diagnosis\">Ob\u021binerea diagnosticului corect<\/a><\/li><li><a href=\"#managing-hair-loss-when-you-have-coeliac-disease\">Gestionarea c\u0103derii p\u0103rului atunci c\u00e2nd ave\u021bi boala celiac\u0103<\/a><ul><li><a href=\"#follow-a-strict-gluten-free-diet\">Urma\u021bi o diet\u0103 strict\u0103 f\u0103r\u0103 gluten<\/a><\/li><li><a href=\"#correct-deficiencies-with-medical-guidance\">Corecta\u021bi deficien\u021bele cu \u00eendrum\u0103ri medicale<\/a><\/li><li><a href=\"#reduce-triggers-that-increase-shedding\">Reduce\u021bi declan\u0219atorii care m\u0103resc v\u0103rsarea<\/a><\/li><\/ul><\/li><li><a href=\"#can-hair-loss-be-reversed\">C\u0103derea p\u0103rului poate fi inversat\u0103?<\/a><\/li><li><a href=\"#when-to-seek-medical-advice\">C\u00e2nd s\u0103 solicita\u021bi sfatul medicului<\/a><\/li><li><a href=\"#frequently-asked-questions\">\u00centreb\u0103ri frecvente<\/a><\/li><\/ul><\/nav><\/div>\n\n\n\n<h2 class=\"wp-block-heading\" id=\"how-coeliac-disease-can-lead-to-hair-loss\">Cum poate duce boala celiac\u0103 la c\u0103derea p\u0103rului<\/h2>\n\n\n\n<h3 class=\"wp-block-heading\" id=\"nutrient-malabsorption-and-deficiencies\">Malabsorb\u021bie \u0219i deficien\u021be de nutrien\u021bi<\/h3>\n\n\n\n<p class=\"wp-block-paragraph\">Foliculii de p\u0103r sunt activi din punct de vedere metabolic, deci sunt sensibili la nivelurile sc\u0103zute de nutrien\u021bi. \u00cen boala celiac\u0103, absorb\u021bia slab\u0103 poate duce la anemie cu deficit de fier, zinc sc\u0103zut \u0219i niveluri reduse de vitamine, cum ar fi vitamina D, B12 \u0219i acid folic. Aceste deficien\u021be pot \u00eempinge mai multe fire de p\u0103r \u00een faza de pierdere (telogen), duc\u00e2nd la sub\u021bierea difuz\u0103 pe scalp.<\/p>\n\n\n\n<figure class=\"wp-block-image\"><img decoding=\"async\" src=\"https:\/\/haircenterofturkey.com\/wp-content\/uploads\/2025\/02\/coeliac-disease-and-hair-loss-1.webp\" alt=\"The Link Between Coeliac Disease and Hair Loss\" title=\"\"><\/figure>\n\n\n\n<p class=\"wp-block-paragraph\"><\/p>\n\n\n\n<h3 class=\"wp-block-heading\" id=\"autoimmune-activity\">Activitate autoimun\u0103<\/h3>\n\n\n\n<p class=\"wp-block-paragraph\">Persoanele cu o afec\u021biune autoimun\u0103 au un risc mai mare de a apari\u021bia altora. Boala celiac\u0103 poate coexista cu alopecia areata, o form\u0103 autoimun\u0103 a c\u0103derii p\u0103rului care provoac\u0103 de obicei pete chelie rotunde sau neregulate. Boala autoimun\u0103 tiroidian\u0103 poate ap\u0103rea, de asemenea, al\u0103turi de boala celiac\u0103 \u0219i poate contribui la eliminarea continu\u0103 dac\u0103 nu este tratat\u0103.<\/p>\n\n\n\n<figure class=\"wp-block-image\"><img decoding=\"async\" src=\"https:\/\/haircenterofturkey.com\/wp-content\/uploads\/2025\/02\/coeliac-disease-and-hair-loss-2.webp\" alt=\"The Link Between Coeliac Disease and Hair Loss\" title=\"\"><\/figure>\n\n\n\n<p class=\"wp-block-paragraph\"><\/p>\n\n\n\n<h3 class=\"wp-block-heading\" id=\"chronic-inflammation-and-scalp-health\">Inflama\u021bia cronic\u0103 \u0219i s\u0103n\u0103tatea scalpului<\/h3>\n\n\n\n<p class=\"wp-block-paragraph\">Inflama\u021bia continu\u0103 poate afecta ciclul de cre\u0219tere a p\u0103rului \u0219i poate agrava sensibilitatea scalpului. Atunci c\u00e2nd organismul este supus unui stres inflamator sus\u021binut, poate redirec\u021biona resursele departe de func\u021bii neesen\u021biale, cum ar fi produc\u021bia de p\u0103r. Unii oameni observ\u0103 o ruptur\u0103 crescut\u0103 sau o textur\u0103 plictisitoare \u0219i uscat\u0103 atunci c\u00e2nd boala celiac\u0103 este activ\u0103 \u0219i starea nutri\u021bional\u0103 este slab\u0103.<\/p>\n\n\n\n<figure class=\"wp-block-image\"><img decoding=\"async\" src=\"https:\/\/haircenterofturkey.com\/wp-content\/uploads\/2025\/02\/coeliac-disease-and-hair-loss-3.webp\" alt=\"The Link Between Coeliac Disease and Hair Loss\" title=\"\"><\/figure>\n\n\n\n<p class=\"wp-block-paragraph\"><\/p>\n\n\n\n<h2 class=\"wp-block-heading\" id=\"signs-of-hair-loss-linked-to-coeliac-disease\">Semne ale c\u0103derii p\u0103rului legate de boala celiac\u0103<\/h2>\n\n\n\n<p class=\"wp-block-paragraph\">Modelele comune includ:<\/p>\n\n\n\n<ul class=\"wp-block-list\">\n<li>Sub\u021bierea difuz\u0103 (reducerea general\u0103 a densit\u0103\u021bii pe scalp).<\/li>\n\n\n\n<li>Pierderea \u00een exces \u00een timpul sp\u0103l\u0103rii sau periajului.<\/li>\n\n\n\n<li>P\u0103r uscat, fragil, care se rupe u\u0219or.<\/li>\n\n\n\n<li>C\u0103derea neted\u0103 a p\u0103rului dac\u0103 este prezent\u0103 \u0219i alopecia areata.<\/li>\n\n\n\n<li>Alte indicii celiace, cum ar fi oboseala, balonarea, schimbarea inexplicabil\u0103 a greut\u0103\u021bii, ulcere bucale sau anemie prin deficit de fier.<\/li>\n<\/ul>\n\n\n\n<h2 class=\"wp-block-heading\" id=\"getting-the-right-diagnosis\">Ob\u021binerea diagnosticului corect<\/h2>\n\n\n\n<p class=\"wp-block-paragraph\">Dac\u0103 b\u0103nui\u021bi boala celiac\u0103, testarea trebuie efectuat\u0103 cu un profesionist din domeniul s\u0103n\u0103t\u0103\u021bii. Testele de s\u00e2nge includ adesea anticorpi de transglutaminaz\u0103 tisular\u0103 (tTG-IgA) al\u0103turi de un nivel total de IgA; unii oameni pot avea nevoie de markeri alternativi dac\u0103 IgA este sc\u0103zut\u0103. Diagnosticul este confirmat de obicei cu o endoscopie superioar\u0103 \u0219i biopsii ale intestinului sub\u021bire. Nu \u00eencepe\u021bi o diet\u0103 f\u0103r\u0103 gluten \u00eenainte de testare dec\u00e2t dac\u0103 medicul dumneavoastr\u0103 v\u0103 sf\u0103tuie\u0219te acest lucru, deoarece eliminarea glutenului poate face rezultatele mai pu\u021bin fiabile.<\/p>\n\n\n\n<figure class=\"wp-block-image\"><img decoding=\"async\" src=\"https:\/\/haircenterofturkey.com\/wp-content\/uploads\/2025\/02\/coeliac-disease-and-hair-loss-4.webp\" alt=\"The Link Between Coeliac Disease and Hair Loss\" title=\"\"><\/figure>\n\n\n\n<p class=\"wp-block-paragraph\"><\/p>\n\n\n\n<h2 class=\"wp-block-heading\" id=\"managing-hair-loss-when-you-have-coeliac-disease\">Gestionarea c\u0103derii p\u0103rului atunci c\u00e2nd ave\u021bi boala celiac\u0103<\/h2>\n\n\n\n<h3 class=\"wp-block-heading\" id=\"follow-a-strict-gluten-free-diet\">Urma\u021bi o diet\u0103 strict\u0103 f\u0103r\u0103 gluten<\/h3>\n\n\n\n<p class=\"wp-block-paragraph\">O diet\u0103 strict\u0103 f\u0103r\u0103 gluten este baza tratamentului \u0219i permite vindecarea mucoasei intestinale. Odat\u0103 ce absorb\u021bia se \u00eembun\u0103t\u0103\u021be\u0219te, mul\u021bi oameni v\u0103d mai pu\u021bin\u0103 pierdere \u0219i o calitate mai bun\u0103 a p\u0103rului \u00een timp. Citi\u021bi cu aten\u021bie etichetele, urm\u0103ri\u021bi contaminarea \u00eencruci\u0219at\u0103 \u0219i solicita\u021bi sprijinul dieteticianului dac\u0103 sunte\u021bi nou \u00een ceea ce prive\u0219te m\u00e2ncarea f\u0103r\u0103 gluten.<\/p>\n\n\n\n<figure class=\"wp-block-image\"><img decoding=\"async\" src=\"https:\/\/haircenterofturkey.com\/wp-content\/uploads\/2025\/02\/coeliac-disease-and-hair-loss-5.webp\" alt=\"The Link Between Coeliac Disease and Hair Loss\" title=\"\"><\/figure>\n\n\n\n<p class=\"wp-block-paragraph\"><\/p>\n\n\n\n<h3 class=\"wp-block-heading\" id=\"correct-deficiencies-with-medical-guidance\">Corecta\u021bi deficien\u021bele cu \u00eendrum\u0103ri medicale<\/h3>\n\n\n\n<p class=\"wp-block-paragraph\">Medicul dumneavoastr\u0103 poate verifica studiile de fier, vitamina D, B12, acid folic \u0219i zinc, apoi recomand\u0103 suplimente dac\u0103 este necesar. Fierul \u0219i vitamina D sunt \u021binte comune, dar planul potrivit depinde de laboratoarele \u0219i simptomele dumneavoastr\u0103. Evita\u021bi auto-prescrierea suplimentelor cu doze mari, deoarece prea mult din anumite substan\u021be nutritive poate provoca efecte secundare sau poate interfera cu alte minerale.<\/p>\n\n\n\n<figure class=\"wp-block-image\"><img decoding=\"async\" src=\"https:\/\/haircenterofturkey.com\/wp-content\/uploads\/2025\/02\/coeliac-disease-and-hair-loss-6.webp\" alt=\"The Link Between Coeliac Disease and Hair Loss\" title=\"\"><\/figure>\n\n\n\n<p class=\"wp-block-paragraph\"><\/p>\n\n\n\n<h3 class=\"wp-block-heading\" id=\"reduce-triggers-that-increase-shedding\">Reduce\u021bi declan\u0219atorii care m\u0103resc v\u0103rsarea<\/h3>\n\n\n\n<p class=\"wp-block-paragraph\">Stresul, somnul slab, pierderea rapid\u0103 \u00een greutate \u0219i tratamentele chimice dure pot agrava pierderea. Utiliza\u021bi \u00eengrijire delicat\u0103 a scalpului, limita\u021bi coafarea la c\u0103ldur\u0103 \u0219i lua\u021bi \u00een considerare o examinare dermatolog\u0103 dac\u0103 ave\u021bi m\u00e2nc\u0103rime, descuamare, durere sau inflama\u021bie vizibil\u0103 a scalpului. Dac\u0103 este prezent\u0103 alopecia areata, pot fi necesare tratamente dermatologice \u021bintite al\u0103turi de controlul glutenului.<\/p>\n\n\n\n<h2 class=\"wp-block-heading\" id=\"can-hair-loss-be-reversed\">C\u0103derea p\u0103rului poate fi inversat\u0103?<\/h2>\n\n\n\n<p class=\"wp-block-paragraph\">\u00cen multe cazuri, da. Odat\u0103 ce boala celiac\u0103 este controlat\u0103 \u0219i nivelurile de nutrien\u021bi \u00ee\u0219i revin, regenerarea \u00eencepe adesea \u00een decurs de 3 p\u00e2n\u0103 la 6 luni, de\u0219i o densitate mai groas\u0103 poate dura mai mult. Dac\u0103 pierderea continu\u0103 dincolo de aceast\u0103 fereastr\u0103, o alt\u0103 cauz\u0103 poate contribui, cum ar fi boala tiroidian\u0103, alopecia androgenetic\u0103 sau deficitul de fier \u00een curs.<\/p>\n\n\n\n<h2 class=\"wp-block-heading\" id=\"when-to-seek-medical-advice\">C\u00e2nd s\u0103 solicita\u021bi sfatul medicului<\/h2>\n\n\n\n<p class=\"wp-block-paragraph\">Aranja\u021bi o examinare medical\u0103 dac\u0103 observa\u021bi c\u0103deri rapide, chelie, dureri ale scalpului sau c\u0103derea p\u0103rului care continu\u0103 \u00een ciuda unei diete f\u0103r\u0103 gluten. C\u0103uta\u021bi ajutor mai devreme dac\u0103 ave\u021bi simptome de anemie (respira\u021bie scurt\u0103, ame\u021beli), pierdere semnificativ\u0103 \u00een greutate sau probleme digestive persistente. Un clinician sau un dermatolog poate confirma diagnosticul \u0219i poate adapta tratamentul, inclusiv verific\u0103ri ale func\u021biei tiroidiene \u0219i ale altor afec\u021biuni autoimune.<\/p>\n\n\n\n<h2 class=\"wp-block-heading\" id=\"frequently-asked-questions\">\u00centreb\u0103ri frecvente<\/h2>\n\n\n<div id=\"rank-math-faq\" class=\"rank-math-block\">\n<div class=\"rank-math-list \">\n<div id=\"faq-question-1771493897801\" class=\"rank-math-list-item\">\n<h3 class=\"rank-math-question \">Care sunt simptomele ascunse ale bolii celiace?<\/h3>\n<div class=\"rank-math-answer \">\n\n<p>Simptomele ascunse includ anemie feripriv\u0103, oboseal\u0103, osteoporoz\u0103, ulcere bucale, dermatit\u0103 herpetiform\u0103, infertilitate.<\/p>\n\n<\/div>\n<\/div>\n<div id=\"faq-question-1771493898483\" class=\"rank-math-list-item\">\n<h3 class=\"rank-math-question \">Pute\u021bi inversa daunele cauzate de boala celiac\u0103?<\/h3>\n<div class=\"rank-math-answer \">\n\n<p>Da; o diet\u0103 strict\u0103 f\u0103r\u0103 gluten vindec\u0103 adesea intestinele \u0219i \u00eembun\u0103t\u0103\u021be\u0219te deficien\u021bele de nutrien\u021bi \u00een timp.<\/p>\n\n<\/div>\n<\/div>\n<div id=\"faq-question-1771493898880\" class=\"rank-math-list-item\">\n<h3 class=\"rank-math-question \">Care sunt simptomele bolii celiace silentioase?<\/h3>\n<div class=\"rank-math-answer \">\n\n<p>Celiacul t\u0103cut poate s\u0103 nu aib\u0103 simptome intestinale, dar anemie, densitate osoas\u0103 sc\u0103zut\u0103, oboseal\u0103.<\/p>\n\n<\/div>\n<\/div>\n<div id=\"faq-question-1771493899162\" class=\"rank-math-list-item\">\n<h3 class=\"rank-math-question \">Care sunt simptomele neurologice ale bolii celiace?<\/h3>\n<div class=\"rank-math-answer \">\n\n<p>Simptomele neurologice includ neuropatie, ataxie, migrene, cea\u021b\u0103 cerebral\u0103 \u0219i uneori convulsii.<\/p>\n\n<\/div>\n<\/div>\n<div id=\"faq-question-1771493899508\" class=\"rank-math-list-item\">\n<h3 class=\"rank-math-question \">Care este cea mai bun\u0103 multivitamine pentru boala celiac\u0103?<\/h3>\n<div class=\"rank-math-answer \">\n\n<p>Un multivitamin f\u0103r\u0103 gluten, testat de ter\u021bi, care se potrive\u0219te cu deficien\u021bele dumneavoastr\u0103; de obicei fier, B12, acid folic, vitamina D.<\/p>\n\n<\/div>\n<\/div>\n<\/div>\n<\/div>","protected":false},"excerpt":{"rendered":"<p>Ce este boala celiac\u0103? Boala celiac\u0103 este o afec\u021biune cronic\u0103 autoimun\u0103 \u00een care consumul de gluten (care se g\u0103se\u0219te \u00een gr\u00e2u, orz \u0219i secar\u0103) declan\u0219eaz\u0103 o reac\u021bie imun\u0103. \u00cen timp, aceast\u0103 reac\u021bie afecteaz\u0103 mucoasa intestinului sub\u021bire, ceea ce poate reduce capacitatea organismului de a absorbi fier, zinc \u0219i mai multe vitamine. C\u00e2nd rezervele de nutrien\u021bi [&hellip;]<\/p>\n","protected":false},"author":2,"featured_media":674,"comment_status":"closed","ping_status":"closed","sticky":false,"template":"","format":"standard","meta":{"footnotes":"","rank_math_title":"","rank_math_description":"Boala celiac\u0103 poate provoca c\u0103derea p\u0103rului din cauza deficien\u021belor de nutrien\u021bi \u0219i a reac\u021biilor sistemului imunitar declan\u0219ate de aportul de gluten. Face\u021bi clic pentru informa\u021bii.","rank_math_focus_keyword":"","rank_math_canonical_url":"","rank_math_breadcrumb_title":"","rank_math_facebook_title":"","rank_math_facebook_description":"","rank_math_facebook_image":"","rank_math_twitter_title":"","rank_math_twitter_description":"","rank_math_twitter_image":"","rank_math_pillar_content":""},"categories":[968,987],"tags":[],"class_list":["post-53043","post","type-post","status-publish","format-standard","has-post-thumbnail","hentry","category-blog","category-caderea-parului"],"_links":{"self":[{"href":"https:\/\/haircenterofturkey.com\/ro\/wp-json\/wp\/v2\/posts\/53043","targetHints":{"allow":["GET"]}}],"collection":[{"href":"https:\/\/haircenterofturkey.com\/ro\/wp-json\/wp\/v2\/posts"}],"about":[{"href":"https:\/\/haircenterofturkey.com\/ro\/wp-json\/wp\/v2\/types\/post"}],"author":[{"embeddable":true,"href":"https:\/\/haircenterofturkey.com\/ro\/wp-json\/wp\/v2\/users\/2"}],"replies":[{"embeddable":true,"href":"https:\/\/haircenterofturkey.com\/ro\/wp-json\/wp\/v2\/comments?post=53043"}],"version-history":[{"count":3,"href":"https:\/\/haircenterofturkey.com\/ro\/wp-json\/wp\/v2\/posts\/53043\/revisions"}],"predecessor-version":[{"id":60607,"href":"https:\/\/haircenterofturkey.com\/ro\/wp-json\/wp\/v2\/posts\/53043\/revisions\/60607"}],"wp:featuredmedia":[{"embeddable":true,"href":"https:\/\/haircenterofturkey.com\/ro\/wp-json\/wp\/v2\/media\/674"}],"wp:attachment":[{"href":"https:\/\/haircenterofturkey.com\/ro\/wp-json\/wp\/v2\/media?parent=53043"}],"wp:term":[{"taxonomy":"category","embeddable":true,"href":"https:\/\/haircenterofturkey.com\/ro\/wp-json\/wp\/v2\/categories?post=53043"},{"taxonomy":"post_tag","embeddable":true,"href":"https:\/\/haircenterofturkey.com\/ro\/wp-json\/wp\/v2\/tags?post=53043"}],"curies":[{"name":"wp","href":"https:\/\/api.w.org\/{rel}","templated":true}]}}