{"id":53040,"date":"2025-02-28T07:47:06","date_gmt":"2025-02-28T04:47:06","guid":{"rendered":"https:\/\/haircenterofturkey.com\/?p=53040"},"modified":"2026-08-31T16:10:48","modified_gmt":"2026-08-31T13:10:48","slug":"la-ce-varsta-incepe-chelia-masculina","status":"publish","type":"post","link":"https:\/\/haircenterofturkey.com\/ro\/la-ce-varsta-incepe-chelia-masculina\/","title":{"rendered":"La ce v\u00e2rst\u0103 \u00eencepe chelia masculin\u0103?"},"content":{"rendered":"\n<h2 class=\"wp-block-heading\" id=\"what-age-does-male-pattern-baldness-start\">La ce v\u00e2rst\u0103 \u00eencepe chelia masculin\u0103?<\/h2>\n\n\n\n<p class=\"wp-block-paragraph\"><strong>R\u0103spuns rapid: <\/strong>Calvi\u021bia masculin\u0103 poate \u00eencepe oric\u00e2nd dup\u0103 pubertate, dar majoritatea b\u0103rba\u021bilor observ\u0103 mai \u00eent\u00e2i o retragere a firului de p\u0103r sau sub\u021bierea coroanei la 20 sau 30 de ani. Debutul adolescentului este posibil cu un istoric familial puternic. Progresia variaz\u0103, iar tratamentul precoce poate \u00eencetini adesea eliminarea \u0219i p\u0103streaz\u0103 densitatea.<\/p>\n\n\n\n<div class=\"wp-block-rank-math-toc-block\" id=\"rank-math-toc\"><h2>Table of Contents<\/h2><nav><ul><li><a href=\"#what-age-does-male-pattern-baldness-start\">La ce v\u00e2rst\u0103 \u00eencepe chelia masculin\u0103?<\/a><\/li><li><a href=\"#understanding-male-pattern-baldness\">\u00cen\u021belegerea cheliei tip masculin<\/a><\/li><li><a href=\"#typical-age-of-onset\">V\u00e2rsta tipic\u0103 de debut<\/a><\/li><li><a href=\"#early-signs-to-watch-for\">Semne timpurii de urm\u0103rit<\/a><\/li><li><a href=\"#why-it-starts-earlier-for-some-men\">De ce \u00eencepe mai devreme pentru unii b\u0103rba\u021bi<\/a><ul><li><a href=\"#genetics\">Genetica<\/a><\/li><li><a href=\"#dht-sensitivity\">Sensibilitate la DHT<\/a><\/li><li><a href=\"#health-and-lifestyle-factors\">Factori de s\u0103n\u0103tate \u0219i stil de via\u021b\u0103<\/a><\/li><\/ul><\/li><li><a href=\"#can-you-prevent-or-delay-male-pattern-baldness\">Pute\u021bi preveni sau \u00eent\u00e2rzia chelie cu model masculin?<\/a><ul><li><a href=\"#evidence-based-treatments\">Tratamente bazate pe dovezi<\/a><\/li><li><a href=\"#clinic-based-options\">Op\u021biuni bazate pe clinic\u0103<\/a><\/li><\/ul><\/li><li><a href=\"#when-to-see-a-specialist\">C\u00e2nd s\u0103 vezi un specialist<\/a><\/li><li><a href=\"#f-a-q\">F.A.Q<\/a><\/li><\/ul><\/nav><\/div>\n\n\n\n<h2 class=\"wp-block-heading\" id=\"understanding-male-pattern-baldness\">\u00cen\u021belegerea cheliei tip masculin<\/h2>\n\n\n\n<p class=\"wp-block-paragraph\">Calvi\u021bia masculin\u0103 (alopecia androgenetic\u0103) este cea mai frecvent\u0103 cauz\u0103 a c\u0103derii pe termen lung a p\u0103rului la b\u0103rba\u021bi. Se \u00eent\u00e2mpl\u0103 atunci c\u00e2nd foliculii sensibili genetic se miniaturizeaz\u0103 treptat \u0219i produc fire de p\u0103r mai sub\u021biri \u0219i mai scurte.<\/p>\n\n\n\n<p class=\"wp-block-paragraph\">Procesul este condus \u00een mare parte de dihidrotestosteron (DHT), un hormon derivat din testosteron. Unii b\u0103rba\u021bi au foliculi care reac\u021bioneaz\u0103 mai puternic la DHT, ceea ce explic\u0103 de ce v\u00e2rsta de debut \u0219i viteza de pierdere difer\u0103 mult de la un individ la altul.<\/p>\n\n\n\n<h2 class=\"wp-block-heading\" id=\"typical-age-of-onset\">V\u00e2rsta tipic\u0103 de debut<\/h2>\n\n\n\n<p class=\"wp-block-paragraph\">Calvi\u021bia masculin\u0103 poate \u00eencepe la aproape orice v\u00e2rst\u0103, dar c\u00e2teva modele apar frecvent:<\/p>\n\n\n\n<ul class=\"wp-block-list\">\n<li>Adolescen\u021bi (15-19): mai pu\u021bin frecvent, dar se poate \u00eent\u00e2mpla, de obicei, la persoanele cu o predispozi\u021bie genetic\u0103 puternic\u0103.<\/li>\n\n\n\n<li>Anii 20: Mul\u021bi b\u0103rba\u021bi observ\u0103 primele schimb\u0103ri clare \u00een acest deceniu, cum ar fi recesiunea t\u00e2mplei sau densitatea redus\u0103 dup\u0103 coafare.<\/li>\n\n\n\n<li>30 de ani: sub\u021bierea devine adesea mai u\u0219or de observat, mai ales sub lumin\u0103 puternic\u0103 sau c\u00e2nd p\u0103rul este ud.<\/li>\n\n\n\n<li>Anii 40 \u0219i mai mult: modelul devine de obicei mai stabilit, cu sub\u021bierea mai vizibil\u0103 a coroanei \u0219i un stadiu Norwood mai \u00eenalt.<\/li>\n<\/ul>\n\n\n\n<p class=\"wp-block-paragraph\">Aceste intervale descriu ceea ce este tipic, nu ceea ce este \u201enormal\u201d pentru orice persoan\u0103. Doi b\u0103rba\u021bi de aceea\u0219i v\u00e2rst\u0103 pot avea modele \u0219i severitate complet diferite.<\/p>\n\n\n\n<figure class=\"wp-block-image\"><img decoding=\"async\" src=\"https:\/\/haircenterofturkey.com\/wp-content\/uploads\/2025\/02\/What-Age-Does-Male-Pattern-Baldness-2.webp\" alt=\"What Age Does Male Pattern Baldness Start?\" title=\"\"><\/figure>\n\n\n\n<p class=\"wp-block-paragraph\"><\/p>\n\n\n\n<h2 class=\"wp-block-heading\" id=\"early-signs-to-watch-for\">Semne timpurii de urm\u0103rit<\/h2>\n\n\n\n<p class=\"wp-block-paragraph\">Surprinderea schimb\u0103rilor timpurii conteaz\u0103, deoarece cele mai dovedite tratamente func\u021bioneaz\u0103 cel mai bine \u00eenainte ca foliculii s\u0103 se mic\u0219oreze prea mult. Semnele precoce comune includ:<\/p>\n\n\n\n<ul class=\"wp-block-list\">\n<li>\n<ul class=\"wp-block-list\">\n<li>Linia p\u0103rului retras\u0103 la t\u00e2mple, form\u00e2nd adesea o form\u0103 de \u201eM\u201d.<\/li>\n\n\n\n<li>Sub\u021bierea coroanei care creeaz\u0103 o pat\u0103 de l\u0103rgire \u00een timp<\/li>\n\n\n\n<li>Textura mai fina a parului si volum redus, mai ales dupa spalare<\/li>\n\n\n\n<li>O parte care se l\u0103rge\u0219te sau mai mult scalp se vede \u00een fotografiile de deasupra capului<\/li>\n<\/ul>\n<\/li>\n<\/ul>\n\n\n\n<figure class=\"wp-block-image\"><img decoding=\"async\" src=\"https:\/\/haircenterofturkey.com\/wp-content\/uploads\/2025\/02\/What-Age-Does-Male-Pattern-Baldness-3.webp\" alt=\"What Age Does Male Pattern Baldness Start?\" title=\"\"><\/figure>\n\n\n\n<p class=\"wp-block-paragraph\"><\/p>\n\n\n\n<h2 class=\"wp-block-heading\" id=\"why-it-starts-earlier-for-some-men\">De ce \u00eencepe mai devreme pentru unii b\u0103rba\u021bi<\/h2>\n\n\n\n<h3 class=\"wp-block-heading\" id=\"genetics\">Genetica<\/h3>\n\n\n\n<p class=\"wp-block-paragraph\">Istoricul familial este cel mai puternic predictor. Dac\u0103 rudele apropiate au \u00eenceput s\u0103 se r\u0103reasc\u0103 \u00een adolescen\u021b\u0103 sau la 20 de ani, \u0219ansele tale de apari\u021bie mai devreme cresc.<\/p>\n\n\n\n<figure class=\"wp-block-image\"><img decoding=\"async\" src=\"https:\/\/haircenterofturkey.com\/wp-content\/uploads\/2025\/02\/What-Age-Does-Male-Pattern-Baldness-4.webp\" alt=\"What Age Does Male Pattern Baldness Start?\" title=\"\"><\/figure>\n\n\n\n<p class=\"wp-block-paragraph\"><\/p>\n\n\n\n<h3 class=\"wp-block-heading\" id=\"dht-sensitivity\">Sensibilitate la DHT<\/h3>\n\n\n\n<p class=\"wp-block-paragraph\">Nu numai cantitatea de DHT conteaz\u0103. Sensibilitatea foliculilor la DHT este un factor cheie al modului \u00een care \u00eencepe sub\u021bierea timpurie \u0219i c\u00e2t de repede progreseaz\u0103.<\/p>\n\n\n\n<figure class=\"wp-block-image\"><img decoding=\"async\" src=\"https:\/\/haircenterofturkey.com\/wp-content\/uploads\/2025\/02\/What-Age-Does-Male-Pattern-Baldness-5.webp\" alt=\"What Age Does Male Pattern Baldness Start?\" title=\"\"><\/figure>\n\n\n\n<p class=\"wp-block-paragraph\"><\/p>\n\n\n\n<h3 class=\"wp-block-heading\" id=\"health-and-lifestyle-factors\">Factori de s\u0103n\u0103tate \u0219i stil de via\u021b\u0103<\/h3>\n\n\n\n<p class=\"wp-block-paragraph\">Calvi\u021bia masculin\u0103 nu este cauzat\u0103 doar de stres sau diet\u0103, dar ace\u0219ti factori pot agrava pierderea sau pot face ca pierderea s\u0103 se simt\u0103 mai brusc\u0103. Somnul slab, fumatul, pierderea rapid\u0103 \u00een greutate \u0219i lipsurile de nutrien\u021bi pot declan\u0219a efluviu telogen, care se poate suprapune cu chelie masculin\u0103.<\/p>\n\n\n\n<figure class=\"wp-block-image\"><img decoding=\"async\" src=\"https:\/\/haircenterofturkey.com\/wp-content\/uploads\/2025\/02\/What-Age-Does-Male-Pattern-Baldness-6.webp\" alt=\"What Age Does Male Pattern Baldness Start?\" title=\"\"><\/figure>\n\n\n\n<p class=\"wp-block-paragraph\"><\/p>\n\n\n\n<h2 class=\"wp-block-heading\" id=\"can-you-prevent-or-delay-male-pattern-baldness\">Pute\u021bi preveni sau \u00eent\u00e2rzia chelie cu model masculin?<\/h2>\n\n\n\n<p class=\"wp-block-paragraph\">Nu pute\u021bi modifica riscul genetic, dar de multe ori pute\u021bi \u00eencetini progresia. Un obiectiv realist este conservarea \u0219i \u00eengro\u0219area firelor de p\u0103r miniaturizate, nu \u201eoprirea\u201d c\u0103derii p\u0103rului pentru totdeauna.<\/p>\n\n\n\n<figure class=\"wp-block-image\"><img decoding=\"async\" src=\"https:\/\/haircenterofturkey.com\/wp-content\/uploads\/2025\/02\/What-Age-Does-Male-Pattern-Baldness-7.webp\" alt=\"What Age Does Male Pattern Baldness Start?\" title=\"\"><\/figure>\n\n\n\n<p class=\"wp-block-paragraph\"><\/p>\n\n\n\n<h3 class=\"wp-block-heading\" id=\"evidence-based-treatments\">Tratamente bazate pe dovezi<\/h3>\n\n\n\n<ul class=\"wp-block-list\">\n<li>Minoxidil topic: Ajut\u0103 la extinderea fazei de cre\u0219tere \u0219i poate \u00eembun\u0103t\u0103\u021bi densitatea timp de c\u00e2teva luni.<\/li>\n\n\n\n<li>Finasterida (prescrip\u021bie oral\u0103): Scade DHT \u0219i poate \u00eencetini pierderea, \u00een special la nivelul coroanei \u0219i mijlocului scalpului.<\/li>\n\n\n\n<li>Terapia cu laser de nivel sc\u0103zut (LLLT): Poate ajuta unii b\u0103rba\u021bi atunci c\u00e2nd este utilizat\u0103 \u00een mod constant.<\/li>\n\n\n\n<li>Microneedling: Adesea folosit al\u0103turi de tratamente topice sub \u00eendrum\u0103ri profesionale.<\/li>\n<\/ul>\n\n\n\n<p class=\"wp-block-paragraph\">Op\u021biunile de medicamente depind de istoricul medical, v\u00e2rsta \u0219i obiectivele dumneavoastr\u0103. Un medic v\u0103 poate ajuta s\u0103 c\u00e2nt\u0103ri\u021bi beneficiile, efectele secundare \u0219i ce rezultate sunt realiste pentru stadiul dumneavoastr\u0103.<\/p>\n\n\n\n<figure class=\"wp-block-image\"><img decoding=\"async\" src=\"https:\/\/haircenterofturkey.com\/wp-content\/uploads\/2025\/02\/What-Age-Does-Male-Pattern-Baldness-8.webp\" alt=\"What Age Does Male Pattern Baldness Start?\" title=\"\"><\/figure>\n\n\n\n<p class=\"wp-block-paragraph\"><\/p>\n\n\n\n<h3 class=\"wp-block-heading\" id=\"clinic-based-options\">Op\u021biuni bazate pe clinic\u0103<\/h3>\n\n\n\n<ul class=\"wp-block-list\">\n<li>PRP (plasm\u0103 bogat\u0103 \u00een trombocite): injec\u021bii care pot sus\u021bine activitatea folicular\u0103 la pacien\u021bi selecta\u021bi.<\/li>\n\n\n\n<li>Opera\u021bie de transplant de p\u0103r: o redistribuire permanent\u0103 a foliculilor, de obicei considerat\u0103 odat\u0103 ce pierderea este suficient de stabil\u0103 pentru a planifica un design pe termen lung.<\/li>\n<\/ul>\n\n\n\n<p class=\"wp-block-paragraph\">Un transplant nu opre\u0219te sub\u021bierea viitoare \u00een zonele netransplantate, a\u0219a c\u0103 planificarea pe termen lung \u0219i terapia medical\u0103 fac adesea parte din strategie.<\/p>\n\n\n\n<figure class=\"wp-block-image\"><img decoding=\"async\" src=\"https:\/\/haircenterofturkey.com\/wp-content\/uploads\/2025\/02\/What-Age-Does-Male-Pattern-Baldness-9.webp\" alt=\"What Age Does Male Pattern Baldness Start?\" title=\"\"><\/figure>\n\n\n\n<p class=\"wp-block-paragraph\"><\/p>\n\n\n\n<h2 class=\"wp-block-heading\" id=\"when-to-see-a-specialist\">C\u00e2nd s\u0103 vezi un specialist<\/h2>\n\n\n\n<p class=\"wp-block-paragraph\">Rezerva\u021bi o evaluare profesional\u0103 dac\u0103 observa\u021bi c\u0103derea rapid\u0103, c\u0103derea neted\u0103 a p\u0103rului, dureri ale scalpului, descuamare sau sub\u021biere brusc\u0103 \u00een c\u00e2teva luni. Aceste caracteristici pot indica alte condi\u021bii dec\u00e2t chelie masculin\u0103.<\/p>\n\n\n\n<p class=\"wp-block-paragraph\">Un dermatolog sau un clinician de restaurare a p\u0103rului poate confirma diagnosticul, poate pune \u00een stadiu modelul \u0219i poate construi un plan care se potrive\u0219te cu calendarul \u0219i bugetul dvs.<\/p>\n\n\n\n<h2 class=\"wp-block-heading\" id=\"f-a-q\">F.A.Q<\/h2>\n\n\n<div id=\"rank-math-faq\" class=\"rank-math-block\">\n<div class=\"rank-math-list \">\n<div id=\"faq-question-1771493054755\" class=\"rank-math-list-item\">\n<h3 class=\"rank-math-question \">Care este v\u00e2rsta medie \u00een care b\u0103rba\u021bii \u00eencep s\u0103 chelie?<\/h3>\n<div class=\"rank-math-answer \">\n\n<p>La sf\u00e2r\u0219itul anilor 20 p\u00e2n\u0103 la \u00eenceputul anilor 30 este un debut mediu, de\u0219i poate \u00eencepe mai devreme.<\/p>\n\n<\/div>\n<\/div>\n<div id=\"faq-question-1771493055507\" class=\"rank-math-list-item\">\n<h3 class=\"rank-math-question \">Cum s\u0103-\u021bi dai seama dac\u0103 un b\u0103rbat va chel?<\/h3>\n<div class=\"rank-math-answer \">\n\n<p>Istoria familiei plus recesiunea timpurie a templului, sub\u021bierea coroanei \u0219i firele de p\u0103r miniaturizate sugereaz\u0103 c\u0103lbirea viitoare.<\/p>\n\n<\/div>\n<\/div>\n<div id=\"faq-question-1771493056291\" class=\"rank-math-list-item\">\n<h3 class=\"rank-math-question \">Este mai bine s\u0103 prindem devreme c\u0103derea p\u0103rului?<\/h3>\n<div class=\"rank-math-answer \">\n\n<p>Da; tratamentul precoce poate \u00eencetini progresia \u0219i poate p\u0103stra mai mult p\u0103r.<\/p>\n\n<\/div>\n<\/div>\n<div id=\"faq-question-1771493056676\" class=\"rank-math-list-item\">\n<h3 class=\"rank-math-question \">Ce accelereaz\u0103 chelie masculin\u0103?<\/h3>\n<div class=\"rank-math-answer \">\n\n<p>Genetica \u0219i androgenii o conduc; fumatul, stresul, steroizii \u0219i inflama\u021bia se pot accelera.<\/p>\n\n<\/div>\n<\/div>\n<div id=\"faq-question-1771493057163\" class=\"rank-math-list-item\">\n<h3 class=\"rank-math-question \">Cum arat\u0103 stadiul 1 de chelie?<\/h3>\n<div class=\"rank-math-answer \">\n\n<p>Etapa 1 prezint\u0103 pu\u021bin\u0103 sau deloc recesiune, cu o linie a p\u0103rului t\u00e2n\u0103r\u0103 \u0219i densitate complet\u0103.<\/p>\n\n<\/div>\n<\/div>\n<\/div>\n<\/div>","protected":false},"excerpt":{"rendered":"<p>La ce v\u00e2rst\u0103 \u00eencepe chelia masculin\u0103? R\u0103spuns rapid: Calvi\u021bia masculin\u0103 poate \u00eencepe oric\u00e2nd dup\u0103 pubertate, dar majoritatea b\u0103rba\u021bilor observ\u0103 mai \u00eent\u00e2i o retragere a firului de p\u0103r sau sub\u021bierea coroanei la 20 sau 30 de ani. Debutul adolescentului este posibil cu un istoric familial puternic. Progresia variaz\u0103, iar tratamentul precoce poate \u00eencetini adesea eliminarea \u0219i [&hellip;]<\/p>\n","protected":false},"author":2,"featured_media":18683,"comment_status":"closed","ping_status":"closed","sticky":false,"template":"","format":"standard","meta":{"footnotes":"","rank_math_title":"","rank_math_description":"Calvi\u021bia masculin\u0103 poate \u00eencepe \u00eenc\u0103 de la sf\u00e2r\u0219itul adolescen\u021bei sau la \u00eenceputul anilor dou\u0103zeci, dar majoritatea o observ\u0103 p\u00e2n\u0103 la v\u00e2rsta de 30 de ani. Face\u021bi clic pentru informa\u021bii.","rank_math_focus_keyword":"","rank_math_canonical_url":"","rank_math_breadcrumb_title":"","rank_math_facebook_title":"","rank_math_facebook_description":"","rank_math_facebook_image":"","rank_math_twitter_title":"","rank_math_twitter_description":"","rank_math_twitter_image":"","rank_math_pillar_content":""},"categories":[968,987],"tags":[],"class_list":["post-53040","post","type-post","status-publish","format-standard","has-post-thumbnail","hentry","category-blog","category-caderea-parului"],"_links":{"self":[{"href":"https:\/\/haircenterofturkey.com\/ro\/wp-json\/wp\/v2\/posts\/53040","targetHints":{"allow":["GET"]}}],"collection":[{"href":"https:\/\/haircenterofturkey.com\/ro\/wp-json\/wp\/v2\/posts"}],"about":[{"href":"https:\/\/haircenterofturkey.com\/ro\/wp-json\/wp\/v2\/types\/post"}],"author":[{"embeddable":true,"href":"https:\/\/haircenterofturkey.com\/ro\/wp-json\/wp\/v2\/users\/2"}],"replies":[{"embeddable":true,"href":"https:\/\/haircenterofturkey.com\/ro\/wp-json\/wp\/v2\/comments?post=53040"}],"version-history":[{"count":3,"href":"https:\/\/haircenterofturkey.com\/ro\/wp-json\/wp\/v2\/posts\/53040\/revisions"}],"predecessor-version":[{"id":60606,"href":"https:\/\/haircenterofturkey.com\/ro\/wp-json\/wp\/v2\/posts\/53040\/revisions\/60606"}],"wp:featuredmedia":[{"embeddable":true,"href":"https:\/\/haircenterofturkey.com\/ro\/wp-json\/wp\/v2\/media\/18683"}],"wp:attachment":[{"href":"https:\/\/haircenterofturkey.com\/ro\/wp-json\/wp\/v2\/media?parent=53040"}],"wp:term":[{"taxonomy":"category","embeddable":true,"href":"https:\/\/haircenterofturkey.com\/ro\/wp-json\/wp\/v2\/categories?post=53040"},{"taxonomy":"post_tag","embeddable":true,"href":"https:\/\/haircenterofturkey.com\/ro\/wp-json\/wp\/v2\/tags?post=53040"}],"curies":[{"name":"wp","href":"https:\/\/api.w.org\/{rel}","templated":true}]}}