{"id":52970,"date":"2025-03-08T07:05:14","date_gmt":"2025-03-08T04:05:14","guid":{"rendered":"https:\/\/haircenterofturkey.com\/?p=52970"},"modified":"2026-08-31T14:53:57","modified_gmt":"2026-08-31T11:53:57","slug":"ce-este-un-widows-peak-hairline-genetica-prevalenta-si-perspective-estetice","status":"publish","type":"post","link":"https:\/\/haircenterofturkey.com\/ro\/ce-este-un-widows-peak-hairline-genetica-prevalenta-si-perspective-estetice\/","title":{"rendered":"Ce este un Widow\u2019s Peak Hairline? Genetic\u0103, prevalen\u021b\u0103 \u0219i perspective estetice"},"content":{"rendered":"\n<h2 class=\"wp-block-heading\" id=\"what-is-a-widows-peak-hairline\">Ce este linia p\u0103rului de v\u00e2rf a unei v\u0103duve?<\/h2>\n\n\n\n<p class=\"wp-block-paragraph\"><strong data-start=\"456\" data-end=\"554\">Linia de v\u00e2rf a p\u0103rului v\u0103duvei este un punct natural \u00een form\u0103 de V \u00een centrul frun\u021bii.<\/strong><br data-start=\"554\" data-end=\"557\">Este o tr\u0103s\u0103tur\u0103 genetic\u0103 observat\u0103 at\u00e2t la b\u0103rba\u021bi, c\u00e2t \u0219i la femei \u0219i nu este, \u00een sine, un semn de c\u0103dere a p\u0103rului sau de chelie.<\/p>\n\n\n\n<div class=\"wp-block-rank-math-toc-block\" id=\"rank-math-toc\"><h2>Table of Contents<\/h2><nav><ul><li><a href=\"#what-is-a-widows-peak-hairline\">Ce este linia p\u0103rului de v\u00e2rf a unei v\u0103duve?<\/a><\/li><li><a href=\"#what-defines-a-widows-peak\">Ce define\u0219te v\u00e2rful unei v\u0103duve?<\/a><\/li><li><a href=\"#is-a-widows-peak-common\">Este un v\u00e2rf de v\u0103duv\u0103 comun?<\/a><\/li><li><a href=\"#does-a-widows-peak-mean-hair-loss\">V\u00e2rful unei v\u0103duve \u00eenseamn\u0103 c\u0103derea p\u0103rului?<\/a><\/li><li><a href=\"#can-a-widows-peak-change-over-time\">Se poate schimba v\u00e2rful unei v\u0103duve \u00een timp?<\/a><\/li><li><a href=\"#are-there-treatments-for-a-widows-peak\">Exist\u0103 tratamente pentru v\u00e2rful v\u0103duvei?<\/a><\/li><li><a href=\"#how-does-a-widows-peak-affect-appearance\">Cum afecteaz\u0103 v\u00e2rful unei v\u0103duve aspectul?<\/a><\/li><li><a href=\"#why-do-some-people-want-to-change-their-widows-peak\">De ce vor unii oameni s\u0103-\u0219i schimbe v\u00e2rful v\u0103duvei?<\/a><\/li><li><a href=\"#can-you-prevent-a-widows-peak\">Pute\u021bi preveni v\u00e2rful v\u0103duvei?<\/a><\/li><li><a href=\"#widows-peak-and-baldness-is-there-a-connection\">V\u00e2rful v\u0103duvei \u0219i chelie: Exist\u0103 o leg\u0103tur\u0103?<\/a><\/li><li><a href=\"#frequently-asked-questions\">\u00centreb\u0103ri frecvente<\/a><\/li><\/ul><\/nav><\/div>\n\n\n\n<h2 class=\"wp-block-heading\" id=\"what-defines-a-widows-peak\">Ce define\u0219te v\u00e2rful unei v\u0103duve?<\/h2>\n\n\n\n<p class=\"wp-block-paragraph\">V\u00e2rful unei v\u0103duve este identificat printr-o ad\u00e2ncime distinct\u0103 \u00een centrul liniei p\u0103rului care se ridic\u0103 spre t\u00e2mple, form\u00e2nd o form\u0103 de V. Forma poate fi ascu\u021bit\u0103 \u0219i pronun\u021bat\u0103 sau moale \u0219i subtil\u0103, \u00een func\u021bie de factorii genetici.<\/p>\n\n\n\n<p class=\"wp-block-paragraph\">Unii oameni se nasc cu un v\u00e2rf de v\u0103duv\u0103, \u00een timp ce al\u021bii o observ\u0103 mai clar pe m\u0103sur\u0103 ce tr\u0103s\u0103turile fe\u021bei \u0219i modelele de p\u0103r se maturizeaz\u0103 \u00een timp.<\/p>\n\n\n\n<figure class=\"wp-block-image\"><img decoding=\"async\" src=\"https:\/\/haircenterofturkey.com\/wp-content\/uploads\/2025\/03\/Widows-Peak-Hairline-1.webp\" [What is  Peak Prevalence Aesthetic alt=\"\" title=\"\"><\/figure>\n\n\n\n<p class=\"wp-block-paragraph\"><\/p>\n\n\n\n<h2 class=\"wp-block-heading\" id=\"is-a-widows-peak-common\">Este un v\u00e2rf de v\u0103duv\u0103 comun?<\/h2>\n\n\n\n<p class=\"wp-block-paragraph\">Da. Liniile de v\u00e2rf ale v\u0103duvei sunt relativ comune la diferite popula\u021bii. Apar at\u00e2t la b\u0103rba\u021bi, c\u00e2t \u0219i la femei \u0219i pot fi prezente la orice v\u00e2rst\u0103.<\/p>\n\n\n\n<p class=\"wp-block-paragraph\">Vizibilitatea sa devine adesea mai vizibil\u0103 odat\u0103 cu \u00eenaintarea \u00een v\u00e2rst\u0103, cu modific\u0103rile de coafur\u0103 sau cu modific\u0103rile densit\u0103\u021bii p\u0103rului, dar forma firului de p\u0103r \u00een sine este mo\u0219tenit\u0103.<\/p>\n\n\n\n<h2 class=\"wp-block-heading\" id=\"does-a-widows-peak-mean-hair-loss\">V\u00e2rful unei v\u0103duve \u00eenseamn\u0103 c\u0103derea p\u0103rului?<\/h2>\n\n\n\n<p class=\"wp-block-paragraph\">Nu. V\u00e2rful unei v\u0103duve o face <strong data-start=\"1432\" data-end=\"1439\">nu<\/strong> provoac\u0103 c\u0103derea p\u0103rului \u0219i nu este o afec\u021biune medical\u0103.<\/p>\n\n\n\n<p class=\"wp-block-paragraph\">Cu toate acestea, persoanele cu v\u00e2rful v\u0103duvei pot \u00eenc\u0103 experimenta c\u0103derea p\u0103rului din cauza unor factori ne\u00eenrudi\u021bi, cum ar fi genetica, \u00eemb\u0103tr\u00e2nirea, modific\u0103rile hormonale sau alopecia androgenetic\u0103. \u00cen aceste cazuri, v\u00e2rful v\u0103duvei r\u0103m\u00e2ne pur \u0219i simplu parte din forma firului de p\u0103r, \u00een timp ce sub\u021bierea sau recesiunea are loc \u00een alt\u0103 parte.<\/p>\n\n\n\n<figure class=\"wp-block-image\"><img decoding=\"async\" src=\"https:\/\/haircenterofturkey.com\/wp-content\/uploads\/2025\/03\/Widows-Peak-Hairline-2.webp\" [What is  Peak Prevalence Aesthetic alt=\"\" title=\"\"><\/figure>\n\n\n\n<p class=\"wp-block-paragraph\"><\/p>\n\n\n\n<h2 class=\"wp-block-heading\" id=\"can-a-widows-peak-change-over-time\">Se poate schimba v\u00e2rful unei v\u0103duve \u00een timp?<\/h2>\n\n\n\n<p class=\"wp-block-paragraph\">Forma de baz\u0103 a v\u00e2rfului unei v\u0103duve este genetic\u0103 \u0219i permanent\u0103. Acestea fiind spuse, aspectul s\u0103u se poate schimba dac\u0103 densitatea p\u0103rului scade sau se dezvolt\u0103 recesiunea la t\u00e2mple.<\/p>\n\n\n\n<p class=\"wp-block-paragraph\">C\u0103derea p\u0103rului poate face ca v\u00e2rful s\u0103 par\u0103 mai proeminent, dar v\u00e2rful v\u0103duvei \u00een sine nu este cauza recesiunii.<\/p>\n\n\n\n<h2 class=\"wp-block-heading\" id=\"are-there-treatments-for-a-widows-peak\">Exist\u0103 tratamente pentru v\u00e2rful v\u0103duvei?<\/h2>\n\n\n\n<p class=\"wp-block-paragraph\">V\u00e2rful unei v\u0103duve nu necesit\u0103 tratament. Modific\u0103rile cosmetice sunt pur op\u021bionale \u0219i se bazeaz\u0103 pe preferin\u021bele personale.<\/p>\n\n\n\n<p class=\"wp-block-paragraph\">Op\u021biunile pe care unii oameni le consider\u0103 includ:<\/p>\n\n\n\n<ul class=\"wp-block-list\">\n<li><br><p data-start=\"2291\" data-end=\"2363\"><strong data-start=\"2291\" data-end=\"2321\">Proceduri de transplant de p\u0103r<\/strong>, care poate \u00eenmuia sau remodela linia p\u0103rului<\/p><br><\/li>\n\n\n\n<li><br><p data-start=\"2366\" data-end=\"2454\"><strong data-start=\"2366\" data-end=\"2393\">Micropigmentarea scalpului<\/strong>, care creeaz\u0103 iluzia unei linii de p\u0103r mai pline \u0219i mai drepte<\/p><br><\/li>\n\n\n\n<li><br><p data-start=\"2457\" data-end=\"2549\"><strong data-start=\"2457\" data-end=\"2479\">Tehnici de styling<\/strong>, cum ar fi t\u0103ieturi \u00een straturi sau stiluri cu franjuri, pentru a echilibra propor\u021biile fe\u021bei<\/p><br><\/li>\n<\/ul>\n\n\n\n<p class=\"wp-block-paragraph\">Orice interven\u021bie medical\u0103 sau cosmetic\u0103 trebuie s\u0103 fie ghidat\u0103 de un specialist calificat.<\/p>\n\n\n\n<figure class=\"wp-block-image\"><img decoding=\"async\" src=\"https:\/\/haircenterofturkey.com\/wp-content\/uploads\/2025\/03\/Widows-Peak-Hairline-3.webp\" [What is  Peak Prevalence Aesthetic alt=\"\" title=\"\"><\/figure>\n\n\n\n<p class=\"wp-block-paragraph\"><\/p>\n\n\n\n<h2 class=\"wp-block-heading\" id=\"how-does-a-widows-peak-affect-appearance\">Cum afecteaz\u0103 v\u00e2rful unei v\u0103duve aspectul?<\/h2>\n\n\n\n<p class=\"wp-block-paragraph\">V\u00e2rful unei v\u0103duve poate influen\u021ba echilibrul facial \u00een diferite moduri. Pentru unii, adaug\u0103 caracter \u0219i atrage aten\u021bia asupra ochilor. Pentru al\u021bii, poate accentua fruntea sau se poate sim\u021bi asimetric.<\/p>\n\n\n\n<p class=\"wp-block-paragraph\">Percep\u021bia personal\u0103 joac\u0103 un rol important, motiv pentru care deciziile de styling \u0219i cosmetice variaz\u0103 foarte mult de la un individ.<\/p>\n\n\n\n<figure class=\"wp-block-image\"><img decoding=\"async\" src=\"https:\/\/haircenterofturkey.com\/wp-content\/uploads\/2025\/03\/Widows-Peak-Hairline-4.webp\" [What is  Peak Prevalence Aesthetic alt=\"\" title=\"\"><\/figure>\n\n\n\n<p class=\"wp-block-paragraph\"><\/p>\n\n\n\n<h2 class=\"wp-block-heading\" id=\"why-do-some-people-want-to-change-their-widows-peak\">De ce vor unii oameni s\u0103-\u0219i schimbe v\u00e2rful v\u0103duvei?<\/h2>\n\n\n\n<p class=\"wp-block-paragraph\">Motivele variaz\u0103 \u0219i includ adesea preferin\u021be estetice, simetrie facial\u0103 sau \u00eencredere. Unii oameni prefer\u0103 o linie mai dreapt\u0103, \u00een timp ce al\u021bii \u00eembr\u0103\u021bi\u0219eaz\u0103 unicitatea v\u00e2rfului unei v\u0103duve.<\/p>\n\n\n\n<p class=\"wp-block-paragraph\">Op\u021biunile moderne de restaurare a p\u0103rului \u0219i cosmetice permit indivizilor s\u0103 aleag\u0103 ceea ce se aliniaz\u0103 cel mai bine cu imaginea lor de sine.<\/p>\n\n\n\n<h2 class=\"wp-block-heading\" id=\"can-you-prevent-a-widows-peak\">Pute\u021bi preveni v\u00e2rful v\u0103duvei?<\/h2>\n\n\n\n<p class=\"wp-block-paragraph\">Nu. Deoarece v\u00e2rful unei v\u0103duve este determinat genetic, nu poate fi prevenit.<\/p>\n\n\n\n<p class=\"wp-block-paragraph\">Men\u021binerea s\u0103n\u0103t\u0103\u021bii generale a p\u0103rului prin \u00eengrijire bl\u00e2nd\u0103, nutri\u021bie adecvat\u0103 \u0219i evitarea trac\u021biunii sau a deterior\u0103rii chimice poate ajuta la prevenirea sub\u021bierii care poate exagera aspectul liniei p\u0103rului \u00een timp.<\/p>\n\n\n\n<figure class=\"wp-block-image\"><img decoding=\"async\" src=\"https:\/\/haircenterofturkey.com\/wp-content\/uploads\/2025\/03\/Widows-Peak-Hairline-5.webp\" [What is  Peak Prevalence Aesthetic alt=\"\" title=\"\"><\/figure>\n\n\n\n<p class=\"wp-block-paragraph\"><\/p>\n\n\n\n<h2 class=\"wp-block-heading\" id=\"widows-peak-and-baldness-is-there-a-connection\">V\u00e2rful v\u0103duvei \u0219i chelie: Exist\u0103 o leg\u0103tur\u0103?<\/h2>\n\n\n\n<p class=\"wp-block-paragraph\">V\u00e2rful unei v\u0103duve nu provoac\u0103 chelie. \u00cen timp ce unele persoane cu aceast\u0103 linie de p\u0103r pot dezvolta mai t\u00e2rziu c\u0103derea p\u0103rului cu model masculin sau feminin, cele dou\u0103 nu sunt legate direct.<\/p>\n\n\n\n<p class=\"wp-block-paragraph\">Prezen\u021ba v\u00e2rfului v\u0103duvei nu prezice dac\u0103 cineva va deveni chel.<\/p>\n\n\n\n<h2 class=\"wp-block-heading\" id=\"frequently-asked-questions\">\u00centreb\u0103ri frecvente<\/h2>\n\n\n<div id=\"rank-math-faq\" class=\"rank-math-block\">\n<div class=\"rank-math-list \">\n<div id=\"faq-question-1771484022734\" class=\"rank-math-list-item\">\n<h3 class=\"rank-math-question \">Ce genotip ar putea avea o persoan\u0103 cu v\u00e2rf de v\u0103duv\u0103?<\/h3>\n<div class=\"rank-math-answer \">\n\n<p>WW sau Ww, adic\u0103 cel pu\u021bin o alela dominant\u0103 de v\u00e2rf a v\u0103duvei.<\/p>\n\n<\/div>\n<\/div>\n<div id=\"faq-question-1771484023495\" class=\"rank-math-list-item\">\n<h3 class=\"rank-math-question \">Ce form\u0103 a fe\u021bei are v\u00e2rful unei v\u0103duve?<\/h3>\n<div class=\"rank-math-answer \">\n\n<p>Orice form\u0103 de fa\u021b\u0103 poate avea un v\u00e2rf de v\u0103duv\u0103; nu este legat de o singur\u0103 form\u0103.<\/p>\n\n<\/div>\n<\/div>\n<div id=\"faq-question-1771484024119\" class=\"rank-math-list-item\">\n<h3 class=\"rank-math-question \">La ce v\u00e2rst\u0103 apare de obicei v\u00e2rful v\u0103duvei?<\/h3>\n<div class=\"rank-math-answer \">\n\n<p>De la na\u0219tere; poate deveni mai vizibil\u0103 \u00een copil\u0103rie sau adolescen\u021b\u0103.<\/p>\n\n<\/div>\n<\/div>\n<div id=\"faq-question-1771484026161\" class=\"rank-math-list-item\">\n<h3 class=\"rank-math-question \">Care este cea mai atractiv\u0103 linie de p\u0103r?<\/h3>\n<div class=\"rank-math-answer \">\n\n<p>Cel mai adesea se prefer\u0103 o linie natural\u0103, simetric\u0103, care se potrive\u0219te fe\u021bei.<\/p>\n\n<\/div>\n<\/div>\n<div id=\"faq-question-1771484026744\" class=\"rank-math-list-item\">\n<h3 class=\"rank-math-question \">Este adev\u0103rat\u0103 chestia cu p\u0103rul tat\u0103lui mamei?<\/h3>\n<div class=\"rank-math-answer \">\n\n<p>Par\u021bial: riscul de chelie este poligenic; bunicul matern \u00eel poate influen\u021ba, dar nu \u00eel poate determina.<\/p>\n\n<\/div>\n<\/div>\n<\/div>\n<\/div>","protected":false},"excerpt":{"rendered":"<p>Ce este linia p\u0103rului de v\u00e2rf a unei v\u0103duve? Linia de v\u00e2rf a p\u0103rului v\u0103duvei este un punct natural \u00een form\u0103 de V \u00een centrul frun\u021bii.Este o tr\u0103s\u0103tur\u0103 genetic\u0103 observat\u0103 at\u00e2t la b\u0103rba\u021bi, c\u00e2t \u0219i la femei \u0219i nu este, \u00een sine, un semn de c\u0103dere a p\u0103rului sau de chelie. Ce define\u0219te v\u00e2rful unei [&hellip;]<\/p>\n","protected":false},"author":2,"featured_media":690,"comment_status":"closed","ping_status":"closed","sticky":false,"template":"","format":"standard","meta":{"footnotes":"","rank_math_title":"","rank_math_description":"Linia p\u0103rului de v\u00e2rf a unei v\u0103duve este o form\u0103 natural\u0103 a firului de p\u0103r care formeaz\u0103 un punct V distinct \u00een centrul frun\u021bii. Face\u021bi clic pentru informa\u021bii.","rank_math_focus_keyword":"","rank_math_canonical_url":"","rank_math_breadcrumb_title":"","rank_math_facebook_title":"","rank_math_facebook_description":"","rank_math_facebook_image":"","rank_math_twitter_title":"","rank_math_twitter_description":"","rank_math_twitter_image":"","rank_math_pillar_content":""},"categories":[968,987],"tags":[],"class_list":["post-52970","post","type-post","status-publish","format-standard","has-post-thumbnail","hentry","category-blog","category-caderea-parului"],"_links":{"self":[{"href":"https:\/\/haircenterofturkey.com\/ro\/wp-json\/wp\/v2\/posts\/52970","targetHints":{"allow":["GET"]}}],"collection":[{"href":"https:\/\/haircenterofturkey.com\/ro\/wp-json\/wp\/v2\/posts"}],"about":[{"href":"https:\/\/haircenterofturkey.com\/ro\/wp-json\/wp\/v2\/types\/post"}],"author":[{"embeddable":true,"href":"https:\/\/haircenterofturkey.com\/ro\/wp-json\/wp\/v2\/users\/2"}],"replies":[{"embeddable":true,"href":"https:\/\/haircenterofturkey.com\/ro\/wp-json\/wp\/v2\/comments?post=52970"}],"version-history":[{"count":2,"href":"https:\/\/haircenterofturkey.com\/ro\/wp-json\/wp\/v2\/posts\/52970\/revisions"}],"predecessor-version":[{"id":60425,"href":"https:\/\/haircenterofturkey.com\/ro\/wp-json\/wp\/v2\/posts\/52970\/revisions\/60425"}],"wp:featuredmedia":[{"embeddable":true,"href":"https:\/\/haircenterofturkey.com\/ro\/wp-json\/wp\/v2\/media\/690"}],"wp:attachment":[{"href":"https:\/\/haircenterofturkey.com\/ro\/wp-json\/wp\/v2\/media?parent=52970"}],"wp:term":[{"taxonomy":"category","embeddable":true,"href":"https:\/\/haircenterofturkey.com\/ro\/wp-json\/wp\/v2\/categories?post=52970"},{"taxonomy":"post_tag","embeddable":true,"href":"https:\/\/haircenterofturkey.com\/ro\/wp-json\/wp\/v2\/tags?post=52970"}],"curies":[{"name":"wp","href":"https:\/\/api.w.org\/{rel}","templated":true}]}}