{"id":52726,"date":"2025-03-24T13:57:35","date_gmt":"2025-03-24T10:57:35","guid":{"rendered":"https:\/\/haircenterofturkey.com\/?p=52726"},"modified":"2026-08-31T14:00:13","modified_gmt":"2026-08-31T11:00:13","slug":"cauzele-cheliei-la-barbati-si-femei","status":"publish","type":"post","link":"https:\/\/haircenterofturkey.com\/ro\/cauzele-cheliei-la-barbati-si-femei\/","title":{"rendered":"Cauzele cheliei la b\u0103rba\u021bi \u0219i femei"},"content":{"rendered":"\n<h2 class=\"wp-block-heading\" id=\"causes-of-baldness-in-men-and-women\">Cauze ale cheliei la b\u0103rba\u021bi \u0219i femei<\/h2>\n\n\n\n<p class=\"wp-block-paragraph\">Calvi\u021bia (alopecia) apare din mai multe motive, dar cel mai frecvent este c\u0103derea p\u0103rului cu model genetic (alopecia androgenetic\u0103). Schimb\u0103rile hormonale, bolile tiroidiene, afec\u021biunile autoimune precum alopecia areata, pierderile legate de stres, golurile nutri\u021bionale \u0219i trac\u021biunea de la coafuri str\u00e2nse pot duce, de asemenea, la sub\u021biere. Tratamentul potrivit depinde de cauz\u0103, deci diagnosticul conteaz\u0103.<\/p>\n\n\n\n<div class=\"wp-block-rank-math-toc-block\" id=\"rank-math-toc\"><h2>Table of Contents<\/h2><nav><ul><li><a href=\"#causes-of-baldness-in-men-and-women\">Cauze ale cheliei la b\u0103rba\u021bi \u0219i femei<\/a><\/li><li><a href=\"#why-baldness-happens\">De ce se \u00eent\u00e2mpl\u0103 chelie<\/a><\/li><li><a href=\"#genetic-pattern-hair-loss\">C\u0103derea p\u0103rului cu model genetic<\/a><ul><li><a href=\"#how-it-looks-in-men\">Cum arat\u0103 la b\u0103rba\u021bi<\/a><\/li><li><a href=\"#how-it-looks-in-women\">Cum arat\u0103 la femei<\/a><\/li><\/ul><\/li><li><a href=\"#hormonal-and-medical-causes\">Cauze hormonale \u0219i medicale<\/a><ul><li><a href=\"#dht-sensitivity\">Sensibilitate la DHT<\/a><\/li><li><a href=\"#menopause-and-postpartum-changes\">Menopauza \u0219i modific\u0103ri postpartum<\/a><\/li><li><a href=\"#thyroid-disorders\">Tulbur\u0103ri tiroidiene<\/a><\/li><li><a href=\"#autoimmune-hair-loss\">C\u0103derea p\u0103rului autoimun\u0103<\/a><\/li><\/ul><\/li><li><a href=\"#external-and-lifestyle-factors\">Factori externi \u0219i stil de via\u021b\u0103<\/a><ul><li><a href=\"#stress-related-shedding-telogen-effluvium\">Deversare legat\u0103 de stres (efluviu telogen)<\/a><\/li><li><a href=\"#nutritional-deficiencies\">Deficien\u021be nutri\u021bionale<\/a><\/li><li><a href=\"#traction-and-chemical-damage\">Trac\u021biune \u0219i daune chimice<\/a><\/li><li><a href=\"#scalp-conditions-and-inflammation\">Condi\u021bii ale scalpului \u0219i inflama\u021bie<\/a><\/li><\/ul><\/li><li><a href=\"#how-to-figure-out-the-cause\">Cum s\u0103 descoperi\u021bi cauza<\/a><\/li><li><a href=\"#treatment-and-prevention-options\">Op\u021biuni de tratament \u0219i prevenire<\/a><\/li><li><a href=\"#when-to-seek-medical-advice\">C\u00e2nd s\u0103 solicita\u021bi sfatul medicului<\/a><\/li><li><a href=\"#fa-qs\">\u00centreb\u0103ri frecvente<\/a><\/li><\/ul><\/nav><\/div>\n\n\n\n<h2 class=\"wp-block-heading\" id=\"why-baldness-happens\">De ce se \u00eent\u00e2mpl\u0103 chelie<\/h2>\n\n\n\n<p class=\"wp-block-paragraph\">P\u0103rul trece \u00een mod constant prin fazele de cre\u0219tere, tranzi\u021bie \u0219i c\u0103dere. C\u00e2nd foliculii se mic\u0219oreaz\u0103, faza de cre\u0219tere se scurteaz\u0103 sau pierderea cre\u0219te, densitatea p\u0103rului scade \u00een timp. Unele cauze sunt treptate \u0219i previzibile, \u00een timp ce altele sunt bru\u0219te \u0219i neregulate \u2013 iar acele diferen\u021be ajut\u0103 la ghidarea pasului urm\u0103tor.<\/p>\n\n\n\n<figure class=\"wp-block-image\"><img decoding=\"async\" src=\"https:\/\/haircenterofturkey.com\/wp-content\/uploads\/2025\/03\/causes-hair-loss-in-woman-and-man-2.webp\" alt=\"Causes of Baldness in Men and Women\" title=\"\"><\/figure>\n\n\n\n<p class=\"wp-block-paragraph\"><\/p>\n\n\n\n<h2 class=\"wp-block-heading\" id=\"genetic-pattern-hair-loss\">C\u0103derea p\u0103rului cu model genetic<\/h2>\n\n\n\n<p class=\"wp-block-paragraph\">Alopecia androgenetic\u0103 este cea mai frecvent\u0103 cauz\u0103 a sub\u021bierii pe termen lung la ambele sexe. Este influen\u021bat\u0103 de genetic\u0103 \u0219i de sensibilitatea hormonal\u0103, \u00een special la dihidrotestosteron (DHT). De-a lungul timpului, foliculii susceptibili se miniaturizeaz\u0103, produc\u00e2nd fire de p\u0103r mai fine, p\u00e2n\u0103 c\u00e2nd ace\u0219tia pot \u00eenceta s\u0103 produc\u0103 p\u0103r vizibil.<\/p>\n\n\n\n<h3 class=\"wp-block-heading\" id=\"how-it-looks-in-men\">Cum arat\u0103 la b\u0103rba\u021bi<\/h3>\n\n\n\n<p class=\"wp-block-paragraph\">C\u0103derea p\u0103rului cu model masculin \u00eencepe adesea cu recesiune la t\u00e2mple \u0219i sub\u021bierea la nivelul coroanei. Tiparul progreseaz\u0103 de obicei lent de-a lungul anilor. Tratamentul precoce poate ajuta la \u00eencetinirea miniaturiz\u0103rii \u0219i la protejarea p\u0103rului existent.<\/p>\n\n\n\n<h3 class=\"wp-block-heading\" id=\"how-it-looks-in-women\">Cum arat\u0103 la femei<\/h3>\n\n\n\n<p class=\"wp-block-paragraph\">C\u0103derea p\u0103rului model feminin este mai des o reducere difuz\u0103 a densit\u0103\u021bii peste linia superioar\u0103 \u0219i par\u021bial\u0103, mai degrab\u0103 dec\u00e2t o linie de p\u0103r \u00een retragere. Calvi\u021bia complet\u0103 este neobi\u0219nuit\u0103, dar impactul cosmetic poate fi totu\u0219i semnificativ. Multe femei \u00eel observ\u0103 \u00een jurul tranzi\u021biilor hormonale, de\u0219i poate \u00eencepe mai devreme.<\/p>\n\n\n\n<figure class=\"wp-block-image\"><img decoding=\"async\" src=\"https:\/\/haircenterofturkey.com\/wp-content\/uploads\/2025\/03\/causing-hair-loss-men-and-woman-w.webp\" alt=\"Causes of Baldness in Men and Women\" title=\"\"><\/figure>\n\n\n\n<p class=\"wp-block-paragraph\"><\/p>\n\n\n\n<h2 class=\"wp-block-heading\" id=\"hormonal-and-medical-causes\">Cauze hormonale \u0219i medicale<\/h2>\n\n\n\n<p class=\"wp-block-paragraph\">Nu toat\u0103 sub\u021bierea este genetic\u0103. Modific\u0103rile hormonale \u0219i condi\u021biile medicale pot schimba foliculii \u00eentr-o faz\u0103 de pierdere sau pot modifica calitatea firului de p\u0103r. Tratarea problemei de baz\u0103 \u00eembun\u0103t\u0103\u021be\u0219te adesea eliminarea, chiar dac\u0103 nu inverseaz\u0103 complet miniaturizarea de lung\u0103 durat\u0103.<\/p>\n\n\n\n<h3 class=\"wp-block-heading\" id=\"dht-sensitivity\">Sensibilitate la DHT<\/h3>\n\n\n\n<p class=\"wp-block-paragraph\">DHT este un produs secundar al testosteronului care se poate lega de receptorii din foliculii susceptibili \u0219i contribuie la sub\u021bierea progresiv\u0103. Acesta este motivul pentru care tratamentele care reduc DHT sau ii blocheaza efectul sunt discutate frecvent pentru alopecia androgenetica. Un medic v\u0103 poate ajuta s\u0103 decid\u0103 ce este potrivit \u00een func\u021bie de sex, v\u00e2rst\u0103 \u0219i istoricul de s\u0103n\u0103tate.<\/p>\n\n\n\n<h3 class=\"wp-block-heading\" id=\"menopause-and-postpartum-changes\">Menopauza \u0219i modific\u0103ri postpartum<\/h3>\n\n\n\n<p class=\"wp-block-paragraph\">Estrogenul \u0219i progesteronul ajut\u0103 la sus\u021binerea ciclului de cre\u0219tere a p\u0103rului. Dup\u0103 menopauz\u0103 sau dup\u0103 sarcin\u0103, c\u00e2nd nivelurile hormonale se schimb\u0103, unii oameni observ\u0103 o pierdere crescut\u0103 sau o sub\u021biere general\u0103. Dac\u0103 v\u0103rsarea este brusc\u0103 sau grea, merit\u0103 s\u0103 exclude\u021bi deficitul de fier \u0219i problemele tiroidiene, deoarece acestea se pot suprapune.<\/p>\n\n\n\n<h3 class=\"wp-block-heading\" id=\"thyroid-disorders\">Tulbur\u0103ri tiroidiene<\/h3>\n\n\n\n<p class=\"wp-block-paragraph\">At\u00e2t hipotiroidismul, c\u00e2t \u0219i hipertiroidismul pot provoca c\u0103deri difuze \u0219i modific\u0103ri ale texturii p\u0103rului. Dac\u0103 c\u0103derea p\u0103rului vine cu oboseal\u0103, modific\u0103ri de greutate, intoleran\u021b\u0103 la c\u0103ldur\u0103\/frig sau modific\u0103ri ale ritmului cardiac, testarea tiroidian\u0103 poate face parte dintr-un studiu sensibil. P\u0103rul se \u00eembun\u0103t\u0103\u021be\u0219te adesea odat\u0103 ce nivelul tiroidei este controlat, de\u0219i poate dura luni de zile.<\/p>\n\n\n\n<h3 class=\"wp-block-heading\" id=\"autoimmune-hair-loss\">C\u0103derea p\u0103rului autoimun\u0103<\/h3>\n\n\n\n<p class=\"wp-block-paragraph\">Alopecia areata poate provoca pete bru\u0219te, rotunde sau ovale de c\u0103dere a p\u0103rului \u0219i poate afecta scalpul, barba sau spr\u00e2ncenele. De obicei, scalpul arat\u0103 neted, de\u0219i pot ap\u0103rea m\u00e2nc\u0103rimi sau furnic\u0103turi. Deoarece c\u0103derea p\u0103rului autoimun\u0103 are tratamente diferite fa\u021b\u0103 de sub\u021bierea modelului, diagnosticul de c\u0103tre un dermatolog este important.<\/p>\n\n\n\n<figure class=\"wp-block-image\"><img decoding=\"async\" src=\"https:\/\/haircenterofturkey.com\/wp-content\/uploads\/2025\/03\/causes-hair-loss-in-woman-and-man-4.webp\" alt=\"Causes of Baldness in Men and Women\" title=\"\"><\/figure>\n\n\n\n<p class=\"wp-block-paragraph\"><\/p>\n\n\n\n<h2 class=\"wp-block-heading\" id=\"external-and-lifestyle-factors\">Factori externi \u0219i stil de via\u021b\u0103<\/h2>\n\n\n\n<p class=\"wp-block-paragraph\">Obiceiurile zilnice nu creeaz\u0103, de obicei, chelie genetic\u0103, dar pot agrava v\u0103rsarea, pot declan\u0219a inflama\u021bii sau pot provoca ruperea care face p\u0103rul s\u0103 par\u0103 mai sub\u021bire. Ace\u0219ti factori sunt relevan\u021bi \u00een special atunci c\u00e2nd c\u0103derea p\u0103rului \u00eencepe brusc sau este asociat\u0103 cu simptome ale scalpului, cum ar fi m\u00e2nc\u0103rime, descuamare sau sensibilitate.<\/p>\n\n\n\n<h3 class=\"wp-block-heading\" id=\"stress-related-shedding-telogen-effluvium\">Deversare legat\u0103 de stres (efluviu telogen)<\/h3>\n\n\n\n<p class=\"wp-block-paragraph\">Factorii de stres majori &#8211; boal\u0103, interven\u021bii chirurgicale, pierdere rapid\u0103 \u00een greutate sau stres emo\u021bional intens &#8211; pot \u00eempinge mai mul\u021bi foliculi \u00een faza de pierdere. Deversarea \u00eencepe adesea la 2-3 luni dup\u0103 declan\u0219are \u0219i poate dura c\u00e2teva luni. Vestea bun\u0103 este c\u0103 de obicei este reversibil\u0103 odat\u0103 ce declan\u0219atorul se rezolv\u0103 \u0219i corpul se stabilizeaz\u0103.<\/p>\n\n\n\n<h3 class=\"wp-block-heading\" id=\"nutritional-deficiencies\">Deficien\u021be nutri\u021bionale<\/h3>\n\n\n\n<p class=\"wp-block-paragraph\">Fierul sc\u0103zut, vitamina D sc\u0103zut, aportul inadecvat de proteine \u0219i alte deficien\u021be pot contribui la c\u0103derea p\u0103rului \u0219i fragil. Suplimentele ajut\u0103 cel mai mult atunci c\u00e2nd corecteaz\u0103 o deficien\u021b\u0103 real\u0103, nu atunci c\u00e2nd sunt luate \u201epentru orice eventualitate\u201d. Dac\u0103 dieta dumneavoastr\u0103 a fost restric\u021bionat\u0103 sau ave\u021bi s\u00e2nger\u0103ri menstruale abundente, testele de laborator pot fi adecvate.<\/p>\n\n\n\n<h3 class=\"wp-block-heading\" id=\"traction-and-chemical-damage\">Trac\u021biune \u0219i daune chimice<\/h3>\n\n\n\n<p class=\"wp-block-paragraph\">Coafurile str\u00e2nse, cum ar fi \u00eempletiturile, cozile de cal, extensiile \u0219i tensiunea constant\u0103 pot duce la alopecie de trac\u021biune, \u00een special de-a lungul liniei p\u0103rului. Coafarea la c\u0103ldur\u0103 \u0219i procesarea chimic\u0103 dure pot, de asemenea, deteriora firul de p\u0103r, provoc\u00e2nd ruperea care imit\u0103 r\u0103rirea. Schimbarea devreme a obiceiurilor de styling poate preveni pierderea permanent\u0103 \u00een zonele predispuse la tensiune.<\/p>\n\n\n\n<h3 class=\"wp-block-heading\" id=\"scalp-conditions-and-inflammation\">Condi\u021bii ale scalpului \u0219i inflama\u021bie<\/h3>\n\n\n\n<p class=\"wp-block-paragraph\">M\u0103trea\u021ba (dermatita seboreic\u0103), psoriazisul, dermatita de contact \u0219i infec\u021biile fungice pot provoca m\u00e2nc\u0103rime, descuamare \u0219i v\u0103rsare. C\u00e2nd scalpul este inflamat, firele de p\u0103r se pot c\u0103lca mai u\u0219or, iar regenerarea poate fi mai lent\u0103. M\u00e2nc\u0103rimea persistent\u0103, durerea, scurgerea sau pierderea neregulat\u0103 trebuie evaluate mai degrab\u0103 dec\u00e2t tratate numai cu produse cosmetice.<\/p>\n\n\n\n<figure class=\"wp-block-image\"><img decoding=\"async\" src=\"https:\/\/haircenterofturkey.com\/wp-content\/uploads\/2025\/03\/scar-alopecia.webp\" alt=\"Causes of Baldness in Men and Women\" title=\"\"><\/figure>\n\n\n\n<p class=\"wp-block-paragraph\"><\/p>\n\n\n\n<h2 class=\"wp-block-heading\" id=\"how-to-figure-out-the-cause\">Cum s\u0103 descoperi\u021bi cauza<\/h2>\n\n\n\n<p class=\"wp-block-paragraph\">\u00cencepe\u021bi prin a observa modelul: sub\u021bierea treptat\u0103 de-a lungul anilor indic\u0103 cauze genetice, \u00een timp ce scurgerea difuz\u0103 brusc\u0103 poate sugera efluviu telogen, boal\u0103 sau deficien\u021b\u0103. Pierderea neregulat\u0103, descuamarea scalpului sau implicarea spr\u00e2ncenelor\/barbii pot sugera cauze autoimune sau inflamatorii. Un dermatolog poate folosi un examen al scalpului, dermatoscopie, test de trac\u021biune \u0219i teste de s\u00e2nge direc\u021bionate atunci c\u00e2nd este indicat.<\/p>\n\n\n\n<h2 class=\"wp-block-heading\" id=\"treatment-and-prevention-options\">Op\u021biuni de tratament \u0219i prevenire<\/h2>\n\n\n\n<p class=\"wp-block-paragraph\">Tratamentul depinde de diagnostic. Pentru pierderea modelului genetic, minoxidilul local \u0219i op\u021biunile de prescrip\u021bie pot ajuta la \u00eencetinirea progresiei \u0219i la \u00eembun\u0103t\u0103\u021birea densit\u0103\u021bii. Pentru afec\u021biunile inflamatorii ale scalpului, \u0219ampoanele medicamentoase sau tratamentele antiinflamatorii pot reduce factorii declan\u0219atori ai pierderii. Opera\u021bia de transplant de p\u0103r este o op\u021biune pentru pacien\u021bii selec\u021biona\u021bi cu aprovizionare stabil\u0103 de donatori \u0219i a\u0219tept\u0103ri realiste.<\/p>\n\n\n\n<h2 class=\"wp-block-heading\" id=\"when-to-seek-medical-advice\">C\u00e2nd s\u0103 solicita\u021bi sfatul medicului<\/h2>\n\n\n\n<p class=\"wp-block-paragraph\">Ob\u021bine\u021bi informa\u021bii profesionale dac\u0103 c\u0103derea p\u0103rului este brusc\u0103, neregulat\u0103 sau asociat\u0103 cu dureri ale scalpului, descuamare groas\u0103, puroi, febr\u0103 sau agravare rapid\u0103. De asemenea, merit\u0103 s\u0103 rezerva\u021bi o evaluare dac\u0103 v\u0103rsarea persist\u0103 peste c\u00e2teva luni, dac\u0103 v\u0103 pierde\u021bi p\u0103rul spr\u00e2ncenelor\/barbii sau dac\u0103 ave\u021bi simptome care sugereaz\u0103 boli tiroidiene sau anemie. Diagnosticul precoce face de obicei tratamentul mai simplu.<\/p>\n\n\n\n<h2 class=\"wp-block-heading\" id=\"fa-qs\">\u00centreb\u0103ri frecvente<\/h2>\n\n\n<div id=\"rank-math-faq\" class=\"rank-math-block\">\n<div class=\"rank-math-list \">\n<div id=\"faq-question-1771417957749\" class=\"rank-math-list-item\">\n<h3 class=\"rank-math-question \">Care este cea mai frecvent\u0103 cauz\u0103 a c\u0103derii p\u0103rului la b\u0103rba\u021bi \u0219i femei?<\/h3>\n<div class=\"rank-math-answer \">\n\n<p>Alopecia androgenetic\u0103 este cea mai frecvent\u0103 cauz\u0103 at\u00e2t la b\u0103rba\u021bi, c\u00e2t \u0219i la femei.<\/p>\n\n<\/div>\n<\/div>\n<div id=\"faq-question-1771417958334\" class=\"rank-math-list-item\">\n<h3 class=\"rank-math-question \">Ce cauzeaz\u0103 chelie masculin\u0103 la femei?<\/h3>\n<div class=\"rank-math-answer \">\n\n<p>C\u0103derea p\u0103rului la modelul feminin este de obicei genetic legat\u0103 de androgeni, uneori agravat\u0103 de tulbur\u0103rile hormonale.<\/p>\n\n<\/div>\n<\/div>\n<div id=\"faq-question-1771417959167\" class=\"rank-math-list-item\">\n<h3 class=\"rank-math-question \">De ce femelele \u00eencep s\u0103 cheleasc\u0103?<\/h3>\n<div class=\"rank-math-answer \">\n\n<p>Genetica plus \u00eemb\u0103tr\u00e2nirea \u0219i schimb\u0103rile hormonale (postpartum, menopauz\u0103) declan\u0219eaz\u0103 de obicei sub\u021bierea modelului feminin.<\/p>\n\n<\/div>\n<\/div>\n<div id=\"faq-question-1771417960164\" class=\"rank-math-list-item\">\n<h3 class=\"rank-math-question \">De ce nu apare chelia la femei?<\/h3>\n<div class=\"rank-math-answer \">\n\n<p>Se \u00eent\u00e2mpl\u0103; estrogenul \u0219i diferen\u021bele de tipar fac chelie complet\u0103 mai pu\u021bin frecvent\u0103.<\/p>\n\n<\/div>\n<\/div>\n<div id=\"faq-question-1771417961168\" class=\"rank-math-list-item\">\n<h3 class=\"rank-math-question \">Ce organ este legat de c\u0103derea p\u0103rului?<\/h3>\n<div class=\"rank-math-answer \">\n\n<p>Disfunc\u021bia glandei tiroide este de obicei legat\u0103 de c\u0103derea difuz\u0103 a p\u0103rului.<\/p>\n\n<\/div>\n<\/div>\n<div id=\"faq-question-1771417961935\" class=\"rank-math-list-item\">\n<h3 class=\"rank-math-question \">Care este Big 3 pentru c\u0103derea p\u0103rului?<\/h3>\n<div class=\"rank-math-answer \">\n\n<p>Finasterida, minoxidilul \u0219i \u0219amponul cu ketoconazol sunt cele \u201e3 mari\u201d obi\u0219nuite.<\/p>\n\n<\/div>\n<\/div>\n<\/div>\n<\/div>","protected":false},"excerpt":{"rendered":"<p>Cauze ale cheliei la b\u0103rba\u021bi \u0219i femei Calvi\u021bia (alopecia) apare din mai multe motive, dar cel mai frecvent este c\u0103derea p\u0103rului cu model genetic (alopecia androgenetic\u0103). Schimb\u0103rile hormonale, bolile tiroidiene, afec\u021biunile autoimune precum alopecia areata, pierderile legate de stres, golurile nutri\u021bionale \u0219i trac\u021biunea de la coafuri str\u00e2nse pot duce, de asemenea, la sub\u021biere. Tratamentul potrivit [&hellip;]<\/p>\n","protected":false},"author":2,"featured_media":710,"comment_status":"closed","ping_status":"closed","sticky":false,"template":"","format":"standard","meta":{"footnotes":"","rank_math_title":"","rank_math_description":"C\u0103derea p\u0103rului at\u00e2t la femei, c\u00e2t \u0219i la b\u0103rba\u021bi poate rezulta din genetic\u0103, modific\u0103ri hormonale, stres, alimenta\u021bie proast\u0103 sau afec\u021biuni medicale. Face\u021bi clic pentru informa\u021bii.","rank_math_focus_keyword":"","rank_math_canonical_url":"","rank_math_breadcrumb_title":"","rank_math_facebook_title":"","rank_math_facebook_description":"","rank_math_facebook_image":"","rank_math_twitter_title":"","rank_math_twitter_description":"","rank_math_twitter_image":"","rank_math_pillar_content":""},"categories":[968,987],"tags":[],"class_list":["post-52726","post","type-post","status-publish","format-standard","has-post-thumbnail","hentry","category-blog","category-caderea-parului"],"_links":{"self":[{"href":"https:\/\/haircenterofturkey.com\/ro\/wp-json\/wp\/v2\/posts\/52726","targetHints":{"allow":["GET"]}}],"collection":[{"href":"https:\/\/haircenterofturkey.com\/ro\/wp-json\/wp\/v2\/posts"}],"about":[{"href":"https:\/\/haircenterofturkey.com\/ro\/wp-json\/wp\/v2\/types\/post"}],"author":[{"embeddable":true,"href":"https:\/\/haircenterofturkey.com\/ro\/wp-json\/wp\/v2\/users\/2"}],"replies":[{"embeddable":true,"href":"https:\/\/haircenterofturkey.com\/ro\/wp-json\/wp\/v2\/comments?post=52726"}],"version-history":[{"count":3,"href":"https:\/\/haircenterofturkey.com\/ro\/wp-json\/wp\/v2\/posts\/52726\/revisions"}],"predecessor-version":[{"id":60393,"href":"https:\/\/haircenterofturkey.com\/ro\/wp-json\/wp\/v2\/posts\/52726\/revisions\/60393"}],"wp:featuredmedia":[{"embeddable":true,"href":"https:\/\/haircenterofturkey.com\/ro\/wp-json\/wp\/v2\/media\/710"}],"wp:attachment":[{"href":"https:\/\/haircenterofturkey.com\/ro\/wp-json\/wp\/v2\/media?parent=52726"}],"wp:term":[{"taxonomy":"category","embeddable":true,"href":"https:\/\/haircenterofturkey.com\/ro\/wp-json\/wp\/v2\/categories?post=52726"},{"taxonomy":"post_tag","embeddable":true,"href":"https:\/\/haircenterofturkey.com\/ro\/wp-json\/wp\/v2\/tags?post=52726"}],"curies":[{"name":"wp","href":"https:\/\/api.w.org\/{rel}","templated":true}]}}