{"id":52714,"date":"2025-04-28T14:08:29","date_gmt":"2025-04-28T11:08:29","guid":{"rendered":"https:\/\/haircenterofturkey.com\/?p=52714"},"modified":"2026-08-31T16:10:36","modified_gmt":"2026-08-31T13:10:36","slug":"harry-styles-este-chel","status":"publish","type":"post","link":"https:\/\/haircenterofturkey.com\/ro\/harry-styles-este-chel\/","title":{"rendered":"Harry Styles este chel?"},"content":{"rendered":"\n<h2 class=\"wp-block-heading\" id=\"is-harry-styles-bald-what-his-hair-looks-like-right-now\"><b>Harry Styles este chel? Cum arat\u0103 p\u0103rul lui chiar acum<\/b><\/h2>\n\n\n\n<p class=\"wp-block-paragraph\"><span style=\"font-weight: 400;\">Nu, nu exist\u0103 nicio dovad\u0103 credibil\u0103 c\u0103 Harry Styles este chel. Zvonurile au venit \u00een mare parte dintr-o t\u0103ietur\u0103 dramatic\u0103 \u0219i c\u00e2teva fotografii nem\u0103gulitoare \u00een care iluminarea \u0219i unghiurile i-au f\u0103cut scalpul mai vizibil. \u00cen apari\u021biile publice care au urmat, p\u0103rul lui a continuat s\u0103 creasc\u0103 normal, ceea ce nu se potrive\u0219te cu modelele tipice de c\u0103dere progresiv\u0103 a p\u0103rului.<\/span><\/p>\n\n\n\n<figure class=\"wp-block-image\"><img decoding=\"async\" src=\"https:\/\/haircenterofturkey.com\/wp-content\/uploads\/2025\/04\/harry-styles-is-bald-1.webp\" alt=\"Is Harry Styles Bald? Here&#039;s What We Know About Harry Styles Hair\" title=\"\"><\/figure>\n\n\n\n<div class=\"wp-block-rank-math-toc-block\" id=\"rank-math-toc\"><h2>Table of Contents<\/h2><nav><ul><li><a href=\"#is-harry-styles-bald-what-his-hair-looks-like-right-now\">Harry Styles este chel? Cum arat\u0103 p\u0103rul lui chiar acum<\/a><\/li><li><a href=\"#why-people-started-asking-if-harry-styles-is-bald\">De ce oamenii au \u00eenceput s\u0103 se \u00eentrebe dac\u0103 Harry Styles este chel<\/a><\/li><li><a href=\"#what-harry-styles-has-said-about-the-rumors\">Ce a spus Harry Styles despre zvonuri<\/a><\/li><li><a href=\"#is-there-evidence-that-harry-styles-is-losing-his-hair\">Exist\u0103 dovezi c\u0103 Harry Styles \u00ee\u0219i pierde p\u0103rul?<\/a><\/li><li><a href=\"#buzz-cut-vs-hair-loss-what-photos-can-and-cant-show\">T\u0103ierea zgomotoas\u0103 vs. c\u0103derea p\u0103rului: ce fotografii pot \u0219i ce nu pot ar\u0103ta<\/a><\/li><li><a href=\"#could-it-just-be-a-maturing-hairline\">Ar putea fi doar o linie de p\u0103r \u00een curs de maturizare?<\/a><\/li><li><a href=\"#why-harry-styles-might-choose-a-buzz-cut\">De ce ar putea Harry Styles s\u0103 aleag\u0103 o croial\u0103 \u00een vog\u0103<\/a><\/li><li><a href=\"#so-is-harry-styles-bald\">Deci, Harry Styles este chel?<\/a><\/li><li><a href=\"#fa-qs-about-harry-styles-and-hair-loss\">\u00centreb\u0103ri frecvente despre Harry Styles \u0219i c\u0103derea p\u0103rului<\/a><\/li><\/ul><\/nav><\/div>\n\n\n\n<h2 class=\"wp-block-heading\" id=\"why-people-started-asking-if-harry-styles-is-bald\"><b>De ce oamenii au \u00eenceput s\u0103 se \u00eentrebe dac\u0103 Harry Styles este chel<\/b><\/h2>\n\n\n\n<p class=\"wp-block-paragraph\"><span style=\"font-weight: 400;\">\u201eHarry Styles este chel?\u201d \u00eentrebarea a luat amploare dup\u0103 ce a fost fotografiat cu o t\u0103ietur\u0103 foarte apropiat\u0103. C\u00e2nd p\u0103rul este tuns at\u00e2t de scurt, scalpul t\u0103u se vede \u00een mod natural, mai ales sub lumina puternic\u0103 deasupra capului.<\/span><\/p>\n\n\n\n<p class=\"wp-block-paragraph\"><span style=\"font-weight: 400;\">M\u0103rirea re\u021belelor sociale, capturile de ecran \u0219i compara\u021biile una l\u00e2ng\u0103 alta au f\u0103cut restul. O singur\u0103 fotografie poate exagera linia p\u0103rului, coroana sau zona t\u00e2mplei, chiar \u0219i atunci c\u00e2nd nimic nu s-a schimbat de fapt.<\/span><\/p>\n\n\n\n<h2 class=\"wp-block-heading\" id=\"what-harry-styles-has-said-about-the-rumors\"><b>Ce a spus Harry Styles despre zvonuri<\/b><\/h2>\n\n\n\n<p class=\"wp-block-paragraph\"><span style=\"font-weight: 400;\">Styles a abordat specula\u021biile direct \u00eentr-un interviu, elimin\u00e2nd-o cu sim\u021bul s\u0103u obi\u0219nuit al umorului. El a glumit c\u0103 chelia \u201es\u0103re\u0219te o genera\u021bie\u201d \u0219i a spus clar c\u0103 nu este chel \u00een secret \u0219i nu ascunde nimic.<\/span><\/p>\n\n\n\n<p class=\"wp-block-paragraph\"><span style=\"font-weight: 400;\">Aprecierea este simpl\u0103: nu a sugerat c\u0103 are de-a face cu c\u0103derea p\u0103rului \u0219i nu a indicat c\u0103 a avut niciun motiv s\u0103 o ascund\u0103.<\/span><\/p>\n\n\n\n<figure class=\"wp-block-image\"><img decoding=\"async\" src=\"https:\/\/haircenterofturkey.com\/wp-content\/uploads\/2025\/04\/harry-styles-is-bald-2.webp\" alt=\"Is Harry Styles Bald? Here&#039;s What We Know About Harry Styles Hair\" title=\"\"><\/figure>\n\n\n\n<p class=\"wp-block-paragraph\"><\/p>\n\n\n\n<h2 class=\"wp-block-heading\" id=\"is-there-evidence-that-harry-styles-is-losing-his-hair\"><b>Exist\u0103 dovezi c\u0103 Harry Styles \u00ee\u0219i pierde p\u0103rul?<\/b><\/h2>\n\n\n\n<p class=\"wp-block-paragraph\"><span style=\"font-weight: 400;\">Din fotografiile \u0219i apari\u021biile disponibile public, nu exist\u0103 niciun semn consistent de sub\u021biere semnificativ\u0103 a coroanei sau o linie de p\u0103r care se retrage constant. O tunsoare nebuneasc\u0103 poate face ca densitatea p\u0103rului s\u0103 arate diferit, dar nu dovede\u0219te c\u0103derea p\u0103rului singur\u0103.<\/span><\/p>\n\n\n\n<p class=\"wp-block-paragraph\"><span style=\"font-weight: 400;\">Dac\u0103 cineva s-a confruntat cu chelie vizibil\u0103, de obicei a\u021bi vedea schimb\u0103ri \u00een timp &#8211; nu un moment unic de \u201eunghi r\u0103u\u201d.<\/span><\/p>\n\n\n\n<h2 class=\"wp-block-heading\" id=\"buzz-cut-vs-hair-loss-what-photos-can-and-cant-show\"><b>T\u0103ierea zgomotoas\u0103 vs. c\u0103derea p\u0103rului: ce fotografii pot \u0219i ce nu pot ar\u0103ta<\/b><\/h2>\n\n\n\n<p class=\"wp-block-paragraph\"><span style=\"font-weight: 400;\">O tunsoare apropiat\u0103 \u00eendep\u0103rteaz\u0103 volumul, contrastul \u0219i trucurile de coafare care, \u00een mod normal, fac p\u0103rul s\u0103 par\u0103 mai gros. De asemenea, face ca culoarea \u0219i textura natural\u0103 a scalpului s\u0103 fie mai vizibile, ceea ce poate fi citit ca \u201esub\u021biere\u201d chiar \u0219i atunci c\u00e2nd densitatea p\u0103rului este normal\u0103.<\/span><\/p>\n\n\n\n<p class=\"wp-block-paragraph\"><span style=\"font-weight: 400;\">Dac\u0103 \u00eencerca\u021bi s\u0103 judeca\u021bi c\u0103derea p\u0103rului din fotografii, c\u0103uta\u021bi modele care se repet\u0103 \u00een diferite date, iluminare \u0219i unghiuri, mai degrab\u0103 dec\u00e2t o singur\u0103 imagine viral\u0103.<\/span><\/p>\n\n\n\n<p class=\"wp-block-paragraph\"><span style=\"font-weight: 400;\">Semnele comune ale c\u0103derii p\u0103rului cu model masculin includ:<\/span><\/p>\n\n\n\n<ul class=\"wp-block-list\">\n<li><span style=\"font-weight: 400;\">Sub\u021bierea progresiv\u0103 la nivelul coroanei (un loc care se l\u0103rge\u0219te \u00een timp)<\/span><\/li>\n\n\n\n<li><span style=\"font-weight: 400;\">Recesiune la temple care continu\u0103 s\u0103 se \u00eentoarc\u0103 \u00eenapoi<\/span><\/li>\n\n\n\n<li><span style=\"font-weight: 400;\">Scalpul mai vizibil la iluminare normal\u0103, nu numai sub fulger puternic<\/span><\/li>\n\n\n\n<li><span style=\"font-weight: 400;\">fire de p\u0103r miniaturizate (recre\u0219tere mai fin\u0103, mai scurt\u0103 \u00een zona de sub\u021biere)<\/span><\/li>\n<\/ul>\n\n\n\n<h2 class=\"wp-block-heading\" id=\"could-it-just-be-a-maturing-hairline\"><b>Ar putea fi doar o linie de p\u0103r \u00een curs de maturizare?<\/b><\/h2>\n\n\n\n<p class=\"wp-block-paragraph\"><span style=\"font-weight: 400;\">Mul\u021bi b\u0103rba\u021bi dezvolt\u0103 o linie de p\u0103r pu\u021bin mai \u00eenalt\u0103 sau mai definit\u0103 pe m\u0103sur\u0103 ce ies din adolescen\u021b\u0103 \u0219i ajung la v\u00e2rsta adult\u0103. Aceast\u0103 schimbare se poate \u00eent\u00e2mpla f\u0103r\u0103 nicio sub\u021biere sau chelie continu\u0103.<\/span><\/p>\n\n\n\n<p class=\"wp-block-paragraph\"><span style=\"font-weight: 400;\">O linie de p\u0103r \u00een curs de maturizare se stabilizeaz\u0103 de obicei. Nu continu\u0103 s\u0103 se t\u00e2rasc\u0103 \u00eenapoi an de an, a\u0219a cum o face adesea c\u0103derea p\u0103rului androgenetic\u0103 (model).<\/span><\/p>\n\n\n\n<figure class=\"wp-block-image\"><img decoding=\"async\" src=\"https:\/\/haircenterofturkey.com\/wp-content\/uploads\/2025\/04\/harry-styles-is-bald-3.webp\" alt=\"Is Harry Styles Bald? Here&#039;s What We Know About Harry Styles Hair\" title=\"\"><\/figure>\n\n\n\n<p class=\"wp-block-paragraph\"><\/p>\n\n\n\n<h2 class=\"wp-block-heading\" id=\"why-harry-styles-might-choose-a-buzz-cut\"><b>De ce ar putea Harry Styles s\u0103 aleag\u0103 o croial\u0103 \u00een vog\u0103<\/b><\/h2>\n\n\n\n<p class=\"wp-block-paragraph\"><span style=\"font-weight: 400;\">Uneori, o t\u0103ietur\u0103 buzz este doar o t\u0103ietur\u0103 buzz. Vedetele \u00ee\u0219i schimb\u0103 look-ul pentru confort, o estetic\u0103 proasp\u0103t\u0103, un rol sau pur \u0219i simplu pentru c\u0103 au chef.<\/span><\/p>\n\n\n\n<p class=\"wp-block-paragraph\"><span style=\"font-weight: 400;\">\u00cen cazul lui Styles, croiala se potrive\u0219te, de asemenea, reputa\u021biei sale de a schimba des stilurile. C\u00e2nd p\u0103rul cre\u0219te din nou, tinde s\u0103 stabileasc\u0103 singur ciclul zvonurilor.<\/span><\/p>\n\n\n\n<h2 class=\"wp-block-heading\" id=\"so-is-harry-styles-bald\"><b>Deci, Harry Styles este chel?<\/b><\/h2>\n\n\n\n<p class=\"wp-block-paragraph\"><span style=\"font-weight: 400;\">Nu. Pe baza a ceea ce s-a spus public \u0219i a ceea ce s-a v\u0103zut \u00een apari\u021biile ulterioare, zvonul \u201eHarry Styles este chel\u201d nu rezist\u0103.<\/span><\/p>\n\n\n\n<p class=\"wp-block-paragraph\"><span style=\"font-weight: 400;\">Explica\u021bia mai realist\u0103 este cea mai simpl\u0103: o tunsoare scurt\u0103 plus m\u0103rirea internetului au creat o poveste care dep\u0103\u0219e\u0219te dovezile.<\/span><\/p>\n\n\n\n<h2 class=\"wp-block-heading\" id=\"\ufffc\"><figure><img decoding=\"async\" style=\"font-size: 16px;\" src=\"https:\/\/haircenterofturkey.com\/wp-content\/uploads\/2025\/04\/harry-styles-is-bald-4.webp\" alt=\"Is Harry Styles Bald? Here&#039;s What We Know About Harry Styles Hair\" title=\"\"><\/figure><\/h2>\n\n\n\n<h2 class=\"wp-block-heading\" id=\"fa-qs-about-harry-styles-and-hair-loss\"><b>\u00centreb\u0103ri frecvente despre Harry Styles \u0219i c\u0103derea p\u0103rului<\/b><\/h2>\n\n\n<div id=\"rank-math-faq\" class=\"rank-math-block\">\n<div class=\"rank-math-list \">\n<div id=\"faq-question-1770810579644\" class=\"rank-math-list-item\">\n<h3 class=\"rank-math-question \">Cum \u0219tiu dac\u0103 c\u0103derea p\u0103rului meu este hormonal\u0103?<\/h3>\n<div class=\"rank-math-answer \">\n\n<p>C\u0103derea hormonal\u0103 a p\u0103rului coincide adesea cu modific\u0103ri ale ciclului, acnee sau simptome tiroidiene; confirma cu teste.<\/p>\n\n<\/div>\n<\/div>\n<div id=\"faq-question-1770810581130\" class=\"rank-math-list-item\">\n<h3 class=\"rank-math-question \">C\u0103derea p\u0103rului din dezechilibrul hormonal cre\u0219te din nou?<\/h3>\n<div class=\"rank-math-answer \">\n\n<p>Da, deseori cre\u0219te odat\u0103 ce dezechilibrul este tratat, dar poate dura luni de zile.<\/p>\n\n<\/div>\n<\/div>\n<div id=\"faq-question-1770810582244\" class=\"rank-math-list-item\">\n<h3 class=\"rank-math-question \">Poate fi transplantat p\u0103rul pubian la cap?<\/h3>\n<div class=\"rank-math-answer \">\n\n<p>Da, dar este rar folosit deoarece textura difer\u0103 \u0219i cre\u0219terea poate p\u0103rea nenatural\u0103.<\/p>\n\n<\/div>\n<\/div>\n<div id=\"faq-question-1770810583108\" class=\"rank-math-list-item\">\n<h3 class=\"rank-math-question \">Po\u021bi transplanta p\u0103rul de la picioare la cap?<\/h3>\n<div class=\"rank-math-answer \">\n\n<p>Da, dar p\u0103rul de la picioare cre\u0219te mai scurt \u0219i mai lent, a\u0219a c\u0103 rezultatele sunt limitate.<\/p>\n\n<\/div>\n<\/div>\n<div id=\"faq-question-1770811552312\" class=\"rank-math-list-item\">\n<h3 class=\"rank-math-question \">Parul din barb\u0103 poate fi transplantat la cap?<\/h3>\n<div class=\"rank-math-answer \">\n\n<p>Da, grefele de barb\u0103 adaug\u0103 densitate, de obicei pentru coroan\u0103 sau cicatrici, nu pentru liniile de p\u0103r.<\/p>\n\n<\/div>\n<\/div>\n<div id=\"faq-question-1770811552956\" class=\"rank-math-list-item\">\n<h3 class=\"rank-math-question \">Pute\u021bi transplanta p\u0103rul oriunde pe corp?<\/h3>\n<div class=\"rank-math-answer \">\n\n<p>Da, multe zone sunt posibile, dar adecvarea depinde de piele, alimentare cu s\u00e2nge \u0219i obiective.<\/p>\n\n<\/div>\n<\/div>\n<\/div>\n<\/div>","protected":false},"excerpt":{"rendered":"<p>Harry Styles este chel? Cum arat\u0103 p\u0103rul lui chiar acum Nu, nu exist\u0103 nicio dovad\u0103 credibil\u0103 c\u0103 Harry Styles este chel. Zvonurile au venit \u00een mare parte dintr-o t\u0103ietur\u0103 dramatic\u0103 \u0219i c\u00e2teva fotografii nem\u0103gulitoare \u00een care iluminarea \u0219i unghiurile i-au f\u0103cut scalpul mai vizibil. \u00cen apari\u021biile publice care au urmat, p\u0103rul lui a continuat s\u0103 [&hellip;]<\/p>\n","protected":false},"author":2,"featured_media":717,"comment_status":"closed","ping_status":"closed","sticky":false,"template":"","format":"standard","meta":{"footnotes":"","rank_math_title":"","rank_math_description":"Nu, Harry Styles nu este chel; este cunoscut pentru p\u0103rul s\u0103u gros \u0219i elegant, care a devenit parte din imaginea sa public\u0103.","rank_math_focus_keyword":"","rank_math_canonical_url":"","rank_math_breadcrumb_title":"","rank_math_facebook_title":"","rank_math_facebook_description":"","rank_math_facebook_image":"","rank_math_twitter_title":"","rank_math_twitter_description":"","rank_math_twitter_image":"","rank_math_pillar_content":""},"categories":[968,1020],"tags":[],"class_list":["post-52714","post","type-post","status-publish","format-standard","has-post-thumbnail","hentry","category-blog","category-transplant-de-par-celebritati"],"_links":{"self":[{"href":"https:\/\/haircenterofturkey.com\/ro\/wp-json\/wp\/v2\/posts\/52714","targetHints":{"allow":["GET"]}}],"collection":[{"href":"https:\/\/haircenterofturkey.com\/ro\/wp-json\/wp\/v2\/posts"}],"about":[{"href":"https:\/\/haircenterofturkey.com\/ro\/wp-json\/wp\/v2\/types\/post"}],"author":[{"embeddable":true,"href":"https:\/\/haircenterofturkey.com\/ro\/wp-json\/wp\/v2\/users\/2"}],"replies":[{"embeddable":true,"href":"https:\/\/haircenterofturkey.com\/ro\/wp-json\/wp\/v2\/comments?post=52714"}],"version-history":[{"count":3,"href":"https:\/\/haircenterofturkey.com\/ro\/wp-json\/wp\/v2\/posts\/52714\/revisions"}],"predecessor-version":[{"id":60592,"href":"https:\/\/haircenterofturkey.com\/ro\/wp-json\/wp\/v2\/posts\/52714\/revisions\/60592"}],"wp:featuredmedia":[{"embeddable":true,"href":"https:\/\/haircenterofturkey.com\/ro\/wp-json\/wp\/v2\/media\/717"}],"wp:attachment":[{"href":"https:\/\/haircenterofturkey.com\/ro\/wp-json\/wp\/v2\/media?parent=52714"}],"wp:term":[{"taxonomy":"category","embeddable":true,"href":"https:\/\/haircenterofturkey.com\/ro\/wp-json\/wp\/v2\/categories?post=52714"},{"taxonomy":"post_tag","embeddable":true,"href":"https:\/\/haircenterofturkey.com\/ro\/wp-json\/wp\/v2\/tags?post=52714"}],"curies":[{"name":"wp","href":"https:\/\/api.w.org\/{rel}","templated":true}]}}