{"id":52663,"date":"2025-05-23T11:45:41","date_gmt":"2025-05-23T08:45:41","guid":{"rendered":"https:\/\/haircenterofturkey.com\/?p=52663"},"modified":"2026-08-31T17:47:50","modified_gmt":"2026-08-31T14:47:50","slug":"pot-femeile-insarcinate-sa-faca-un-transplant-de-par","status":"publish","type":"post","link":"https:\/\/haircenterofturkey.com\/ro\/pot-femeile-insarcinate-sa-faca-un-transplant-de-par\/","title":{"rendered":"Pot femeile \u00eens\u0103rcinate s\u0103 fac\u0103 un transplant de p\u0103r?"},"content":{"rendered":"\n<h2 class=\"wp-block-heading\" id=\"can-pregnant-women-get-a-hair-transplant\"><b>Pot femeile \u00eens\u0103rcinate s\u0103 fac\u0103 un transplant de p\u0103r?<\/b><\/h2>\n\n\n\n<p class=\"wp-block-paragraph\"><b>Majoritatea clinicienilor recomand\u0103 am\u00e2narea opera\u021biei de transplant de p\u0103r \u00een timpul sarcinii.<\/b><span style=\"font-weight: 400;\"> Este o procedur\u0103 electiv\u0103, iar sarcina schimb\u0103 modul \u00een care corpul dumneavoastr\u0103 r\u0103spunde la stres, anestezie \u0219i medicamente. De asemenea, p\u0103rul se comport\u0103 diferit din cauza hormonilor, iar c\u0103derea postpartum este adesea temporar\u0103. Planificarea unei consulta\u021bii dup\u0103 na\u0219tere \u0219i al\u0103ptare este de obicei cea mai sigur\u0103 cale.<\/span><\/p>\n\n\n\n<div class=\"wp-block-rank-math-toc-block\" id=\"rank-math-toc\"><h2>Table of Contents<\/h2><nav><ul><li><a href=\"#can-pregnant-women-get-a-hair-transplant\">Pot femeile \u00eens\u0103rcinate s\u0103 fac\u0103 un transplant de p\u0103r?<\/a><\/li><li><a href=\"#why-hair-transplant-is-usually-postponed-during-pregnancy\">De ce transplantul de p\u0103r este de obicei am\u00e2nat \u00een timpul sarcinii<\/a><\/li><li><a href=\"#local-anesthesia-and-post-procedure-medications\">Anestezie local\u0103 \u0219i medicamente post-procedur\u0103<\/a><\/li><li><a href=\"#how-pregnancy-and-postpartum-hormones-affect-hair\">Cum afecteaz\u0103 p\u0103rul hormonii sarcinii \u0219i postpartum<\/a><\/li><li><a href=\"#non-surgical-hair-care-options-during-pregnancy\">Op\u021biuni non-chirurgicale de \u00eengrijire a p\u0103rului \u00een timpul sarcinii<\/a><\/li><li><a href=\"#when-to-consider-a-hair-transplant-after-pregnancy\">C\u00e2nd s\u0103 lua\u021bi \u00een considerare un transplant de p\u0103r dup\u0103 sarcin\u0103<\/a><\/li><li><a href=\"#fa-qs\">\u00centreb\u0103ri frecvente<\/a><\/li><\/ul><\/nav><\/div>\n\n\n\n<h2 class=\"wp-block-heading\" id=\"why-hair-transplant-is-usually-postponed-during-pregnancy\"><b>De ce transplantul de p\u0103r este de obicei am\u00e2nat \u00een timpul sarcinii<\/b><\/h2>\n\n\n\n<p class=\"wp-block-paragraph\"><span style=\"font-weight: 400;\">Transplantul de p\u0103r (inclusiv <\/span><b>FUE<\/b><span style=\"font-weight: 400;\"> \u015fi <\/span><b>DHI<\/b><span style=\"font-weight: 400;\">) se face de obicei sub anestezie local\u0103 \u0219i poate dura c\u00e2teva ore. Chiar \u0219i \u00eentr-un cadru steril, gestionat medical, sarcina adaug\u0103 variabile care fac procedurile elective mai pu\u021bin potrivite.<\/span><\/p>\n\n\n\n<p class=\"wp-block-paragraph\"><span style=\"font-weight: 400;\">\u00cendrum\u0103rile obstetricale pentru interven\u021bii chirurgicale non-urgente sunt clare: <\/span><b>procedurile elective trebuie am\u00e2nate p\u00e2n\u0103 dup\u0103 na\u0219tere<\/b><span style=\"font-weight: 400;\"> ori de c\u00e2te ori este posibil. Aceast\u0103 abordare ajut\u0103 la evitarea stresului inutil, a pozi\u021bion\u0103rii prelungite \u0219i a expunerii la medicamente care nu sunt esen\u021biale pentru s\u0103n\u0103tatea mamei.<\/span><\/p>\n\n\n\n<h2 class=\"wp-block-heading\" id=\"local-anesthesia-and-post-procedure-medications\"><b>Anestezie local\u0103 \u0219i medicamente post-procedur\u0103<\/b><\/h2>\n\n\n\n<p class=\"wp-block-paragraph\"><span style=\"font-weight: 400;\">Anestezice locale precum <\/span><b>lidocaina<\/b><span style=\"font-weight: 400;\"> sunt utilizate pe scar\u0103 larg\u0103 \u00een asisten\u021ba medical\u0103, inclusiv \u00een \u00eengrijirea dentar\u0103, \u00een timpul sarcinii, c\u00e2nd tratamentul este necesar din punct de vedere medical.<\/span><\/p>\n\n\n\n<p class=\"wp-block-paragraph\"><span style=\"font-weight: 400;\">Un transplant de p\u0103r este diferit, deoarece este electiv, dureaz\u0103 mai mult \u0219i poate implica medicamente suplimentare. \u00cen func\u021bie de caz, clinicile pot prescrie antibiotice, ameliorarea durerii sau medicamente antiinflamatoare dup\u0103 procedur\u0103. \u00cen timpul sarcinii (\u0219i adesea \u00een timpul al\u0103pt\u0103rii), aceste alegeri trebuie f\u0103cute cu dvs <\/span><b>OB-GYN<\/b><span style=\"font-weight: 400;\">, nu se bazeaz\u0103 pe calendarul cosmetic.<\/span><\/p>\n\n\n\n<h2 class=\"wp-block-heading\" id=\"how-pregnancy-and-postpartum-hormones-affect-hair\"><b>Cum afecteaz\u0103 p\u0103rul hormonii sarcinii \u0219i postpartum<\/b><\/h2>\n\n\n\n<p class=\"wp-block-paragraph\"><span style=\"font-weight: 400;\">Multe femei \u00eens\u0103rcinate observ\u0103 c\u0103 p\u0103rul lor arat\u0103 mai plin. Nivelurile mai ridicate de estrogen pot men\u021bine firele de p\u0103r \u00een faza de cre\u0219tere mai mult timp, ceea ce reduce c\u0103derea \u0219i face p\u0103rul s\u0103 se simt\u0103 mai gros.<\/span><\/p>\n\n\n\n<p class=\"wp-block-paragraph\"><span style=\"font-weight: 400;\">Dup\u0103 na\u0219tere, hormonii se schimb\u0103 rapid \u0219i mai multe fire de p\u0103r intr\u0103 \u00eentr-o faz\u0103 de repaus \u00een acela\u0219i timp. Acest lucru poate declan\u0219a excre\u021bia postpartum (deseori numit\u0103 efluviu telogen postpartum), care se \u00eembun\u0103t\u0103\u021be\u0219te \u00een mod obi\u0219nuit pe m\u0103sur\u0103 ce nivelul hormonilor se stabilizeaz\u0103. C\u0103derea p\u0103rului dup\u0103 na\u0219tere se instaleaz\u0103 adesea \u00een interior <\/span><b>6-12 luni<\/b><span style=\"font-weight: 400;\"> pentru majoritatea femeilor.<\/span><\/p>\n\n\n\n<h2 class=\"wp-block-heading\" id=\"non-surgical-hair-care-options-during-pregnancy\"><b>Op\u021biuni non-chirurgicale de \u00eengrijire a p\u0103rului \u00een timpul sarcinii<\/b><\/h2>\n\n\n\n<p class=\"wp-block-paragraph\"><span style=\"font-weight: 400;\">Dac\u0103 e\u0219ti \u00eengrijorat\u0103 de r\u0103rirea p\u0103rului \u00een timpul sarcinii, concentreaz\u0103-te pe pa\u0219i siguri \u0219i de sus\u021binere:<\/span><\/p>\n\n\n\n<ul class=\"wp-block-list\">\n<li><span style=\"font-weight: 400;\">Alege\u021bi \u0219ampoane bl\u00e2nde, sigure pentru sarcin\u0103 \u0219i evita\u021bi tratamentele chimice dure.<\/span><\/li>\n\n\n\n<li><span style=\"font-weight: 400;\">Limita\u021bi coafarea la c\u0103ldur\u0103 \u0219i coafurile str\u00e2nse care trag de r\u0103d\u0103cini.<\/span><\/li>\n\n\n\n<li><span style=\"font-weight: 400;\">Acorda\u021bi prioritate nutri\u021biei echilibrate, inclusiv proteine \u0219i fier (medicul dumneavoastr\u0103 v\u0103 poate sf\u0103tui cu privire la suplimente, dac\u0103 este necesar).<\/span><\/li>\n\n\n\n<li><span style=\"font-weight: 400;\">Crea\u021bi rutine de reducere a stresului pe care le pute\u021bi p\u0103stra, cum ar fi plimb\u0103ri u\u0219oare sau yoga prenatal\u0103.<\/span><\/li>\n\n\n\n<li><span style=\"font-weight: 400;\">Adresa\u021bi-v\u0103 medicului dumneavoastr\u0103 despre verificarea factorilor obi\u0219nui\u021bi la excre\u021bie, inclusiv deficien\u021ba de fier sau modific\u0103rile tiroidei.<\/span><\/li>\n<\/ul>\n\n\n\n<p class=\"wp-block-paragraph\"><span style=\"font-weight: 400;\">Medicamente topice \u00eempotriva c\u0103derii p\u0103rului, cum ar fi <\/span><b>minoxidil<\/b><span style=\"font-weight: 400;\"> sunt in general <\/span><b>nu este recomandat \u00een timpul sarcinii sau al\u0103pt\u0103rii<\/b><span style=\"font-weight: 400;\"> cu excep\u021bia cazului \u00een care un clinician sf\u0103tuie\u0219te altfel.<\/span><\/p>\n\n\n\n<h2 class=\"wp-block-heading\" id=\"when-to-consider-a-hair-transplant-after-pregnancy\"><b>C\u00e2nd s\u0103 lua\u021bi \u00een considerare un transplant de p\u0103r dup\u0103 sarcin\u0103<\/b><\/h2>\n\n\n\n<p class=\"wp-block-paragraph\"><span style=\"font-weight: 400;\">Un moment bun pentru a planifica un transplant de p\u0103r este dup\u0103 ce c\u0103derea cauzat\u0103 de sarcin\u0103 a avut timp s\u0103 se lini\u0219teasc\u0103 \u0219i corpul t\u0103u \u0219i-a revenit. Multe femei aleg s\u0103 a\u0219tepte c\u00e2teva luni dup\u0103 na\u0219tere pentru a-\u0219i putea reevalua densitatea de baz\u0103 a p\u0103rului odat\u0103 ce hormonii sunt mai stabili.<\/span><\/p>\n\n\n\n<p class=\"wp-block-paragraph\"><span style=\"font-weight: 400;\">Dac\u0103 al\u0103pta\u021bi, merit\u0103, de asemenea, s\u0103 a\u0219tepta\u021bi p\u00e2n\u0103 c\u00e2nd a\u021bi terminat \u00eenainte de a programa o interven\u021bie chirurgical\u0103. Planificarea recuper\u0103rii \u0219i orice medicamente dup\u0103 procedur\u0103 ar trebui s\u0103 fie compatibile cu al\u0103ptarea.<\/span><\/p>\n\n\n\n<h2 class=\"wp-block-heading\" id=\"fa-qs\"><b>\u00centreb\u0103ri frecvente<\/b><\/h2>\n\n\n<div id=\"rank-math-faq\" class=\"rank-math-block\">\n<div class=\"rank-math-list \">\n<div id=\"faq-question-1771498373582\" class=\"rank-math-list-item\">\n<h3 class=\"rank-math-question \">Ce tratamente pentru p\u0103r ar trebui s\u0103 evit \u00een timpul sarcinii?<\/h3>\n<div class=\"rank-math-answer \">\n\n<p>Evita\u021bi relaxan\u021bii\/\u00eendreptatorii chimici, albirea puternic\u0103\/permantarea \u0219i tratamentele cu keratina care con\u021bin formaldehid\u0103.<\/p>\n\n<\/div>\n<\/div>\n<div id=\"faq-question-1771498375321\" class=\"rank-math-list-item\">\n<h3 class=\"rank-math-question \">Pot face transplant de p\u0103r \u00een timpul sarcinii?<\/h3>\n<div class=\"rank-math-answer \">\n\n<p>Nu; am\u00e2n\u0103 transplantul de p\u0103r p\u00e2n\u0103 dup\u0103 sarcin\u0103 \u0219i al\u0103ptare deoarece medicamentele\/anestezia risc\u0103.<\/p>\n\n<\/div>\n<\/div>\n<div id=\"faq-question-1771498377814\" class=\"rank-math-list-item\">\n<h3 class=\"rank-math-question \">Pentru cine nu este potrivit transplantul de p\u0103r?<\/h3>\n<div class=\"rank-math-answer \">\n\n<p>Nu este potrivit pentru boli medicale necontrolate, infec\u021bie activ\u0103 a scalpului, p\u0103r donator insuficient, a\u0219tept\u0103ri nerealiste.<\/p>\n\n<\/div>\n<\/div>\n<div id=\"faq-question-1771498378605\" class=\"rank-math-list-item\">\n<h3 class=\"rank-math-question \">De ce mi-a crescut p\u0103rul at\u00e2t de mult \u00een timpul sarcinii?<\/h3>\n<div class=\"rank-math-answer \">\n\n<p>Estrogenul mai mare prelunge\u0219te faza de cre\u0219tere a p\u0103rului, reduc\u00e2nd c\u0103derea \u0219i cresc\u00e2nd grosimea perceput\u0103.<\/p>\n\n<\/div>\n<\/div>\n<div id=\"faq-question-1771498380208\" class=\"rank-math-list-item\">\n<h3 class=\"rank-math-question \">Cum pot acoperi p\u0103rul gri \u00een timpul sarcinii?<\/h3>\n<div class=\"rank-math-answer \">\n\n<p>Folosi\u021bi lumini sau vopsea semipermanent\u0103 f\u0103r\u0103 amoniac dup\u0103 primul trimestru, cu ventila\u021bie.<\/p>\n\n<\/div>\n<\/div>\n<div id=\"faq-question-1771499511661\" class=\"rank-math-list-item\">\n<h3 class=\"rank-math-question \">Ce se \u00eent\u00e2mpl\u0103 cu c\u0103derea p\u0103rului dup\u0103 sarcin\u0103?<\/h3>\n<div class=\"rank-math-answer \">\n\n<p>Excre\u021bia postpartum atinge v\u00e2rfurile \u00een jur de 3-4 luni, de obicei se rezolv\u0103 la 6-12 luni.<\/p>\n\n<\/div>\n<\/div>\n<\/div>\n<\/div>\n\n\n<p class=\"wp-block-paragraph\">\u00a0<\/p>\n","protected":false},"excerpt":{"rendered":"<p>Pot femeile \u00eens\u0103rcinate s\u0103 fac\u0103 un transplant de p\u0103r? Majoritatea clinicienilor recomand\u0103 am\u00e2narea opera\u021biei de transplant de p\u0103r \u00een timpul sarcinii. Este o procedur\u0103 electiv\u0103, iar sarcina schimb\u0103 modul \u00een care corpul dumneavoastr\u0103 r\u0103spunde la stres, anestezie \u0219i medicamente. De asemenea, p\u0103rul se comport\u0103 diferit din cauza hormonilor, iar c\u0103derea postpartum este adesea temporar\u0103. Planificarea [&hellip;]<\/p>\n","protected":false},"author":2,"featured_media":752,"comment_status":"closed","ping_status":"closed","sticky":false,"template":"","format":"standard","meta":{"footnotes":"","rank_math_title":"","rank_math_description":"Nu, femeile \u00eens\u0103rcinate nu ar trebui s\u0103 sufere transplant de p\u0103r din cauza riscurilor poten\u021biale at\u00e2t pentru mam\u0103, c\u00e2t \u0219i pentru copil. Face\u021bi clic pentru informa\u021bii.","rank_math_focus_keyword":"","rank_math_canonical_url":"","rank_math_breadcrumb_title":"","rank_math_facebook_title":"","rank_math_facebook_description":"","rank_math_facebook_image":"","rank_math_twitter_title":"","rank_math_twitter_description":"","rank_math_twitter_image":"","rank_math_pillar_content":""},"categories":[968,984],"tags":[],"class_list":["post-52663","post","type-post","status-publish","format-standard","has-post-thumbnail","hentry","category-blog","category-tratamente-de-transplant-de-par"],"_links":{"self":[{"href":"https:\/\/haircenterofturkey.com\/ro\/wp-json\/wp\/v2\/posts\/52663","targetHints":{"allow":["GET"]}}],"collection":[{"href":"https:\/\/haircenterofturkey.com\/ro\/wp-json\/wp\/v2\/posts"}],"about":[{"href":"https:\/\/haircenterofturkey.com\/ro\/wp-json\/wp\/v2\/types\/post"}],"author":[{"embeddable":true,"href":"https:\/\/haircenterofturkey.com\/ro\/wp-json\/wp\/v2\/users\/2"}],"replies":[{"embeddable":true,"href":"https:\/\/haircenterofturkey.com\/ro\/wp-json\/wp\/v2\/comments?post=52663"}],"version-history":[{"count":4,"href":"https:\/\/haircenterofturkey.com\/ro\/wp-json\/wp\/v2\/posts\/52663\/revisions"}],"predecessor-version":[{"id":60654,"href":"https:\/\/haircenterofturkey.com\/ro\/wp-json\/wp\/v2\/posts\/52663\/revisions\/60654"}],"wp:featuredmedia":[{"embeddable":true,"href":"https:\/\/haircenterofturkey.com\/ro\/wp-json\/wp\/v2\/media\/752"}],"wp:attachment":[{"href":"https:\/\/haircenterofturkey.com\/ro\/wp-json\/wp\/v2\/media?parent=52663"}],"wp:term":[{"taxonomy":"category","embeddable":true,"href":"https:\/\/haircenterofturkey.com\/ro\/wp-json\/wp\/v2\/categories?post=52663"},{"taxonomy":"post_tag","embeddable":true,"href":"https:\/\/haircenterofturkey.com\/ro\/wp-json\/wp\/v2\/tags?post=52663"}],"curies":[{"name":"wp","href":"https:\/\/api.w.org\/{rel}","templated":true}]}}