{"id":52615,"date":"2025-06-25T01:24:43","date_gmt":"2025-06-24T22:24:43","guid":{"rendered":"https:\/\/haircenterofturkey.com\/?p=52615"},"modified":"2026-08-31T16:12:05","modified_gmt":"2026-08-31T13:12:05","slug":"persoanele-cu-dizabilitati-de-auz-sau-de-vorbire-pot-obtine-un-transplant-de-par","status":"publish","type":"post","link":"https:\/\/haircenterofturkey.com\/ro\/persoanele-cu-dizabilitati-de-auz-sau-de-vorbire-pot-obtine-un-transplant-de-par\/","title":{"rendered":"Persoanele cu dizabilit\u0103\u021bi de auz sau de vorbire pot ob\u021bine un transplant de p\u0103r?"},"content":{"rendered":"\n<h2 class=\"wp-block-heading\" id=\"can-people-with-hearing-or-speech-disabilities-get-a-hair-transplant\"><b>Persoanele cu dizabilit\u0103\u021bi de auz sau de vorbire pot ob\u021bine un transplant de p\u0103r?<\/b><\/h2>\n\n\n\n<p class=\"wp-block-paragraph\"><b>Da. Persoanele cu dizabilit\u0103\u021bi de auz sau de vorbire pot avea \u00een siguran\u021b\u0103 un transplant de p\u0103r, at\u00e2ta timp c\u00e2t sunt eligibile din punct de vedere medical.<\/b><span style=\"font-weight: 400;\"> Procedura se face de obicei sub anestezie local\u0103, a\u0219a c\u0103 nu este necesar s\u0103 vorbi\u021bi \u00een timpul interven\u021biei chirurgicale. Diferen\u021ba cheie este planificarea suportului de comunicare &#8211; \u00eenainte, \u00een timpul \u0219i dup\u0103 procedur\u0103 &#8211; astfel \u00eenc\u00e2t instruc\u021biunile, consim\u021b\u0103m\u00e2ntul \u0219i \u00eengrijirea ulterioar\u0103 s\u0103 fie pe deplin \u00een\u021belese.<\/span><\/p>\n\n\n\n<div class=\"wp-block-rank-math-toc-block\" id=\"rank-math-toc\"><h2>Table of Contents<\/h2><nav><ul><li><a href=\"#can-people-with-hearing-or-speech-disabilities-get-a-hair-transplant\">Persoanele cu dizabilit\u0103\u021bi de auz sau de vorbire pot ob\u021bine un transplant de p\u0103r?<\/a><\/li><li><a href=\"#is-hair-transplantation-safe-for-people-with-hearing-or-speech-disabilities\">Este transplantul de p\u0103r sigur pentru persoanele cu dizabilit\u0103\u021bi de auz sau de vorbire?<\/a><\/li><li><a href=\"#what-should-be-considered-before-the-procedure\">Ce ar trebui luat \u00een considerare \u00eenainte de procedur\u0103?<\/a><\/li><li><a href=\"#during-the-procedure-what-support-is-needed\">\u00cen timpul procedurii: ce suport este necesar?<\/a><\/li><li><a href=\"#aftercare-and-recovery-how-to-support-communication\">\u00cengrijire ulterioar\u0103 \u0219i recuperare: cum s\u0103 sus\u021bine\u021bi comunicarea?<\/a><\/li><li><a href=\"#can-people-with-additional-disabilities-undergo-the-procedure\">Persoanele cu dizabilit\u0103\u021bi suplimentare pot fi supuse procedurii?<\/a><\/li><li><a href=\"#fa-qs-about-hair-transplants-for-people-with-hearing-or-speech-disabilities\">\u00centreb\u0103ri frecvente despre transplanturile de p\u0103r pentru persoanele cu dizabilit\u0103\u021bi de auz sau de vorbire<\/a><\/li><\/ul><\/nav><\/div>\n\n\n\n<h2 class=\"wp-block-heading\" id=\"is-hair-transplantation-safe-for-people-with-hearing-or-speech-disabilities\"><b>Este transplantul de p\u0103r sigur pentru persoanele cu dizabilit\u0103\u021bi de auz sau de vorbire?<\/b><\/h2>\n\n\n\n<p class=\"wp-block-paragraph\"><span style=\"font-weight: 400;\">Da. Tulbur\u0103rile de auz sau de vorbire nu afecteaz\u0103 capacitatea fizic\u0103 a unei persoane de a suferi un transplant de p\u0103r. Tehnicile moderne, cum ar fi FUE (Folicular Unit Extraction) \u0219i DHI (Direct Hair Implantation) sunt de obicei efectuate sub anestezie local\u0103 \u0219i nu creeaz\u0103 un risc medical suplimentar din cauza acestor dizabilit\u0103\u021bi.<\/span><\/p>\n\n\n\n<p class=\"wp-block-paragraph\"><span style=\"font-weight: 400;\">Ceea ce conteaz\u0103 cel mai mult este comunicarea clar\u0103, de \u00eencredere. Pacien\u021bii ar trebui s\u0103 poat\u0103 \u00een\u021belege planul de tratament, a\u0219tept\u0103rile realiste, riscurile posibile \u0219i pa\u0219ii de \u00eengrijire ulterioar\u0103 \u00eentr-un format care func\u021bioneaz\u0103 pentru ei.<\/span><\/p>\n\n\n\n<figure class=\"wp-block-image\"><img decoding=\"async\" src=\"https:\/\/haircenterofturkey.com\/wp-content\/uploads\/2025\/06\/Can-People-with-Hearing-or-Speech-Disabilities-Get-a-Hair-Transplant-1_result.webp\" alt=\"Can People with Hearing or Speech Disabilities Get a Hair Transplant?\" title=\"\"><\/figure>\n\n\n\n<p class=\"wp-block-paragraph\"><\/p>\n\n\n\n<h2 class=\"wp-block-heading\" id=\"what-should-be-considered-before-the-procedure\"><b>Ce ar trebui luat \u00een considerare \u00eenainte de procedur\u0103?<\/b><\/h2>\n\n\n\n<p class=\"wp-block-paragraph\"><span style=\"font-weight: 400;\">Prioritatea este de a face consulta\u021bia accesibil\u0103 \u0219i f\u0103r\u0103 grab\u0103. Acesta este locul \u00een care chirurgul v\u0103 evalueaz\u0103 modelul c\u0103derii p\u0103rului, calitatea zonei donatoare \u0219i starea general\u0103 de s\u0103n\u0103tate \u0219i unde confirma\u021bi planul \u0219i acorda\u021bi consim\u021b\u0103m\u00e2ntul informat.<\/span><\/p>\n\n\n\n<p class=\"wp-block-paragraph\"><span style=\"font-weight: 400;\">O clinic\u0103 prietenoas\u0103 cu pacien\u021bii ar trebui s\u0103 fie preg\u0103tit\u0103 s\u0103:<\/span><\/p>\n\n\n\n<ul class=\"wp-block-list\">\n<li><span style=\"font-weight: 400;\">Furniza\u021bi un interpret \u00een limbajul semnelor dac\u0103 este necesar (sau permite\u021bi-v\u0103 s\u0103-l aduce\u021bi pe al dvs.).<\/span><\/li>\n\n\n\n<li><span style=\"font-weight: 400;\">Oferi\u021bi explica\u021bii scrise \u0219i instruc\u021biuni pas cu pas.<\/span><\/li>\n\n\n\n<li><span style=\"font-weight: 400;\">Acorda\u021bi timp suplimentar pentru \u00eentreb\u0103ri \u0219i clarific\u0103ri.<\/span><\/li>\n\n\n\n<li><span style=\"font-weight: 400;\">Utiliza\u021bi mijloace vizuale (fotografii, diagrame, modele sau videoclipuri scurte) pentru a explica procedura.<\/span><\/li>\n<\/ul>\n\n\n\n<p class=\"wp-block-paragraph\"><span style=\"font-weight: 400;\">Ace\u0219ti pa\u0219i reduc stresul, previn ne\u00een\u021belegerile \u0219i te ajut\u0103 s\u0103 te sim\u021bi \u00eencrez\u0103tor \u00een ceea ce se \u00eent\u00e2mpl\u0103.<\/span><\/p>\n\n\n\n<h2 class=\"wp-block-heading\" id=\"during-the-procedure-what-support-is-needed\"><b>\u00cen timpul procedurii: ce suport este necesar?<\/b><\/h2>\n\n\n\n<p class=\"wp-block-paragraph\"><span style=\"font-weight: 400;\">Sesiunile de transplant de p\u0103r pot dura c\u00e2teva ore, iar pacien\u021bii sunt treji pe tot parcursul. Comunicarea verbal\u0103 este minim\u0103 \u00een timpul interven\u021biei chirurgicale, astfel \u00eenc\u00e2t majoritatea persoanelor cu dizabilit\u0103\u021bi de auz sau de vorbire se descurc\u0103 foarte bine \u00een timpul procedurii.<\/span><\/p>\n\n\n\n<p class=\"wp-block-paragraph\"><span style=\"font-weight: 400;\">Echipa ar trebui s\u0103 v\u0103 preg\u0103teasc\u0103 \u00een continuare confort \u0219i control:<\/span><\/p>\n\n\n\n<ul class=\"wp-block-list\">\n<li><span style=\"font-weight: 400;\">Acorda\u021bi semne simple nonverbale (semnale de m\u00e2n\u0103) pentru durere, pauze, ap\u0103 sau disconfort.<\/span><\/li>\n\n\n\n<li><span style=\"font-weight: 400;\">V\u0103 spune\u021bi \u00een ce stadiu v\u0103 afla\u021bi (amor\u021bire, extrac\u021bie, deschidere a canalului, implantare).<\/span><\/li>\n\n\n\n<li><span style=\"font-weight: 400;\">P\u0103stra\u021bi mediul calm \u0219i sus\u021bin\u0103tor, mai ales dac\u0103 experimenta\u021bi anxietate \u00een medii clinice.<\/span><\/li>\n<\/ul>\n\n\n\n<figure class=\"wp-block-image\"><img decoding=\"async\" src=\"https:\/\/haircenterofturkey.com\/wp-content\/uploads\/2025\/06\/Can-People-with-Hearing-or-Speech-Disabilities-Get-a-Hair-Transplant-2_result.webp\" alt=\"Can People with Hearing or Speech Disabilities Get a Hair Transplant?\" title=\"\"><\/figure>\n\n\n\n<p class=\"wp-block-paragraph\"><\/p>\n\n\n\n<h2 class=\"wp-block-heading\" id=\"aftercare-and-recovery-how-to-support-communication\"><b>\u00cengrijire ulterioar\u0103 \u0219i recuperare: cum s\u0103 sus\u021bine\u021bi comunicarea?<\/b><\/h2>\n\n\n\n<p class=\"wp-block-paragraph\"><span style=\"font-weight: 400;\">\u00cengrijirea ulterioar\u0103 este o parte major\u0103 a rezultatelor. Pacien\u021bii trebuie s\u0103 \u00een\u021beleag\u0103 instruc\u021biunile de sp\u0103lare, pozi\u021bia de dormit, limitele activit\u0103\u021bii, timpul de administrare a medicamentelor \u0219i semnele de avertizare care necesit\u0103 asisten\u021b\u0103 medical\u0103.<\/span><\/p>\n\n\n\n<p class=\"wp-block-paragraph\"><span style=\"font-weight: 400;\">Pentru asisten\u021b\u0103 accesibil\u0103 pentru \u00eengrijirea ulterioar\u0103:<\/span><\/p>\n\n\n\n<ul class=\"wp-block-list\">\n<li><span style=\"font-weight: 400;\">Furniza\u021bi instruc\u021biuni scrise, \u00een mod ideal cu ilustra\u021bii.<\/span><\/li>\n\n\n\n<li><span style=\"font-weight: 400;\">Oferi\u021bi vizite de urm\u0103rire cu sprijin pentru interpret sau cu \u00eentreb\u0103ri \u0219i r\u0103spunsuri scrise structurate.<\/span><\/li>\n\n\n\n<li><span style=\"font-weight: 400;\">Utiliza\u021bi mesageria sau e-mailul securizat pentru \u00eentreb\u0103ri rapide, \u00eenregistr\u0103ri de fotografii \u0219i mementouri.<\/span><\/li>\n<\/ul>\n\n\n\n<p class=\"wp-block-paragraph\"><span style=\"font-weight: 400;\">\u00cendrum\u0103ri clare pentru \u00eengrijirea ulterioar\u0103 ajut\u0103 la protejarea grefelor \u0219i scade riscul de complica\u021bii care pot fi prevenite.<\/span><\/p>\n\n\n\n<h2 class=\"wp-block-heading\" id=\"can-people-with-additional-disabilities-undergo-the-procedure\"><b>Persoanele cu dizabilit\u0103\u021bi suplimentare pot fi supuse procedurii?<\/b><\/h2>\n\n\n\n<p class=\"wp-block-paragraph\"><span style=\"font-weight: 400;\">Adesea, da, de\u0219i poate necesita mai mult\u0103 planificare. Dac\u0103 un pacient are mobilitate limitat\u0103, afec\u021biuni medicale cronice sau provoc\u0103ri cognitive, clinica poate ajusta pozi\u021bionarea, programarea sau procesul de consultare.<\/span><\/p>\n\n\n\n<p class=\"wp-block-paragraph\"><span style=\"font-weight: 400;\">Cea mai bun\u0103 abordare este \u00eengrijirea individualizat\u0103. O clinic\u0103 de renume va evalua nevoile \u00een avans \u0219i va oferi acomoda\u021bii practice, mai degrab\u0103 dec\u00e2t s\u0103 for\u021beze un proces \u201estandard\u201d.<\/span><\/p>\n\n\n\n<figure class=\"wp-block-image\"><img decoding=\"async\" src=\"https:\/\/haircenterofturkey.com\/wp-content\/uploads\/2025\/06\/Can-People-with-Hearing-or-Speech-Disabilities-Get-a-Hair-Transplant-3_result.webp\" alt=\"Can People with Hearing or Speech Disabilities Get a Hair Transplant?\" title=\"\"><\/figure>\n\n\n\n<p class=\"wp-block-paragraph\"><\/p>\n\n\n\n<h2 class=\"wp-block-heading\" id=\"fa-qs-about-hair-transplants-for-people-with-hearing-or-speech-disabilities\"><b>\u00centreb\u0103ri frecvente despre transplanturile de p\u0103r pentru persoanele cu dizabilit\u0103\u021bi de auz sau de vorbire<\/b><\/h2>\n\n\n<div id=\"rank-math-faq\" class=\"rank-math-block\">\n<div class=\"rank-math-list \">\n<div id=\"faq-question-1771230807725\" class=\"rank-math-list-item\">\n<h3 class=\"rank-math-question \">Poate cineva cu pierdere a auzului s\u0103 fie supus unui transplant de p\u0103r \u00een siguran\u021b\u0103?<\/h3>\n<div class=\"rank-math-answer \">\n\n<p>Da, cu adecvarea medical\u0103 \u0219i adaptarea de comunicare, transplantul de p\u0103r este \u00een general sigur.<\/p>\n\n<\/div>\n<\/div>\n<div id=\"faq-question-1771230808734\" class=\"rank-math-list-item\">\n<h3 class=\"rank-math-question \">Deficien\u021bele de vorbire sau de auz afecteaz\u0103 rezultatele transplantului de p\u0103r?<\/h3>\n<div class=\"rank-math-answer \">\n\n<p>Nu, deficien\u021bele nu afecteaz\u0103 supravie\u021buirea grefei; comunicarea afecteaz\u0103 \u00een\u021belegerea \u00eengrijirii ulterioare.<\/p>\n\n<\/div>\n<\/div>\n<div id=\"faq-question-1771230809875\" class=\"rank-math-list-item\">\n<h3 class=\"rank-math-question \">Sunt clinicile de transplant de p\u0103r accesibile pacien\u021bilor cu dizabilit\u0103\u021bi de auz sau de vorbire?<\/h3>\n<div class=\"rank-math-answer \">\n\n<p>Multe clinici sunt accesibile; solicita\u021bi interpre\u021bi, instruc\u021biuni scrise \u0219i op\u021biuni de comunicare de asisten\u021b\u0103.<\/p>\n\n<\/div>\n<\/div>\n<div id=\"faq-question-1771230810351\" class=\"rank-math-list-item\">\n<h3 class=\"rank-math-question \">Cum se pot preg\u0103ti pacien\u021bii cu dificult\u0103\u021bi de comunicare pentru un transplant de p\u0103r?<\/h3>\n<div class=\"rank-math-answer \">\n\n<p>Aranja\u021bi interpretul, aduce\u021bi dispozitivul, folosi\u021bi consim\u021b\u0103m\u00e2ntul scris, confirma\u021bi \u00eengrijirea ulterioar\u0103 \u00een scris.<\/p>\n\n<\/div>\n<\/div>\n<div id=\"faq-question-1771230811012\" class=\"rank-math-list-item\">\n<h3 class=\"rank-math-question \">Chirurgii de transplant de p\u0103r au experien\u021b\u0103 \u00een tratarea pacien\u021bilor cu dizabilit\u0103\u021bi?<\/h3>\n<div class=\"rank-math-answer \">\n\n<p>Absolut da; \u00eentreba\u021bi-i despre experien\u021ba lor, amenaj\u0103rile \u0219i protocolul de comunicare.<\/p>\n\n<\/div>\n<\/div>\n<\/div>\n<\/div>","protected":false},"excerpt":{"rendered":"<p>Persoanele cu dizabilit\u0103\u021bi de auz sau de vorbire pot ob\u021bine un transplant de p\u0103r? Da. Persoanele cu dizabilit\u0103\u021bi de auz sau de vorbire pot avea \u00een siguran\u021b\u0103 un transplant de p\u0103r, at\u00e2ta timp c\u00e2t sunt eligibile din punct de vedere medical. Procedura se face de obicei sub anestezie local\u0103, a\u0219a c\u0103 nu este necesar s\u0103 [&hellip;]<\/p>\n","protected":false},"author":2,"featured_media":780,"comment_status":"closed","ping_status":"closed","sticky":false,"template":"","format":"standard","meta":{"footnotes":"","rank_math_title":"","rank_math_description":"Da, persoanele cu dizabilit\u0103\u021bi de auz sau de vorbire pot ob\u021bine \u00een siguran\u021b\u0103 un transplant de p\u0103r cu suport de comunicare adecvat. Face\u021bi clic pentru informa\u021bii.","rank_math_focus_keyword":"","rank_math_canonical_url":"","rank_math_breadcrumb_title":"","rank_math_facebook_title":"","rank_math_facebook_description":"","rank_math_facebook_image":"","rank_math_twitter_title":"","rank_math_twitter_description":"","rank_math_twitter_image":"","rank_math_pillar_content":""},"categories":[968,984],"tags":[],"class_list":["post-52615","post","type-post","status-publish","format-standard","has-post-thumbnail","hentry","category-blog","category-tratamente-de-transplant-de-par"],"_links":{"self":[{"href":"https:\/\/haircenterofturkey.com\/ro\/wp-json\/wp\/v2\/posts\/52615","targetHints":{"allow":["GET"]}}],"collection":[{"href":"https:\/\/haircenterofturkey.com\/ro\/wp-json\/wp\/v2\/posts"}],"about":[{"href":"https:\/\/haircenterofturkey.com\/ro\/wp-json\/wp\/v2\/types\/post"}],"author":[{"embeddable":true,"href":"https:\/\/haircenterofturkey.com\/ro\/wp-json\/wp\/v2\/users\/2"}],"replies":[{"embeddable":true,"href":"https:\/\/haircenterofturkey.com\/ro\/wp-json\/wp\/v2\/comments?post=52615"}],"version-history":[{"count":3,"href":"https:\/\/haircenterofturkey.com\/ro\/wp-json\/wp\/v2\/posts\/52615\/revisions"}],"predecessor-version":[{"id":60639,"href":"https:\/\/haircenterofturkey.com\/ro\/wp-json\/wp\/v2\/posts\/52615\/revisions\/60639"}],"wp:featuredmedia":[{"embeddable":true,"href":"https:\/\/haircenterofturkey.com\/ro\/wp-json\/wp\/v2\/media\/780"}],"wp:attachment":[{"href":"https:\/\/haircenterofturkey.com\/ro\/wp-json\/wp\/v2\/media?parent=52615"}],"wp:term":[{"taxonomy":"category","embeddable":true,"href":"https:\/\/haircenterofturkey.com\/ro\/wp-json\/wp\/v2\/categories?post=52615"},{"taxonomy":"post_tag","embeddable":true,"href":"https:\/\/haircenterofturkey.com\/ro\/wp-json\/wp\/v2\/tags?post=52615"}],"curies":[{"name":"wp","href":"https:\/\/api.w.org\/{rel}","templated":true}]}}