{"id":52609,"date":"2025-06-25T22:15:53","date_gmt":"2025-06-25T19:15:53","guid":{"rendered":"https:\/\/haircenterofturkey.com\/?p=52609"},"modified":"2026-08-31T13:19:29","modified_gmt":"2026-08-31T10:19:29","slug":"cand-este-cel-mai-bun-sezon-pentru-transplantul-de-barba","status":"publish","type":"post","link":"https:\/\/haircenterofturkey.com\/ro\/cand-este-cel-mai-bun-sezon-pentru-transplantul-de-barba\/","title":{"rendered":"C\u00e2nd este cel mai bun sezon pentru transplantul de barb\u0103?"},"content":{"rendered":"\n<h2 class=\"wp-block-heading\" id=\"when-is-the-best-season-for-a-beard-transplant\"><b>C\u00e2nd este cel mai bun sezon pentru un transplant de barb\u0103?<\/b><\/h2>\n\n\n\n<p class=\"wp-block-paragraph\"><span style=\"font-weight: 400;\">Un transplant de barb\u0103 poate fi programat \u00een orice perioad\u0103 a anului, dar mul\u021bi oameni consider\u0103 c\u0103 toamna \u0219i iarna sunt mai confortabile, deoarece vremea mai rece \u00eenseamn\u0103, de obicei, mai pu\u021bin\u0103 transpira\u021bie \u0219i o expunere la soare mai pu\u021bin intens\u0103. Alege\u021bi o perioad\u0103 \u00een care pute\u021bi men\u021bine activitatea sc\u0103zut\u0103 timp de aproximativ 7-14 zile \u0219i planifica\u021bi cu 9-12 luni \u00eenainte dac\u0103 dori\u021bi o cre\u0219tere matur\u0103, cu aspect final.<\/span><\/p>\n\n\n\n<div class=\"wp-block-rank-math-toc-block\" id=\"rank-math-toc\"><h2>Table of Contents<\/h2><nav><ul><li><a href=\"#when-is-the-best-season-for-a-beard-transplant\">C\u00e2nd este cel mai bun sezon pentru un transplant de barb\u0103?<\/a><\/li><li><a href=\"#why-timing-can-make-recovery-easier\">De ce sincronizarea poate face recuperarea mai u\u0219oar\u0103<\/a><\/li><li><a href=\"#can-a-beard-transplant-be-done-in-any-season\">Se poate face un transplant de barb\u0103 \u00een orice anotimp?<\/a><\/li><li><a href=\"#season-by-season-pros-and-cons\">Avantaje \u0219i dezavantaje sezon cu sezon<\/a><ul><li><a href=\"#winter\">iarna<\/a><\/li><li><a href=\"#spring\">Primavara<\/a><\/li><li><a href=\"#summer\">vara<\/a><\/li><li><a href=\"#fall\">Toamna<\/a><\/li><\/ul><\/li><li><a href=\"#planning-around-healing-and-final-results\">Planificarea \u00een jurul vindec\u0103rii \u0219i a rezultatelor finale<\/a><\/li><li><a href=\"#lifestyle-factors-that-matter-more-than-the-calendar\">Factorii stilului de via\u021b\u0103 care conteaz\u0103 mai mult dec\u00e2t calendarul<\/a><\/li><li><a href=\"#travel-beach-holidays-or-activity-heavy-trips-right-after-surgery-are-rarely-convenient-even-if-theyre-technically-possible-with-strict-precautions-\ufffc\">C\u0103l\u0103torii: Vacan\u021bele la plaj\u0103 sau c\u0103l\u0103toriile grele de activitate imediat dup\u0103 opera\u021bie sunt rareori convenabile, chiar dac\u0103 sunt posibile din punct de vedere tehnic, cu precau\u021bii stricte.<\/a><\/li><li><a href=\"#fa-qs-about-beard-transplant-timing\">\u00centreb\u0103ri frecvente despre momentul transplantului de barb\u0103<\/a><\/li><\/ul><\/nav><\/div>\n\n\n\n<h2 class=\"wp-block-heading\" id=\"why-timing-can-make-recovery-easier\"><b>De ce sincronizarea poate face recuperarea mai u\u0219oar\u0103<\/b><\/h2>\n\n\n\n<p class=\"wp-block-paragraph\"><span style=\"font-weight: 400;\">Imediat dup\u0103 un transplant de barb\u0103, este normal s\u0103 vezi ro\u0219ea\u021b\u0103, umfl\u0103turi u\u0219oare \u0219i mici cruste \u00een timp ce grefele se instaleaz\u0103. Multe clinici recomand\u0103 evitarea transpira\u021biei intense, a soarelui puternic, a \u00eenotului \u0219i a frec\u0103rii zonei \u00een timpul vindec\u0103rii timpurii. Alegerea unui sezon care sus\u021bine \u00een mod natural aceste m\u0103suri de precau\u021bie poate face \u00eengrijirea ulterioar\u0103 mai simpl\u0103 \u0219i mai confortabil\u0103.<\/span><\/p>\n\n\n\n<figure class=\"wp-block-image\"><img decoding=\"async\" src=\"https:\/\/haircenterofturkey.com\/wp-content\/uploads\/2025\/06\/When-Is-the-Best-Season-for-Beard-Transplant-1.webp\" alt=\"When Is the Best Season for Beard Transplant?\" title=\"\"><\/figure>\n\n\n\n<p class=\"wp-block-paragraph\"><\/p>\n\n\n\n<h2 class=\"wp-block-heading\" id=\"can-a-beard-transplant-be-done-in-any-season\"><b>Se poate face un transplant de barb\u0103 \u00een orice anotimp?<\/b><\/h2>\n\n\n\n<p class=\"wp-block-paragraph\"><span style=\"font-weight: 400;\">Da. Transplantul de barb\u0103 se efectueaz\u0103 pe tot parcursul anului, iar sezonul \u201epotrivit\u201d este adesea cel care se potrive\u0219te programului t\u0103u \u0219i v\u0103 permite s\u0103 proteja\u021bi grefele \u00een mod corespunz\u0103tor. Dac\u0103 planurile dvs. de munc\u0103 sau de c\u0103l\u0103torie \u00eengreuneaz\u0103 evitarea c\u0103ldurii, a soarelui sau a exerci\u021biilor fizice intense, schimbarea timpului poate reduce problemele \u00een primele dou\u0103 s\u0103pt\u0103m\u00e2ni.<\/span><\/p>\n\n\n\n<h2 class=\"wp-block-heading\" id=\"season-by-season-pros-and-cons\"><b>Avantaje \u0219i dezavantaje sezon cu sezon<\/b><\/h2>\n\n\n\n<h3 class=\"wp-block-heading\" id=\"winter\"><b>iarna<\/b><\/h3>\n\n\n\n<p class=\"wp-block-paragraph\"><span style=\"font-weight: 400;\">Iarna este adesea mai u\u0219oar\u0103, deoarece temperaturile mai sc\u0103zute reduc transpira\u021bia \u0219i este mai pu\u021bin probabil s\u0103 petrece\u021bi ore lungi \u00een soare direct. Mul\u021bi oameni prefer\u0103, de asemenea, iarna pentru intimitate, deoarece orice ro\u0219ea\u021b\u0103 temporar\u0103 sau crust\u0103 este mai u\u0219or de p\u0103strat discret cu rutinele sezoniere normale. Ai grij\u0103 doar la \u021bes\u0103turile aspre sau la gulerele \u00eenalte care freac\u0103 zona destinatar\u0103 \u00een primele zile.<\/span><\/p>\n\n\n\n<h3 class=\"wp-block-heading\" id=\"spring\"><b>Primavara<\/b><\/h3>\n\n\n\n<p class=\"wp-block-paragraph\"><span style=\"font-weight: 400;\">Prim\u0103vara poate fi o cale de mijloc confortabil\u0103, deoarece temperaturile sunt de obicei bl\u00e2nde, ceea ce v\u0103 ajut\u0103 s\u0103 evita\u021bi at\u00e2t transpira\u021bia abundent\u0103, c\u00e2t \u0219i frigul puternic. Dac\u0103 ave\u021bi de-a face cu alergii sezoniere, str\u0103nutul frecvent sau frecarea fe\u021bei pot fi enervante \u00een timpul vindec\u0103rii timpurii. \u00cen acest caz, planifica\u021bi din timp gestionarea alergiilor \u0219i fi\u021bi mai disciplina\u021bi \u00een privin\u021ba a nu atinge grefele.<\/span><\/p>\n\n\n\n<h3 class=\"wp-block-heading\" id=\"summer\"><b>vara<\/b><\/h3>\n\n\n\n<p class=\"wp-block-paragraph\"><span style=\"font-weight: 400;\">Vara este func\u021bional\u0103, dar necesit\u0103 mai mult\u0103 planificare. C\u0103ldura \u0219i umiditatea pot cre\u0219te transpira\u021bia, iar a nu fi expus direct la soare este mai greu atunci c\u00e2nd timpul \u00een aer liber \u0219i vacan\u021bele sunt maxime. Dac\u0103 vara este singura ta fereastr\u0103 practic\u0103, construie\u0219te-\u021bi planul \u00een jurul umbrei, r\u0103cirii interioare \u0219i \u00eengrijirii ulterioare stricte pentru a reduce riscul de iritare.<\/span><\/p>\n\n\n\n<h3 class=\"wp-block-heading\" id=\"fall\"><b>Toamna<\/b><\/h3>\n\n\n\n<p class=\"wp-block-paragraph\"><span style=\"font-weight: 400;\">Toamna este o alegere popular\u0103 din acelea\u0219i motive ca \u0219i iarna: vreme mai r\u0103coroas\u0103, mai stabil\u0103 \u0219i mai pu\u021bine activit\u0103\u021bi grele de soare pentru mul\u021bi pacien\u021bi. Un alt avantaj practic este sincronizarea \u2013 dac\u0103 faci procedura toamna, barba ta are timp s\u0103 treac\u0103 prin ciclul de cre\u0219tere, a\u0219a c\u0103 pare mult mai stabilit\u0103 p\u00e2n\u0103 \u00een vara urm\u0103toare.<\/span><\/p>\n\n\n\n<figure class=\"wp-block-image\"><img decoding=\"async\" src=\"https:\/\/haircenterofturkey.com\/wp-content\/uploads\/2025\/06\/When-Is-the-Best-Season-for-Beard-Transplant-2.webp\" alt=\"When Is the Best Season for Beard Transplant?\" title=\"\"><\/figure>\n\n\n\n<p class=\"wp-block-paragraph\"><\/p>\n\n\n\n<h2 class=\"wp-block-heading\" id=\"planning-around-healing-and-final-results\"><b>Planificarea \u00een jurul vindec\u0103rii \u0219i a rezultatelor finale<\/b><\/h2>\n\n\n\n<p class=\"wp-block-paragraph\"><span style=\"font-weight: 400;\">Majoritatea oamenilor arat\u0103 social \u201enormal\u201d destul de repede, dar cronologia cre\u0219terii p\u0103rului este mai lung\u0103 dec\u00e2t se a\u0219teapt\u0103 mul\u021bi.<\/span><\/p>\n\n\n\n<ul class=\"wp-block-list\">\n<li><b>Zilele 7-10:<\/b><span style=\"font-weight: 400;\"> crustele se ridic\u0103 adesea \u0219i cad pe m\u0103sur\u0103 ce vindecarea se instaleaz\u0103.<\/span><span style=\"font-weight: 400;\"><br><\/span><\/li>\n\n\n\n<li><b>Aproximativ 1-2 s\u0103pt\u0103m\u00e2ni:<\/b><span style=\"font-weight: 400;\"> ro\u0219ea\u021ba\/crusta\u021bia\/umflarea precoce se calmeaz\u0103 de obicei pentru mul\u021bi pacien\u021bi.<\/span><span style=\"font-weight: 400;\"><br><\/span><\/li>\n\n\n\n<li><b>Lunile 3-12:<\/b><span style=\"font-weight: 400;\"> o nou\u0103 cre\u0219tere devine mai vizibil\u0103 \u00een timp, cu rezultate finale \u00een mod obi\u0219nuit <\/span><b>9-12 luni<\/b><span style=\"font-weight: 400;\"> (uneori mai mult \u00een func\u021bie de individ).<\/span><span style=\"font-weight: 400;\"><br><\/span><\/li>\n<\/ul>\n\n\n\n<p class=\"wp-block-paragraph\"><span style=\"font-weight: 400;\">Acesta este motivul pentru care planificarea bazat\u0103 pe evenimente conteaz\u0103. Dac\u0103 vrei ca barba ta s\u0103 arate cel mai matur pentru o nunt\u0103, o \u0219edin\u021b\u0103 profesional\u0103 sau o c\u0103l\u0103torie mare, programeaz\u0103-te <\/span><b>9-12 luni \u00eenainte<\/b><span style=\"font-weight: 400;\"> este cel mai sigur pariu.<\/span><\/p>\n\n\n\n<h2 class=\"wp-block-heading\" id=\"lifestyle-factors-that-matter-more-than-the-calendar\"><b>Factorii stilului de via\u021b\u0103 care conteaz\u0103 mai mult dec\u00e2t calendarul<\/b><\/h2>\n\n\n\n<p class=\"wp-block-paragraph\"><span style=\"font-weight: 400;\">Sezonul ajut\u0103, dar rutina ta conteaz\u0103 mai mult. \u00cenainte de a rezerva, verifica\u021bi aceste puncte practice:<\/span><\/p>\n\n\n\n<ul class=\"wp-block-list\">\n<li><b>Timp liber:<\/b><span style=\"font-weight: 400;\"> planifica\u021bi cel pu\u021bin c\u00e2teva zile mai lini\u0219tite, astfel \u00eenc\u00e2t s\u0103 nu v\u0103 gr\u0103bi\u021bi, s\u0103 nu transpira\u021bi sau s\u0103 face\u021bi naveta din greu \u00een faza cea mai sensibil\u0103.<\/span><span style=\"font-weight: 400;\"><br><\/span><\/li>\n\n\n\n<li><b>Expunerea la soare \u0219i ap\u0103:<\/b><span style=\"font-weight: 400;\"> mul\u021bi furnizori recomand\u0103 evitarea soarelui direct devreme \u0219i am\u00e2narea piscinelor\/marea\/saunei pentru o perioad\u0103 de timp (ora exact\u0103 variaz\u0103 \u2013 urma\u021bi protocolul clinicii dumneavoastr\u0103).<\/span><span style=\"font-weight: 400;\"><br><\/span><\/li>\n\n\n\n<li><b>Sal\u0103 de sport \u0219i sport:<\/b><span style=\"font-weight: 400;\"> antrenamentele care provoac\u0103 transpira\u021bie puternic\u0103 pot fi descurajate \u00een faza incipient\u0103 de multe clinici.<\/span><span style=\"font-weight: 400;\"><br><\/span><\/li>\n<\/ul>\n\n\n\n<h2 class=\"wp-block-heading\" id=\"travel-beach-holidays-or-activity-heavy-trips-right-after-surgery-are-rarely-convenient-even-if-theyre-technically-possible-with-strict-precautions-\ufffc\"><b>C\u0103l\u0103torii:<\/b><span style=\"font-weight: 400;\"> Vacan\u021bele la plaj\u0103 sau c\u0103l\u0103toriile grele de activitate imediat dup\u0103 opera\u021bie sunt rareori convenabile, chiar dac\u0103 sunt posibile din punct de vedere tehnic, cu precau\u021bii stricte.<\/span><span style=\"font-weight: 400;\"><br><\/span><figure><img decoding=\"async\" style=\"font-size: 16px;\" src=\"https:\/\/haircenterofturkey.com\/wp-content\/uploads\/2025\/06\/When-Is-the-Best-Season-for-Beard-Transplant-3.webp\" alt=\"When Is the Best Season for Beard Transplant?\" title=\"\"><\/figure><\/h2>\n\n\n\n<h2 class=\"wp-block-heading\" id=\"fa-qs-about-beard-transplant-timing\"><b>\u00centreb\u0103ri frecvente despre momentul transplantului de barb\u0103<\/b><\/h2>\n\n\n<div id=\"rank-math-faq\" class=\"rank-math-block\">\n<div class=\"rank-math-list \">\n<div id=\"faq-question-1771235639950\" class=\"rank-math-list-item\">\n<h3 class=\"rank-math-question \">Ce anotimp este ideal pentru o procedur\u0103 de transplant de barb\u0103?<\/h3>\n<div class=\"rank-math-answer \">\n\n<p>Prim\u0103vara sau toamna sunt ideale; vremea bl\u00e2nd\u0103 reduce transpira\u021bia, expunerea la soare \u0219i irita\u021bia.<\/p>\n\n<\/div>\n<\/div>\n<div id=\"faq-question-1771235641887\" class=\"rank-math-list-item\">\n<h3 class=\"rank-math-question \">Poate vara sau iarna s\u0103 afecteze recuperarea transplantului de barb\u0103?<\/h3>\n<div class=\"rank-math-answer \">\n\n<p>Da, c\u0103ldura verii cre\u0219te transpira\u021bia; frigul de iarn\u0103 usuc\u0103 pielea \u0219i \u00eencetine\u0219te confortul.<\/p>\n\n<\/div>\n<\/div>\n<div id=\"faq-question-1771235642279\" class=\"rank-math-list-item\">\n<h3 class=\"rank-math-question \">Exist\u0103 o perioad\u0103 optim\u0103 din an pentru a maximiza rezultatele transplantului de barb\u0103?<\/h3>\n<div class=\"rank-math-answer \">\n\n<p>Nu, rezultatele depind de tehnic\u0103 \u0219i \u00eengrijire ulterioar\u0103; alege\u021bi o perioad\u0103 cu soare sc\u0103zut, cu transpira\u021bie sc\u0103zut\u0103.<\/p>\n\n<\/div>\n<\/div>\n<div id=\"faq-question-1771235642800\" class=\"rank-math-list-item\">\n<h3 class=\"rank-math-question \">Cum influen\u021beaz\u0103 condi\u021biile meteorologice vindecarea transplantului de barb\u0103?<\/h3>\n<div class=\"rank-math-answer \">\n\n<p>C\u0103ldura, transpira\u021bia \u0219i UV cresc irita\u021bia; frigul, v\u00e2ntul \u0219i usc\u0103ciunea \u00eencetinesc recuperarea pielii.<\/p>\n\n<\/div>\n<\/div>\n<div id=\"faq-question-1771235643642\" class=\"rank-math-list-item\">\n<h3 class=\"rank-math-question \">Exist\u0103 sfaturi sezoniere pentru \u00eengrijirea \u00eenainte \u0219i dup\u0103 transplantul de barb\u0103?<br><\/h3>\n<div class=\"rank-math-answer \">\n\n<p>Da: evita\u021bi soarele, transpira\u021bia, piscinele; hidrateaz\u0103 iarna; urma\u021bi cu stricte\u021be instruc\u021biunile de sp\u0103lare.<\/p>\n\n<\/div>\n<\/div>\n<\/div>\n<\/div>","protected":false},"excerpt":{"rendered":"<p>C\u00e2nd este cel mai bun sezon pentru un transplant de barb\u0103? Un transplant de barb\u0103 poate fi programat \u00een orice perioad\u0103 a anului, dar mul\u021bi oameni consider\u0103 c\u0103 toamna \u0219i iarna sunt mai confortabile, deoarece vremea mai rece \u00eenseamn\u0103, de obicei, mai pu\u021bin\u0103 transpira\u021bie \u0219i o expunere la soare mai pu\u021bin intens\u0103. Alege\u021bi o perioad\u0103 [&hellip;]<\/p>\n","protected":false},"author":2,"featured_media":784,"comment_status":"closed","ping_status":"closed","sticky":false,"template":"","format":"standard","meta":{"footnotes":"","rank_math_title":"","rank_math_description":"Cel mai bun sezon pentru un transplant de barb\u0103 este toamna sau iarna datorit\u0103 vremii mai r\u0103coroase \u0219i a vindec\u0103rii mai rapide. Face\u021bi clic pentru informa\u021bii.","rank_math_focus_keyword":"","rank_math_canonical_url":"","rank_math_breadcrumb_title":"","rank_math_facebook_title":"","rank_math_facebook_description":"","rank_math_facebook_image":"","rank_math_twitter_title":"","rank_math_twitter_description":"","rank_math_twitter_image":"","rank_math_pillar_content":""},"categories":[968,984],"tags":[],"class_list":["post-52609","post","type-post","status-publish","format-standard","has-post-thumbnail","hentry","category-blog","category-tratamente-de-transplant-de-par"],"_links":{"self":[{"href":"https:\/\/haircenterofturkey.com\/ro\/wp-json\/wp\/v2\/posts\/52609","targetHints":{"allow":["GET"]}}],"collection":[{"href":"https:\/\/haircenterofturkey.com\/ro\/wp-json\/wp\/v2\/posts"}],"about":[{"href":"https:\/\/haircenterofturkey.com\/ro\/wp-json\/wp\/v2\/types\/post"}],"author":[{"embeddable":true,"href":"https:\/\/haircenterofturkey.com\/ro\/wp-json\/wp\/v2\/users\/2"}],"replies":[{"embeddable":true,"href":"https:\/\/haircenterofturkey.com\/ro\/wp-json\/wp\/v2\/comments?post=52609"}],"version-history":[{"count":4,"href":"https:\/\/haircenterofturkey.com\/ro\/wp-json\/wp\/v2\/posts\/52609\/revisions"}],"predecessor-version":[{"id":60346,"href":"https:\/\/haircenterofturkey.com\/ro\/wp-json\/wp\/v2\/posts\/52609\/revisions\/60346"}],"wp:featuredmedia":[{"embeddable":true,"href":"https:\/\/haircenterofturkey.com\/ro\/wp-json\/wp\/v2\/media\/784"}],"wp:attachment":[{"href":"https:\/\/haircenterofturkey.com\/ro\/wp-json\/wp\/v2\/media?parent=52609"}],"wp:term":[{"taxonomy":"category","embeddable":true,"href":"https:\/\/haircenterofturkey.com\/ro\/wp-json\/wp\/v2\/categories?post=52609"},{"taxonomy":"post_tag","embeddable":true,"href":"https:\/\/haircenterofturkey.com\/ro\/wp-json\/wp\/v2\/tags?post=52609"}],"curies":[{"name":"wp","href":"https:\/\/api.w.org\/{rel}","templated":true}]}}