{"id":52544,"date":"2025-07-08T23:14:27","date_gmt":"2025-07-08T20:14:27","guid":{"rendered":"https:\/\/haircenterofturkey.com\/?p=52544"},"modified":"2026-08-31T16:10:12","modified_gmt":"2026-08-31T13:10:12","slug":"este-adevarata-caderea-parului-vegan-si-ce-poti-face-in-privinta-ei","status":"publish","type":"post","link":"https:\/\/haircenterofturkey.com\/ro\/este-adevarata-caderea-parului-vegan-si-ce-poti-face-in-privinta-ei\/","title":{"rendered":"Este adev\u0103rat\u0103 c\u0103derea p\u0103rului vegan \u0219i ce po\u021bi face \u00een privin\u021ba ei"},"content":{"rendered":"\n<h2 class=\"wp-block-heading\" id=\"is-vegan-hair-loss-real-and-what-can-you-do-about-it\">Este c\u0103derea p\u0103rului vegan\u0103 real\u0103 \u0219i ce po\u021bi face \u00een privin\u021ba ei?<\/h2>\n\n\n\n<p class=\"wp-block-paragraph\"><strong data-start=\"422\" data-end=\"522\">C\u0103derea p\u0103rului vegan este o preocupare real\u0103 pentru unele persoane care trec la un stil de via\u021b\u0103 bazat pe plante.<\/strong> \u00cen timp ce mul\u021bi vegani se confrunt\u0103 cu beneficii pentru s\u0103n\u0103tate, inclusiv cre\u0219terea energiei \u0219i alinierea etic\u0103 \u00eembun\u0103t\u0103\u021bit\u0103, unii raporteaz\u0103 schimb\u0103ri nea\u0219teptate, cum ar fi r\u0103rirea sau c\u0103derea p\u0103rului. Acest ghid exploreaz\u0103 rela\u021bia dintre veganism \u0219i s\u0103n\u0103tatea p\u0103rului, ce cauzeaz\u0103 c\u0103derea p\u0103rului vegan \u0219i cum s\u0103 o preveni\u021bi sau s\u0103 o inversa\u021bi.<\/p>\n\n\n\n<div class=\"wp-block-rank-math-toc-block\" id=\"rank-math-toc\"><h2>Table of Contents<\/h2><nav><ul><li><a href=\"#is-vegan-hair-loss-real-and-what-can-you-do-about-it\">Este c\u0103derea p\u0103rului vegan\u0103 real\u0103 \u0219i ce po\u021bi face \u00een privin\u021ba ei?<\/a><\/li><li><a href=\"#can-a-vegan-diet-cause-hair-loss\">Poate o diet\u0103 vegan\u0103 s\u0103 provoace c\u0103derea p\u0103rului?<\/a><\/li><li><a href=\"#what-nutrient-deficiencies-are-linked-to-vegan-hair-loss\">Ce deficien\u021be nutritive sunt legate de c\u0103derea p\u0103rului vegan?<\/a><\/li><li><a href=\"#is-all-hair-loss-on-a-vegan-diet-due-to-nutrition\">Toat\u0103 c\u0103derea p\u0103rului \u00eentr-o diet\u0103 vegan\u0103 se datoreaz\u0103 nutri\u021biei?<\/a><\/li><li><a href=\"#how-can-vegans-prevent-hair-loss\">Cum pot veganii s\u0103 previn\u0103 c\u0103derea p\u0103rului?<\/a><\/li><li><a href=\"#are-there-vegan-hair-growth-supplements\">Exist\u0103 suplimente vegane pentru cre\u0219terea p\u0103rului?<\/a><\/li><li><a href=\"#can-hair-regrow-after-nutrient-related-vegan-hair-loss\">Poate p\u0103rul s\u0103 creasc\u0103 dup\u0103 c\u0103derea p\u0103rului vegan legat\u0103 de nutrien\u021bi?<\/a><\/li><li><a href=\"#is-hair-loss-inevitable-on-a-vegan-diet\">Este c\u0103derea p\u0103rului inevitabil\u0103 \u00eentr-o diet\u0103 vegan\u0103?<\/a><\/li><li><a href=\"#fa-qs\">\u00centreb\u0103ri frecvente<\/a><\/li><\/ul><\/nav><\/div>\n\n\n\n<h2 class=\"wp-block-heading\" id=\"can-a-vegan-diet-cause-hair-loss\">Poate o diet\u0103 vegan\u0103 s\u0103 provoace c\u0103derea p\u0103rului?<\/h2>\n\n\n\n<p class=\"wp-block-paragraph\">O diet\u0103 vegan\u0103 bine echilibrat\u0103 poate oferi numeroase beneficii pentru s\u0103n\u0103tate, dar poate duce \u0219i la c\u0103derea p\u0103rului dac\u0103 nu este gestionat\u0103 corespunz\u0103tor. Cre\u0219terea p\u0103rului depinde de o varietate de nutrien\u021bi, \u00een special <strong data-start=\"1048\" data-end=\"1059\">proteine<\/strong>, <strong data-start=\"1061\" data-end=\"1069\">fier de c\u0103lcat<\/strong>, <strong data-start=\"1071\" data-end=\"1079\">zinc<\/strong>, <strong data-start=\"1081\" data-end=\"1096\">vitamina B12<\/strong>, \u0219i <strong data-start=\"1102\" data-end=\"1125\">acizi gra\u0219i omega-3<\/strong>. Ace\u0219ti nutrien\u021bi sunt mai u\u0219or disponibili \u00een alimentele de origine animal\u0103 \u0219i pot fi mai greu de ob\u021binut din surse vegetale, cu excep\u021bia cazului \u00een care dieta este planificat\u0103 cu aten\u021bie.<\/p>\n\n\n\n<p class=\"wp-block-paragraph\">C\u00e2nd trece\u021bi la veganism, o sc\u0103dere brusc\u0103 a acestor nutrien\u021bi esen\u021biali poate perturba ciclul de cre\u0219tere a p\u0103rului, duc\u00e2nd la c\u0103derea sau r\u0103rirea p\u0103rului. <strong data-start=\"1426\" data-end=\"1458\">Da, c\u0103derea p\u0103rului vegan este real\u0103<\/strong>, dar cu o planificare adecvat\u0103, este adesea temporar\u0103 \u0219i prevenibil\u0103.<\/p>\n\n\n\n<figure class=\"wp-block-image\"><img decoding=\"async\" src=\"https:\/\/haircenterofturkey.com\/wp-content\/uploads\/2025\/07\/Is-Vegan-Hair-Loss-Real-and-What-Can-You-Do-About-It-1.webp\" alt=\"Is Vegan Hair Loss Real and What Can You Do About It\" title=\"\"><\/figure>\n\n\n\n<p class=\"wp-block-paragraph\"><\/p>\n\n\n\n<h2 class=\"wp-block-heading\" id=\"what-nutrient-deficiencies-are-linked-to-vegan-hair-loss\">Ce deficien\u021be nutritive sunt legate de c\u0103derea p\u0103rului vegan?<\/h2>\n\n\n\n<p class=\"wp-block-paragraph\">Cele mai frecvente deficien\u021be de nutrien\u021bi care contribuie la c\u0103derea p\u0103rului \u00een r\u00e2ndul veganilor includ:<\/p>\n\n\n\n<ul class=\"wp-block-list\">\n<li><br><p data-start=\"1680\" data-end=\"1800\"><strong data-start=\"1680\" data-end=\"1692\">Proteine:<\/strong> P\u0103rul este alc\u0103tuit din cheratina, o protein\u0103. Lipsa unui aport adecvat de proteine \u200b\u200bpoate sl\u0103bi p\u0103rul \u0219i \u00eencetini cre\u0219terea.<\/p><br><\/li>\n\n\n\n<li><br><p data-start=\"1803\" data-end=\"1962\"><strong data-start=\"1803\" data-end=\"1812\">Fier de c\u0103lcat:<\/strong> Fierul pe baz\u0103 de plante (non-hem) este absorbit mai pu\u021bin eficient de organism. Nivelurile sc\u0103zute de fier pot provoca anemie, reduc\u00e2nd aportul de oxigen la foliculii de p\u0103r.<\/p><br><\/li>\n\n\n\n<li><br><p data-start=\"1965\" data-end=\"2098\"><strong data-start=\"1965\" data-end=\"1981\">Vitamina B12:<\/strong> G\u0103sit\u0103 aproape exclusiv \u00een produsele de origine animal\u0103, vitamina B12 este esen\u021bial\u0103 pentru produc\u021bia de globule ro\u0219ii \u0219i cre\u0219terea p\u0103rului.<\/p><br><\/li>\n\n\n\n<li><br><p data-start=\"2101\" data-end=\"2232\"><strong data-start=\"2101\" data-end=\"2110\">zinc:<\/strong> Zincul joac\u0103 un rol vital \u00een repararea \u021besuturilor \u0219i \u00een func\u021bia foliculului de p\u0103r. O deficien\u021b\u0103 poate duce la r\u0103rirea \u0219i ruperea p\u0103rului.<\/p><br><\/li>\n\n\n\n<li><br><p data-start=\"2235\" data-end=\"2443\"><strong data-start=\"2235\" data-end=\"2259\">Acizi gra\u0219i Omega-3:<\/strong> Aceste gr\u0103simi s\u0103n\u0103toase hr\u0103nesc foliculii de p\u0103r \u0219i men\u021bin scalpul hidratat. De\u0219i se g\u0103sesc \u00een pe\u0219te, ele pot fi ob\u021binute \u0219i din semin\u021be de in, semin\u021be de chia \u0219i suplimente pe baz\u0103 de alge.<\/p><br><\/li>\n<\/ul>\n\n\n\n<figure class=\"wp-block-image\"><img decoding=\"async\" src=\"https:\/\/haircenterofturkey.com\/wp-content\/uploads\/2025\/07\/Is-Vegan-Hair-Loss-Real-and-What-Can-You-Do-About-It-2.webp\" alt=\"Is Vegan Hair Loss Real and What Can You Do About It\" title=\"\"><\/figure>\n\n\n\n<p class=\"wp-block-paragraph\"><\/p>\n\n\n\n<h2 class=\"wp-block-heading\" id=\"is-all-hair-loss-on-a-vegan-diet-due-to-nutrition\">Toat\u0103 c\u0103derea p\u0103rului \u00eentr-o diet\u0103 vegan\u0103 se datoreaz\u0103 nutri\u021biei?<\/h2>\n\n\n\n<p class=\"wp-block-paragraph\">Nu \u00eentotdeauna. <strong data-start=\"2512\" data-end=\"2522\">Stresul<\/strong>, <strong data-start=\"2524\" data-end=\"2544\">modificari hormonale<\/strong>, <strong data-start=\"2546\" data-end=\"2572\">predispozi\u021bie genetic\u0103<\/strong>, \u0219i <strong data-start=\"2578\" data-end=\"2610\">condi\u0163iile de s\u0103n\u0103tate subiacente<\/strong> poate contribui \u0219i la c\u0103derea p\u0103rului. Cu toate acestea, trecerea la un stil de via\u021b\u0103 vegan poate fi ini\u021bial un factor de stres pentru organism, mai ales dac\u0103 schimbarea este brusc\u0103 \u0219i nu este bine echilibrat\u0103. \u00cen astfel de cazuri, c\u0103derea p\u0103rului poate ap\u0103rea ca r\u0103spuns la dezechilibrul alimentar sau ajustarea.<\/p>\n\n\n\n<h2 class=\"wp-block-heading\" id=\"how-can-vegans-prevent-hair-loss\">Cum pot veganii s\u0103 previn\u0103 c\u0103derea p\u0103rului?<\/h2>\n\n\n\n<p class=\"wp-block-paragraph\">Pentru a preveni caderea parului in timp ce urmati un stil de viata vegan, este esential sa mentineti o dieta echilibrata, bogata in nutrienti. Lua\u021bi \u00een considerare urm\u0103torii pa\u0219i:<\/p>\n\n\n\n<ul class=\"wp-block-list\">\n<li><br><p data-start=\"3056\" data-end=\"3161\"><strong data-start=\"3056\" data-end=\"3087\">Include\u021bi alimente bogate \u00een proteine:<\/strong> Linte, tofu, tempeh, n\u0103ut, quinoa \u0219i alte proteine pe baz\u0103 de plante.<\/p><br><\/li>\n\n\n\n<li><br><p data-start=\"3164\" data-end=\"3281\"><strong data-start=\"3164\" data-end=\"3198\">Lua\u021bi un supliment de vitamina B12:<\/strong> Deoarece este greu s\u0103 ob\u021bine\u021bi suficient B12 din alimente vegetale, suplimentarea este crucial\u0103.<\/p><br><\/li>\n\n\n\n<li><br><p data-start=\"3284\" data-end=\"3427\"><strong data-start=\"3284\" data-end=\"3312\">\u00cembun\u0103t\u0103\u021bi\u021bi absorb\u021bia fierului:<\/strong> Combina\u021bi alimente bogate \u00een fier, cum ar fi spanacul, leguminoasele \u0219i cerealele fortificate, cu alimente bogate \u00een vitamina C pentru a \u00eembun\u0103t\u0103\u021bi absorb\u021bia.<\/p><br><\/li>\n\n\n\n<li><br><p data-start=\"3430\" data-end=\"3525\"><strong data-start=\"3430\" data-end=\"3458\">Consuma\u021bi alimente bogate \u00een zinc:<\/strong>Semin\u021bele de dovleac, caju \u0219i cerealele integrale sunt surse bune de zinc.<\/p><br><\/li>\n\n\n\n<li><br><p data-start=\"3528\" data-end=\"3639\"><strong data-start=\"3528\" data-end=\"3560\">Include\u021bi surse de Omega-3:<\/strong> Nucile, semin\u021bele de chia, semin\u021bele de c\u00e2nep\u0103 \u0219i uleiul de alge pot ajuta la men\u021binerea s\u0103n\u0103t\u0103\u021bii scalpului.<\/p><br><\/li>\n\n\n\n<li><br><p data-start=\"3642\" data-end=\"3810\"><strong data-start=\"3642\" data-end=\"3669\">Consulta\u021bi un nutri\u021bionist:<\/strong> Un dietetician \u00eenregistrat poate ajuta la crearea unui plan personalizat de mese vegane care s\u0103 r\u0103spund\u0103 nevoilor dumneavoastr\u0103 nutri\u021bionale pentru p\u0103rul optim \u0219i s\u0103n\u0103tatea general\u0103.<\/p><br><\/li>\n<\/ul>\n\n\n\n<figure class=\"wp-block-image\"><img decoding=\"async\" src=\"https:\/\/haircenterofturkey.com\/wp-content\/uploads\/2025\/07\/Is-Vegan-Hair-Loss-Real-and-What-Can-You-Do-About-It-3.webp\" alt=\"Is Vegan Hair Loss Real and What Can You Do About It\" title=\"\"><\/figure>\n\n\n\n<p class=\"wp-block-paragraph\"><\/p>\n\n\n\n<h2 class=\"wp-block-heading\" id=\"are-there-vegan-hair-growth-supplements\">Exist\u0103 suplimente vegane pentru cre\u0219terea p\u0103rului?<\/h2>\n\n\n\n<p class=\"wp-block-paragraph\">Da, multe suplimente vegane se adreseaz\u0103 \u00een mod special celor cu restric\u021bii alimentare. Aceste suplimente con\u021bin de obicei surse vegetale de B12, fier, zinc \u0219i omega-3. Verifica\u021bi \u00eentotdeauna etichetele care indic\u0103 c\u0103 produsul este \u201evegan\u201d sau \u201e100% pe baz\u0103 de plante\u201d.<\/p>\n\n\n\n<p class=\"wp-block-paragraph\">\u00cenainte de a \u00eencepe orice supliment, cel mai bine este s\u0103 consulta\u021bi un profesionist din domeniul s\u0103n\u0103t\u0103\u021bii pentru a v\u0103 asigura c\u0103 produsul este potrivit pentru nevoile dumneavoastr\u0103 specifice.<\/p>\n\n\n\n<h2 class=\"wp-block-heading\" id=\"can-hair-regrow-after-nutrient-related-vegan-hair-loss\">Poate p\u0103rul s\u0103 creasc\u0103 dup\u0103 c\u0103derea p\u0103rului vegan legat\u0103 de nutrien\u021bi?<\/h2>\n\n\n\n<p class=\"wp-block-paragraph\">\u00cen cele mai multe cazuri, <strong data-start=\"4352\" data-end=\"4359\">da<\/strong>. Odat\u0103 ce deficien\u021bele sunt corectate prin diet\u0103 sau suplimentare, cre\u0219terea p\u0103rului se reia \u00een general. Cu toate acestea, poate dura c\u00e2teva luni pentru ca \u00eembun\u0103t\u0103\u021birile vizibile s\u0103 apar\u0103. Cre\u0219terea p\u0103rului este un proces lent, a\u0219a c\u0103 consisten\u021ba \u00een aportul de nutrien\u021bi este esen\u021bial\u0103 pentru rezultate pe termen lung.<\/p>\n\n\n\n<h2 class=\"wp-block-heading\" id=\"is-hair-loss-inevitable-on-a-vegan-diet\">Este c\u0103derea p\u0103rului inevitabil\u0103 \u00eentr-o diet\u0103 vegan\u0103?<\/h2>\n\n\n\n<p class=\"wp-block-paragraph\">Nu, c\u0103derea p\u0103rului nu este o consecin\u021b\u0103 inevitabil\u0103 a unei diete vegane. Mul\u021bi vegani \u00ee\u0219i men\u021bin p\u0103rul s\u0103n\u0103tos \u0219i des pe tot parcursul vie\u021bii, concentr\u00e2ndu-se pe o diet\u0103 echilibrat\u0103, bogat\u0103 \u00een nutrien\u021bi. Cheia este s\u0103 fii informat \u0219i inten\u021bionat cu privire la nutri\u021bie. O diet\u0103 prost planificat\u0103, indiferent dac\u0103 este vegan\u0103 sau nu, poate duce la probleme de s\u0103n\u0103tate, inclusiv c\u0103derea p\u0103rului, dar o abordare atent\u0103 sus\u021bine at\u00e2t s\u0103n\u0103tatea intern\u0103, c\u00e2t \u0219i aspectul exterior.<\/p>\n\n\n\n<h2 class=\"wp-block-heading\" id=\"fa-qs\">\u00centreb\u0103ri frecvente<\/h2>\n\n\n<div id=\"rank-math-faq\" class=\"rank-math-block\">\n<div class=\"rank-math-list \">\n<div id=\"faq-question-1771316681880\" class=\"rank-math-list-item\">\n<h3 class=\"rank-math-question \">Cum s\u0103 opre\u0219ti c\u0103derea p\u0103rului vegan?<\/h3>\n<div class=\"rank-math-answer \">\n\n<p>Corecteaz\u0103 deficien\u021bele de nutrien\u021bi, satisface nevoile de proteine\/fier\/zinc\/iod\/B12, gestioneaz\u0103 stresul, vezi dermatolog.<\/p>\n\n<\/div>\n<\/div>\n<div id=\"faq-question-1771316682563\" class=\"rank-math-list-item\">\n<h3 class=\"rank-math-question \">Ce deficien\u021b\u0103 de vitamine cauzeaz\u0103 c\u0103derea p\u0103rului la vegani?<\/h3>\n<div class=\"rank-math-answer \">\n\n<p>Deficien\u021bele de vitamina B12, fier, zinc \u0219i iod contribuie cel mai adesea la c\u0103derea p\u0103rului vegan.<\/p>\n\n<\/div>\n<\/div>\n<div id=\"faq-question-1771316683217\" class=\"rank-math-list-item\">\n<h3 class=\"rank-math-question \">Ce \u00eei lipse\u0219te corpului meu dac\u0103 \u00eemi cade p\u0103rul?<\/h3>\n<div class=\"rank-math-answer \">\n\n<p>Cauzele comune includ deficit de fier, proteine \u200b\u200bsc\u0103zute, deficit de zinc, boli tiroidiene \u0219i nivel sc\u0103zut de B12.<\/p>\n\n<\/div>\n<\/div>\n<div id=\"faq-question-1771316683818\" class=\"rank-math-list-item\">\n<h3 class=\"rank-math-question \">Vitamina B12 poate inversa caderea parului?<\/h3>\n<div class=\"rank-math-answer \">\n\n<p>B12 poate inversa c\u0103derea p\u0103rului numai dac\u0103 deficien\u021ba de B12 a cauzat-o.<\/p>\n\n<\/div>\n<\/div>\n<div id=\"faq-question-1771316684874\" class=\"rank-math-list-item\">\n<h3 class=\"rank-math-question \">Poate prea mult\u0103 vitamina D s\u0103 provoace c\u0103derea p\u0103rului?<\/h3>\n<div class=\"rank-math-answer \">\n\n<p>Da, suplimentarea excesiv\u0103 cu vitamina D poate declan\u0219a pierderea prin toxicitate \u0219i calciu ridicat.<\/p>\n\n<\/div>\n<\/div>\n<\/div>\n<\/div>","protected":false},"excerpt":{"rendered":"<p>Este c\u0103derea p\u0103rului vegan\u0103 real\u0103 \u0219i ce po\u021bi face \u00een privin\u021ba ei? C\u0103derea p\u0103rului vegan este o preocupare real\u0103 pentru unele persoane care trec la un stil de via\u021b\u0103 bazat pe plante. \u00cen timp ce mul\u021bi vegani se confrunt\u0103 cu beneficii pentru s\u0103n\u0103tate, inclusiv cre\u0219terea energiei \u0219i alinierea etic\u0103 \u00eembun\u0103t\u0103\u021bit\u0103, unii raporteaz\u0103 schimb\u0103ri nea\u0219teptate, cum [&hellip;]<\/p>\n","protected":false},"author":2,"featured_media":814,"comment_status":"closed","ping_status":"closed","sticky":false,"template":"","format":"standard","meta":{"footnotes":"","rank_math_title":"","rank_math_description":"C\u0103derea p\u0103rului vegan este o preocupare real\u0103 care poate rezulta din deficien\u021be nutri\u021bionale dintr-o diet\u0103 pe baz\u0103 de plante. Face\u021bi clic pentru informa\u021bii.","rank_math_focus_keyword":"","rank_math_canonical_url":"","rank_math_breadcrumb_title":"","rank_math_facebook_title":"","rank_math_facebook_description":"","rank_math_facebook_image":"","rank_math_twitter_title":"","rank_math_twitter_description":"","rank_math_twitter_image":"","rank_math_pillar_content":""},"categories":[968,987],"tags":[],"class_list":["post-52544","post","type-post","status-publish","format-standard","has-post-thumbnail","hentry","category-blog","category-caderea-parului"],"_links":{"self":[{"href":"https:\/\/haircenterofturkey.com\/ro\/wp-json\/wp\/v2\/posts\/52544","targetHints":{"allow":["GET"]}}],"collection":[{"href":"https:\/\/haircenterofturkey.com\/ro\/wp-json\/wp\/v2\/posts"}],"about":[{"href":"https:\/\/haircenterofturkey.com\/ro\/wp-json\/wp\/v2\/types\/post"}],"author":[{"embeddable":true,"href":"https:\/\/haircenterofturkey.com\/ro\/wp-json\/wp\/v2\/users\/2"}],"replies":[{"embeddable":true,"href":"https:\/\/haircenterofturkey.com\/ro\/wp-json\/wp\/v2\/comments?post=52544"}],"version-history":[{"count":4,"href":"https:\/\/haircenterofturkey.com\/ro\/wp-json\/wp\/v2\/posts\/52544\/revisions"}],"predecessor-version":[{"id":60565,"href":"https:\/\/haircenterofturkey.com\/ro\/wp-json\/wp\/v2\/posts\/52544\/revisions\/60565"}],"wp:featuredmedia":[{"embeddable":true,"href":"https:\/\/haircenterofturkey.com\/ro\/wp-json\/wp\/v2\/media\/814"}],"wp:attachment":[{"href":"https:\/\/haircenterofturkey.com\/ro\/wp-json\/wp\/v2\/media?parent=52544"}],"wp:term":[{"taxonomy":"category","embeddable":true,"href":"https:\/\/haircenterofturkey.com\/ro\/wp-json\/wp\/v2\/categories?post=52544"},{"taxonomy":"post_tag","embeddable":true,"href":"https:\/\/haircenterofturkey.com\/ro\/wp-json\/wp\/v2\/tags?post=52544"}],"curies":[{"name":"wp","href":"https:\/\/api.w.org\/{rel}","templated":true}]}}