{"id":52504,"date":"2025-07-20T10:55:05","date_gmt":"2025-07-20T07:55:05","guid":{"rendered":"https:\/\/haircenterofturkey.com\/?p=52504"},"modified":"2026-08-31T15:14:52","modified_gmt":"2026-08-31T12:14:52","slug":"cum-ajuta-scara-ludwig-la-identificarea-caderii-parului-cu-model-feminin","status":"publish","type":"post","link":"https:\/\/haircenterofturkey.com\/ro\/cum-ajuta-scara-ludwig-la-identificarea-caderii-parului-cu-model-feminin\/","title":{"rendered":"Cum ajut\u0103 scara Ludwig la identificarea c\u0103derii p\u0103rului cu model feminin"},"content":{"rendered":"\n<h2 class=\"wp-block-heading\" id=\"how-does-the-ludwig-scale-help-identify-female-pattern-hair-loss\">Cum ajut\u0103 scara Ludwig la identificarea c\u0103derii p\u0103rului cu model feminin?<\/h2>\n\n\n\n<div class=\"wp-block-group geo-tldr-box\"><div class=\"wp-block-group__inner-container is-layout-flow wp-block-group-is-layout-flow\">\n\n<h3 class=\"wp-block-heading\">R\u0103spuns rapid<\/h3>\n\n\n\n<p class=\"wp-block-paragraph\">Scala Ludwig identific\u0103 c\u0103derea p\u0103rului la modelul feminin prin gradarea sub\u021bierii difuze la nivelul coroanei \u00een trei etape (de la Tipul I la Tipul III), \u00een timp ce linia p\u0103rului frontal r\u0103m\u00e2ne intact\u0103. Medicii \u00eel folosesc pentru a determina severitatea \u0219i pentru a alege \u00eentre tratament topic, terapie medical\u0103 sau op\u021biuni chirurgicale.<\/p>\n\n\n\n<ul class=\"wp-block-list\">\n\n<li>Tipul I: sub\u021bierea u\u0219oar\u0103, adesea neobservat\u0103 la nivelul coroanei<\/li>\n\n\n<li>Tipul II: sub\u021bierea vizibil\u0103 de-a lungul p\u0103r\u021bii centrale<\/li>\n\n\n<li>Tipul III: pierdere semnificativ\u0103 de densitate cu o coroan\u0103 transparent\u0103<\/li>\n\n\n<li>Linia frontal\u0103 a p\u0103rului este de obicei p\u0103strat\u0103 \u00een fiecare etap\u0103<\/li>\n\n<\/ul>\n\n<\/div><\/div>\n\n\n\n<p class=\"wp-block-paragraph\"><strong data-start=\"471\" data-end=\"635\">Scala Ludwig este un sistem de clasificare clinic\u0103 folosit pentru a identifica \u0219i m\u0103sura c\u0103derea p\u0103rului cu model feminin pe baza gradului de sub\u021biere difuz\u0103 a scalpului.<\/strong><br data-start=\"635\" data-end=\"638\">Ajut\u0103 speciali\u0219tii s\u0103 evalueze severitatea, s\u0103 urm\u0103reasc\u0103 progresia \u0219i s\u0103 planifice tratamentul adecvat, p\u0103str\u00e2nd \u00een acela\u0219i timp a\u0219tept\u0103rile realiste.<\/p>\n\n\n\n<div class=\"wp-block-rank-math-toc-block\" id=\"rank-math-toc\"><h2>Table of Contents<\/h2><nav><ul><li><a href=\"#how-does-the-ludwig-scale-help-identify-female-pattern-hair-loss\">Cum ajut\u0103 scara Ludwig la identificarea c\u0103derii p\u0103rului cu model feminin?<\/a><\/li><li><a href=\"#what-is-the-ludwig-scale\">Ce este scara Ludwig?<\/a><\/li><li><a href=\"#why-the-ludwig-scale-is-used-for-female-hair-loss\">De ce se folose\u0219te c\u00e2ntarul Ludwig pentru c\u0103derea p\u0103rului feminin<\/a><\/li><li><a href=\"#the-three-stages-of-the-ludwig-scale\">Cele trei etape ale scalei Ludwig<\/a><ul><li><a href=\"#type-i-mild-thinning\">Tipul I \u2013 sub\u021bierea u\u0219oar\u0103<\/a><\/li><li><a href=\"#type-ii-moderate-thinning\">Tipul II \u2013 R\u0103rire moderat\u0103<\/a><\/li><li><a href=\"#type-iii-advanced-thinning\">Tipul III \u2013 Diluare avansat\u0103<\/a><\/li><\/ul><\/li><li><a href=\"#how-the-ludwig-scale-helps-guide-treatment\">Cum scala Ludwig ajut\u0103 la ghidarea tratamentului<\/a><\/li><li><a href=\"#limitations-of-the-ludwig-scale\">Limit\u0103rile Scalei Ludwig<\/a><\/li><li><a href=\"#is-the-ludwig-scale-still-used-today\">Se mai folose\u0219te c\u00e2ntarul Ludwig ast\u0103zi?<\/a><\/li><li><a href=\"#frequently-asked-questions\">\u00centreb\u0103ri frecvente<\/a><\/li><\/ul><\/nav><\/div>\n\n\n\n<h2 class=\"wp-block-heading\" id=\"what-is-the-ludwig-scale\">Ce este scara Ludwig?<\/h2>\n\n\n\n<p class=\"wp-block-paragraph\">Scala Ludwig este un instrument de evaluare vizual\u0103 dezvoltat special pentru femeile care se confrunt\u0103 cu c\u0103derea p\u0103rului. Introdus de Dr. Erich Ludwig, clasific\u0103 r\u0103rirea p\u0103rului \u00een etape pe baza pierderii densit\u0103\u021bii pe coroana \u0219i partea superioar\u0103 a scalpului.<\/p>\n\n\n\n<p class=\"wp-block-paragraph\">Spre deosebire de clasific\u0103rile c\u0103derii p\u0103rului cu model masculin, Scala Ludwig reflect\u0103 modelul de sub\u021biere difuz mai frecvent observat la femei, \u00een timp ce linia p\u0103rului frontal r\u0103m\u00e2ne de obicei intact\u0103.<\/p>\n\n\n\n<figure class=\"wp-block-image\"><img decoding=\"async\" src=\"https:\/\/haircenterofturkey.com\/wp-content\/uploads\/2025\/07\/Ludwig-Scale-1.webp\" alt=\"How Does the Ludwig Scale Help Identify Female Pattern Hair Loss\" title=\"\"><\/figure>\n\n\n\n<p class=\"wp-block-paragraph\"><\/p>\n\n\n\n<h2 class=\"wp-block-heading\" id=\"why-the-ludwig-scale-is-used-for-female-hair-loss\">De ce se folose\u0219te c\u00e2ntarul Ludwig pentru c\u0103derea p\u0103rului feminin<\/h2>\n\n\n\n<p class=\"wp-block-paragraph\">C\u0103derea p\u0103rului la modelul feminin se dezvolt\u0103 adesea treptat \u0219i uniform, ceea ce face mai greu de recunoscut f\u0103r\u0103 o evaluare structurat\u0103. Scala Ludwig ofer\u0103 o modalitate standardizat\u0103 de a descrie severitatea sub\u021bierii p\u0103rului.<\/p>\n\n\n\n<p class=\"wp-block-paragraph\">Clinicienii \u00eel folosesc pentru a comunica \u00een mod clar diagnosticul, pentru a monitoriza schimb\u0103rile \u00een timp \u0219i pentru a determina dac\u0103 o afec\u021biune este stabil\u0103 sau progreseaz\u0103.<\/p>\n\n\n\n<h2 class=\"wp-block-heading\" id=\"the-three-stages-of-the-ludwig-scale\">Cele trei etape ale scalei Ludwig<\/h2>\n\n\n\n<h3 class=\"wp-block-heading\" id=\"type-i-mild-thinning\">Tipul I \u2013 sub\u021bierea u\u0219oar\u0103<\/h3>\n\n\n\n<p class=\"wp-block-paragraph\">Aceasta este cea mai timpurie etap\u0103. Densitatea p\u0103rului este u\u0219or redus\u0103 la coroan\u0103, dar r\u0103rirea este adesea subtil\u0103 \u0219i u\u0219or de ascuns cu coafarea. Linia frontal\u0103 a p\u0103rului r\u0103m\u00e2ne neafectat\u0103.<\/p>\n\n\n\n<h3 class=\"wp-block-heading\" id=\"type-ii-moderate-thinning\">Tipul II \u2013 R\u0103rire moderat\u0103<\/h3>\n\n\n\n<p class=\"wp-block-paragraph\">C\u0103derea p\u0103rului devine mai vizibil\u0103, mai ales de-a lungul p\u0103r\u021bii centrale \u0219i a coroanei. Scalpul se vede mai clar, iar coafarea devine mai pu\u021bin eficient\u0103 la mascarea sub\u021bierii.<\/p>\n\n\n\n<h3 class=\"wp-block-heading\" id=\"type-iii-advanced-thinning\">Tipul III \u2013 Diluare avansat\u0103<\/h3>\n\n\n\n<p class=\"wp-block-paragraph\">Aceast\u0103 etap\u0103 implic\u0103 o pierdere semnificativ\u0103 de densitate \u00een partea superioar\u0103 a scalpului. Sub\u021bierea creeaz\u0103 un aspect pronun\u021bat transparent, de\u0219i linia p\u0103rului frontal este de obicei p\u0103strat\u0103.<\/p>\n\n\n\n<p class=\"wp-block-paragraph\">Unii clinicieni folosesc versiuni extinse ale scalei pentru a descrie modele intermediare, dar modelul \u00een trei etape r\u0103m\u00e2ne cel mai larg recunoscut.<\/p>\n\n\n\n<figure class=\"wp-block-image\"><img decoding=\"async\" src=\"https:\/\/haircenterofturkey.com\/wp-content\/uploads\/2025\/07\/Ludwig-Scale-2.webp\" alt=\"How Does the Ludwig Scale Help Identify Female Pattern Hair Loss\" title=\"\"><\/figure>\n\n\n\n<p class=\"wp-block-paragraph\"><\/p>\n\n\n\n<h2 class=\"wp-block-heading\" id=\"how-the-ludwig-scale-helps-guide-treatment\">Cum scala Ludwig ajut\u0103 la ghidarea tratamentului<\/h2>\n\n\n\n<p class=\"wp-block-paragraph\">Stadializarea corect\u0103 permite speciali\u0219tilor s\u0103 potriveasc\u0103 intensitatea tratamentului cu severitatea c\u0103derii p\u0103rului:<\/p>\n\n\n\n<p class=\"wp-block-paragraph\">Stadiile incipiente pot r\u0103spunde la tratamente topice \u0219i la sprijinul stilului de via\u021b\u0103<br data-start=\"2653\" data-end=\"2656\">Stadiile moderate necesit\u0103 adesea terapii medicale sau abord\u0103ri regenerative<br data-start=\"2730\" data-end=\"2733\">Stadiile avansate pot fi evaluate pentru op\u021biunile chirurgicale atunci c\u00e2nd este adecvat<\/p>\n\n\n\n<p class=\"wp-block-paragraph\">Utilizarea Scalei Ludwig ajut\u0103 la evitarea tratamentelor inutile, stabilind \u00een acela\u0219i timp a\u0219tept\u0103ri realiste pentru rezultate.<\/p>\n\n\n\n<h2 class=\"wp-block-heading\" id=\"limitations-of-the-ludwig-scale\">Limit\u0103rile Scalei Ludwig<\/h2>\n\n\n\n<p class=\"wp-block-paragraph\">Scala Ludwig este conceput\u0103 special pentru c\u0103derea p\u0103rului cu model feminin. Nu se aplic\u0103 afec\u021biunilor precum alopecia areata, efluviul telogen sau alopecia cicatrice.<\/p>\n\n\n\n<p class=\"wp-block-paragraph\">Pentru aceste cazuri, pot fi necesare instrumente de diagnosticare suplimentare, cum ar fi teste de s\u00e2nge, imagistica scalpului sau biopsie, pentru a determina cu exactitate cauza c\u0103derii p\u0103rului.<\/p>\n\n\n\n<h2 class=\"wp-block-heading\" id=\"is-the-ludwig-scale-still-used-today\">Se mai folose\u0219te c\u00e2ntarul Ludwig ast\u0103zi?<\/h2>\n\n\n\n<p class=\"wp-block-paragraph\">Da. \u00cen ciuda sistemelor de clasificare mai noi, Scala Ludwig r\u0103m\u00e2ne un cadru practic \u0219i larg acceptat \u00een clinicile de dermatologie \u0219i restaurare a p\u0103rului.<\/p>\n\n\n\n<p class=\"wp-block-paragraph\">Simplitatea sa \u00eel face eficient at\u00e2t pentru utilizarea clinic\u0103, c\u00e2t \u0219i pentru educarea pacientului, \u00een special atunci c\u00e2nd se explic\u0103 diagnosticul \u0219i progresia.<\/p>\n\n\n\n<h2 class=\"wp-block-heading\" id=\"frequently-asked-questions\">\u00centreb\u0103ri frecvente<\/h2>\n\n\n<div id=\"rank-math-faq\" class=\"rank-math-block\">\n<div class=\"rank-math-list \">\n<div id=\"faq-question-1771249994053\" class=\"rank-math-list-item\">\n<h3 class=\"rank-math-question \">Care este scara Ludwig pentru c\u0103derea p\u0103rului cu model feminin?<\/h3>\n<div class=\"rank-math-answer \">\n\n<p>Scala Ludwig gradeaz\u0103 c\u0103derea p\u0103rului cu model feminin prin sub\u021biere central\u0103, etapele I-III.<\/p>\n\n<\/div>\n<\/div>\n<div id=\"faq-question-1771250006679\" class=\"rank-math-list-item\">\n<h3 class=\"rank-math-question \">Ce scar\u0103 este folosit\u0103 pentru c\u0103derea p\u0103rului cu model feminin?<\/h3>\n<div class=\"rank-math-answer \">\n\n<p>Scara Ludwig este folosit\u0103 \u00een mod obi\u0219nuit; Se folosesc \u0219i c\u00e2ntare Sinclair \u0219i Savin.<\/p>\n\n<\/div>\n<\/div>\n<div id=\"faq-question-1771250007403\" class=\"rank-math-list-item\">\n<h3 class=\"rank-math-question \">Cum s\u0103 identifici c\u0103derea p\u0103rului model feminin?<\/h3>\n<div class=\"rank-math-answer \">\n\n<p>Identifica\u021bi-l prin l\u0103rgirea p\u0103r\u021bii centrale, sub\u021bierea difuz\u0103 a coroanei, linia p\u0103rului frontal p\u0103strat\u0103, firele de p\u0103r miniaturizate.<\/p>\n\n<\/div>\n<\/div>\n<div id=\"faq-question-1771250008288\" class=\"rank-math-list-item\">\n<h3 class=\"rank-math-question \">Ce determin\u0103 chelie feminin\u0103?<\/h3>\n<div class=\"rank-math-answer \">\n\n<p>Genetica \u0219i sensibilitatea foliculilor la androgeni conduc modelele de miniaturizare la femeile predispuse la FPHL.<\/p>\n\n<\/div>\n<\/div>\n<div id=\"faq-question-1771250008871\" class=\"rank-math-list-item\">\n<h3 class=\"rank-math-question \">Care este scorul de p\u0103r Ludwig?<\/h3>\n<div class=\"rank-math-answer \">\n\n<p>Scorul de p\u0103r Ludwig este stadiul Ludwig (I-III) care descrie severitatea sub\u021bierii liniei mediane.<\/p>\n\n<\/div>\n<\/div>\n<\/div>\n<\/div>","protected":false},"excerpt":{"rendered":"<p>Cum ajut\u0103 scara Ludwig la identificarea c\u0103derii p\u0103rului cu model feminin? R\u0103spuns rapid Scala Ludwig identific\u0103 c\u0103derea p\u0103rului la modelul feminin prin gradarea sub\u021bierii difuze la nivelul coroanei \u00een trei etape (de la Tipul I la Tipul III), \u00een timp ce linia p\u0103rului frontal r\u0103m\u00e2ne intact\u0103. Medicii \u00eel folosesc pentru a determina severitatea \u0219i pentru [&hellip;]<\/p>\n","protected":false},"author":2,"featured_media":836,"comment_status":"closed","ping_status":"closed","sticky":false,"template":"","format":"standard","meta":{"footnotes":"","rank_math_title":"","rank_math_description":"Scala Ludwig este un sistem de clasificare folosit pentru a m\u0103sura severitatea c\u0103derii p\u0103rului la modelul feminin. Face\u021bi clic pentru informa\u021bii.","rank_math_focus_keyword":"","rank_math_canonical_url":"","rank_math_breadcrumb_title":"","rank_math_facebook_title":"","rank_math_facebook_description":"","rank_math_facebook_image":"","rank_math_twitter_title":"","rank_math_twitter_description":"","rank_math_twitter_image":"","rank_math_pillar_content":""},"categories":[968,987],"tags":[],"class_list":["post-52504","post","type-post","status-publish","format-standard","has-post-thumbnail","hentry","category-blog","category-caderea-parului"],"_links":{"self":[{"href":"https:\/\/haircenterofturkey.com\/ro\/wp-json\/wp\/v2\/posts\/52504","targetHints":{"allow":["GET"]}}],"collection":[{"href":"https:\/\/haircenterofturkey.com\/ro\/wp-json\/wp\/v2\/posts"}],"about":[{"href":"https:\/\/haircenterofturkey.com\/ro\/wp-json\/wp\/v2\/types\/post"}],"author":[{"embeddable":true,"href":"https:\/\/haircenterofturkey.com\/ro\/wp-json\/wp\/v2\/users\/2"}],"replies":[{"embeddable":true,"href":"https:\/\/haircenterofturkey.com\/ro\/wp-json\/wp\/v2\/comments?post=52504"}],"version-history":[{"count":2,"href":"https:\/\/haircenterofturkey.com\/ro\/wp-json\/wp\/v2\/posts\/52504\/revisions"}],"predecessor-version":[{"id":60520,"href":"https:\/\/haircenterofturkey.com\/ro\/wp-json\/wp\/v2\/posts\/52504\/revisions\/60520"}],"wp:featuredmedia":[{"embeddable":true,"href":"https:\/\/haircenterofturkey.com\/ro\/wp-json\/wp\/v2\/media\/836"}],"wp:attachment":[{"href":"https:\/\/haircenterofturkey.com\/ro\/wp-json\/wp\/v2\/media?parent=52504"}],"wp:term":[{"taxonomy":"category","embeddable":true,"href":"https:\/\/haircenterofturkey.com\/ro\/wp-json\/wp\/v2\/categories?post=52504"},{"taxonomy":"post_tag","embeddable":true,"href":"https:\/\/haircenterofturkey.com\/ro\/wp-json\/wp\/v2\/tags?post=52504"}],"curies":[{"name":"wp","href":"https:\/\/api.w.org\/{rel}","templated":true}]}}