{"id":52494,"date":"2025-07-23T08:34:46","date_gmt":"2025-07-23T05:34:46","guid":{"rendered":"https:\/\/haircenterofturkey.com\/?p=52494"},"modified":"2026-08-31T14:53:53","modified_gmt":"2026-08-31T11:53:53","slug":"ce-este-tinea-capitis-si-cum-poate-fi-tratata","status":"publish","type":"post","link":"https:\/\/haircenterofturkey.com\/ro\/ce-este-tinea-capitis-si-cum-poate-fi-tratata\/","title":{"rendered":"Ce este Tinea Capitis \u0219i cum poate fi tratat\u0103?"},"content":{"rendered":"\n<h2 class=\"wp-block-heading\" id=\"what-is-tinea-capitis-and-how-can-it-be-treated\">Ce este Tinea Capitis \u0219i cum poate fi tratat\u0103?<\/h2>\n\n\n\n<p class=\"wp-block-paragraph\"><strong data-start=\"439\" data-end=\"554\">Tinea capitis este o infec\u021bie fungic\u0103 contagioas\u0103 a scalpului care provoac\u0103 descuamare, m\u00e2nc\u0103rime \u0219i c\u0103derea neted\u0103 a p\u0103rului.<\/strong><br data-start=\"554\" data-end=\"557\">Afecteaz\u0103 \u00een principal copiii, dar poate ap\u0103rea \u0219i la adul\u021bi. Cu un diagnostic precoce \u0219i un tratament antifungic adecvat, infec\u021bia este de obicei vindecabil\u0103 \u0219i adesea p\u0103rul cre\u0219te complet.<\/p>\n\n\n\n<div class=\"wp-block-rank-math-toc-block\" id=\"rank-math-toc\"><h2>Table of Contents<\/h2><nav><ul><li><a href=\"#what-is-tinea-capitis-and-how-can-it-be-treated\">Ce este Tinea Capitis \u0219i cum poate fi tratat\u0103?<\/a><\/li><li><a href=\"#what-is-tinea-capitis\">Ce este Tinea Capitis?<\/a><\/li><li><a href=\"#what-causes-tinea-capitis\">Ce cauzeaz\u0103 Tinea Capitis?<\/a><\/li><li><a href=\"#common-symptoms-of-tinea-capitis\">Simptome frecvente ale Tinea Capitis<\/a><\/li><li><a href=\"#how-tinea-capitis-is-diagnosed\">Cum este diagnosticat\u0103 Tinea Capitis<\/a><\/li><li><a href=\"#treatment-options-for-tinea-capitis\">Op\u021biuni de tratament pentru Tinea Capitis<\/a><\/li><li><a href=\"#can-hair-grow-back-after-tinea-capitis\">Poate p\u0103rul s\u0103 creasc\u0103 din nou dup\u0103 Tinea Capitis?<\/a><\/li><li><a href=\"#how-to-prevent-tinea-capitis\">Cum s\u0103 preveni\u021bi Tinea Capitis<\/a><\/li><li><a href=\"#when-to-see-a-doctor\">C\u00e2nd s\u0103 vezi un medic<\/a><\/li><li><a href=\"#frequently-asked-questions\">\u00centreb\u0103ri frecvente<\/a><\/li><\/ul><\/nav><\/div>\n\n\n\n<h2 class=\"wp-block-heading\" id=\"what-is-tinea-capitis\">Ce este Tinea Capitis?<\/h2>\n\n\n\n<p class=\"wp-block-paragraph\">Tinea capitis, numit\u0103 \u00een mod obi\u0219nuit pecingine a scalpului, este o infec\u021bie fungic\u0103 dermatofit\u0103 care afecteaz\u0103 scalpul \u0219i firele de p\u0103r. \u00cen ciuda numelui s\u0103u, nu este cauzat\u0103 de viermi.<\/p>\n\n\n\n<p class=\"wp-block-paragraph\">Ciupercile responsabile se hr\u0103nesc cu cheratina din p\u0103r \u0219i piele. F\u0103r\u0103 tratament, infec\u021bia se poate r\u0103sp\u00e2ndi, agrava inflama\u021bia \u0219i cre\u0219te riscul c\u0103derii p\u0103rului cauzate de cicatrici.<\/p>\n\n\n\n<figure class=\"wp-block-image\"><img decoding=\"async\" src=\"https:\/\/haircenterofturkey.com\/wp-content\/uploads\/2025\/07\/What-Is-Tinea-Capitis-and-How-Can-It-Be-Treated-1.webp\" alt=\"What Is Tinea Capitis and How Can It Be Treated?\" title=\"\"><\/figure>\n\n\n\n<p class=\"wp-block-paragraph\"><\/p>\n\n\n\n<h2 class=\"wp-block-heading\" id=\"what-causes-tinea-capitis\">Ce cauzeaz\u0103 Tinea Capitis?<\/h2>\n\n\n\n<p class=\"wp-block-paragraph\">Tinea capitis este cauzat\u0103 de ciuperci dermatofite, cel mai frecvent din <em data-start=\"1209\" data-end=\"1223\">Trichophyton<\/em> \u015fi <em data-start=\"1228\" data-end=\"1241\">Microsporum<\/em> grupuri. Aceste organisme se r\u0103sp\u00e2ndesc cu u\u0219urin\u021b\u0103 \u00een medii de contact apropiat.<\/p>\n\n\n\n<p class=\"wp-block-paragraph\">C\u0103ile comune de transmisie includ:<\/p>\n\n\n\n<p class=\"wp-block-paragraph\">Contact direct cu o persoan\u0103 sau un animal infectat<br data-start=\"1397\" data-end=\"1400\">\u00cemp\u0103rt\u0103\u0219irea obiectelor personale, cum ar fi piepteni, p\u0103l\u0103rii, prosoape sau perne<br data-start=\"1462\" data-end=\"1465\">Contact cu suprafe\u021bele contaminate<\/p>\n\n\n\n<p class=\"wp-block-paragraph\">Copiii sunt mai sensibili datorit\u0103 contactului fizic frecvent \u0219i dezvolt\u0103rii sistemului imunitar.<\/p>\n\n\n\n<h2 class=\"wp-block-heading\" id=\"common-symptoms-of-tinea-capitis\">Simptome frecvente ale Tinea Capitis<\/h2>\n\n\n\n<p class=\"wp-block-paragraph\">Simptomele variaz\u0103 \u00een func\u021bie de tulpina fungic\u0103 \u0219i de r\u0103spunsul imun. Semnele tipice includ:<\/p>\n\n\n\n<p class=\"wp-block-paragraph\">Pete solzoase, cu m\u00e2nc\u0103rimi pe scalp<br data-start=\"1759\" data-end=\"1762\">P\u0103r rupt care duce la c\u0103derea neted\u0103 a p\u0103rului<br data-start=\"1802\" data-end=\"1805\">Puncte negre unde firele de p\u0103r s-au rupt la nivelul scalpului<br data-start=\"1854\" data-end=\"1857\">Ro\u0219ea\u021b\u0103, umflare sau formare de cruste<\/p>\n\n\n\n<p class=\"wp-block-paragraph\">\u00cen cazuri mai severe, se poate dezvolta o reac\u021bie inflamatorie dureroas\u0103 cunoscut\u0103 sub numele de kerion. Acest lucru poate curge puroi \u0219i, dac\u0103 nu este tratat, poate duce la cicatrici permanente.<\/p>\n\n\n\n<h2 class=\"wp-block-heading\" id=\"how-tinea-capitis-is-diagnosed\">Cum este diagnosticat\u0103 Tinea Capitis<\/h2>\n\n\n\n<p class=\"wp-block-paragraph\">Diagnosticul este de obicei pus de un dermatolog prin examen clinic. Pentru a confirma infec\u021bia \u0219i a identifica ciuperca, pot fi utilizate teste suplimentare.<\/p>\n\n\n\n<p class=\"wp-block-paragraph\">Acestea includ analiza microscopic\u0103 a probelor de p\u0103r sau piele, culturi fungice sau examinare sub o lamp\u0103 Wood, care poate dezv\u0103lui fluorescen\u021ba la anumite specii de ciuperci.<\/p>\n\n\n\n<figure class=\"wp-block-image\"><img decoding=\"async\" src=\"https:\/\/haircenterofturkey.com\/wp-content\/uploads\/2025\/07\/What-Is-Tinea-Capitis-and-How-Can-It-Be-Treated-2.webp\" alt=\"What Is Tinea Capitis and How Can It Be Treated?\" title=\"\"><\/figure>\n\n\n\n<p class=\"wp-block-paragraph\"><\/p>\n\n\n\n<h2 class=\"wp-block-heading\" id=\"treatment-options-for-tinea-capitis\">Op\u021biuni de tratament pentru Tinea Capitis<\/h2>\n\n\n\n<p class=\"wp-block-paragraph\">Deoarece ciuperca infecteaz\u0103 foliculii de p\u0103r de sub piele, numai tratamentele topice nu sunt suficiente. Este necesar un medicament antifungic oral.<\/p>\n\n\n\n<p class=\"wp-block-paragraph\">Op\u021biunile comune de tratament includ:<\/p>\n\n\n\n<p class=\"wp-block-paragraph\">Griseofulvina, utilizat\u0103 de obicei timp de \u0219ase p\u00e2n\u0103 la opt s\u0103pt\u0103m\u00e2ni<br data-start=\"2680\" data-end=\"2683\">Terbinafina, adesea eficient\u0103 cu un curs de tratament mai scurt<br data-start=\"2743\" data-end=\"2746\">Itraconazol sau fluconazol \u00een cazuri rezistente<\/p>\n\n\n\n<p class=\"wp-block-paragraph\">\u0218ampoanele medicamentate care con\u021bin ketoconazol sau sulfur\u0103 de seleniu sunt adesea folosite \u00eempreun\u0103 cu medicamentele orale pentru a reduce \u00eenc\u0103rc\u0103tura fungic\u0103 de suprafa\u021b\u0103 \u0219i a limita r\u0103sp\u00e2ndirea.<\/p>\n\n\n\n<h2 class=\"wp-block-heading\" id=\"can-hair-grow-back-after-tinea-capitis\">Poate p\u0103rul s\u0103 creasc\u0103 din nou dup\u0103 Tinea Capitis?<\/h2>\n\n\n\n<p class=\"wp-block-paragraph\">\u00cen cele mai multe cazuri, da. De obicei, p\u0103rul cre\u0219te odat\u0103 ce infec\u021bia este complet tratat\u0103 \u0219i inflama\u021bia se rezolv\u0103.<\/p>\n\n\n\n<p class=\"wp-block-paragraph\">C\u0103derea permanent\u0103 a p\u0103rului este neobi\u0219nuit\u0103, dar poate ap\u0103rea dac\u0103 se dezvolt\u0103 o inflama\u021bie sever\u0103 sau cicatrici, \u00een special cu formarea de cherion netratat.<\/p>\n\n\n\n<h2 class=\"wp-block-heading\" id=\"how-to-prevent-tinea-capitis\">Cum s\u0103 preveni\u021bi Tinea Capitis<\/h2>\n\n\n\n<p class=\"wp-block-paragraph\">M\u0103surile preventive sunt deosebit de importante \u00een gospod\u0103rii \u0219i \u0219coli. Pa\u0219ii cheie includ:<\/p>\n\n\n\n<p class=\"wp-block-paragraph\">Evita\u021bi s\u0103 \u00eempar\u021bi unelte de p\u0103r, p\u0103l\u0103rii sau lenjerie de pat<br data-start=\"3403\" data-end=\"3406\">Sp\u0103la\u021bi hainele \u0219i lenjeriile \u00een mod regulat<br data-start=\"3440\" data-end=\"3443\">Verifica\u021bi animalele de companie pentru semne de infec\u021bie fungic\u0103<br data-start=\"3483\" data-end=\"3486\">\u00cencurajeaz\u0103 practicile de igien\u0103 consecvente la copii<\/p>\n\n\n\n<p class=\"wp-block-paragraph\">Tratamentul precoce al persoanelor infectate ajut\u0103 la reducerea transmiterii.<\/p>\n\n\n\n<h2 class=\"wp-block-heading\" id=\"when-to-see-a-doctor\">C\u00e2nd s\u0103 vezi un medic<\/h2>\n\n\n\n<p class=\"wp-block-paragraph\">Evaluarea medical\u0103 este recomandat\u0103 dac\u0103 apare m\u00e2nc\u0103rime, descuamare sau c\u0103derea neted\u0103 a p\u0103rului, \u00een special la copii. Tratamentul prompt reduce riscul de complica\u021bii \u0219i r\u0103sp\u00e2ndire.<\/p>\n\n\n\n<h2 class=\"wp-block-heading\" id=\"frequently-asked-questions\">\u00centreb\u0103ri frecvente<\/h2>\n\n\n<div id=\"rank-math-faq\" class=\"rank-math-block\">\n<div class=\"rank-math-list \">\n<div id=\"faq-question-1771243797734\" class=\"rank-math-list-item\">\n<h3 class=\"rank-math-question \">Care este cel mai bun tratament pentru tinea capitis?<\/h3>\n<div class=\"rank-math-answer \">\n\n<p>Terbinafin\u0103 sau griseofulvin\u0103 oral\u0103 timp de 6-12 s\u0103pt\u0103m\u00e2ni, plus adjuvant de \u0219ampon antifungic.<\/p>\n\n<\/div>\n<\/div>\n<div id=\"faq-question-1771243798503\" class=\"rank-math-list-item\">\n<h3 class=\"rank-math-question \">Cum fac oamenii tinea capitis?<\/h3>\n<div class=\"rank-math-answer \">\n\n<p>Prinde-l de la persoane infectate, animale sau piepteni, p\u0103l\u0103rii, lenjerie de pat, suprafe\u021be contaminate.<\/p>\n\n<\/div>\n<\/div>\n<div id=\"faq-question-1771243799137\" class=\"rank-math-list-item\">\n<h3 class=\"rank-math-question \">Ce ucide rapid ciuperca scalpului?<\/h3>\n<div class=\"rank-math-answer \">\n\n<p>Antifungicele orale func\u021bioneaz\u0103 cel mai rapid; \u0219ampoanele ajut\u0103 la r\u0103sp\u00e2ndire, dar nu se vindec\u0103 instantaneu.<\/p>\n\n<\/div>\n<\/div>\n<div id=\"faq-question-1771243799766\" class=\"rank-math-list-item\">\n<h3 class=\"rank-math-question \">Cum se trateaz\u0103 tinea capitis \u00een timpul sarcinii?<\/h3>\n<div class=\"rank-math-answer \">\n\n<p>Prefer\u0103 \u0219ampoanele antifungice \u0219i igiena; evita griseofulvina; utiliza\u021bi terapia sistemic\u0103 numai cu speciali\u0219ti.<\/p>\n\n<\/div>\n<\/div>\n<div id=\"faq-question-1771243801133\" class=\"rank-math-list-item\">\n<h3 class=\"rank-math-question \">Ce ucide tinea capitis \u00een mod natural?<\/h3>\n<div class=\"rank-math-answer \">\n\n<p>Nici un remediu natural sigur; tinea capitis netratat\u0103 necesit\u0103 de obicei antifungice orale prescrise.<\/p>\n\n<\/div>\n<\/div>\n<\/div>\n<\/div>","protected":false},"excerpt":{"rendered":"<p>Ce este Tinea Capitis \u0219i cum poate fi tratat\u0103? Tinea capitis este o infec\u021bie fungic\u0103 contagioas\u0103 a scalpului care provoac\u0103 descuamare, m\u00e2nc\u0103rime \u0219i c\u0103derea neted\u0103 a p\u0103rului.Afecteaz\u0103 \u00een principal copiii, dar poate ap\u0103rea \u0219i la adul\u021bi. Cu un diagnostic precoce \u0219i un tratament antifungic adecvat, infec\u021bia este de obicei vindecabil\u0103 \u0219i adesea p\u0103rul cre\u0219te complet. [&hellip;]<\/p>\n","protected":false},"author":2,"featured_media":846,"comment_status":"closed","ping_status":"closed","sticky":false,"template":"","format":"standard","meta":{"footnotes":"","rank_math_title":"","rank_math_description":"Tinea capitis este o infec\u021bie fungic\u0103 contagioas\u0103 a scalpului care provoac\u0103 m\u00e2nc\u0103rime, c\u0103derea p\u0103rului \u0219i pete solzoase. Face\u021bi clic pentru informa\u021bii.","rank_math_focus_keyword":"","rank_math_canonical_url":"","rank_math_breadcrumb_title":"","rank_math_facebook_title":"","rank_math_facebook_description":"","rank_math_facebook_image":"","rank_math_twitter_title":"","rank_math_twitter_description":"","rank_math_twitter_image":"","rank_math_pillar_content":""},"categories":[968,987],"tags":[],"class_list":["post-52494","post","type-post","status-publish","format-standard","has-post-thumbnail","hentry","category-blog","category-caderea-parului"],"_links":{"self":[{"href":"https:\/\/haircenterofturkey.com\/ro\/wp-json\/wp\/v2\/posts\/52494","targetHints":{"allow":["GET"]}}],"collection":[{"href":"https:\/\/haircenterofturkey.com\/ro\/wp-json\/wp\/v2\/posts"}],"about":[{"href":"https:\/\/haircenterofturkey.com\/ro\/wp-json\/wp\/v2\/types\/post"}],"author":[{"embeddable":true,"href":"https:\/\/haircenterofturkey.com\/ro\/wp-json\/wp\/v2\/users\/2"}],"replies":[{"embeddable":true,"href":"https:\/\/haircenterofturkey.com\/ro\/wp-json\/wp\/v2\/comments?post=52494"}],"version-history":[{"count":3,"href":"https:\/\/haircenterofturkey.com\/ro\/wp-json\/wp\/v2\/posts\/52494\/revisions"}],"predecessor-version":[{"id":60420,"href":"https:\/\/haircenterofturkey.com\/ro\/wp-json\/wp\/v2\/posts\/52494\/revisions\/60420"}],"wp:featuredmedia":[{"embeddable":true,"href":"https:\/\/haircenterofturkey.com\/ro\/wp-json\/wp\/v2\/media\/846"}],"wp:attachment":[{"href":"https:\/\/haircenterofturkey.com\/ro\/wp-json\/wp\/v2\/media?parent=52494"}],"wp:term":[{"taxonomy":"category","embeddable":true,"href":"https:\/\/haircenterofturkey.com\/ro\/wp-json\/wp\/v2\/categories?post=52494"},{"taxonomy":"post_tag","embeddable":true,"href":"https:\/\/haircenterofturkey.com\/ro\/wp-json\/wp\/v2\/tags?post=52494"}],"curies":[{"name":"wp","href":"https:\/\/api.w.org\/{rel}","templated":true}]}}