{"id":52491,"date":"2025-07-24T15:49:00","date_gmt":"2025-07-24T12:49:00","guid":{"rendered":"https:\/\/haircenterofturkey.com\/?p=52491"},"modified":"2026-08-31T14:00:19","modified_gmt":"2026-08-31T11:00:19","slug":"ce-este-alopecia-totalis-si-care-sunt-simptomele-si-cauzele-ei","status":"publish","type":"post","link":"https:\/\/haircenterofturkey.com\/ro\/ce-este-alopecia-totalis-si-care-sunt-simptomele-si-cauzele-ei\/","title":{"rendered":"Ce este Alopecia Totalis \u0219i care sunt simptomele \u0219i cauzele ei?"},"content":{"rendered":"\n<h2 class=\"wp-block-heading\" id=\"what-is-alopecia-totalis-and-what-are-its-symptoms-and-causes\">Ce este alopecia total\u0103 \u0219i care sunt simptomele \u0219i cauzele acesteia?<\/h2>\n\n\n\n<p class=\"wp-block-paragraph\"><strong data-start=\"478\" data-end=\"574\">Alopecia totalis este o afec\u021biune autoimun\u0103 rar\u0103 care provoac\u0103 c\u0103derea complet\u0103 a p\u0103rului pe scalp.<\/strong><br data-start=\"574\" data-end=\"577\">Se dezvolt\u0103 atunci c\u00e2nd sistemul imunitar atac\u0103 foliculii de p\u0103r, oprind complet cre\u0219terea p\u0103rului. De\u0219i este imprevizibil\u0103, afec\u021biunea nu este contagioas\u0103 \u0219i poate r\u0103spunde la tratamentul medical la unele persoane.<\/p>\n\n\n\n<figure class=\"wp-block-image\"><img decoding=\"async\" src=\"https:\/\/haircenterofturkey.com\/wp-content\/uploads\/2025\/07\/What-Is-Alopecia-Totalis-and-What-Are-Its-Symptoms-and-Causes-1.webp\" alt=\"What Is Alopecia Totalis and What Are Its Symptoms and Causes?\" title=\"\"><\/figure>\n\n\n\n<div class=\"wp-block-rank-math-toc-block\" id=\"rank-math-toc\"><h2>Table of Contents<\/h2><nav><ul><li><a href=\"#what-is-alopecia-totalis-and-what-are-its-symptoms-and-causes\">Ce este alopecia total\u0103 \u0219i care sunt simptomele \u0219i cauzele acesteia?<\/a><\/li><li><a href=\"#what-is-alopecia-totalis\">Ce este Alopecia Totalis?<\/a><\/li><li><a href=\"#how-alopecia-totalis-differs-from-other-types-of-hair-loss\">Cum difer\u0103 Alopecia Totalis de alte tipuri de c\u0103derea p\u0103rului<\/a><\/li><li><a href=\"#common-symptoms-of-alopecia-totalis\">Simptomele comune ale alopeciei totale<\/a><\/li><li><a href=\"#what-causes-alopecia-totalis\">Ce cauzeaz\u0103 alopecia total\u0103?<\/a><\/li><li><a href=\"#available-treatment-options\">Op\u021biuni de tratament disponibile<\/a><ul><li><a href=\"#immune-modulating-treatments\">Tratamente imunomodulatoare<\/a><\/li><li><a href=\"#contact-immunotherapy\">Contact Imunoterapie<\/a><\/li><li><a href=\"#jak-inhibitors\">Inhibitori JAK<\/a><\/li><li><a href=\"#supportive-and-cosmetic-options\">Op\u021biuni de sus\u021binere \u0219i cosmetice<\/a><\/li><\/ul><\/li><li><a href=\"#coping-with-alopecia-totalis\">Confruntarea cu Alopecia Totalis<\/a><\/li><li><a href=\"#frequently-asked-questions\">\u00centreb\u0103ri frecvente<\/a><\/li><\/ul><\/nav><\/div>\n\n\n\n<h2 class=\"wp-block-heading\" id=\"what-is-alopecia-totalis\">Ce este Alopecia Totalis?<\/h2>\n\n\n\n<p class=\"wp-block-paragraph\">Alopecia totalis este o form\u0103 avansat\u0103 de alopecia areata. Spre deosebire de c\u0103derea p\u0103rului neregulat\u0103 mai frecvent \u00eent\u00e2lnit\u0103 \u00een alopecia areata, alopecia totalis duce la chelie total\u0103 a scalpului.<\/p>\n\n\n\n<p class=\"wp-block-paragraph\">Poate ap\u0103rea brusc sau poate progresa \u00een timp \u0219i poate afecta persoanele de orice v\u00e2rst\u0103. Copiii \u0219i adul\u021bii tineri sunt diagnostica\u021bi mai frecvent, de\u0219i poate ap\u0103rea \u0219i mai t\u00e2rziu \u00een via\u021b\u0103.<\/p>\n\n\n\n<h2 class=\"wp-block-heading\" id=\"how-alopecia-totalis-differs-from-other-types-of-hair-loss\">Cum difer\u0103 Alopecia Totalis de alte tipuri de c\u0103derea p\u0103rului<\/h2>\n\n\n\n<p class=\"wp-block-paragraph\">Alopecia totalis este diferit\u0103 de alte afec\u021biuni legate de c\u0103derea p\u0103rului, at\u00e2t prin cauz\u0103, c\u00e2t \u0219i prin model:<\/p>\n\n\n\n<ul class=\"wp-block-list\">\n<li><br><p data-start=\"1316\" data-end=\"1383\"><strong data-start=\"1316\" data-end=\"1335\">Alopecia areata<\/strong> provoac\u0103 pete rotunde, localizate de c\u0103derea p\u0103rului.<\/p><br><\/li>\n\n\n\n<li><br><p data-start=\"1386\" data-end=\"1459\"><strong data-start=\"1386\" data-end=\"1410\">Alopecia universal\u0103<\/strong> duce la pierderea complet\u0103 a scalpului \u0219i a p\u0103rului de pe corp.<\/p><br><\/li>\n\n\n\n<li><br><p data-start=\"1462\" data-end=\"1544\"><strong data-start=\"1462\" data-end=\"1487\">Alopecie androgenetic\u0103<\/strong> provoac\u0103 sub\u021bierea treptat\u0103 determinat\u0103 de genetic\u0103 \u0219i hormoni.<\/p><br><\/li>\n<\/ul>\n\n\n\n<p class=\"wp-block-paragraph\">Alopecia totalis nu urmeaz\u0103 un model previzibil \u0219i este determinat\u0103 de disfunc\u021bia imunitar\u0103 mai degrab\u0103 dec\u00e2t de hormoni sau de \u00eemb\u0103tr\u00e2nire.<\/p>\n\n\n\n<figure class=\"wp-block-image\"><img decoding=\"async\" src=\"https:\/\/haircenterofturkey.com\/wp-content\/uploads\/2025\/07\/What-Is-Alopecia-Totalis-and-What-Are-Its-Symptoms-and-Causes-2.webp\" alt=\"What Is Alopecia Totalis and What Are Its Symptoms and Causes?\" title=\"\"><\/figure>\n\n\n\n<p class=\"wp-block-paragraph\"><\/p>\n\n\n\n<h2 class=\"wp-block-heading\" id=\"common-symptoms-of-alopecia-totalis\">Simptomele comune ale alopeciei totale<\/h2>\n\n\n\n<p class=\"wp-block-paragraph\">Simptomul definitoriu este pierderea complet\u0103 a p\u0103rului scalpului. \u00cen unele cazuri, spr\u00e2ncenele \u0219i genele pot, de asemenea, s\u0103 se sub\u021bieze sau s\u0103 cad\u0103.<\/p>\n\n\n\n<p class=\"wp-block-paragraph\">Semne suplimentare pot include furnic\u0103turi sau m\u00e2nc\u0103rimi ale scalpului \u00eenainte de a \u00eencepe c\u0103derea p\u0103rului. De asemenea, pot ap\u0103rea modific\u0103ri ale unghiilor, cum ar fi s\u00e2mburi, crestaturi sau fragilitate, reflect\u00e2nd activitatea autoimun\u0103 subiacent\u0103.<\/p>\n\n\n\n<p class=\"wp-block-paragraph\">Impactul emo\u021bional este adesea semnificativ. C\u0103derea brusc\u0103 a p\u0103rului poate duce la anxietate, sc\u0103derea stimei de sine sau simptome depresive, \u00een special atunci c\u00e2nd afec\u021biunea progreseaz\u0103 rapid.<\/p>\n\n\n\n<h2 class=\"wp-block-heading\" id=\"what-causes-alopecia-totalis\">Ce cauzeaz\u0103 alopecia total\u0103?<\/h2>\n\n\n\n<p class=\"wp-block-paragraph\">Alopecia totalis este considerat\u0103 o boal\u0103 autoimun\u0103. Sistemul imunitar vizeaz\u0103 \u00een mod eronat foliculii de p\u0103r, perturb\u00e2nd ciclul normal de cre\u0219tere.<\/p>\n\n\n\n<p class=\"wp-block-paragraph\">Mai mul\u021bi factori pot cre\u0219te riscul, inclusiv predispozi\u021bia genetic\u0103 \u0219i antecedentele familiale de boli autoimune. Afec\u021biuni precum tulbur\u0103rile tiroidiene, vitiligo sau diabetul de tip 1 sunt mai frecvente la persoanele afectate.<\/p>\n\n\n\n<p class=\"wp-block-paragraph\">Se crede c\u0103 stresul psihologic sau fizic ac\u021bioneaz\u0103 ca un declan\u0219ator \u00een unele cazuri, de\u0219i nu este considerat o cauz\u0103 direct\u0103.<\/p>\n\n\n\n<figure class=\"wp-block-image\"><img decoding=\"async\" src=\"https:\/\/haircenterofturkey.com\/wp-content\/uploads\/2025\/07\/What-Is-Alopecia-Totalis-and-What-Are-Its-Symptoms-and-Causes-3.webp\" alt=\"What Is Alopecia Totalis and What Are Its Symptoms and Causes?\" title=\"\"><\/figure>\n\n\n\n<p class=\"wp-block-paragraph\"><\/p>\n\n\n\n<h2 class=\"wp-block-heading\" id=\"available-treatment-options\">Op\u021biuni de tratament disponibile<\/h2>\n\n\n\n<p class=\"wp-block-paragraph\">Nu exist\u0103 un remediu garantat pentru alopecia totalis, dar mai multe tratamente pot ajuta la gestionarea afec\u021biunii sau la \u00eencurajarea recre\u0219terii:<\/p>\n\n\n\n<h3 class=\"wp-block-heading\" id=\"immune-modulating-treatments\">Tratamente imunomodulatoare<\/h3>\n\n\n\n<p class=\"wp-block-paragraph\">Corticosteroizii pot fi utiliza\u021bi local, oral sau prin injec\u021bie pentru a suprima activitatea imun\u0103 \u00een jurul foliculilor de p\u0103r.<\/p>\n\n\n\n<h3 class=\"wp-block-heading\" id=\"contact-immunotherapy\">Contact Imunoterapie<\/h3>\n\n\n\n<p class=\"wp-block-paragraph\">Agen\u021bii topici aplica\u021bi pe scalp urm\u0103resc s\u0103 redirec\u021bioneze r\u0103spunsurile imune \u0219i s\u0103 stimuleze regenerarea la unii pacien\u021bi.<\/p>\n\n\n\n<h3 class=\"wp-block-heading\" id=\"jak-inhibitors\">Inhibitori JAK<\/h3>\n\n\n\n<p class=\"wp-block-paragraph\">Medicamentele orale mai noi vizeaz\u0103 c\u0103ile de semnalizare imun\u0103 implicate \u00een c\u0103derea p\u0103rului autoimun\u0103. Rezultatele variaz\u0103, iar supravegherea medical\u0103 este esen\u021bial\u0103.<\/p>\n\n\n\n<h3 class=\"wp-block-heading\" id=\"supportive-and-cosmetic-options\">Op\u021biuni de sus\u021binere \u0219i cosmetice<\/h3>\n\n\n\n<p class=\"wp-block-paragraph\">Perucile, protezele pentru scalp \u0219i solu\u021biile cosmetice ofer\u0103 suport estetic \u0219i ajut\u0103 multe persoane s\u0103-\u0219i recapete \u00eencrederea.<\/p>\n\n\n\n<p class=\"wp-block-paragraph\">R\u0103spunsul la tratament difer\u0103 foarte mult. Unii oameni experimenteaz\u0103 o regenerare par\u021bial\u0103 sau complet\u0103, \u00een timp ce al\u021bii nu.<\/p>\n\n\n\n<h2 class=\"wp-block-heading\" id=\"coping-with-alopecia-totalis\">Confruntarea cu Alopecia Totalis<\/h2>\n\n\n\n<p class=\"wp-block-paragraph\">Sprijinul emo\u021bional este o parte important\u0103 a managementului. Consilierea, grupurile de sprijin \u0219i comunicarea deschis\u0103 cu cei dragi pot ajuta la reducerea stresului psihologic.<\/p>\n\n\n\n<p class=\"wp-block-paragraph\">Mul\u021bi oameni g\u0103sesc \u00eemputernicire prin acceptare, alternative de stil sau comunit\u0103\u021bi de advocacy concentrate pe con\u0219tientizarea alopeciei.<\/p>\n\n\n\n<h2 class=\"wp-block-heading\" id=\"frequently-asked-questions\">\u00centreb\u0103ri frecvente<\/h2>\n\n\n<div id=\"rank-math-faq\" class=\"rank-math-block\">\n<div class=\"rank-math-list \">\n<div id=\"faq-question-1771242597383\" class=\"rank-math-list-item\">\n<h3 class=\"rank-math-question \">Ce declan\u0219eaz\u0103 alopecia totalis?<\/h3>\n<div class=\"rank-math-answer \">\n\n<p>Atacul foliculilor autoimun, influen\u021bat de genetic\u0103 \u0219i uneori de stres, infec\u021bii sau alte boli autoimune.<\/p>\n\n<\/div>\n<\/div>\n<div id=\"faq-question-1771242598206\" class=\"rank-math-list-item\">\n<h3 class=\"rank-math-question \">Care sunt semnele \u0219i simptomele alopeciei?<\/h3>\n<div class=\"rank-math-answer \">\n\n<p>C\u0103derea brusc\u0103 a p\u0103rului, zone chelie netede, fire de p\u0103r \u201espun de exclamare\u201d \u0219i, uneori, s\u00e2mburi de unghii.<\/p>\n\n<\/div>\n<\/div>\n<div id=\"faq-question-1771242598951\" class=\"rank-math-list-item\">\n<h3 class=\"rank-math-question \">Poate p\u0103rul s\u0103 creasc\u0103 \u00eenapoi de la alopecia totalis?<\/h3>\n<div class=\"rank-math-answer \">\n\n<p>Da, poate ap\u0103rea recre\u0219terea, dar recuperarea complet\u0103 este mai pu\u021bin frecvent\u0103 \u0219i apar recidive.<\/p>\n\n<\/div>\n<\/div>\n<div id=\"faq-question-1771242599809\" class=\"rank-math-list-item\">\n<h3 class=\"rank-math-question \">Care este cel mai bun tratament pentru alopecia totalis?<\/h3>\n<div class=\"rank-math-answer \">\n\n<p>Inhibitorii JAK prescri\u0219i de dermatologi au \u00een prezent cele mai puternice dovezi pentru alopecia totalis.<\/p>\n\n<\/div>\n<\/div>\n<div id=\"faq-question-1771242600943\" class=\"rank-math-list-item\">\n<h3 class=\"rank-math-question \">Care este speran\u021ba de via\u021b\u0103 a unei persoane cu alopecie totalis?<\/h3>\n<div class=\"rank-math-answer \">\n\n<p>Speran\u021ba de via\u021b\u0103 normal\u0103; alopecia totalis afecteaz\u0103 numai p\u0103rul, nu supravie\u021buirea general\u0103.<\/p>\n\n<\/div>\n<\/div>\n<\/div>\n<\/div>","protected":false},"excerpt":{"rendered":"<p>Ce este alopecia total\u0103 \u0219i care sunt simptomele \u0219i cauzele acesteia? Alopecia totalis este o afec\u021biune autoimun\u0103 rar\u0103 care provoac\u0103 c\u0103derea complet\u0103 a p\u0103rului pe scalp.Se dezvolt\u0103 atunci c\u00e2nd sistemul imunitar atac\u0103 foliculii de p\u0103r, oprind complet cre\u0219terea p\u0103rului. De\u0219i este imprevizibil\u0103, afec\u021biunea nu este contagioas\u0103 \u0219i poate r\u0103spunde la tratamentul medical la unele persoane. [&hellip;]<\/p>\n","protected":false},"author":2,"featured_media":848,"comment_status":"closed","ping_status":"closed","sticky":false,"template":"","format":"standard","meta":{"footnotes":"","rank_math_title":"","rank_math_description":"Alopecia totalis este o afec\u021biune autoimun\u0103 avansat\u0103 care provoac\u0103 c\u0103derea complet\u0103 a p\u0103rului pe scalp. Face\u021bi clic pentru informa\u021bii.","rank_math_focus_keyword":"","rank_math_canonical_url":"","rank_math_breadcrumb_title":"","rank_math_facebook_title":"","rank_math_facebook_description":"","rank_math_facebook_image":"","rank_math_twitter_title":"","rank_math_twitter_description":"","rank_math_twitter_image":"","rank_math_pillar_content":""},"categories":[968,987],"tags":[],"class_list":["post-52491","post","type-post","status-publish","format-standard","has-post-thumbnail","hentry","category-blog","category-caderea-parului"],"_links":{"self":[{"href":"https:\/\/haircenterofturkey.com\/ro\/wp-json\/wp\/v2\/posts\/52491","targetHints":{"allow":["GET"]}}],"collection":[{"href":"https:\/\/haircenterofturkey.com\/ro\/wp-json\/wp\/v2\/posts"}],"about":[{"href":"https:\/\/haircenterofturkey.com\/ro\/wp-json\/wp\/v2\/types\/post"}],"author":[{"embeddable":true,"href":"https:\/\/haircenterofturkey.com\/ro\/wp-json\/wp\/v2\/users\/2"}],"replies":[{"embeddable":true,"href":"https:\/\/haircenterofturkey.com\/ro\/wp-json\/wp\/v2\/comments?post=52491"}],"version-history":[{"count":3,"href":"https:\/\/haircenterofturkey.com\/ro\/wp-json\/wp\/v2\/posts\/52491\/revisions"}],"predecessor-version":[{"id":60400,"href":"https:\/\/haircenterofturkey.com\/ro\/wp-json\/wp\/v2\/posts\/52491\/revisions\/60400"}],"wp:featuredmedia":[{"embeddable":true,"href":"https:\/\/haircenterofturkey.com\/ro\/wp-json\/wp\/v2\/media\/848"}],"wp:attachment":[{"href":"https:\/\/haircenterofturkey.com\/ro\/wp-json\/wp\/v2\/media?parent=52491"}],"wp:term":[{"taxonomy":"category","embeddable":true,"href":"https:\/\/haircenterofturkey.com\/ro\/wp-json\/wp\/v2\/categories?post=52491"},{"taxonomy":"post_tag","embeddable":true,"href":"https:\/\/haircenterofturkey.com\/ro\/wp-json\/wp\/v2\/tags?post=52491"}],"curies":[{"name":"wp","href":"https:\/\/api.w.org\/{rel}","templated":true}]}}