{"id":52482,"date":"2025-07-28T17:23:55","date_gmt":"2025-07-28T14:23:55","guid":{"rendered":"https:\/\/haircenterofturkey.com\/?p=52482"},"modified":"2026-08-31T17:47:53","modified_gmt":"2026-08-31T14:47:53","slug":"pot-sa-merg-la-munca-dupa-un-transplant-de-par","status":"publish","type":"post","link":"https:\/\/haircenterofturkey.com\/ro\/pot-sa-merg-la-munca-dupa-un-transplant-de-par\/","title":{"rendered":"Pot s\u0103 merg la munc\u0103 dup\u0103 un transplant de p\u0103r?"},"content":{"rendered":"\n<h2 class=\"wp-block-heading\" id=\"can-i-go-to-work-after-a-hair-transplant\"><b>Pot s\u0103 merg la munc\u0103 dup\u0103 un transplant de p\u0103r?<\/b><\/h2>\n\n\n\n<p class=\"wp-block-paragraph\"><span style=\"font-weight: 400;\">Majoritatea persoanelor cu locuri de munc\u0103 la birou sau la distan\u021b\u0103 se pot \u00eentoarce la munc\u0103 la aproximativ 3-5 zile dup\u0103 un transplant de p\u0103r, at\u00e2ta timp c\u00e2t protejeaz\u0103 grefele \u0219i urmeaz\u0103 instruc\u021biunile de \u00eengrijire ulterioar\u0103. Dac\u0103 slujba dumneavoastr\u0103 implic\u0103 transpira\u021bie, praf, ridicare grele sau \u00eembr\u0103c\u0103minte str\u00e2ns\u0103 (cum ar fi c\u0103\u0219tile), planifica\u021bi-v\u0103 pentru aproximativ 10-14 zile sau mai mult, \u00een func\u021bie de \u00eendrumarea chirurgului dumneavoastr\u0103.<\/span><\/p>\n\n\n\n<figure class=\"wp-block-image\"><img decoding=\"async\" src=\"https:\/\/haircenterofturkey.com\/wp-content\/uploads\/2025\/07\/Can-I-Go-To-Work-After-a-Hair-Transplant-1_result.webp\" alt=\"Can I Go To Work After a Hair Transplant?\" title=\"\"><\/figure>\n\n\n\n<div class=\"wp-block-rank-math-toc-block\" id=\"rank-math-toc\"><h2>Table of Contents<\/h2><nav><ul><li><a href=\"#can-i-go-to-work-after-a-hair-transplant\">Pot s\u0103 merg la munc\u0103 dup\u0103 un transplant de p\u0103r?<\/a><\/li><li><a href=\"#typical-return-to-work-timelines\">Termenele tipice pentru revenirea la locul de munc\u0103<\/a><ul><li><a href=\"#desk-or-remote-work\">Lucru la birou sau la distan\u021b\u0103<\/a><\/li><li><a href=\"#public-facing-roles\">Roluri \u00een fa\u021ba publicului<\/a><\/li><li><a href=\"#physically-demanding-or-outdoor-jobs\">Lucr\u0103ri solicitante din punct de vedere fizic sau \u00een aer liber<\/a><\/li><li><a href=\"#roles-that-require-helmets-or-tight-headwear\">Roluri care necesit\u0103 c\u0103\u0219ti sau \u00eembr\u0103c\u0103minte str\u00e2ns\u0103<\/a><\/li><\/ul><\/li><li><a href=\"#what-affects-how-soon-you-can-go-back\">Ce afecteaz\u0103 c\u00e2t de cur\u00e2nd v\u0103 pute\u021bi \u00eentoarce?<\/a><ul><li><a href=\"#fue-vs-fut\">FUE vs. FUT<\/a><\/li><li><a href=\"#graft-count-and-treated-area\">Num\u0103rul de grefe \u0219i zona tratat\u0103<\/a><\/li><li><a href=\"#workplace-conditions\">Condi\u021bii la locul de munc\u0103<\/a><\/li><\/ul><\/li><li><a href=\"#workplace-precautions-for-the-first-10-14-days\">Precau\u021bii la locul de munc\u0103 pentru primele 10-14 zile<\/a><\/li><li><a href=\"#managing-appearance-when-you-return\">Gestionarea aspectului la \u00eentoarcere<\/a><\/li><li><a href=\"#when-should-you-delay-work-and-contact-your-clinic\">C\u00e2nd ar trebui s\u0103 am\u00e2na\u021bi munca \u0219i s\u0103 v\u0103 contacta\u021bi clinica?<\/a><\/li><li><a href=\"#fa-qs\">\u00centreb\u0103ri frecvente<\/a><\/li><\/ul><\/nav><\/div>\n\n\n\n<h2 class=\"wp-block-heading\" id=\"typical-return-to-work-timelines\"><b>Termenele tipice pentru revenirea la locul de munc\u0103<\/b><\/h2>\n\n\n\n<p class=\"wp-block-paragraph\"><span style=\"font-weight: 400;\">Fiecare pacient se vindec\u0103 diferit, dar aceste intervale sunt realiste pentru mul\u021bi oameni.<\/span><\/p>\n\n\n\n<h3 class=\"wp-block-heading\" id=\"desk-or-remote-work\"><b>Lucru la birou sau la distan\u021b\u0103<\/b><\/h3>\n\n\n\n<p class=\"wp-block-paragraph\"><span style=\"font-weight: 400;\">Mul\u021bi pacien\u021bi se simt confortabil s\u0103 revin\u0103 \u00een 3-5 zile. Dac\u0103 po\u021bi lucra de acas\u0103, prima s\u0103pt\u0103m\u00e2n\u0103 este de obicei mai u\u0219oar\u0103, deoarece po\u021bi controla temperatura, igiena \u0219i pauzele.<\/span><\/p>\n\n\n\n<h3 class=\"wp-block-heading\" id=\"public-facing-roles\"><b>Roluri \u00een fa\u021ba publicului<\/b><\/h3>\n\n\n\n<p class=\"wp-block-paragraph\"><span style=\"font-weight: 400;\">Dac\u0103 dori\u021bi ca ro\u0219ea\u021ba \u0219i crusta s\u0103 fie mai pu\u021bin vizibile, 7-10 zile se simt adesea mai confortabil. Unii oameni prefer\u0103 s\u0103 a\u0219tepte p\u00e2n\u0103 c\u00e2nd crustele s-au ridicat \u00een mare parte.<\/span><\/p>\n\n\n\n<h3 class=\"wp-block-heading\" id=\"physically-demanding-or-outdoor-jobs\"><b>Lucr\u0103ri solicitante din punct de vedere fizic sau \u00een aer liber<\/b><\/h3>\n\n\n\n<p class=\"wp-block-paragraph\"><span style=\"font-weight: 400;\">Lucr\u0103rile care declan\u0219eaz\u0103 transpira\u021bie sau implic\u0103 praf, c\u0103ldur\u0103 sau \u00eendoiri frecvente necesit\u0103, \u00een general, o pauz\u0103 mai lung\u0103. O fereastr\u0103 de 10-14 zile este obi\u0219nuit\u0103 \u00eenainte de a reveni la munca fizic\u0103 grea, iar unii pacien\u021bi au nevoie de mai mult timp.<\/span><\/p>\n\n\n\n<h3 class=\"wp-block-heading\" id=\"roles-that-require-helmets-or-tight-headwear\"><b>Roluri care necesit\u0103 c\u0103\u0219ti sau \u00eembr\u0103c\u0103minte str\u00e2ns\u0103<\/b><\/h3>\n\n\n\n<p class=\"wp-block-paragraph\"><span style=\"font-weight: 400;\">Dac\u0103 trebuie s\u0103 purta\u021bi o casc\u0103, o casc\u0103 de protec\u021bie sau orice accesoriu str\u00e2ns, solicita\u021bi clinicii dumneavoastr\u0103 o anumit\u0103 dat\u0103 de autorizare. Presiunea \u0219i frecarea pot deteriora grefele \u00een faza timpurie de vindecare.<\/span><\/p>\n\n\n\n<figure class=\"wp-block-image\"><img decoding=\"async\" src=\"https:\/\/haircenterofturkey.com\/wp-content\/uploads\/2025\/07\/Can-I-Go-To-Work-After-a-Hair-Transplant-2_result.webp\" alt=\"Can I Go To Work After a Hair Transplant?\" title=\"\"><\/figure>\n\n\n\n<p class=\"wp-block-paragraph\"><\/p>\n\n\n\n<h2 class=\"wp-block-heading\" id=\"what-affects-how-soon-you-can-go-back\"><b>Ce afecteaz\u0103 c\u00e2t de cur\u00e2nd v\u0103 pute\u021bi \u00eentoarce?<\/b><\/h2>\n\n\n\n<p class=\"wp-block-paragraph\"><span style=\"font-weight: 400;\">O cronologie \u201eunic\u0103 pentru toate\u201d nu func\u021bioneaz\u0103 pentru transplanturile de p\u0103r. Data de \u00eentoarcere depinde at\u00e2t de vindecare, c\u00e2t \u0219i de riscurile din mediul dumneavoastr\u0103 de lucru.<\/span><\/p>\n\n\n\n<h3 class=\"wp-block-heading\" id=\"fue-vs-fut\"><b>FUE vs. FUT<\/b><\/h3>\n\n\n\n<p class=\"wp-block-paragraph\"><span style=\"font-weight: 400;\">FUE are de obicei o cronologie de confort mai rapid\u0103, deoarece nu implic\u0103 o incizie liniar\u0103 a donatorului. FUT se poate vindeca \u00een continuare bine, dar zona donatoare se poate sim\u021bi mai str\u00e2ns\u0103 pentru mai mult timp, ceea ce poate afecta somnul \u0219i confortul de zi cu zi.<\/span><\/p>\n\n\n\n<h3 class=\"wp-block-heading\" id=\"graft-count-and-treated-area\"><b>Num\u0103rul de grefe \u0219i zona tratat\u0103<\/b><\/h3>\n\n\n\n<p class=\"wp-block-paragraph\"><span style=\"font-weight: 400;\">Sesiunile mai mari pot \u00eensemna mai multe umfl\u0103turi, cruste \u0219i ro\u0219ea\u021b\u0103. Chiar dac\u0103 v\u0103 sim\u021bi\u021bi bine, este posibil s\u0103 prefera\u021bi c\u00e2teva zile libere \u00een plus din motive de aspect.<\/span><\/p>\n\n\n\n<h3 class=\"wp-block-heading\" id=\"workplace-conditions\"><b>Condi\u021bii la locul de munc\u0103<\/b><\/h3>\n\n\n\n<p class=\"wp-block-paragraph\"><span style=\"font-weight: 400;\">C\u0103ldura, transpira\u021bia, praful, expunerea la fum \u0219i spa\u021biile aglomerate cresc riscul de irita\u021bie sau infec\u021bie. Dac\u0103 lucra\u021bi \u00eentr-un cadru precum construc\u021bii, buc\u0103t\u0103rii, s\u0103li de sport, fabrici sau \u0219antiere \u00een aer liber, ad\u0103uga\u021bi timp suplimentar de recuperare.<\/span><\/p>\n\n\n\n<h2 class=\"wp-block-heading\" id=\"workplace-precautions-for-the-first-10-14-days\"><b>Precau\u021bii la locul de munc\u0103 pentru primele 10-14 zile<\/b><\/h2>\n\n\n\n<p class=\"wp-block-paragraph\"><span style=\"font-weight: 400;\">Obiceiurile mici fac o mare diferen\u021b\u0103 \u00een protejarea grefelor \u00een timp ce v\u0103 \u00eentoarce\u021bi la munc\u0103.<\/span><\/p>\n\n\n\n<ul class=\"wp-block-list\">\n<li><span style=\"font-weight: 400;\">Evita\u021bi atingerea, zg\u00e2rierea sau frecarea zonei destinate, chiar dac\u0103 m\u00e2nc\u0103rime.<\/span><\/li>\n\n\n\n<li><span style=\"font-weight: 400;\">Sari peste ridicarea grele, cardio intens \u0219i orice te face s\u0103 transpiri abundent p\u00e2n\u0103 c\u00e2nd clinica te elibereaz\u0103.<\/span><\/li>\n\n\n\n<li><span style=\"font-weight: 400;\">P\u0103stra\u021bi-v\u0103 scalpul curat exact a\u0219a cum este indicat \u0219i nu \u201eimproviza\u021bi\u201d produse noi.<\/span><\/li>\n\n\n\n<li><span style=\"font-weight: 400;\">Evita\u021bi soarele direct pe zona destinat\u0103. Dac\u0103 trebuie s\u0103 fi\u021bi afar\u0103, \u00eentreba\u021bi clinica dumneavoastr\u0103 despre op\u021biunile de acoperire sigur\u0103.<\/span><\/li>\n\n\n\n<li><span style=\"font-weight: 400;\">Face\u021bi pauze scurte dac\u0103 sim\u021bi\u021bi umflare sau senza\u021bie de senza\u021bie \u0219i men\u021bine\u021bi capul ridicat atunci c\u00e2nd este posibil.<\/span><\/li>\n<\/ul>\n\n\n\n<h2 class=\"wp-block-heading\" id=\"managing-appearance-when-you-return\"><b>Gestionarea aspectului la \u00eentoarcere<\/b><\/h2>\n\n\n\n<p class=\"wp-block-paragraph\"><span style=\"font-weight: 400;\">Ro\u0219ea\u021ba \u0219i crustele mici sunt normale la \u00eenceput. C\u00e2t de vizibile sunt acestea depinde de nuan\u021ba pielii, de coafura \u0219i de c\u00e2t de scurt p\u0103stra\u021bi p\u0103rul din jur.<\/span><\/p>\n\n\n\n<p class=\"wp-block-paragraph\"><span style=\"font-weight: 400;\">Dac\u0103 sunte\u021bi \u00eengrijorat de aspect, lua\u021bi \u00een considerare rezervarea procedurii \u00eenainte de un weekend sau de vacan\u021b\u0103. C\u00e2teva zile \u00een plus acas\u0103 pot face faza de vindecare mult mai pu\u021bin stresant\u0103.<\/span><\/p>\n\n\n\n<p class=\"wp-block-paragraph\"><span style=\"font-weight: 400;\">P\u0103l\u0103riile sunt o \u00eentrebare frecvent\u0103. Multe clinici permit o p\u0103l\u0103rie largi dup\u0103 fereastra ini\u021bial\u0103 de recuperare, dar momentul variaz\u0103. Nu purta\u021bi nimic care apas\u0103 pe grefe dec\u00e2t dac\u0103 chirurgul dumneavoastr\u0103 \u00eel aprob\u0103 \u00een mod expres.<\/span><\/p>\n\n\n\n<h2 class=\"wp-block-heading\" id=\"when-should-you-delay-work-and-contact-your-clinic\"><b>C\u00e2nd ar trebui s\u0103 am\u00e2na\u021bi munca \u0219i s\u0103 v\u0103 contacta\u021bi clinica?<\/b><\/h2>\n\n\n\n<p class=\"wp-block-paragraph\"><span style=\"font-weight: 400;\">Suna\u021bi-v\u0103 imediat clinica dac\u0103 observa\u021bi simptome care se simt \u201eoff\u201d \u00een loc s\u0103 se amelioreze zi de zi.<\/span><\/p>\n\n\n\n<ul class=\"wp-block-list\">\n<li><span style=\"font-weight: 400;\">S\u00e2ngerare care nu se opre\u0219te cu o presiune u\u0219oar\u0103 conform instruc\u021biunilor<\/span><\/li>\n\n\n\n<li><span style=\"font-weight: 400;\">Cre\u0219terea umfl\u0103turilor dup\u0103 primele zile<\/span><\/li>\n\n\n\n<li><span style=\"font-weight: 400;\">Agravarea durerii, a c\u0103ldurii, a puroiului sau a unui miros ur\u00e2t de la nivelul scalpului<\/span><\/li>\n\n\n\n<li><span style=\"font-weight: 400;\">Febr\u0103 sau frisoane<\/span><\/li>\n<\/ul>\n\n\n\n<h2 class=\"wp-block-heading\" id=\"fa-qs\"><b>\u00centreb\u0103ri frecvente<\/b><\/h2>\n\n\n<div id=\"rank-math-faq\" class=\"rank-math-block\">\n<div class=\"rank-math-list \">\n<div id=\"faq-question-1771335927339\" class=\"rank-math-list-item\">\n<h3 class=\"rank-math-question \">C\u00e2nd pot merge la munc\u0103 dup\u0103 un transplant de p\u0103r?<\/h3>\n<div class=\"rank-math-answer \">\n\n<p>Lucru la birou: 1\u20133 zile; munc\u0103 fizic\u0103: 7\u201310 zile, pe sfatul chirurgului.<\/p>\n\n<\/div>\n<\/div>\n<div id=\"faq-question-1771335928321\" class=\"rank-math-list-item\">\n<h3 class=\"rank-math-question \">Trebuie s\u0103 \u00eemi iau concediu pentru un transplant de p\u0103r?<\/h3>\n<div class=\"rank-math-answer \">\n\n<p>Da, ia 1\u20133 zile libere; mai mult dac\u0103 munca ta este fizic\u0103.<\/p>\n\n<\/div>\n<\/div>\n<div id=\"faq-question-1771335928717\" class=\"rank-math-list-item\">\n<h3 class=\"rank-math-question \">C\u00e2t timp s\u0103 stai acas\u0103 dup\u0103 un transplant de p\u0103r?<\/h3>\n<div class=\"rank-math-answer \">\n\n<p>Sta\u021bi acas\u0103 2-5 zile pentru a reduce umflarea \u0219i pentru a proteja grefele.<\/p>\n\n<\/div>\n<\/div>\n<div id=\"faq-question-1771335929466\" class=\"rank-math-list-item\">\n<h3 class=\"rank-math-question \">C\u00e2t de mult\u0103 odihn\u0103 este necesar\u0103 dup\u0103 un transplant de p\u0103r?<\/h3>\n<div class=\"rank-math-answer \">\n\n<p>Odihne\u0219te-te \u00een lini\u0219te 48\u201372 de ore; evita\u021bi exerci\u021biile grele \u0219i aplecarea timp de 7-14 zile.<\/p>\n\n<\/div>\n<\/div>\n<div id=\"faq-question-1771335929945\" class=\"rank-math-list-item\">\n<h3 class=\"rank-math-question \">Po\u021bi s\u0103 ie\u0219i \u00een public dup\u0103 un transplant de p\u0103r?<\/h3>\n<div class=\"rank-math-answer \">\n\n<p>Da, pute\u021bi ie\u0219i imediat, dar ro\u0219ea\u021ba \u0219i crustele pot ap\u0103rea \u00een 7-10 zile.<\/p>\n\n<\/div>\n<\/div>\n<\/div>\n<\/div>","protected":false},"excerpt":{"rendered":"<p>Pot s\u0103 merg la munc\u0103 dup\u0103 un transplant de p\u0103r? Majoritatea persoanelor cu locuri de munc\u0103 la birou sau la distan\u021b\u0103 se pot \u00eentoarce la munc\u0103 la aproximativ 3-5 zile dup\u0103 un transplant de p\u0103r, at\u00e2ta timp c\u00e2t protejeaz\u0103 grefele \u0219i urmeaz\u0103 instruc\u021biunile de \u00eengrijire ulterioar\u0103. Dac\u0103 slujba dumneavoastr\u0103 implic\u0103 transpira\u021bie, praf, ridicare grele sau [&hellip;]<\/p>\n","protected":false},"author":2,"featured_media":858,"comment_status":"closed","ping_status":"closed","sticky":false,"template":"","format":"standard","meta":{"footnotes":"","rank_math_title":"","rank_math_description":"Dup\u0103 un transplant de p\u0103r, mul\u021bi pacien\u021bi se \u00eentreab\u0103 c\u00e2t de cur\u00e2nd \u00ee\u0219i pot reveni la rutina zilnic\u0103, \u00een special la munc\u0103. Primele zile sunt critice, deoarece scalpul \u00eencepe s\u0103 se vindece.","rank_math_focus_keyword":"","rank_math_canonical_url":"","rank_math_breadcrumb_title":"","rank_math_facebook_title":"","rank_math_facebook_description":"","rank_math_facebook_image":"","rank_math_twitter_title":"","rank_math_twitter_description":"","rank_math_twitter_image":"","rank_math_pillar_content":""},"categories":[968,984],"tags":[],"class_list":["post-52482","post","type-post","status-publish","format-standard","has-post-thumbnail","hentry","category-blog","category-tratamente-de-transplant-de-par"],"_links":{"self":[{"href":"https:\/\/haircenterofturkey.com\/ro\/wp-json\/wp\/v2\/posts\/52482","targetHints":{"allow":["GET"]}}],"collection":[{"href":"https:\/\/haircenterofturkey.com\/ro\/wp-json\/wp\/v2\/posts"}],"about":[{"href":"https:\/\/haircenterofturkey.com\/ro\/wp-json\/wp\/v2\/types\/post"}],"author":[{"embeddable":true,"href":"https:\/\/haircenterofturkey.com\/ro\/wp-json\/wp\/v2\/users\/2"}],"replies":[{"embeddable":true,"href":"https:\/\/haircenterofturkey.com\/ro\/wp-json\/wp\/v2\/comments?post=52482"}],"version-history":[{"count":3,"href":"https:\/\/haircenterofturkey.com\/ro\/wp-json\/wp\/v2\/posts\/52482\/revisions"}],"predecessor-version":[{"id":60657,"href":"https:\/\/haircenterofturkey.com\/ro\/wp-json\/wp\/v2\/posts\/52482\/revisions\/60657"}],"wp:featuredmedia":[{"embeddable":true,"href":"https:\/\/haircenterofturkey.com\/ro\/wp-json\/wp\/v2\/media\/858"}],"wp:attachment":[{"href":"https:\/\/haircenterofturkey.com\/ro\/wp-json\/wp\/v2\/media?parent=52482"}],"wp:term":[{"taxonomy":"category","embeddable":true,"href":"https:\/\/haircenterofturkey.com\/ro\/wp-json\/wp\/v2\/categories?post=52482"},{"taxonomy":"post_tag","embeddable":true,"href":"https:\/\/haircenterofturkey.com\/ro\/wp-json\/wp\/v2\/tags?post=52482"}],"curies":[{"name":"wp","href":"https:\/\/api.w.org\/{rel}","templated":true}]}}