{"id":52477,"date":"2025-07-29T15:25:56","date_gmt":"2025-07-29T12:25:56","guid":{"rendered":"https:\/\/haircenterofturkey.com\/?p=52477"},"modified":"2026-08-31T14:00:22","modified_gmt":"2026-08-31T11:00:22","slug":"ce-este-caderea-parului-prin-anorexia-si-cum-o-poti-trata","status":"publish","type":"post","link":"https:\/\/haircenterofturkey.com\/ro\/ce-este-caderea-parului-prin-anorexia-si-cum-o-poti-trata\/","title":{"rendered":"Ce este c\u0103derea p\u0103rului prin anorexia \u0219i cum o po\u021bi trata?"},"content":{"rendered":"\n<h2 class=\"wp-block-heading\" id=\"what-is-anorexia-hair-loss-and-how-can-you-treat-it\">Ce este c\u0103derea p\u0103rului prin anorexia \u0219i cum o po\u021bi trata?<\/h2>\n\n\n\n<p class=\"wp-block-paragraph\"><strong data-start=\"440\" data-end=\"548\">C\u0103derea p\u0103rului cauzat\u0103 de anorexie este de obicei cauzat\u0103 de deficien\u021be nutri\u021bionale severe \u0219i perturb\u0103ri hormonale.<\/strong><br data-start=\"548\" data-end=\"551\">Atunci c\u00e2nd organismului \u00eei lipsesc nutrien\u021bii esen\u021biali, cre\u0219terea p\u0103rului este prioritizat\u0103, ceea ce duce la pierderea difuz\u0103. \u00cen cele mai multe cazuri, c\u0103derea p\u0103rului este reversibil\u0103 cu reabilitare nutri\u021bional\u0103, sprijin medical \u0219i recuperare sus\u021binut\u0103.<\/p>\n\n\n\n<div class=\"wp-block-rank-math-toc-block\" id=\"rank-math-toc\"><h2>Table of Contents<\/h2><nav><ul><li><a href=\"#what-is-anorexia-hair-loss-and-how-can-you-treat-it\">Ce este c\u0103derea p\u0103rului prin anorexia \u0219i cum o po\u021bi trata?<\/a><\/li><li><a href=\"#what-is-anorexia-hair-loss\">Ce este anorexia c\u0103derea p\u0103rului?<\/a><\/li><li><a href=\"#why-does-anorexia-cause-hair-loss\">De ce anorexia provoac\u0103 c\u0103derea p\u0103rului?<\/a><\/li><li><a href=\"#common-signs-of-hair-loss-caused-by-anorexia\">Semne comune ale c\u0103derii p\u0103rului cauzate de anorexie<\/a><\/li><li><a href=\"#how-to-treat-hair-loss-caused-by-anorexia\">Cum s\u0103 tratezi c\u0103derea p\u0103rului cauzat\u0103 de anorexie<\/a><ul><li><a href=\"#nutritional-rehabilitation\">Reabilitare nutri\u021bional\u0103<\/a><\/li><li><a href=\"#psychological-and-stress-support\">Suport psihologic \u0219i stres<\/a><\/li><li><a href=\"#gentle-hair-care-practices\">Practici bl\u00e2nde de \u00eengrijire a p\u0103rului<\/a><\/li><li><a href=\"#medical-and-dermatological-support\">Suport medical si dermatologic<\/a><\/li><\/ul><\/li><li><a href=\"#is-hair-loss-from-anorexia-reversible\">C\u0103derea p\u0103rului din anorexie este reversibil\u0103?<\/a><\/li><li><a href=\"#when-to-seek-professional-help\">C\u00e2nd s\u0103 solicita\u021bi ajutor profesional<\/a><\/li><li><a href=\"#frequently-asked-questions\">\u00centreb\u0103ri frecvente<\/a><\/li><\/ul><\/nav><\/div>\n\n\n\n<h2 class=\"wp-block-heading\" id=\"what-is-anorexia-hair-loss\">Ce este anorexia c\u0103derea p\u0103rului?<\/h2>\n\n\n\n<p class=\"wp-block-paragraph\">Anorexia nervoas\u0103 este o tulburare grav\u0103 de alimenta\u021bie marcat\u0103 de restric\u021bie caloric\u0103 extrem\u0103 \u0219i pierdere semnificativ\u0103 \u00een greutate. Una dintre consecin\u021bele sale fizice este c\u0103derea p\u0103rului, care poate fi sup\u0103r\u0103toare din punct de vedere emo\u021bional \u0219i vizibil\u0103.<\/p>\n\n\n\n<p class=\"wp-block-paragraph\">C\u0103derea p\u0103rului legat\u0103 de anorexie nu este o afec\u021biune separat\u0103, ci un r\u0103spuns fizic la malnutri\u021bia prelungit\u0103. Reflect\u0103 \u00eencercarea organismului de a conserva energia prin redirec\u021bionarea nutrien\u021bilor departe de func\u021biile neesen\u021biale, cum ar fi cre\u0219terea p\u0103rului.<\/p>\n\n\n\n<figure class=\"wp-block-image\"><img decoding=\"async\" src=\"https:\/\/haircenterofturkey.com\/wp-content\/uploads\/2025\/07\/What-Is-Anorexia-Hair-Loss-and-How-Can-You-Treat-It-1.webp\" alt=\"What Is Anorexia Hair Loss and How Can You Treat It?\" title=\"\"><\/figure>\n\n\n\n<p class=\"wp-block-paragraph\"><\/p>\n\n\n\n<h2 class=\"wp-block-heading\" id=\"why-does-anorexia-cause-hair-loss\">De ce anorexia provoac\u0103 c\u0103derea p\u0103rului?<\/h2>\n\n\n\n<p class=\"wp-block-paragraph\">Cre\u0219terea s\u0103n\u0103toas\u0103 a p\u0103rului necesit\u0103 proteine adecvate, fier, zinc, acizi gra\u0219i esen\u021biali \u0219i vitamine B. \u00cen timpul \u00eenfomet\u0103rii sau a restric\u021biilor severe, organismul acord\u0103 prioritate organelor vitale, cum ar fi inima \u0219i creierul.<\/p>\n\n\n\n<p class=\"wp-block-paragraph\">Ca urmare, mul\u021bi foliculi de p\u0103r intr\u0103 prematur \u00een faza de repaus a ciclului de cre\u0219tere. Acest lucru duce la o form\u0103 de scurgere difuz\u0103 cunoscut\u0103 sub numele de efluviu telogen. Modific\u0103rile hormonale, inclusiv nivelurile reduse de estrogen, sl\u0103besc \u0219i mai mult foliculii \u0219i \u00eencetinesc regenerarea.<\/p>\n\n\n\n<h2 class=\"wp-block-heading\" id=\"common-signs-of-hair-loss-caused-by-anorexia\">Semne comune ale c\u0103derii p\u0103rului cauzate de anorexie<\/h2>\n\n\n\n<p class=\"wp-block-paragraph\">C\u0103derea p\u0103rului legat\u0103 de anorexie afecteaz\u0103 de obicei \u00eentregul scalp, mai degrab\u0103 dec\u00e2t s\u0103 formeze petice. Semnele comune includ:<\/p>\n\n\n\n<p class=\"wp-block-paragraph\">Sub\u021biere vizibil\u0103 pe scalp<br data-start=\"1945\" data-end=\"1948\">Pierderea excesiv\u0103 \u00een timpul sp\u0103l\u0103rii sau periajului<br data-start=\"1993\" data-end=\"1996\">Textura p\u0103rului uscat, fragil \u0219i fragil<br data-start=\"2034\" data-end=\"2037\">Cre\u0219tere mai lent\u0103 a p\u0103rului \u0219i rupere crescut\u0103<\/p>\n\n\n\n<p class=\"wp-block-paragraph\">Unele persoane pot dezvolta, de asemenea, lanugo, un p\u0103r fin care apare pe m\u0103sur\u0103 ce corpul \u00eencearc\u0103 s\u0103 re\u021bin\u0103 c\u0103ldura \u00een timpul pierderii extreme \u00een greutate.<\/p>\n\n\n\n<figure class=\"wp-block-image\"><img decoding=\"async\" src=\"https:\/\/haircenterofturkey.com\/wp-content\/uploads\/2025\/07\/What-Is-Anorexia-Hair-Loss-and-How-Can-You-Treat-It-2.webp\" alt=\"What Is Anorexia Hair Loss and How Can You Treat It?\" title=\"\"><\/figure>\n\n\n\n<p class=\"wp-block-paragraph\"><\/p>\n\n\n\n<h2 class=\"wp-block-heading\" id=\"how-to-treat-hair-loss-caused-by-anorexia\">Cum s\u0103 tratezi c\u0103derea p\u0103rului cauzat\u0103 de anorexie<\/h2>\n\n\n\n<h3 class=\"wp-block-heading\" id=\"nutritional-rehabilitation\">Reabilitare nutri\u021bional\u0103<\/h3>\n\n\n\n<p class=\"wp-block-paragraph\">Restabilirea unei alimenta\u021bii adecvate este cel mai important pas. Un plan structurat dezvoltat cu un specialist \u00een tulbur\u0103ri de alimenta\u021bie sau un dietetician ar trebui s\u0103 se concentreze pe suficiente calorii, proteine, fier, zinc, acizi gra\u0219i omega-3 \u0219i vitamine din complexul B.<\/p>\n\n\n\n<p class=\"wp-block-paragraph\">Recre\u0219terea p\u0103rului nu poate avea loc p\u00e2n\u0103 c\u00e2nd organismul se simte \u00een siguran\u021b\u0103 \u0219i stabil din punct de vedere nutri\u021bional.<\/p>\n\n\n\n<h3 class=\"wp-block-heading\" id=\"psychological-and-stress-support\">Suport psihologic \u0219i stres<\/h3>\n\n\n\n<p class=\"wp-block-paragraph\">Stresul cronic \u0219i anxietatea perturb\u0103 echilibrul hormonal \u0219i prelungesc pierderea. Abord\u0103rile terapeutice precum CBT sau DBT joac\u0103 un rol central \u00een recuperare \u0219i sus\u021bin indirect cre\u0219terea p\u0103rului.<\/p>\n\n\n\n<p class=\"wp-block-paragraph\">Stabilizarea s\u0103n\u0103t\u0103\u021bii mintale este la fel de important\u0103 ca \u0219i hr\u0103nirea fizic\u0103.<\/p>\n\n\n\n<h3 class=\"wp-block-heading\" id=\"gentle-hair-care-practices\">Practici bl\u00e2nde de \u00eengrijire a p\u0103rului<\/h3>\n\n\n\n<p class=\"wp-block-paragraph\">P\u0103rul sl\u0103bit de malnutri\u021bie este mai predispus la rupere. Ar trebui evitate coafarea la c\u0103ldur\u0103, coafurile str\u00e2nse \u0219i produsele dure.<\/p>\n\n\n\n<p class=\"wp-block-paragraph\">Folosirea de \u0219ampoane bl\u00e2nde, minimizarea stresului mecanic \u0219i l\u0103sarea p\u0103rului s\u0103 se usuce la aer poate reduce daunele suplimentare \u00een timpul recuper\u0103rii.<\/p>\n\n\n\n<h3 class=\"wp-block-heading\" id=\"medical-and-dermatological-support\">Suport medical si dermatologic<\/h3>\n\n\n\n<p class=\"wp-block-paragraph\">\u00cen unele cazuri, dermatologii pot recomanda tratamente topice pentru a sus\u021bine regenerarea odat\u0103 ce nutri\u021bia este restabilit\u0103. Aceste op\u021biuni ar trebui considerate doar m\u0103suri de sprijin, nu solu\u021bii primare.<\/p>\n\n\n\n<p class=\"wp-block-paragraph\">Supravegherea medical\u0103 este esen\u021bial\u0103, mai ales c\u00e2nd c\u0103derea p\u0103rului persist\u0103 dup\u0103 stabilizarea greut\u0103\u021bii.<\/p>\n\n\n\n<h2 class=\"wp-block-heading\" id=\"is-hair-loss-from-anorexia-reversible\">C\u0103derea p\u0103rului din anorexie este reversibil\u0103?<\/h2>\n\n\n\n<p class=\"wp-block-paragraph\">Da, \u00een majoritatea cazurilor, c\u0103derea p\u0103rului cauzat\u0103 de anorexie este reversibil\u0103. Odat\u0103 ce nutri\u021bia constant\u0103 este restabilit\u0103 \u0219i echilibrul hormonal se \u00eembun\u0103t\u0103\u021be\u0219te, foliculii de p\u0103r revin treptat la ciclul lor normal de cre\u0219tere.<\/p>\n\n\n\n<p class=\"wp-block-paragraph\">Recre\u0219terea \u00eencepe de obicei la c\u00e2teva luni dup\u0103 recuperare. Densitatea complet\u0103 poate dura mai mult \u0219i este necesar\u0103 r\u0103bdare. Restric\u021bia continu\u0103 sau recidiva poate \u00eent\u00e2rzia sau inversa progresul.<\/p>\n\n\n\n<h2 class=\"wp-block-heading\" id=\"when-to-seek-professional-help\">C\u00e2nd s\u0103 solicita\u021bi ajutor profesional<\/h2>\n\n\n\n<p class=\"wp-block-paragraph\">C\u0103derea p\u0103rului asociat\u0103 cu anorexie semnaleaz\u0103 un nivel grav de stres fizic. Oricine se confrunt\u0103 cu pierderea \u00een curs de desf\u0103\u0219urare \u00eempreun\u0103 cu alimenta\u021bia dezordonat\u0103 ar trebui s\u0103 caute prompt asisten\u021b\u0103 medical\u0103 \u0219i psihologic\u0103.<\/p>\n\n\n\n<p class=\"wp-block-paragraph\">Interven\u021bia timpurie \u00eembun\u0103t\u0103\u021be\u0219te at\u00e2t rezultatele generale de recuperare, c\u00e2t \u0219i probabilitatea unei recre\u0219teri complete a p\u0103rului.<\/p>\n\n\n\n<h2 class=\"wp-block-heading\" id=\"frequently-asked-questions\">\u00centreb\u0103ri frecvente<\/h2>\n\n\n<div id=\"rank-math-faq\" class=\"rank-math-block\">\n<div class=\"rank-math-list \">\n<div id=\"faq-question-1771238910962\" class=\"rank-math-list-item\">\n<h3 class=\"rank-math-question \">Cum tratezi c\u0103derea p\u0103rului din cauza malnutri\u021biei?<\/h3>\n<div class=\"rank-math-answer \">\n\n<p>Trata\u021bi prin restabilirea caloriilor \u0219i proteinelor, corect\u00e2nd deficien\u021bele \u0219i gestion\u00e2nd boala de baz\u0103.<\/p>\n\n<\/div>\n<\/div>\n<div id=\"faq-question-1771238911669\" class=\"rank-math-list-item\">\n<h3 class=\"rank-math-question \">De ce persoanele cu anorexie \u00ee\u0219i pierd p\u0103rul?<\/h3>\n<div class=\"rank-math-answer \">\n\n<p>Anorexia declan\u0219eaz\u0103 efluviul telogen din \u00eenfometare, deficit de proteine, schimb\u0103ri hormonale \u0219i deficit de micronutrien\u021bi.<\/p>\n\n<\/div>\n<\/div>\n<div id=\"faq-question-1771238912360\" class=\"rank-math-list-item\">\n<h3 class=\"rank-math-question \">Cum s\u0103 vindeci c\u0103derea \u0219i r\u0103rirea p\u0103rului?<\/h3>\n<div class=\"rank-math-answer \">\n\n<p>Identifica\u021bi cauza cu medicul clinician; trata\u021bi pierderea modelului cu minoxidil\/finasterid; corecta\u021bi deficien\u021bele \u0219i problemele tiroidiene.<\/p>\n\n<\/div>\n<\/div>\n<div id=\"faq-question-1771238913012\" class=\"rank-math-list-item\">\n<h3 class=\"rank-math-question \">Va cre\u0219te din nou c\u0103derea p\u0103rului din cauza unei diete proaste?<\/h3>\n<div class=\"rank-math-answer \">\n\n<p>Da, efluviul telogen legat de diet\u0103 se inverseaz\u0103 de obicei \u00een 3-6 luni dup\u0103 \u00eembun\u0103t\u0103\u021birea nutri\u021biei.<\/p>\n\n<\/div>\n<\/div>\n<div id=\"faq-question-1771238914004\" class=\"rank-math-list-item\">\n<h3 class=\"rank-math-question \">De ce vitamin\u0103 am nevoie dac\u0103 p\u0103rul meu este sub\u021biere?<\/h3>\n<div class=\"rank-math-answer \">\n\n<p>Vitamina D este de obicei sc\u0103zut\u0103; verifica\u021bi fierul, B12 \u0219i zincul.<\/p>\n\n<\/div>\n<\/div>\n<\/div>\n<\/div>","protected":false},"excerpt":{"rendered":"<p>Ce este c\u0103derea p\u0103rului prin anorexia \u0219i cum o po\u021bi trata? C\u0103derea p\u0103rului cauzat\u0103 de anorexie este de obicei cauzat\u0103 de deficien\u021be nutri\u021bionale severe \u0219i perturb\u0103ri hormonale.Atunci c\u00e2nd organismului \u00eei lipsesc nutrien\u021bii esen\u021biali, cre\u0219terea p\u0103rului este prioritizat\u0103, ceea ce duce la pierderea difuz\u0103. \u00cen cele mai multe cazuri, c\u0103derea p\u0103rului este reversibil\u0103 cu reabilitare nutri\u021bional\u0103, [&hellip;]<\/p>\n","protected":false},"author":2,"featured_media":862,"comment_status":"closed","ping_status":"closed","sticky":false,"template":"","format":"standard","meta":{"footnotes":"","rank_math_title":"","rank_math_description":"C\u0103derea p\u0103rului prin anorexia este c\u0103derea p\u0103rului cauzat\u0103 de deficien\u021be nutri\u021bionale \u0219i de stres legat de tulbur\u0103ri alimentare precum anorexia nervoas\u0103. Face\u021bi clic pentru informa\u021bii.","rank_math_focus_keyword":"","rank_math_canonical_url":"","rank_math_breadcrumb_title":"","rank_math_facebook_title":"","rank_math_facebook_description":"","rank_math_facebook_image":"","rank_math_twitter_title":"","rank_math_twitter_description":"","rank_math_twitter_image":"","rank_math_pillar_content":""},"categories":[968,987],"tags":[],"class_list":["post-52477","post","type-post","status-publish","format-standard","has-post-thumbnail","hentry","category-blog","category-caderea-parului"],"_links":{"self":[{"href":"https:\/\/haircenterofturkey.com\/ro\/wp-json\/wp\/v2\/posts\/52477","targetHints":{"allow":["GET"]}}],"collection":[{"href":"https:\/\/haircenterofturkey.com\/ro\/wp-json\/wp\/v2\/posts"}],"about":[{"href":"https:\/\/haircenterofturkey.com\/ro\/wp-json\/wp\/v2\/types\/post"}],"author":[{"embeddable":true,"href":"https:\/\/haircenterofturkey.com\/ro\/wp-json\/wp\/v2\/users\/2"}],"replies":[{"embeddable":true,"href":"https:\/\/haircenterofturkey.com\/ro\/wp-json\/wp\/v2\/comments?post=52477"}],"version-history":[{"count":3,"href":"https:\/\/haircenterofturkey.com\/ro\/wp-json\/wp\/v2\/posts\/52477\/revisions"}],"predecessor-version":[{"id":60404,"href":"https:\/\/haircenterofturkey.com\/ro\/wp-json\/wp\/v2\/posts\/52477\/revisions\/60404"}],"wp:featuredmedia":[{"embeddable":true,"href":"https:\/\/haircenterofturkey.com\/ro\/wp-json\/wp\/v2\/media\/862"}],"wp:attachment":[{"href":"https:\/\/haircenterofturkey.com\/ro\/wp-json\/wp\/v2\/media?parent=52477"}],"wp:term":[{"taxonomy":"category","embeddable":true,"href":"https:\/\/haircenterofturkey.com\/ro\/wp-json\/wp\/v2\/categories?post=52477"},{"taxonomy":"post_tag","embeddable":true,"href":"https:\/\/haircenterofturkey.com\/ro\/wp-json\/wp\/v2\/tags?post=52477"}],"curies":[{"name":"wp","href":"https:\/\/api.w.org\/{rel}","templated":true}]}}