{"id":52437,"date":"2025-08-07T19:31:22","date_gmt":"2025-08-07T16:31:22","guid":{"rendered":"https:\/\/haircenterofturkey.com\/?p=52437"},"modified":"2026-08-31T15:14:55","modified_gmt":"2026-08-31T12:14:55","slug":"cum-ne-au-afectat-retelele-sociale-viziunea-asupra-caderii-parului","status":"publish","type":"post","link":"https:\/\/haircenterofturkey.com\/ro\/cum-ne-au-afectat-retelele-sociale-viziunea-asupra-caderii-parului\/","title":{"rendered":"Cum ne-au afectat re\u021belele sociale viziunea asupra c\u0103derii p\u0103rului"},"content":{"rendered":"\n<h2 class=\"wp-block-heading\" id=\"how-has-social-media-affected-our-view-on-hair-loss\"><b>Cum ne-au afectat re\u021belele sociale viziunea asupra c\u0103derii p\u0103rului?<\/b><\/h2>\n\n\n\n<p class=\"wp-block-paragraph\"><b>Re\u021belele de socializare au remodelat modul \u00een care este perceput\u0103 c\u0103derea p\u0103rului, trec\u00e2nd-o de la o preocupare privat\u0103 la un subiect larg discutat.<\/b><b><br><\/b><span style=\"font-weight: 400;\"> Prin pove\u0219tile reale ale pacien\u021bilor, c\u0103l\u0103toriile influen\u021belor \u0219i conversa\u021biile deschise, platforme precum Instagram, TikTok \u0219i YouTube au redus stigmatizarea, cre\u00e2nd \u00een acela\u0219i timp noi presiuni \u00een ceea ce prive\u0219te aspectul \u0219i a\u0219tept\u0103rile la tratament.<\/span><\/p>\n\n\n\n<div class=\"wp-block-rank-math-toc-block\" id=\"rank-math-toc\"><h2>Table of Contents<\/h2><nav><ul><li><a href=\"#how-has-social-media-affected-our-view-on-hair-loss\">Cum ne-au afectat re\u021belele sociale viziunea asupra c\u0103derii p\u0103rului?<\/a><\/li><li><a href=\"#the-rise-of-hair-loss-awareness-online\">Cre\u0219terea gradului de con\u0219tientizare a c\u0103derii p\u0103rului online<\/a><\/li><li><a href=\"#how-social-media-normalized-hair-loss-treatments\">Cum au normalizat re\u021belele sociale tratamentele \u00eempotriva c\u0103derii p\u0103rului<\/a><\/li><li><a href=\"#the-pressure-of-perfection-and-unrealistic-expectations\">Presiunea perfec\u021biunii \u0219i a\u0219tept\u0103rile nerealiste<\/a><\/li><li><a href=\"#hashtags-trends-and-the-bald-positivity-movement\">Hashtag-uri, tendin\u021be \u0219i mi\u0219carea de pozitivitate cheal\u0103<\/a><\/li><li><a href=\"#the-role-of-clinics-in-social-media-marketing\">Rolul clinicilor \u00een marketingul social media<\/a><\/li><li><a href=\"#creating-a-healthier-digital-perspective-on-hair-loss\">Crearea unei perspective digitale mai s\u0103n\u0103toase asupra c\u0103derii p\u0103rului<\/a><\/li><li><a href=\"#frequently-asked-questions\">\u00centreb\u0103ri frecvente<\/a><\/li><\/ul><\/nav><\/div>\n\n\n\n<h2 class=\"wp-block-heading\" id=\"the-rise-of-hair-loss-awareness-online\"><b>Cre\u0219terea gradului de con\u0219tientizare a c\u0103derii p\u0103rului online<\/b><\/h2>\n\n\n\n<p class=\"wp-block-paragraph\"><span style=\"font-weight: 400;\">\u00cenainte de re\u021belele sociale, c\u0103derea p\u0103rului era adesea ascuns\u0103 sau gestionat\u0103 \u00een lini\u0219te. Mul\u021bi oameni au evitat s\u0103 discute despre asta din cauza jenei sau fricii de judecat\u0103.<\/span><\/p>\n\n\n\n<p class=\"wp-block-paragraph\"><span style=\"font-weight: 400;\">Ast\u0103zi, utilizatorii \u00eemp\u0103rt\u0103\u0219esc \u00een mod deschis semnele timpurii de sub\u021biere, experien\u021bele de tratament \u0219i progresul de recuperare. Aceast\u0103 vizibilitate a ajutat la normalizarea c\u0103derii p\u0103rului \u0219i a creat comunit\u0103\u021bi \u00een care oamenii se simt mai degrab\u0103 \u00een\u021bele\u0219i dec\u00e2t izola\u021bi.<\/span><\/p>\n\n\n\n<figure class=\"wp-block-image\"><img decoding=\"async\" src=\"https:\/\/haircenterofturkey.com\/wp-content\/uploads\/2025\/08\/How-Has-Social-Media-Affected-Our-View-on-Hair-Loss-1-1.webp\" alt=\"How Has Social Media Affected Our View on Hair Loss\" title=\"\"><\/figure>\n\n\n\n<p class=\"wp-block-paragraph\"><\/p>\n\n\n\n<h2 class=\"wp-block-heading\" id=\"how-social-media-normalized-hair-loss-treatments\"><b>Cum au normalizat re\u021belele sociale tratamentele \u00eempotriva c\u0103derii p\u0103rului<\/b><\/h2>\n\n\n\n<p class=\"wp-block-paragraph\"><span style=\"font-weight: 400;\">Procedurile de restaurare a p\u0103rului au fost odat\u0103 v\u0103zute ca ceva care trebuie p\u0103strat privat. Platformele sociale au schimbat aceast\u0103 percep\u021bie, permi\u021b\u00e2nd oamenilor s\u0103-\u0219i documenteze c\u0103l\u0103toriile \u00een mod public.<\/span><\/p>\n\n\n\n<p class=\"wp-block-paragraph\"><span style=\"font-weight: 400;\">Post\u0103rile educa\u021bionale \u0219i termenele de recuperare au f\u0103cut tratamentele mai u\u0219or de \u00een\u021beles. Vederea rezultatelor reale ajut\u0103 la reducerea fricii \u0219i permite persoanelor s\u0103 abordeze op\u021biunile cu a\u0219tept\u0103ri mai clare, mai degrab\u0103 dec\u00e2t cu presupuneri.<\/span><\/p>\n\n\n\n<h2 class=\"wp-block-heading\" id=\"the-pressure-of-perfection-and-unrealistic-expectations\"><b>Presiunea perfec\u021biunii \u0219i a\u0219tept\u0103rile nerealiste<\/b><\/h2>\n\n\n\n<p class=\"wp-block-paragraph\"><span style=\"font-weight: 400;\">\u00cen timp ce deschiderea are beneficii, expunerea constant\u0103 la transform\u0103ri organizate poate crea tensiune emo\u021bional\u0103. Liniile de p\u0103r idealizate \u0219i rezultatele rapide pot distorsiona ceea ce este realizabil \u00een mod realist.<\/span><\/p>\n\n\n\n<p class=\"wp-block-paragraph\"><span style=\"font-weight: 400;\">Unii indivizi se simt presa\u021bi s\u0103 ac\u021bioneze rapid sau s\u0103 se compare cu al\u021bii ale c\u0103ror situa\u021bii pot fi foarte diferite. Acest mediu poate amplifica nesiguran\u021ba \u00een loc s\u0103 ofere reasigurare atunci c\u00e2nd con\u021binutul este lipsit de echilibru.<\/span><\/p>\n\n\n\n<h2 class=\"wp-block-heading\" id=\"hashtags-trends-and-the-bald-positivity-movement\"><b>Hashtag-uri, tendin\u021be \u0219i mi\u0219carea de pozitivitate cheal\u0103<\/b><\/h2>\n\n\n\n<p class=\"wp-block-paragraph\"><span style=\"font-weight: 400;\">Nu toate tendin\u021bele se concentreaz\u0103 pe restaurare. Mi\u0219c\u0103ri precum pozitivitatea chelie promoveaz\u0103 \u00eencrederea f\u0103r\u0103 p\u0103r \u0219i provoac\u0103 standardele tradi\u021bionale de frumuse\u021be.<\/span><\/p>\n\n\n\n<p class=\"wp-block-paragraph\"><span style=\"font-weight: 400;\">Oamenii care aleg s\u0103 accepte c\u0103derea p\u0103rului arat\u0103 \u00een mod deschis c\u0103 stima de sine nu depinde doar de aspect. Aceste voci joac\u0103 un rol important \u00een contracararea idealurilor nerealiste \u0219i \u00een \u00eencurajarea accept\u0103rii de sine.<\/span><\/p>\n\n\n\n<h2 class=\"wp-block-heading\" id=\"\ufffc\"><figure><img decoding=\"async\" style=\"font-size: 16px;\" src=\"https:\/\/haircenterofturkey.com\/wp-content\/uploads\/2025\/08\/How-Has-Social-Media-Affected-Our-View-on-Hair-Loss-2-1.webp\" alt=\"How Has Social Media Affected Our View on Hair Loss\" title=\"\"><\/figure><\/h2>\n\n\n\n<h2 class=\"wp-block-heading\" id=\"the-role-of-clinics-in-social-media-marketing\"><b>Rolul clinicilor \u00een marketingul social media<\/b><\/h2>\n\n\n\n<p class=\"wp-block-paragraph\"><span style=\"font-weight: 400;\">Clinicile de transplant de p\u0103r folosesc din ce \u00een ce mai mult platformele sociale pentru a explica procedurile, a \u00eemp\u0103rt\u0103\u0219i pove\u0219tile pacien\u021bilor \u0219i a ajunge la publicul interna\u021bional. C\u00e2nd este tratat\u0103 \u00een mod responsabil, aceast\u0103 transparen\u021b\u0103 \u00eei ajut\u0103 pe oameni s\u0103 ia decizii \u00een cuno\u0219tin\u021b\u0103 de cauz\u0103.<\/span><\/p>\n\n\n\n<p class=\"wp-block-paragraph\"><span style=\"font-weight: 400;\">Problemele apar atunci c\u00e2nd mesajele se bazeaz\u0103 pe promisiuni exagerate sau pe tactici bazate pe fric\u0103. Spectatorii ar trebui s\u0103 abordeze \u00een mod critic con\u021binutul promo\u021bional \u0219i s\u0103 solicite consultan\u021b\u0103 profesional\u0103 \u00eenainte de a lua decizii.<\/span><\/p>\n\n\n\n<h2 class=\"wp-block-heading\" id=\"creating-a-healthier-digital-perspective-on-hair-loss\"><b>Crearea unei perspective digitale mai s\u0103n\u0103toase asupra c\u0103derii p\u0103rului<\/b><\/h2>\n\n\n\n<p class=\"wp-block-paragraph\"><span style=\"font-weight: 400;\">Re\u021belele sociale \u00een sine nu sunt \u00een mod inerent pozitive sau negative. Impactul s\u0103u depinde de modul \u00een care informa\u021biile sunt partajate \u0219i consumate.<\/span><\/p>\n\n\n\n<p class=\"wp-block-paragraph\"><span style=\"font-weight: 400;\">Con\u021binutul echilibrat \u0219i onest poate educa \u0219i sus\u021bine. Utilizarea atent\u0103 \u00eei ajut\u0103 pe indivizi s\u0103 separe inspira\u021bia de compara\u021bia nerealist\u0103 \u0219i \u00eencurajeaz\u0103 \u00eencrederea \u00eenr\u0103d\u0103cinat\u0103 \u00een alegerea informat\u0103, mai degrab\u0103 dec\u00e2t \u00een \u200b\u200bpresiune.<\/span><\/p>\n\n\n\n<h2 class=\"wp-block-heading\" id=\"frequently-asked-questions\"><b>\u00centreb\u0103ri frecvente<\/b><\/h2>\n\n\n<div id=\"rank-math-faq\" class=\"rank-math-block\">\n<div class=\"rank-math-list \">\n<div id=\"faq-question-1771229949198\" class=\"rank-math-list-item\">\n<h3 class=\"rank-math-question \">Care sunt efectele sociale ale c\u0103derii p\u0103rului?<\/h3>\n<div class=\"rank-math-answer \">\n\n<p>C\u0103derea p\u0103rului poate reduce stima de sine, cre\u0219te anxietatea \u0219i poate afecta \u00eencrederea social\u0103 \u0219i rela\u021biile.<\/p>\n\n<\/div>\n<\/div>\n<div id=\"faq-question-1771229950180\" class=\"rank-math-list-item\">\n<h3 class=\"rank-math-question \">Care sunt cele 5 efecte negative ale re\u021belelor sociale?<\/h3>\n<div class=\"rank-math-answer \">\n\n<p>Anxietatea, depresia, tulbur\u0103rile de somn, expunerea la h\u0103r\u021buirea cibernetic\u0103 \u0219i durata redus\u0103 a aten\u021biei sunt negative comune.<\/p>\n\n<\/div>\n<\/div>\n<div id=\"faq-question-1771229950864\" class=\"rank-math-list-item\">\n<h3 class=\"rank-math-question \">Care este cea mai mare cauza a caderii parului?<\/h3>\n<div class=\"rank-math-answer \">\n\n<p>Alopecia androgenetic\u0103 este cea mai frecvent\u0103 cauz\u0103 a c\u0103derii p\u0103rului.<\/p>\n\n<\/div>\n<\/div>\n<div id=\"faq-question-1771229951780\" class=\"rank-math-list-item\">\n<h3 class=\"rank-math-question \">Cum ne afecteaz\u0103 re\u021belele sociale percep\u021bia despre frumuse\u021be?<\/h3>\n<div class=\"rank-math-answer \">\n\n<p>Promoveaz\u0103 idealurile filtrate, cresc\u00e2nd compara\u021bia, nemul\u021bumirea \u0219i presiunea de a se conforma.<\/p>\n\n<\/div>\n<\/div>\n<div id=\"faq-question-1771229952339\" class=\"rank-math-list-item\">\n<h3 class=\"rank-math-question \">De ce toat\u0103 lumea se confrunt\u0103 cu c\u0103derea p\u0103rului?<\/h3>\n<div class=\"rank-math-answer \">\n\n<p>Nu toat\u0103 lumea; genetica, \u00eemb\u0103tr\u00e2nirea, hormonii, stresul, bolile \u0219i deficien\u021bele pot declan\u0219a c\u0103derea p\u0103rului.<\/p>\n\n<\/div>\n<\/div>\n<div id=\"faq-question-1771229953313\" class=\"rank-math-list-item\">\n<h3 class=\"rank-math-question \">Care este cea mai dificil\u0103 boal\u0103 mintal\u0103 cu care s\u0103 tr\u0103ie\u0219ti?<\/h3>\n<div class=\"rank-math-answer \">\n\n<p>Nicio boal\u0103 mintal\u0103 nu este universal cea mai grea; impactul depinde de severitate, suport \u0219i comorbiditate.<\/p>\n\n<\/div>\n<\/div>\n<\/div>\n<\/div>","protected":false},"excerpt":{"rendered":"<p>Cum ne-au afectat re\u021belele sociale viziunea asupra c\u0103derii p\u0103rului? Re\u021belele de socializare au remodelat modul \u00een care este perceput\u0103 c\u0103derea p\u0103rului, trec\u00e2nd-o de la o preocupare privat\u0103 la un subiect larg discutat. Prin pove\u0219tile reale ale pacien\u021bilor, c\u0103l\u0103toriile influen\u021belor \u0219i conversa\u021biile deschise, platforme precum Instagram, TikTok \u0219i YouTube au redus stigmatizarea, cre\u00e2nd \u00een acela\u0219i timp [&hellip;]<\/p>\n","protected":false},"author":2,"featured_media":888,"comment_status":"closed","ping_status":"closed","sticky":false,"template":"","format":"standard","meta":{"footnotes":"","rank_math_title":"","rank_math_description":"Re\u021belele de socializare au schimbat semnificativ modul \u00een care oamenii percep c\u0103derea p\u0103rului, f\u0103c\u00e2nd-o mai vizibil\u0103 \u0219i discutat\u0103 \u00een mod deschis. Face\u021bi clic pentru informa\u021bii.","rank_math_focus_keyword":"","rank_math_canonical_url":"","rank_math_breadcrumb_title":"","rank_math_facebook_title":"","rank_math_facebook_description":"","rank_math_facebook_image":"","rank_math_twitter_title":"","rank_math_twitter_description":"","rank_math_twitter_image":"","rank_math_pillar_content":""},"categories":[968,987],"tags":[],"class_list":["post-52437","post","type-post","status-publish","format-standard","has-post-thumbnail","hentry","category-blog","category-caderea-parului"],"_links":{"self":[{"href":"https:\/\/haircenterofturkey.com\/ro\/wp-json\/wp\/v2\/posts\/52437","targetHints":{"allow":["GET"]}}],"collection":[{"href":"https:\/\/haircenterofturkey.com\/ro\/wp-json\/wp\/v2\/posts"}],"about":[{"href":"https:\/\/haircenterofturkey.com\/ro\/wp-json\/wp\/v2\/types\/post"}],"author":[{"embeddable":true,"href":"https:\/\/haircenterofturkey.com\/ro\/wp-json\/wp\/v2\/users\/2"}],"replies":[{"embeddable":true,"href":"https:\/\/haircenterofturkey.com\/ro\/wp-json\/wp\/v2\/comments?post=52437"}],"version-history":[{"count":3,"href":"https:\/\/haircenterofturkey.com\/ro\/wp-json\/wp\/v2\/posts\/52437\/revisions"}],"predecessor-version":[{"id":60523,"href":"https:\/\/haircenterofturkey.com\/ro\/wp-json\/wp\/v2\/posts\/52437\/revisions\/60523"}],"wp:featuredmedia":[{"embeddable":true,"href":"https:\/\/haircenterofturkey.com\/ro\/wp-json\/wp\/v2\/media\/888"}],"wp:attachment":[{"href":"https:\/\/haircenterofturkey.com\/ro\/wp-json\/wp\/v2\/media?parent=52437"}],"wp:term":[{"taxonomy":"category","embeddable":true,"href":"https:\/\/haircenterofturkey.com\/ro\/wp-json\/wp\/v2\/categories?post=52437"},{"taxonomy":"post_tag","embeddable":true,"href":"https:\/\/haircenterofturkey.com\/ro\/wp-json\/wp\/v2\/tags?post=52437"}],"curies":[{"name":"wp","href":"https:\/\/api.w.org\/{rel}","templated":true}]}}