{"id":52408,"date":"2025-08-13T17:38:27","date_gmt":"2025-08-13T14:38:27","guid":{"rendered":"https:\/\/haircenterofturkey.com\/?p=52408"},"modified":"2026-08-31T16:10:45","modified_gmt":"2026-08-31T13:10:45","slug":"james-nesbitt-a-avut-un-transplant-de-par","status":"publish","type":"post","link":"https:\/\/haircenterofturkey.com\/ro\/james-nesbitt-a-avut-un-transplant-de-par\/","title":{"rendered":"James Nesbitt a avut un transplant de p\u0103r?"},"content":{"rendered":"\n<h2 class=\"wp-block-heading\" id=\"did-james-nesbitt-have-a-hair-transplant\">James Nesbitt a avut un transplant de p\u0103r?<\/h2>\n\n\n\n<p class=\"wp-block-paragraph\"><span style=\"font-weight: 400;\">Da. James Nesbitt a declarat public c\u0103 a suferit o opera\u021bie de transplant de p\u0103r \u0219i \u0219i-a \u00eemp\u0103rt\u0103\u0219it experien\u021ba \u00een interviuri \u0219i m\u0103rturii clinice. El nu a publicat detalii medicale complete, a\u0219a c\u0103 detalii precum tehnica exact\u0103, num\u0103rul de grefe \u0219i cronologia sunt tratate cel mai bine ca estim\u0103ri informate \u0219i nu ca fapte confirmate.<\/span><\/p>\n\n\n\n<div class=\"wp-block-rank-math-toc-block\" id=\"rank-math-toc\"><h2>Table of Contents<\/h2><nav><ul><li><a href=\"#did-james-nesbitt-have-a-hair-transplant\">James Nesbitt a avut un transplant de p\u0103r?<\/a><\/li><li><a href=\"#did-james-nesbitt-confirm-having-a-hair-transplant\">James Nesbitt a confirmat c\u0103 a avut un transplant de p\u0103r?<\/a><\/li><li><a href=\"#where-did-james-nesbitt-have-the-procedure\">Unde a avut James Nesbitt procedura?<\/a><\/li><li><a href=\"#which-hair-transplant-method-did-he-have\">Ce metod\u0103 de transplant de p\u0103r a avut?<\/a><\/li><li><a href=\"#how-many-grafts-did-james-nesbitt-have\">C\u00e2te grefe a avut James Nesbitt?<\/a><\/li><li><a href=\"#was-james-nesbitts-hair-transplant-safe\">A fost transplantul de p\u0103r al lui James Nesbitt \u00een siguran\u021b\u0103?<\/a><\/li><li><a href=\"#how-did-it-affect-his-appearance\">Cum i-a afectat aspectul?<\/a><\/li><li><a href=\"#hair-transplants-in-the-spotlight\">Transplantul de p\u0103r \u00een centrul aten\u021biei<\/a><\/li><li><a href=\"#fa-qs\">\u00centreb\u0103ri frecvente<\/a><\/li><\/ul><\/nav><\/div>\n\n\n\n<h2 class=\"wp-block-heading\" id=\"did-james-nesbitt-confirm-having-a-hair-transplant\">James Nesbitt a confirmat c\u0103 a avut un transplant de p\u0103r?<\/h2>\n\n\n\n<p class=\"wp-block-paragraph\"><span style=\"font-weight: 400;\">El are. Nesbitt a vorbit despre opera\u021bia de transplant de p\u0103r \u0219i a \u00eenregistrat o m\u0103rturie despre impactul pe care l-a avut asupra \u00eencrederii \u0219i muncii sale. Ceea ce a \u00eemp\u0103rt\u0103\u0219it \u00een mod public se concentreaz\u0103 pe experien\u021ba personal\u0103 &#8211; cum a sim\u021bit-o, de ce a ales s\u0103 o fac\u0103 \u0219i diferen\u021ba pe care a f\u0103cut-o &#8211; mai degrab\u0103 dec\u00e2t datele clinice detaliate.<\/span><\/p>\n\n\n\n<figure class=\"wp-block-image\"><img decoding=\"async\" src=\"https:\/\/haircenterofturkey.com\/wp-content\/uploads\/2025\/08\/Did-James-Nesbitt-Have-a-Hair-Transplant-1.webp\" alt=\"Did James Nesbitt Have a Hair Transplant?\" title=\"\"><\/figure>\n\n\n\n<p class=\"wp-block-paragraph\"><\/p>\n\n\n\n<h2 class=\"wp-block-heading\" id=\"where-did-james-nesbitt-have-the-procedure\"><b>Unde a avut James Nesbitt procedura?<\/b><\/h2>\n\n\n\n<p class=\"wp-block-paragraph\"><span style=\"font-weight: 400;\">Materialul disponibil public leag\u0103 tratamentul s\u0103u de Hair Restoration Blackrock (HRBR) din Dublin, Irlanda. \u00cen acel con\u021binut de m\u0103rturie, el descrie c\u0103 a avut prima procedur\u0103 cu ani mai devreme \u0219i s-a \u00eentors mai t\u00e2rziu pentru restaurare ulterioar\u0103.<\/span><\/p>\n\n\n\n<h2 class=\"wp-block-heading\" id=\"which-hair-transplant-method-did-he-have\"><b>Ce metod\u0103 de transplant de p\u0103r a avut?<\/b><\/h2>\n\n\n\n<p class=\"wp-block-paragraph\"><span style=\"font-weight: 400;\">Nu exist\u0103 un singur r\u0103spuns, verificat universal, \u00een dosarul public. Unele articole clinice \u0219i de specialitate descriu transplantul de unit\u0103\u021bi foliculare (FUT), care implic\u0103 \u00eendep\u0103rtarea unei benzi sub\u021biri din zona donatoare \u0219i implantarea grefelor. Alte analize sugereaz\u0103 o abordare \u00een stilul FUE (inclusiv FUE \u201enebarbierit\u201d), \u00een mare parte pentru c\u0103 exist\u0103 pu\u021bine dovezi vizibile ale unei cicatrici liniare a donatorului \u0219i pentru c\u0103 \u00eembun\u0103t\u0103\u021birile sale p\u0103rului par \u00een concordan\u021b\u0103 cu plasarea grefei moderne.<\/span><\/p>\n\n\n\n<p class=\"wp-block-paragraph\"><span style=\"font-weight: 400;\">Cea mai realist\u0103 viziune este c\u0103 tehnica poate fi variat\u0103 \u00een func\u021bie de proceduri, mai ales dac\u0103 prima sa opera\u021bie a fost efectuat\u0103 c\u00e2nd FUT era mai comun\u0103 \u0219i mai t\u00e2rziu munca a fost rafinat\u0103 cu FUE.<\/span><\/p>\n\n\n\n<figure class=\"wp-block-image\"><img decoding=\"async\" src=\"https:\/\/haircenterofturkey.com\/wp-content\/uploads\/2025\/08\/Did-James-Nesbitt-Have-a-Hair-Transplant-2.webp\" alt=\"Did James Nesbitt Have a Hair Transplant?\" title=\"\"><\/figure>\n\n\n\n<p class=\"wp-block-paragraph\"><\/p>\n\n\n\n<h2 class=\"wp-block-heading\" id=\"how-many-grafts-did-james-nesbitt-have\"><b>C\u00e2te grefe a avut James Nesbitt?<\/b><\/h2>\n\n\n\n<p class=\"wp-block-paragraph\"><span style=\"font-weight: 400;\">Numerele exacte ale grefei nu au fost publicate ca fi\u0219\u0103 medical\u0103. Estim\u0103rile online variaz\u0103, plas\u00e2nd adesea munca lui undeva \u00een mii de grefe de la mii p\u00e2n\u0103 la mijloc. Deoarece aceste cifre se bazeaz\u0103, de obicei, pe compara\u021bii de fotografii \u0219i pe opinii profesionale, mai degrab\u0103 dec\u00e2t pe documente, trata\u021bi-le ca estim\u0103ri, nu statistici confirmate.<\/span><\/p>\n\n\n\n<h2 class=\"wp-block-heading\" id=\"was-james-nesbitts-hair-transplant-safe\"><b>A fost transplantul de p\u0103r al lui James Nesbitt \u00een siguran\u021b\u0103?<\/b><\/h2>\n\n\n\n<p class=\"wp-block-paragraph\"><span style=\"font-weight: 400;\">Comentariile lui Nesbitt \u00eencadreaz\u0103 experien\u021ba ca fiind pozitiv\u0103, iar rezultatele sale vizibile sugereaz\u0103 o planificare atent\u0103 \u0219i un design conservator, cu aspect natural. \u00cen general, transplantul de p\u0103r este considerat o procedur\u0103 electiv\u0103 cu risc sc\u0103zut atunci c\u00e2nd este efectuat de medici califica\u021bi cu screening adecvat, tehnic\u0103 steril\u0103 \u0219i \u00eengrijire ulterioar\u0103 adecvat\u0103. Ca \u0219i \u00een cazul oric\u0103rei interven\u021bii chirurgicale, rezultatele depind \u00een mare m\u0103sur\u0103 de experien\u021ba echipei, de donatorii pacientului \u0219i de a\u0219tept\u0103rile realiste.<\/span><\/p>\n\n\n\n<h2 class=\"wp-block-heading\" id=\"how-did-it-affect-his-appearance\"><b>Cum i-a afectat aspectul?<\/b><\/h2>\n\n\n\n<p class=\"wp-block-paragraph\"><span style=\"font-weight: 400;\">Cea mai vizibil\u0103 schimbare este o linie de p\u0103r mai puternic\u0103, mai plin\u0103 \u0219i o densitate mai bun\u0103 \u00een zona frontal\u0103. Acest tip de \u00eembun\u0103t\u0103\u021bire poate \u201e\u00eenvechi\u201d subtil fa\u021ba de pe camer\u0103, \u00een special \u00een condi\u021bii de iluminare puternic\u0103 \u0219i film\u0103ri de \u00eenalt\u0103 defini\u021bie. Rezultatele naturale provin de obicei dintr-o linie moale, neregulat\u0103 a p\u0103rului, o angulare corect\u0103 \u0219i evitarea \u00eempachet\u0103rii excesive care pot p\u0103rea artificial\u0103.<\/span><\/p>\n\n\n\n<h2 class=\"wp-block-heading\" id=\"hair-transplants-in-the-spotlight\"><b>Transplantul de p\u0103r \u00een centrul aten\u021biei<\/b><\/h2>\n\n\n\n<p class=\"wp-block-paragraph\"><span style=\"font-weight: 400;\">Restaurarea p\u0103rului celebrit\u0103\u021bilor atrage adesea aten\u021bia, deoarece diferen\u021ba dintre \u00eenainte \u0219i dup\u0103 poate fi dramatic\u0103, dar cea mai bun\u0103 lucrare este conceput\u0103 pentru a fi greu de observat. Deschiderea lui Nesbitt face parte dintr-o schimbare mai ampl\u0103: mai pu\u021bine personalit\u0103\u021bi publice simt nevoia s\u0103 nege procedurile cosmetice, iar mai mul\u021bi oameni v\u0103d restaurarea p\u0103rului ca o op\u021biune practic\u0103, mai degrab\u0103 dec\u00e2t un subiect tabu. Pentru oricine se g\u00e2nde\u0219te la tratament, concluzia este simpl\u0103: alege o clinic\u0103 condus\u0103 din punct de vedere medical, cere s\u0103 vad\u0103 rezultatele reale ale pacientului \u0219i planific\u0103 pentru c\u0103derea p\u0103rului pe termen lung, nu doar linia p\u0103rului de ast\u0103zi.<\/span><\/p>\n\n\n\n<h2 class=\"wp-block-heading\" id=\"fa-qs\">\u00centreb\u0103ri frecvente<\/h2>\n\n\n<div id=\"rank-math-faq\" class=\"rank-math-block\">\n<div class=\"rank-math-list \">\n<div id=\"faq-question-1770644280930\" class=\"rank-math-list-item\">\n<h3 class=\"rank-math-question \">C\u00e2te transplanturi de p\u0103r a avut James Nesbitt?<\/h3>\n<div class=\"rank-math-answer \">\n\n<p>Rapoartele variaz\u0103; a confirmat mai multe transplanturi de p\u0103r.<\/p>\n\n<\/div>\n<\/div>\n<div id=\"faq-question-1770645824509\" class=\"rank-math-list-item\">\n<h3 class=\"rank-math-question \">James Nesbitt a avut un transplant de p\u0103r?<\/h3>\n<div class=\"rank-math-answer \">\n\n<p>Da; a vorbit public despre transplantul de p\u0103r.<\/p>\n\n<\/div>\n<\/div>\n<div id=\"faq-question-1770645833185\" class=\"rank-math-list-item\">\n<h3 class=\"rank-math-question \">C\u00e2t a pl\u0103tit James Nesbitt pentru transplantul de p\u0103r?<\/h3>\n<div class=\"rank-math-answer \">\n\n<p>Costul exact nu este public; estim\u0103rile variaz\u0103 foarte mult \u00een func\u021bie de clinic\u0103 \u0219i de num\u0103rul de grefe.<\/p>\n\n<\/div>\n<\/div>\n<div id=\"faq-question-1770645844686\" class=\"rank-math-list-item\">\n<h3 class=\"rank-math-question \">De unde \u0219i-a f\u0103cut James Nesbitt transplantul de p\u0103r?<\/h3>\n<div class=\"rank-math-answer \">\n\n<p>El a spus c\u0103 procedurile sale au fost f\u0103cute la Dublin, Irlanda.<\/p>\n\n<\/div>\n<\/div>\n<div id=\"faq-question-1770645847078\" class=\"rank-math-list-item\">\n<h3 class=\"rank-math-question \">Este transplantul de p\u0103r sigur?<\/h3>\n<div class=\"rank-math-answer \">\n\n<p>Transplanturile de p\u0103r sunt \u00een general sigure cu chirurgi califica\u021bi, dar riscurile includ infec\u021bia \u0219i cicatrizarea.<\/p>\n\n<\/div>\n<\/div>\n<div id=\"faq-question-1770645859046\" class=\"rank-math-list-item\">\n<h3 class=\"rank-math-question \">Transplantul de p\u0103r chiar func\u021bioneaz\u0103?<\/h3>\n<div class=\"rank-math-answer \">\n\n<p>Transplantul de p\u0103r func\u021bioneaz\u0103 prin mi\u0219carea foliculilor; succesul depinde de p\u0103rul donatorului \u0219i de tehnic\u0103.<\/p>\n\n<\/div>\n<\/div>\n<div id=\"faq-question-1770645860087\" class=\"rank-math-list-item\">\n<h3 class=\"rank-math-question \">Este transplantul de p\u0103r permanent?<\/h3>\n<div class=\"rank-math-answer \">\n\n<p>Foliculii transplanta\u021bi de obicei dureaz\u0103, dar c\u0103derea continu\u0103 a p\u0103rului poate necesita un tratament suplimentar.<\/p>\n\n<\/div>\n<\/div>\n<div id=\"faq-question-1770645861941\" class=\"rank-math-list-item\">\n<h3 class=\"rank-math-question \">Unde primesc vedetele transplanturi de p\u0103r?<\/h3>\n<div class=\"rank-math-answer \">\n\n<p>Celebrit\u0103\u021bile folosesc clinici de renume din \u00eentreaga lume, aleg\u00e2nd adesea confiden\u021bialitatea, chirurgi experimenta\u021bi \u0219i tehnici avansate.<\/p>\n\n<\/div>\n<\/div>\n<\/div>\n<\/div>","protected":false},"excerpt":{"rendered":"<p>James Nesbitt a avut un transplant de p\u0103r? Da. James Nesbitt a declarat public c\u0103 a suferit o opera\u021bie de transplant de p\u0103r \u0219i \u0219i-a \u00eemp\u0103rt\u0103\u0219it experien\u021ba \u00een interviuri \u0219i m\u0103rturii clinice. El nu a publicat detalii medicale complete, a\u0219a c\u0103 detalii precum tehnica exact\u0103, num\u0103rul de grefe \u0219i cronologia sunt tratate cel mai bine [&hellip;]<\/p>\n","protected":false},"author":2,"featured_media":904,"comment_status":"closed","ping_status":"closed","sticky":false,"template":"","format":"standard","meta":{"footnotes":"","rank_math_title":"","rank_math_description":"Da, James Nesbitt a confirmat deschis c\u0103 a avut un transplant de p\u0103r.","rank_math_focus_keyword":"","rank_math_canonical_url":"","rank_math_breadcrumb_title":"","rank_math_facebook_title":"","rank_math_facebook_description":"","rank_math_facebook_image":"","rank_math_twitter_title":"","rank_math_twitter_description":"","rank_math_twitter_image":"","rank_math_pillar_content":""},"categories":[968,1020],"tags":[],"class_list":["post-52408","post","type-post","status-publish","format-standard","has-post-thumbnail","hentry","category-blog","category-transplant-de-par-celebritati"],"_links":{"self":[{"href":"https:\/\/haircenterofturkey.com\/ro\/wp-json\/wp\/v2\/posts\/52408","targetHints":{"allow":["GET"]}}],"collection":[{"href":"https:\/\/haircenterofturkey.com\/ro\/wp-json\/wp\/v2\/posts"}],"about":[{"href":"https:\/\/haircenterofturkey.com\/ro\/wp-json\/wp\/v2\/types\/post"}],"author":[{"embeddable":true,"href":"https:\/\/haircenterofturkey.com\/ro\/wp-json\/wp\/v2\/users\/2"}],"replies":[{"embeddable":true,"href":"https:\/\/haircenterofturkey.com\/ro\/wp-json\/wp\/v2\/comments?post=52408"}],"version-history":[{"count":2,"href":"https:\/\/haircenterofturkey.com\/ro\/wp-json\/wp\/v2\/posts\/52408\/revisions"}],"predecessor-version":[{"id":60601,"href":"https:\/\/haircenterofturkey.com\/ro\/wp-json\/wp\/v2\/posts\/52408\/revisions\/60601"}],"wp:featuredmedia":[{"embeddable":true,"href":"https:\/\/haircenterofturkey.com\/ro\/wp-json\/wp\/v2\/media\/904"}],"wp:attachment":[{"href":"https:\/\/haircenterofturkey.com\/ro\/wp-json\/wp\/v2\/media?parent=52408"}],"wp:term":[{"taxonomy":"category","embeddable":true,"href":"https:\/\/haircenterofturkey.com\/ro\/wp-json\/wp\/v2\/categories?post=52408"},{"taxonomy":"post_tag","embeddable":true,"href":"https:\/\/haircenterofturkey.com\/ro\/wp-json\/wp\/v2\/tags?post=52408"}],"curies":[{"name":"wp","href":"https:\/\/api.w.org\/{rel}","templated":true}]}}