{"id":52300,"date":"2026-04-16T10:09:38","date_gmt":"2026-04-16T07:09:38","guid":{"rendered":"https:\/\/haircenterofturkey.com\/?p=52300"},"modified":"2026-08-31T16:12:12","modified_gmt":"2026-08-31T13:12:12","slug":"poate-un-program-de-somn-neregulat-sa-provoace-caderea-parului","status":"publish","type":"post","link":"https:\/\/haircenterofturkey.com\/ro\/poate-un-program-de-somn-neregulat-sa-provoace-caderea-parului\/","title":{"rendered":"Poate un program de somn neregulat s\u0103 provoace c\u0103derea p\u0103rului?"},"content":{"rendered":"\n<p class=\"wp-block-paragraph\">Majoritatea oamenilor doresc ca caderea parului sa aiba un motiv clar. \u00cen realitate, de obicei nu func\u021bioneaz\u0103 a\u0219a. R\u0103rirea p\u0103rului poate fi legat\u0103 de genetic\u0103, stres, deficien\u021be nutri\u021bionale, probleme hormonale, boli, afec\u021biuni ale scalpului sau o combina\u021bie de mai mul\u021bi factori simultan. Somnul face parte \u0219i din aceast\u0103 conversa\u021bie. Un program de somn neregulat poate s\u0103 nu fie singurul motiv pentru care cineva \u00eencepe s\u0103 observe mai multe pierderi, dar poate face cu siguran\u021b\u0103 o problem\u0103 existent\u0103 mai vizibil\u0103 sau mai greu de recuperat pentru organism. De aceea, somnul nu trebuie respins ca fiind o problem\u0103 minor\u0103 a stilului de via\u021b\u0103 atunci c\u00e2nd este \u00een cauz\u0103 s\u0103n\u0103tatea p\u0103rului.<\/p>\n\n\n\n<h2 class=\"wp-block-heading\">De ce somnul conteaz\u0103 mai mult dec\u00e2t cred oamenii<\/h2>\n\n\n\n<p class=\"wp-block-paragraph\">P\u0103rul nu cre\u0219te \u00een linie dreapt\u0103 de la \u00eenceput p\u00e2n\u0103 la sf\u00e2r\u0219it. Se mi\u0219c\u0103 printr-un ciclu. Unele fire de p\u0103r sunt \u00een cre\u0219tere activ\u0103, altele sunt \u00een tranzi\u021bie, iar altele se odihnesc \u00eenainte s\u0103 cad\u0103. Acest lucru este normal. Ceea ce schimb\u0103 imaginea este atunci c\u00e2nd un num\u0103r mai mare dec\u00e2t de obicei de fire de p\u0103r trece prea devreme \u00een faza de repaus.<\/p>\n\n\n\n<p class=\"wp-block-paragraph\">Acesta este adesea ceea ce se \u00eent\u00e2mpl\u0103 \u00een efluviul telogen, una dintre cele mai comune forme de v\u0103rsare temporar\u0103. Poate ap\u0103rea dup\u0103 stres fizic, efort emo\u021bional, boal\u0103, modific\u0103ri hormonale sau \u00eentreruperi majore \u00een rutina corpului. Somnul slab, mai ales atunci c\u00e2nd devine cronic, poate alimenta acela\u0219i model.<\/p>\n\n\n\n<p class=\"wp-block-paragraph\">Punctul important aici nu este c\u0103 o noapte t\u00e2rzie va provoca c\u0103derea p\u0103rului. Este c\u0103 \u00eentreruperea continu\u0103 a somnului poate pune treptat corpul sub suficient\u0103 presiune pentru a afecta ciclul p\u0103rului.<\/p>\n\n\n\n<h2 class=\"wp-block-heading\">Deci, poate un somn s\u0103rac s\u0103 declan\u0219eze de fapt c\u0103derea p\u0103rului?<\/h2>\n\n\n\n<figure class=\"wp-block-image size-large\"><img loading=\"lazy\" decoding=\"async\" width=\"1024\" height=\"569\" src=\"https:\/\/haircenterofturkey.com\/wp-content\/uploads\/2026\/04\/So-Can-Poor-Sleep-Actually-Trigger-Hair-Shedding-1-1024x569.webp\" alt=\"So, Can Poor Sleep Actually Trigger Hair Shedding\" class=\"wp-image-35537\" title=\"\" srcset=\"https:\/\/haircenterofturkey.com\/wp-content\/uploads\/2026\/04\/So-Can-Poor-Sleep-Actually-Trigger-Hair-Shedding-1-1024x569.webp 1024w, https:\/\/haircenterofturkey.com\/wp-content\/uploads\/2026\/04\/So-Can-Poor-Sleep-Actually-Trigger-Hair-Shedding-1-300x167.webp 300w, https:\/\/haircenterofturkey.com\/wp-content\/uploads\/2026\/04\/So-Can-Poor-Sleep-Actually-Trigger-Hair-Shedding-1-768x427.webp 768w, https:\/\/haircenterofturkey.com\/wp-content\/uploads\/2026\/04\/So-Can-Poor-Sleep-Actually-Trigger-Hair-Shedding-1-150x83.webp 150w, https:\/\/haircenterofturkey.com\/wp-content\/uploads\/2026\/04\/So-Can-Poor-Sleep-Actually-Trigger-Hair-Shedding-1.webp 1080w\" sizes=\"auto, (max-width: 1024px) 100vw, 1024px\" \/><\/figure>\n\n\n\n<p class=\"wp-block-paragraph\">Da, poate contribui. Dar leg\u0103tura este de obicei indirect\u0103.<\/p>\n\n\n\n<p class=\"wp-block-paragraph\">P\u0103rul nu cade brusc doar pentru c\u0103 cineva s-a culcat t\u00e2rziu de o s\u0103pt\u0103m\u00e2n\u0103. Problema este ce tinde s\u0103 fac\u0103 somnul slab \u00een fundal. Poate cre\u0219te hormonii de stres, poate reduce calitatea recuper\u0103rii fizice, poate perturba apetitul \u0219i obiceiurile alimentare \u0219i poate face corpul mai pu\u021bin rezistent \u00een general. C\u00e2nd aceasta continu\u0103 s\u0103pt\u0103m\u00e2ni sau luni, v\u0103rsarea poate \u00eencepe s\u0103 apar\u0103.<\/p>\n\n\n\n<p class=\"wp-block-paragraph\">Acesta este unul dintre motivele pentru care unii oameni observ\u0103 mai mult p\u0103r la du\u0219, pe pern\u0103 sau pe perie \u00een perioadele \u00een care somnul lor a fost deosebit de slab. Corpul nu reac\u021bioneaz\u0103 \u00eentotdeauna singur la somn. Reac\u021bioneaz\u0103 la povara total\u0103 care i-a fost pus\u0103.<\/p>\n\n\n\n<h2 class=\"wp-block-heading\">Somnul este adev\u0103rata cauz\u0103 sau doar \u00eenr\u0103ut\u0103\u0163e\u015fte lucrurile?<\/h2>\n\n\n\n<p class=\"wp-block-paragraph\">\u00cen multe cazuri, este mai corect s\u0103 spunem c\u0103 somnul slab agraveaz\u0103 o problem\u0103 existent\u0103.<\/p>\n\n\n\n<p class=\"wp-block-paragraph\">De exemplu, un model de somn neregulat nu creeaz\u0103 de obicei c\u0103derea p\u0103rului model masculin sau sub\u021bierea modelului feminin din nimic. Aceste condi\u021bii sunt \u00een general legate de genetic\u0103 \u0219i de factori biologici pe termen lung. Dar somnul slab poate face c\u0103derea p\u0103rului s\u0103 se simt\u0103 mai intens\u0103, mai vizibil\u0103 sau mai rapid\u0103. Aceast\u0103 distinc\u021bie conteaz\u0103.<\/p>\n\n\n\n<p class=\"wp-block-paragraph\">O persoan\u0103 \u00ee\u0219i poate \u00eembun\u0103t\u0103\u021bi somnul \u0219i poate continua s\u0103 experimenteze r\u0103rirea p\u0103rului dac\u0103 problema mai profund\u0103 este hormonal\u0103, ereditar\u0103, nutri\u021bional\u0103 sau dermatologic\u0103. \u00cen acela\u0219i timp, ignorarea complet\u0103 a somnului poate \u00eencetini recuperarea \u0219i poate men\u021bine organismul \u00eentr-o stare de stres mai mult dec\u00e2t este necesar.<\/p>\n\n\n\n<p class=\"wp-block-paragraph\">Deci r\u0103spunsul nu este \u201esomnul este totul\u201d, dar nici \u201esomnul nu conteaz\u0103\u201d. Conteaz\u0103 ca parte a imaginii de ansamblu.<\/p>\n\n\n\n<h2 class=\"wp-block-heading\">Ce tip de c\u0103derea p\u0103rului este cel mai frecvent legat de problemele de somn?<\/h2>\n\n\n\n<p class=\"wp-block-paragraph\">Perturbarea legat\u0103 de somn este mai des asociat\u0103 cu v\u0103rsarea difuz\u0103, mai degrab\u0103 dec\u00e2t cu o zon\u0103 chelie definit\u0103.<\/p>\n\n\n\n<p class=\"wp-block-paragraph\">Asta \u00eenseamn\u0103 c\u0103 oamenii observ\u0103 de obicei o sub\u021biere general\u0103 \u00een loc de un plasture izolat. P\u0103rul poate \u00eencepe s\u0103 se simt\u0103 mai u\u0219or \u00een volum, coada de cal poate p\u0103rea mai mic\u0103 sau pot ap\u0103rea mai multe \u0219uvi\u021be \u00een timpul sp\u0103l\u0103rii \u0219i periajului. \u00cen multe cazuri, acest tip de pierdere devine vizibil\u0103 la c\u00e2teva luni dup\u0103 declan\u0219are, nu imediat.<\/p>\n\n\n\n<p class=\"wp-block-paragraph\">Aceast\u0103 \u00eent\u00e2rziere este unul dintre motivele pentru care conexiunea este adesea ratat\u0103. Cineva poate trece printr-o \u00eentindere stresant\u0103, poate dormi prost s\u0103pt\u0103m\u00e2ni \u00eentregi \u0219i abia mai t\u00e2rziu \u00ee\u0219i poate da seama c\u0103 p\u0103rul a \u00eenceput s\u0103 cad\u0103 mai mult dec\u00e2t de obicei.<\/p>\n\n\n\n<p class=\"wp-block-paragraph\">Modelul c\u0103derii p\u0103rului arat\u0103 diferit. Col\u021burile \u00een retragere, sub\u021bierea coroanei \u0219i o linie de p\u0103r care se schimb\u0103 treptat indic\u0103 adesea c\u0103derea androgenetic\u0103 a p\u0103rului. Problemele de somn pot juca \u00een continuare un rol \u00een c\u00e2t de intens se simte, dar de obicei nu sunt cauza principal\u0103 acolo.<br><\/p>\n\n\n\n<h2 class=\"wp-block-heading\">Semne c\u0103 somnul poate fi o parte a problemei<\/h2>\n\n\n\n<p class=\"wp-block-paragraph\">Nu exist\u0103 niciun semn care s\u0103 demonstreze c\u0103 c\u0103derea p\u0103rului este legat\u0103 de somn, dar unele modele fac posibilitatea mai probabil\u0103.<\/p>\n\n\n\n<p class=\"wp-block-paragraph\">Dac\u0103 cineva doarme neregulat de ceva vreme, se treze\u0219te obosit \u00een fiecare zi, se simte sc\u0103pat, m\u0103n\u00e2nc\u0103 prost din cauza epuiz\u0103rii \u0219i apoi \u00eencepe s\u0103 observe c\u0103deri generale, somnul merit\u0103 aten\u021bie. Acela\u0219i lucru este valabil atunci c\u00e2nd c\u0103derea p\u0103rului devine mai evident\u0103 la c\u00e2teva s\u0103pt\u0103m\u00e2ni dup\u0103 o perioad\u0103 extrem de stresant\u0103.<\/p>\n\n\n\n<p class=\"wp-block-paragraph\">Ceea ce de obicei ridic\u0103 mai mult\u0103 \u00eengrijorare este atunci c\u00e2nd c\u0103derea p\u0103rului nu pare localizat\u0103. \u00cen loc s\u0103 se sub\u021bieze o zon\u0103, \u00eentregul scalp \u00eencepe s\u0103 se simt\u0103 mai pu\u021bin dens. Acest tip de prezentare sugereaz\u0103 adesea un declan\u0219ator sistemic, mai degrab\u0103 dec\u00e2t o problem\u0103 pur localizat\u0103.<\/p>\n\n\n\n<p class=\"wp-block-paragraph\">Totu\u0219i, este important s\u0103 fii atent. Petele chelie, ro\u0219ea\u021ba, durerea, m\u00e2nc\u0103rimea puternic\u0103 sau simptomele scalpului inflamat indic\u0103 un alt tip de evaluare \u0219i nu ar trebui pur \u0219i simplu puse pe seama somnului prost.<\/p>\n\n\n\n<h2 class=\"wp-block-heading\">Ce ar trebui s\u0103 repari mai \u00eent\u00e2i?<\/h2>\n\n\n\n<p class=\"wp-block-paragraph\">Prima \u021bint\u0103 este ritmul, nu perfec\u021biunea. Mul\u021bi oameni se concentreaz\u0103 doar pe num\u0103rul de ore \u00een care dorm, dar organismul r\u0103spunde \u0219i la consisten\u021b\u0103. A merge la culcare la ore extrem de diferite de-a lungul s\u0103pt\u0103m\u00e2nii poate fi obositor \u00een felul s\u0103u. O rutin\u0103 mai stabil\u0103 ajut\u0103 adesea sistemul nervos s\u0103 se stabileasc\u0103, care la r\u00e2ndul s\u0103u sprijin\u0103 o recuperare mai bun\u0103.<\/p>\n\n\n\n<p class=\"wp-block-paragraph\">Aceasta \u00eenseamn\u0103, de obicei, men\u021binerea orei de culcare \u0219i a orei de trezire mai consistente, reducerea ecranelor luminoase noaptea t\u00e2rziu, evitarea dietelor extreme \u0219i reducerea stimulentelor prea aproape de ora de culcare. De asemenea, \u00eenseamn\u0103 s\u0103 nu ataca\u021bi scalpul cu produse dure sau rutine agresive atunci c\u00e2nd v\u0103rsarea este deja activ\u0103.<\/p>\n\n\n\n<p class=\"wp-block-paragraph\">Nimic din toate acestea nu este un leac miraculos. Nu asta este ideea. Scopul este de a elimina efortul inutil din sistem, astfel \u00eenc\u00e2t organismul s\u0103 aib\u0103 o \u0219ans\u0103 mai bun\u0103 de a-\u0219i rec\u0103p\u0103ta echilibrul.<\/p>\n\n\n\n<h2 class=\"wp-block-heading\">C\u00e2nd este timpul s\u0103 ob\u021bine\u021bi sfaturi profesionale?<\/h2>\n\n\n\n<p class=\"wp-block-paragraph\">Dac\u0103 pierderea continu\u0103 mai mult de c\u00e2teva luni, se accelereaz\u0103 brusc sau vine cu disconfort la nivelul scalpului, este timpul s\u0103 privi\u021bi mai profund. C\u0103derea p\u0103rului care dureaz\u0103 dincolo de fereastra de recuperare a\u0219teptat\u0103 nu trebuie redus\u0103 la o presupunere. Nivelul sc\u0103zut de fier, disfunc\u021bia tiroidian\u0103, deficien\u021bele de vitamine, inflama\u021bia scalpului \u0219i c\u0103derea genetic\u0103 a p\u0103rului se pot suprapune cu factori declan\u0219atori ai stilului de via\u021b\u0103. F\u0103r\u0103 a le sorta \u00een mod corespunz\u0103tor, oamenii pierd adesea timpul cu produse sau rutine care nu aveau s\u0103 rezolve niciodat\u0103 problema real\u0103.<\/p>\n\n\n\n<p class=\"wp-block-paragraph\">Acest lucru este deosebit de important pentru pacien\u021bii care \u00eencep s\u0103 se g\u00e2ndeasc\u0103 la solu\u021bii pe termen lung. \u00cenainte de a lua decizii cu privire la tratament, prima \u00eentrebare ar trebui s\u0103 fie \u00eentotdeauna simpl\u0103: aceast\u0103 pierdere temporar\u0103, un tipar permanent sau ambele se \u00eent\u00e2mpl\u0103 \u00eempreun\u0103? F\u0103r\u0103 aceast\u0103 claritate, chiar \u0219i deciziile bine inten\u021bionate pot fi premature.<\/p>\n\n\n\n<h2 class=\"wp-block-heading\">Cum abordeaz\u0103 Hair Center din Turcia cazuri ca acesta<\/h2>\n\n\n\n<figure class=\"wp-block-image size-large\"><img loading=\"lazy\" decoding=\"async\" width=\"1024\" height=\"569\" src=\"https:\/\/haircenterofturkey.com\/wp-content\/uploads\/2026\/04\/How-Hair-Center-of-Turkey-Approaches-Cases-Like-This-2-1024x569.webp\" alt=\"How Hair Center of Turkey Approaches Cases Like This\" class=\"wp-image-35538\" title=\"\" srcset=\"https:\/\/haircenterofturkey.com\/wp-content\/uploads\/2026\/04\/How-Hair-Center-of-Turkey-Approaches-Cases-Like-This-2-1024x569.webp 1024w, https:\/\/haircenterofturkey.com\/wp-content\/uploads\/2026\/04\/How-Hair-Center-of-Turkey-Approaches-Cases-Like-This-2-300x167.webp 300w, https:\/\/haircenterofturkey.com\/wp-content\/uploads\/2026\/04\/How-Hair-Center-of-Turkey-Approaches-Cases-Like-This-2-768x427.webp 768w, https:\/\/haircenterofturkey.com\/wp-content\/uploads\/2026\/04\/How-Hair-Center-of-Turkey-Approaches-Cases-Like-This-2-150x83.webp 150w, https:\/\/haircenterofturkey.com\/wp-content\/uploads\/2026\/04\/How-Hair-Center-of-Turkey-Approaches-Cases-Like-This-2.webp 1080w\" sizes=\"auto, (max-width: 1024px) 100vw, 1024px\" \/><\/figure>\n\n\n\n<p class=\"wp-block-paragraph\">La Hair Center din Turcia, c\u0103derea p\u0103rului nu este privit\u0103 doar ca o problem\u0103 la nivel de suprafa\u021b\u0103. O zon\u0103 vizibil\u0103 de sub\u021biere este doar o parte a evalu\u0103rii. Conteaz\u0103 \u0219i povestea mai larg\u0103. Aceasta include istoricul pacientului, tiparul de pierdere, starea zonei donatoare, structura scalpului \u0219i dac\u0103 situa\u021bia actual\u0103 pare stabil\u0103 sau \u00eenc\u0103 se schimb\u0103 activ. \u00cen cazurile \u00een care tulpina stilului de via\u021b\u0103 poate fi implicat\u0103, contextul respectiv devine \u0219i mai valoros. Nu fiecare pacient are nevoie de acela\u0219i pas urm\u0103tor \u0219i nu orice \u00eengrijorare vizibil\u0103 ar trebui s\u0103 fie gr\u0103bit\u0103 \u00eentr-o decizie procedural\u0103.<\/p>\n\n\n\n<p class=\"wp-block-paragraph\">Uneori, cea mai bun\u0103 mi\u0219care este de a stabiliza situa\u021bia, de a \u00een\u021belege cauza mai clar \u0219i de a planifica cu o viziune mai lung\u0103 \u00een minte. \u00cen alte cazuri, modelul de eliminare \u0219i profilul general al pacientului indic\u0103 un plan de restaurare mai structurat. De obicei, diferen\u021ba se rezum\u0103 la evaluarea precis\u0103, comunicarea sincer\u0103 \u0219i planificarea realist\u0103. Aici se deosebesc clinicile cu experien\u021b\u0103. Rareori este vorba doar despre ceea ce se \u00eent\u00e2mpl\u0103 \u00een ziua procedurii. Este vorba despre a \u0219ti c\u00e2nd s\u0103 avansezi, c\u00e2nd s\u0103 a\u0219tep\u021bi \u0219i cum s\u0103 construie\u0219ti un plan care s\u0103 aib\u0103 sens pentru fiecare pacient.<\/p>\n\n\n\n<h2 class=\"wp-block-heading\">G\u00e2nduri finale<\/h2>\n\n\n\n<p class=\"wp-block-paragraph\">Un program de somn neregulat nu este \u00eentotdeauna principalul motiv din spatele c\u0103derii p\u0103rului, dar poate deveni cu u\u0219urin\u021b\u0103 o parte din motivul pentru care problema se simte mai r\u0103u. Pentru unii oameni, somnul slab ajut\u0103 la declan\u0219area unei faze temporare de pierdere. Pentru al\u021bii, face un model existent mai vizibil prin ad\u0103ugarea de stres la un sistem care este deja sub presiune. Oricum ar fi, nu trebuie ignorat.<\/p>\n\n\n\n<p class=\"wp-block-paragraph\">Valoarea real\u0103 vine din \u00een\u021belegerea unde se \u00eencadreaz\u0103 somnul \u00een imaginea complet\u0103. Odat\u0103 ce acest lucru devine clar, urm\u0103torii pa\u0219i sunt de obicei mai u\u0219or de f\u0103cut cu \u00eencredere.<\/p>\n\n\n\n<h2 class=\"wp-block-heading\">\u00centreb\u0103ri frecvente<\/h2>\n\n\n<div id=\"rank-math-faq\" class=\"rank-math-block\">\n<div class=\"rank-math-list \">\n<div id=\"faq-question-1776327919471\" class=\"rank-math-list-item\">\n<h3 class=\"rank-math-question \">Poate lipsa somnului s\u0103 provoace \u00een mod direct c\u0103derea p\u0103rului?<\/h3>\n<div class=\"rank-math-answer \">\n\n<p>Nu \u00een toate cazurile. De cele mai multe ori, somnul slab contribuie indirect prin cre\u0219terea stresului \u0219i afectarea proceselor de recuperare ale organismului, ceea ce poate duce la pierderi mai vizibile.<\/p>\n\n<\/div>\n<\/div>\n<div id=\"faq-question-1776327920422\" class=\"rank-math-list-item\">\n<h3 class=\"rank-math-question \">\u00cemi va cre\u0219te p\u0103rul din nou dac\u0103 \u00eemi rezolv programul de somn?<\/h3>\n<div class=\"rank-math-answer \">\n\n<p>Se poate, mai ales dac\u0103 pierderea este temporar\u0103 \u0219i este legat\u0103 de stres sau de perturbarea stilului de via\u021b\u0103. Dar dac\u0103 sunt implicate probleme genetice, hormonale sau nutri\u021bionale, \u00eembun\u0103t\u0103\u021birea somnului poate ajuta f\u0103r\u0103 a fi solu\u021bia complet\u0103.<\/p>\n\n<\/div>\n<\/div>\n<div id=\"faq-question-1776327921424\" class=\"rank-math-list-item\">\n<h3 class=\"rank-math-question \">C\u00e2t timp dup\u0103 un somn prost \u00eencepe c\u0103derea p\u0103rului?<\/h3>\n<div class=\"rank-math-answer \">\n\n<p>\u00cen cazul efluviului telogen, v\u0103rsarea apare adesea la dou\u0103 p\u00e2n\u0103 la trei luni dup\u0103 declan\u0219are. Aceast\u0103 \u00eent\u00e2rziere face conexiunea u\u0219or de trecut cu vederea.<\/p>\n\n<\/div>\n<\/div>\n<div id=\"faq-question-1776327921643\" class=\"rank-math-list-item\">\n<h3 class=\"rank-math-question \">Ar trebui evaluat\u0103 pierderea continu\u0103 \u00eenainte de a lua \u00een considerare un transplant de p\u0103r?<\/h3>\n<div class=\"rank-math-answer \">\n\n<p>Da. Dac\u0103 c\u0103derea p\u0103rului este \u00eenc\u0103 activ\u0103 \u0219i cauza este neclar\u0103, de obicei este mai bine s\u0103 \u00een\u021belege\u021bi mai \u00eent\u00e2i modelul \u00eenainte de a lua decizii cu privire la planificarea tratamentului.<\/p>\n\n<\/div>\n<\/div>\n<div id=\"faq-question-1776327921841\" class=\"rank-math-list-item\">\n<h3 class=\"rank-math-question \">C\u00e2nd ar trebui s\u0103 nu mai a\u0219tept \u0219i s\u0103 vorbesc cu un specialist?<\/h3>\n<div class=\"rank-math-answer \">\n\n<p>Dac\u0103 v\u0103rsarea devine intens\u0103, dureaz\u0103 mai mult de c\u00e2teva luni sau vine cu ro\u0219ea\u021b\u0103, m\u00e2nc\u0103rime, durere sau zone vizibile petice, evaluarea profesional\u0103 este pasul mai sigur.<\/p>\n\n<\/div>\n<\/div>\n<\/div>\n<\/div>","protected":false},"excerpt":{"rendered":"<p>Majoritatea oamenilor doresc ca caderea parului sa aiba un motiv clar. \u00cen realitate, de obicei nu func\u021bioneaz\u0103 a\u0219a. R\u0103rirea p\u0103rului poate fi legat\u0103 de genetic\u0103, stres, deficien\u021be nutri\u021bionale, probleme hormonale, boli, afec\u021biuni ale scalpului sau o combina\u021bie de mai mul\u021bi factori simultan. Somnul face parte \u0219i din aceast\u0103 conversa\u021bie. Un program de somn neregulat poate [&hellip;]<\/p>\n","protected":false},"author":2,"featured_media":35535,"comment_status":"closed","ping_status":"closed","sticky":false,"template":"","format":"standard","meta":{"footnotes":"","rank_math_title":"","rank_math_description":"Poate un program de somn neregulat s\u0103 provoace c\u0103derea p\u0103rului? Afla\u021bi cum un somn slab poate afecta s\u0103n\u0103tatea p\u0103rului, nivelul de stres \u0219i c\u0103derea p\u0103rului, plus modalit\u0103\u021bi de a v\u0103 proteja p\u0103rul.","rank_math_focus_keyword":"","rank_math_canonical_url":"","rank_math_breadcrumb_title":"","rank_math_facebook_title":"","rank_math_facebook_description":"","rank_math_facebook_image":"","rank_math_twitter_title":"","rank_math_twitter_description":"","rank_math_twitter_image":"","rank_math_pillar_content":""},"categories":[968,987],"tags":[],"class_list":["post-52300","post","type-post","status-publish","format-standard","has-post-thumbnail","hentry","category-blog","category-caderea-parului"],"_links":{"self":[{"href":"https:\/\/haircenterofturkey.com\/ro\/wp-json\/wp\/v2\/posts\/52300","targetHints":{"allow":["GET"]}}],"collection":[{"href":"https:\/\/haircenterofturkey.com\/ro\/wp-json\/wp\/v2\/posts"}],"about":[{"href":"https:\/\/haircenterofturkey.com\/ro\/wp-json\/wp\/v2\/types\/post"}],"author":[{"embeddable":true,"href":"https:\/\/haircenterofturkey.com\/ro\/wp-json\/wp\/v2\/users\/2"}],"replies":[{"embeddable":true,"href":"https:\/\/haircenterofturkey.com\/ro\/wp-json\/wp\/v2\/comments?post=52300"}],"version-history":[{"count":3,"href":"https:\/\/haircenterofturkey.com\/ro\/wp-json\/wp\/v2\/posts\/52300\/revisions"}],"predecessor-version":[{"id":60649,"href":"https:\/\/haircenterofturkey.com\/ro\/wp-json\/wp\/v2\/posts\/52300\/revisions\/60649"}],"wp:featuredmedia":[{"embeddable":true,"href":"https:\/\/haircenterofturkey.com\/ro\/wp-json\/wp\/v2\/media\/35535"}],"wp:attachment":[{"href":"https:\/\/haircenterofturkey.com\/ro\/wp-json\/wp\/v2\/media?parent=52300"}],"wp:term":[{"taxonomy":"category","embeddable":true,"href":"https:\/\/haircenterofturkey.com\/ro\/wp-json\/wp\/v2\/categories?post=52300"},{"taxonomy":"post_tag","embeddable":true,"href":"https:\/\/haircenterofturkey.com\/ro\/wp-json\/wp\/v2\/tags?post=52300"}],"curies":[{"name":"wp","href":"https:\/\/api.w.org\/{rel}","templated":true}]}}