{"id":51347,"date":"2025-09-15T18:02:13","date_gmt":"2025-09-15T15:02:13","guid":{"rendered":"https:\/\/haircenterofturkey.com\/?p=51347"},"modified":"2026-08-31T14:00:05","modified_gmt":"2026-08-31T11:00:05","slug":"care-sunt-tendintele-parului-femeilor-din-2026","status":"publish","type":"post","link":"https:\/\/haircenterofturkey.com\/ro\/care-sunt-tendintele-parului-femeilor-din-2026\/","title":{"rendered":"Care sunt tendin\u021bele p\u0103rului femeilor din 2026?"},"content":{"rendered":"\n<h2 class=\"wp-block-heading\" id=\"what-are-the-2026-womens-hair-trends\"><b>Care sunt tendin\u021bele p\u0103rului femeilor din 2026?<\/b><\/h2>\n\n\n\n<p class=\"wp-block-paragraph\"><span style=\"font-weight: 400;\">\u00cen 2026, tendin\u021bele p\u0103rului femeilor se \u00eendreapt\u0103 spre textur\u0103 tr\u0103it\u0103, bob structurat \u0219i straturi moi, combinate cu culori dimensionale precum bruneta scump\u0103, blondul miere \u0219i aramiul. Bretonul r\u0103m\u00e2ne popular (perdele, sl\u0103b\u0103nog, micro), iar accesoriile revin \u00een mare m\u0103sur\u0103. Alege o tendin\u021b\u0103 care se potrive\u0219te formei fe\u021bei \u0219i rutinei tale.<\/span><\/p>\n\n\n\n<p class=\"wp-block-paragraph\"><span style=\"font-weight: 400;\">Coafurile sunt o form\u0103 puternic\u0103 de auto-exprimare \u0219i fiecare an aduce noi inspira\u021bii. \u00cen 2026, tendin\u021bele p\u0103rului pentru femei combin\u0103 creativitatea \u00eendr\u0103znea\u021b\u0103 cu elegan\u021ba natural\u0103. De la croi \u0219ic la culori vibrante, anul acesta ofer\u0103 stiluri care eviden\u021biaz\u0103 individualitatea, r\u0103m\u00e2n\u00e2nd pur \u0219i simplu pentru via\u021ba de zi cu zi.<\/span><\/p>\n\n\n\n<h2 class=\"wp-block-heading\" id=\"trending-haircuts-for-women-in-2026\"><b>Tunsori la mod\u0103 pentru femei \u00een 2026<\/b><\/h2>\n\n\n\n<p class=\"wp-block-paragraph\"><span style=\"font-weight: 400;\">Tunsorile \u00een straturi revin puternic \u00een acest an. Straturile moi adaug\u0103 volum \u0219i mi\u0219care, ceea ce func\u021bioneaz\u0103 bine \u00een special pentru p\u0103rul fin. Ve\u021bi vedea lungimi lungi asociate cu straturi de \u00eencadrare a fe\u021bei pentru un finisaj relaxat \u0219i lustruit.<\/span><\/p>\n\n\n\n<p class=\"wp-block-paragraph\"><span style=\"font-weight: 400;\">Bobi conduc \u00een continuare conversa\u021bia despre tendin\u021be, cu <\/span><b>box bob<\/b><span style=\"font-weight: 400;\"> iesind in evidenta. Are o form\u0103 ascu\u021bit\u0103, structurat\u0103, care arat\u0103 modern, f\u0103r\u0103 s\u0103 se simt\u0103 exagerat. Pentru p\u0103r mai lung, <\/span><b>straturi de fluture<\/b><span style=\"font-weight: 400;\"> sunt peste tot, combin\u00e2nd volumul aerisit \u00een partea de sus cu lungimea care \u00eenc\u0103 se simte u\u0219oar\u0103.<\/span><\/p>\n\n\n\n<figure class=\"wp-block-image\"><img decoding=\"async\" src=\"https:\/\/haircenterofturkey.com\/wp-content\/uploads\/2025\/09\/What-Are-the-2025-Womens-Hair-Trends-1.webp\" alt=\"What Are the 2025 Women\u2019s Hair Trends?\" title=\"\"><\/figure>\n\n\n\n<div class=\"wp-block-rank-math-toc-block\" id=\"rank-math-toc\"><h2>Table of Contents<\/h2><nav><ul><li><a href=\"#what-are-the-2026-womens-hair-trends\">Care sunt tendin\u021bele p\u0103rului femeilor din 2026?<\/a><\/li><li><a href=\"#trending-haircuts-for-women-in-2026\">Tunsori la mod\u0103 pentru femei \u00een 2026<\/a><\/li><li><a href=\"#2026-hair-color-trends\">Tendin\u021be \u00een culoarea p\u0103rului 2026<\/a><\/li><li><a href=\"#are-bangs-still-in-style-in-2026\">Mai sunt bretonurile la stil \u00een 2026?<\/a><\/li><li><a href=\"#styling-trends-shine-texture-and-the-wet-look\">Tendin\u021be de stil: str\u0103lucire, textura \u0219i aspectul umed<\/a><\/li><li><a href=\"#hair-accessories-making-a-comeback\">Accesorii pentru p\u0103r revenind<\/a><\/li><li><a href=\"#if-youre-noticing-thinning-or-hair-loss\">Dac\u0103 observa\u021bi sub\u021bierea sau c\u0103derea p\u0103rului<\/a><\/li><li><a href=\"#fa-qs-about-2026-womens-hair-trends\">\u00centreb\u0103ri frecvente despre tendin\u021bele p\u0103rului femeilor din 2026<\/a><\/li><\/ul><\/nav><\/div>\n\n\n\n<h2 class=\"wp-block-heading\" id=\"2026-hair-color-trends\"><b>Tendin\u021be \u00een culoarea p\u0103rului 2026<\/b><\/h2>\n\n\n\n<p class=\"wp-block-paragraph\"><span style=\"font-weight: 400;\">Tendin\u021bele de culoare a p\u0103rului din 2026 se concentreaz\u0103 pe dimensiune \u0219i profunzime cu aspect natural, cu o not\u0103 proasp\u0103t\u0103, modern\u0103. <\/span><b>Bruneta scumpa<\/b><span style=\"font-weight: 400;\"> este una dintre cele mai mari solicit\u0103ri, creat\u0103 cu maro multi-ton care arat\u0103 lucios \u0219i bogat. <\/span><b>Blonda miere<\/b><span style=\"font-weight: 400;\"> \u015fi <\/span><b>sublinii de caramel<\/b><span style=\"font-weight: 400;\"> r\u0103m\u00e2ne popular pentru a ad\u0103uga c\u0103ldur\u0103 f\u0103r\u0103 a deveni prea luminos.<\/span><\/p>\n\n\n\n<p class=\"wp-block-paragraph\"><span style=\"font-weight: 400;\">Dac\u0103 prefera\u021bi o culoare mai \u00eendr\u0103znea\u021b\u0103, <\/span><b>ro\u0219u aramiu<\/b><span style=\"font-weight: 400;\"> \u015fi <\/span><b>cola cu cire\u0219e<\/b><span style=\"font-weight: 400;\"> nuan\u021bele primesc mult\u0103 aten\u021bie. Sunt vibrante, m\u0103gulitoare \u0219i arat\u0103 deosebit de izbitor \u00een lumina natural\u0103. Pentru experimentare f\u0103r\u0103 a fi pe deplin angajat, <\/span><b>dungi pastelate<\/b><span style=\"font-weight: 400;\"> \u00een nuan\u021be precum lavand\u0103 sau piersic\u0103 pot ad\u0103uga o not\u0103 distractiv\u0103, editorial\u0103.<\/span><\/p>\n\n\n\n<h2 class=\"wp-block-heading\" id=\"are-bangs-still-in-style-in-2026\"><b>Mai sunt bretonurile la stil \u00een 2026?<\/b><\/h2>\n\n\n\n<p class=\"wp-block-paragraph\"><span style=\"font-weight: 400;\">Da, bretonul este mai versatil ca niciodat\u0103. <\/span><b>Breton firav<\/b><span style=\"font-weight: 400;\"> sunt \u00een tendin\u021be pentru un aspect mai moale, romantic, care cre\u0219te cu gra\u021bie. <\/span><b>Breton de perdea<\/b><span style=\"font-weight: 400;\"> r\u0103m\u00e2n populare pentru c\u0103 \u00eencadreaz\u0103 bine fa\u021ba \u0219i se potrivesc cu majoritatea formelor fe\u021bei.<\/span><\/p>\n\n\n\n<p class=\"wp-block-paragraph\"><span style=\"font-weight: 400;\">Pentru un stil statement, <\/span><b>micro breton<\/b><span style=\"font-weight: 400;\"> fac o \u00eentoarcere. Pot ar\u0103ta la mod\u0103 \u0219i neclinti\u021bi, dar au \u00eencredere \u0219i au obi\u0219nuit. Dac\u0103 nu e\u0219ti sigur, roag\u0103-i stilistului t\u0103u s\u0103 adapteze lungimea \u0219i densitatea la linia p\u0103rului \u0219i la obiceiurile zilnice de coafare.<\/span><\/p>\n\n\n\n<h2 class=\"wp-block-heading\" id=\"styling-trends-shine-texture-and-the-wet-look\"><b>Tendin\u021be de stil: str\u0103lucire, textura \u0219i aspectul umed<\/b><\/h2>\n\n\n\n<p class=\"wp-block-paragraph\"><span style=\"font-weight: 400;\">Starea de stil \u00een 2026 este \u201ef\u0103r\u0103 efort, dar inten\u021bionat\u0103\u201d. P\u0103rul neted, drept, cu un finisaj lucios, revine, ajutat de serviciile de netezire \u0219i de rutine care sporesc str\u0103lucirea. Acest lucru func\u021bioneaz\u0103 cel mai bine atunci c\u00e2nd v\u0103 proteja\u021bi p\u0103rul de c\u0103ldur\u0103 \u0219i men\u021bine\u021bi hidratarea constant\u0103.<\/span><\/p>\n\n\n\n<p class=\"wp-block-paragraph\"><span style=\"font-weight: 400;\">\u00cen acela\u0219i timp, textura natural\u0103 este s\u0103rb\u0103torit\u0103 mai mult ca niciodat\u0103. Valurile \u0219i buclele sunt stilate pentru a ar\u0103ta s\u0103n\u0103toase \u0219i la atingere, mai degrab\u0103 dec\u00e2t prea perfecte. Finisajele cu aspect umed apar \u0219i pe piste \u0219i pe fluxurile sociale, oferind o op\u021biune \u00eendr\u0103znea\u021b\u0103 pentru seri sau evenimente.<\/span><\/p>\n\n\n\n<h2 class=\"wp-block-heading\" id=\"hair-accessories-making-a-comeback\"><b>Accesorii pentru p\u0103r revenind<\/b><\/h2>\n\n\n\n<p class=\"wp-block-paragraph\"><span style=\"font-weight: 400;\">Accesoriile joac\u0103 un rol important \u00een tendin\u021bele p\u0103rului din 2026. <\/span><b>Bentite groase<\/b><span style=\"font-weight: 400;\">, <\/span><b>scrunchies supradimensionate<\/b><span style=\"font-weight: 400;\">, \u0219i <\/span><b>cleme cu perle<\/b><span style=\"font-weight: 400;\">poate transforma un stil simplu \u00een ceva lustruit \u00een c\u00e2teva secunde. <\/span><b>Leg\u0103turi cu panglic\u0103<\/b><span style=\"font-weight: 400;\"> \u015fi <\/span><b>ace de p\u0103r metalice<\/b><span style=\"font-weight: 400;\"> apar \u0219i \u00een look-uri casual \u0219i formale.<\/span><\/p>\n\n\n\n<p class=\"wp-block-paragraph\"><span style=\"font-weight: 400;\">Cheia este echilibrul: alege\u021bi un accesoriu statement \u0219i p\u0103stra\u021bi restul aspectului curat. Acest lucru face ca stilul s\u0103 se simt\u0103 inten\u021bionat \u00een loc s\u0103 fie aglomerat. Este o modalitate u\u0219oar\u0103 de a v\u0103 re\u00eemprosp\u0103ta p\u0103rul f\u0103r\u0103 a v\u0103 schimba tunsoarea sau culoarea.<\/span><\/p>\n\n\n\n<h2 class=\"wp-block-heading\" id=\"if-youre-noticing-thinning-or-hair-loss\"><b>Dac\u0103 observa\u021bi sub\u021bierea sau c\u0103derea p\u0103rului<\/b><\/h2>\n\n\n\n<p class=\"wp-block-paragraph\"><span style=\"font-weight: 400;\">Tendin\u021bele sunt distractive, dar \u00eencrederea \u00een p\u0103r conteaz\u0103 mai mult. Dac\u0103 a\u021bi observat o pierdere crescut\u0103, l\u0103rgirea liniilor p\u0103r\u021bilor sau sub\u021bierea t\u00e2mplelor, merit\u0103 s\u0103 ob\u021bine\u021bi o evaluare profesionist\u0103. La <\/span><b>Centrul de coafur\u0103 din Turcia<\/b><span style=\"font-weight: 400;\">, ne concentr\u0103m pe \u00eengrijire personalizat\u0103, \u00een stil VIP \u0219i v\u0103 putem ajuta s\u0103 v\u0103 \u00een\u021belege\u021bi op\u021biunile \u00een func\u021bie de tipul \u0219i obiectivele dvs. de p\u0103r.<\/span><\/p>\n\n\n\n<p class=\"wp-block-paragraph\"><span style=\"font-weight: 400;\">Pute\u021bi contacta echipa noastr\u0103 pentru \u00eendrum\u0103ri \u0219i pa\u0219ii urm\u0103tori, inclusiv o consultare pentru a discuta cauzele \u0219i solu\u021biile adecvate. Dac\u0103 prefera\u021bi, ne pute\u021bi trimite un mesaj pe WhatsApp sau Instagram pentru a \u00eencepe.<\/span><\/p>\n\n\n\n<h2 class=\"wp-block-heading\" id=\"fa-qs-about-2026-womens-hair-trends\"><b>\u00centreb\u0103ri frecvente despre tendin\u021bele p\u0103rului femeilor din 2026<\/b><\/h2>\n\n\n<div id=\"rank-math-faq\" class=\"rank-math-block\">\n<div class=\"rank-math-list \">\n<div id=\"faq-question-1771503841752\" class=\"rank-math-list-item\">\n<h3 class=\"rank-math-question \">Care sunt noile coafuri pentru 2026?<\/h3>\n<div class=\"rank-math-answer \">\n\n<p>Coafurile din 2026 au straturi moi, bob, tunsoare umplute \u0219i stil cu textur\u0103 natural\u0103.<\/p>\n\n<\/div>\n<\/div>\n<div id=\"faq-question-1771504392523\" class=\"rank-math-list-item\">\n<h3 class=\"rank-math-question \">Ce parte de p\u0103r este la mod\u0103 \u00een 2026?<\/h3>\n<div class=\"rank-math-answer \">\n\n<p>2026 p\u0103r\u021bi de p\u0103r pun \u00een eviden\u021b\u0103 p\u0103r\u021bile laterale ad\u00e2nci, plus p\u0103r\u021bile mijlocii \u0219i u\u0219or decentrate.<\/p>\n\n<\/div>\n<\/div>\n<div id=\"faq-question-1771504398728\" class=\"rank-math-list-item\">\n<h3 class=\"rank-math-question \">Sunt cele mai importante momente \u00een 2026?<\/h3>\n<div class=\"rank-math-answer \">\n\n<p>Da, momentele importante r\u0103m\u00e2n populare \u00een 2026, \u00een special accentele subtile de balayage \u0219i de bani.<\/p>\n\n<\/div>\n<\/div>\n<div id=\"faq-question-1771504402977\" class=\"rank-math-list-item\">\n<h3 class=\"rank-math-question \">Care este tendin\u021ba de culoare a p\u0103rului \u00een 2026?<\/h3>\n<div class=\"rank-math-answer \">\n\n<p>Tendin\u021bele de culoare din 2026 favorizeaz\u0103 brunetele dimensionale, cupurile calde, blondele cremoase \u0219i balayage-ul viu.<\/p>\n\n<\/div>\n<\/div>\n<div id=\"faq-question-1771504411056\" class=\"rank-math-list-item\">\n<h3 class=\"rank-math-question \">Sunt breton lateral \u00een 2026?<\/h3>\n<div class=\"rank-math-answer \">\n\n<p>Da, bretonul lateral s-a \u00eentors \u00een 2026, adesea lung, firav \u0219i amestecat.<\/p>\n\n<\/div>\n<\/div>\n<\/div>\n<\/div>","protected":false},"excerpt":{"rendered":"<p>Care sunt tendin\u021bele p\u0103rului femeilor din 2026? \u00cen 2026, tendin\u021bele p\u0103rului femeilor se \u00eendreapt\u0103 spre textur\u0103 tr\u0103it\u0103, bob structurat \u0219i straturi moi, combinate cu culori dimensionale precum bruneta scump\u0103, blondul miere \u0219i aramiul. Bretonul r\u0103m\u00e2ne popular (perdele, sl\u0103b\u0103nog, micro), iar accesoriile revin \u00een mare m\u0103sur\u0103. Alege o tendin\u021b\u0103 care se potrive\u0219te formei fe\u021bei \u0219i rutinei [&hellip;]<\/p>\n","protected":false},"author":2,"featured_media":1002,"comment_status":"closed","ping_status":"closed","sticky":false,"template":"","format":"standard","meta":{"footnotes":"","rank_math_title":"","rank_math_description":"\u00cen 2026, tendin\u021bele p\u0103rului femeilor se concentreaz\u0103 pe culori naturale, straturi moi \u0219i breton de perdele.","rank_math_focus_keyword":"","rank_math_canonical_url":"","rank_math_breadcrumb_title":"","rank_math_facebook_title":"","rank_math_facebook_description":"","rank_math_facebook_image":"","rank_math_twitter_title":"","rank_math_twitter_description":"","rank_math_twitter_image":"","rank_math_pillar_content":""},"categories":[968,981],"tags":[],"class_list":["post-51347","post","type-post","status-publish","format-standard","has-post-thumbnail","hentry","category-blog","category-ingrijirea-parului"],"_links":{"self":[{"href":"https:\/\/haircenterofturkey.com\/ro\/wp-json\/wp\/v2\/posts\/51347","targetHints":{"allow":["GET"]}}],"collection":[{"href":"https:\/\/haircenterofturkey.com\/ro\/wp-json\/wp\/v2\/posts"}],"about":[{"href":"https:\/\/haircenterofturkey.com\/ro\/wp-json\/wp\/v2\/types\/post"}],"author":[{"embeddable":true,"href":"https:\/\/haircenterofturkey.com\/ro\/wp-json\/wp\/v2\/users\/2"}],"replies":[{"embeddable":true,"href":"https:\/\/haircenterofturkey.com\/ro\/wp-json\/wp\/v2\/comments?post=51347"}],"version-history":[{"count":3,"href":"https:\/\/haircenterofturkey.com\/ro\/wp-json\/wp\/v2\/posts\/51347\/revisions"}],"predecessor-version":[{"id":60385,"href":"https:\/\/haircenterofturkey.com\/ro\/wp-json\/wp\/v2\/posts\/51347\/revisions\/60385"}],"wp:featuredmedia":[{"embeddable":true,"href":"https:\/\/haircenterofturkey.com\/ro\/wp-json\/wp\/v2\/media\/1002"}],"wp:attachment":[{"href":"https:\/\/haircenterofturkey.com\/ro\/wp-json\/wp\/v2\/media?parent=51347"}],"wp:term":[{"taxonomy":"category","embeddable":true,"href":"https:\/\/haircenterofturkey.com\/ro\/wp-json\/wp\/v2\/categories?post=51347"},{"taxonomy":"post_tag","embeddable":true,"href":"https:\/\/haircenterofturkey.com\/ro\/wp-json\/wp\/v2\/tags?post=51347"}],"curies":[{"name":"wp","href":"https:\/\/api.w.org\/{rel}","templated":true}]}}