{"id":51341,"date":"2025-09-16T18:07:11","date_gmt":"2025-09-16T15:07:11","guid":{"rendered":"https:\/\/haircenterofturkey.com\/?p=51341"},"modified":"2026-08-31T17:48:06","modified_gmt":"2026-08-31T14:48:06","slug":"rutina-parului-cret-spalati-conditionati-coafati-si-protejati-va-buclele","status":"publish","type":"post","link":"https:\/\/haircenterofturkey.com\/ro\/rutina-parului-cret-spalati-conditionati-coafati-si-protejati-va-buclele\/","title":{"rendered":"Rutina p\u0103rului cre\u021b: Sp\u0103la\u021bi, condi\u021biona\u021bi, coafa\u021bi \u0219i proteja\u021bi-v\u0103 buclele"},"content":{"rendered":"\n<h2 class=\"wp-block-heading\" id=\"what-is-the-right-hair-care-routine-for-curly-hair\"><b>Care este rutina potrivit\u0103 de \u00eengrijire a p\u0103rului pentru p\u0103rul cre\u021b?<\/b><\/h2>\n\n\n\n<p class=\"wp-block-paragraph\">O rutin\u0103 bun\u0103 pentru p\u0103rul cre\u021b se concentreaz\u0103 pe umiditate, cur\u0103\u021bare bl\u00e2nd\u0103 \u0219i coafare cu frecare redus\u0103. Sp\u0103la\u021bi-v\u0103 de 1-3 ori pe s\u0103pt\u0103m\u00e2n\u0103 cu un produs de cur\u0103\u021bare u\u0219or, f\u0103r\u0103 sulfati (sau co-sp\u0103lare), condi\u021biona\u021bi \u00een fiecare zi de sp\u0103lare \u0219i aplica\u021bi leave-in plus o crem\u0103 pentru bucle pe p\u0103rul umed. Usca\u021bi cu o atingere minim\u0103, apoi proteja\u021bi buclele peste noapte cu satin sau m\u0103tase pentru a p\u0103stra defini\u021bia \u0219i a reduce \u00eencre\u021birea.<\/p>\n\n\n\n<p class=\"wp-block-paragraph\"><span style=\"font-weight: 400;\">P\u0103rul cre\u021b poate ar\u0103ta f\u0103r\u0103 efort \u00eentr-o zi bun\u0103, dar adesea are nevoie de un plan pentru a r\u0103m\u00e2ne hidratat \u0219i definit. Deoarece buclele se \u00eendoaie \u0219i se r\u0103sucesc, pierd umezeala mai repede \u0219i se \u00eencurc\u0103 mai u\u0219or dec\u00e2t tipurile de p\u0103r drepte. Rutina de mai jos este construit\u0103 pentru a sus\u021bine modelul de bucle, str\u0103lucirea \u0219i confortul scalpului f\u0103r\u0103 a supra\u00eenc\u0103rca p\u0103rul cu produs.<\/span><\/p>\n\n\n\n<h2 class=\"wp-block-heading\" id=\"why-curly-hair-needs-a-different-routine\">De ce p\u0103rul cre\u021b are nevoie de o rutin\u0103 diferit\u0103<\/h2>\n\n\n\n<p class=\"wp-block-paragraph\"><span style=\"font-weight: 400;\">Uleiurile pentru scalp se deplaseaz\u0103 mai greu pe o \u0219uvi\u021b\u0103 curbat\u0103, a\u0219a c\u0103 buclele tind s\u0103 se simt\u0103 uscate la capete, \u00een timp ce scalpul poate deveni \u00een continuare gras. C\u00e2nd p\u0103rul nu are umiditate, se umfl\u0103 \u0219i se aspre, ceea ce se manifest\u0103 ca \u00eencre\u021bire \u0219i rupere. De aceea, p\u0103rul cre\u021b r\u0103spunde cel mai bine la cur\u0103\u021barea bl\u00e2nd\u0103, la condi\u021bionarea consecvent\u0103 \u0219i la metodele de coafare care reduc frecarea.<\/span><\/p>\n\n\n\n<figure class=\"wp-block-image\"><img decoding=\"async\" src=\"https:\/\/haircenterofturkey.com\/wp-content\/uploads\/2025\/09\/What-Is-the-Right-Hair-Care-Routine-for-Curly-Hair-1.webp\" alt=\"What Is the Right Hair Care Routine for Curly Hair?\" title=\"\"><\/figure>\n\n\n\n<div class=\"wp-block-rank-math-toc-block\" id=\"rank-math-toc\"><h2>Table of Contents<\/h2><nav><ul><li><a href=\"#what-is-the-right-hair-care-routine-for-curly-hair\">Care este rutina potrivit\u0103 de \u00eengrijire a p\u0103rului pentru p\u0103rul cre\u021b?<\/a><\/li><li><a href=\"#why-curly-hair-needs-a-different-routine\">De ce p\u0103rul cre\u021b are nevoie de o rutin\u0103 diferit\u0103<\/a><\/li><li><a href=\"#wash-day-how-to-cleanse-curly-hair-properly\">Ziua sp\u0103l\u0103rii: Cum s\u0103 cur\u0103\u021ba\u021bi corect p\u0103rul cre\u021b<\/a><\/li><li><a href=\"#conditioning-the-step-that-makes-or-breaks-curls\">Condi\u021bionare: Pasul care face sau sparge bucle<\/a><ul><li><a href=\"#how-to-condition-for-better-definition\">Cum s\u0103 condi\u021bionezi pentru o mai bun\u0103 definire<\/a><\/li><li><a href=\"#leave-in-and-sealing\">L\u0103sare \u0219i etan\u0219are<\/a><\/li><\/ul><\/li><li><a href=\"#reduce-frizz-without-flattening-your-curls\">Reduce\u021bi \u00eencre\u021birea f\u0103r\u0103 a v\u0103 aplatiza buclele<\/a><\/li><li><a href=\"#styling-tips-that-protect-curl-pattern\">Sfaturi de styling care protejeaz\u0103 modelul de bucle<\/a><ul><li><a href=\"#drying-methods\">Metode de uscare<\/a><\/li><li><a href=\"#refresh-days-between-washes\">Re\u00eemprosp\u0103ta\u021bi zilele dintre sp\u0103l\u0103ri<\/a><\/li><\/ul><\/li><li><a href=\"#night-routine-protect-curls-while-you-sleep\">Rutina de noapte: Proteja\u021bi buclele \u00een timp ce dormi\u021bi<\/a><\/li><li><a href=\"#weekly-and-monthly-maintenance\">\u00centre\u021binere s\u0103pt\u0103m\u00e2nal\u0103 \u0219i lunar\u0103<\/a><\/li><li><a href=\"#when-shedding-or-breakage-needs-attention\">C\u00e2nd v\u0103rsarea sau spargerea necesit\u0103 aten\u021bie<\/a><\/li><li><a href=\"#faqs-about-curly-hair-care\">\u00centreb\u0103ri frecvente despre \u00eengrijirea p\u0103rului cre\u021b<\/a><\/li><\/ul><\/nav><\/div>\n\n\n\n<h2 class=\"wp-block-heading\" id=\"wash-day-how-to-cleanse-curly-hair-properly\">Ziua sp\u0103l\u0103rii: Cum s\u0103 cur\u0103\u021ba\u021bi corect p\u0103rul cre\u021b<\/h2>\n\n\n\n<p class=\"wp-block-paragraph\"><span style=\"font-weight: 400;\">Majoritatea persoanelor cu bucle se spal\u0103 bine de 1-3 ori pe s\u0103pt\u0103m\u00e2n\u0103. Dac\u0103 p\u0103rul t\u0103u este fin sau scalpul t\u0103u devine gras rapid, te po\u021bi \u00eenclina spre cap\u0103tul superior; dac\u0103 buclele tale sunt aspre sau foarte uscate, mai pu\u021bine sp\u0103l\u0103ri se pot sim\u021bi mai bine.<\/span><\/p>\n\n\n\n<ul class=\"wp-block-list\">\n<li><span style=\"font-weight: 400;\">Folose\u0219te un \u0219ampon f\u0103r\u0103 sulfa\u021bi sau un demachiant u\u0219or \u0219i concentreaz\u0103-te pe scalp, nu pe v\u00e2rfuri.<\/span><\/li>\n\n\n\n<li><span style=\"font-weight: 400;\">\u00cen zilele \u00een care dori\u021bi un plus de catifelare, \u00eencerca\u021bi sp\u0103larea \u00een comun (cur\u0103\u021barea cu balsam) \u0219i cl\u0103ti\u021bi bine.<\/span><\/li>\n\n\n\n<li><span style=\"font-weight: 400;\">Descurc\u0103 numai c\u00e2nd p\u0103rul este ud \u0219i alunecos cu balsam, folosind degetele sau un pieptene cu din\u021bi largi.<\/span><\/li>\n\n\n\n<li><span style=\"font-weight: 400;\">Termina\u021bi cu o cl\u0103tire rece sau c\u0103ldu\u021b\u0103 dac\u0103 p\u0103rul se \u00eencre\u021be\u0219te u\u0219or.<\/span><\/li>\n<\/ul>\n\n\n\n<h2 class=\"wp-block-heading\" id=\"conditioning-the-step-that-makes-or-breaks-curls\">Condi\u021bionare: Pasul care face sau sparge bucle<\/h2>\n\n\n\n<p class=\"wp-block-paragraph\"><span style=\"font-weight: 400;\">Condi\u021bioneaz\u0103 dup\u0103 fiecare cur\u0103\u021bare pentru a reda alunecarea, catifelarea \u0219i definirea. Pentru buclele care se simt uscate sau aspre, ad\u0103uga\u021bi o masc\u0103 s\u0103pt\u0103m\u00e2nal\u0103 de condi\u021bionare profund\u0103 pentru a \u00eembun\u0103t\u0103\u021bi umiditatea \u0219i manevrarea.<\/span><\/p>\n\n\n\n<h3 class=\"wp-block-heading\" id=\"how-to-condition-for-better-definition\"><b>Cum s\u0103 condi\u021bionezi pentru o mai bun\u0103 definire<\/b><\/h3>\n\n\n\n<ul class=\"wp-block-list\">\n<li><span style=\"font-weight: 400;\">Aplica\u021bi balsam mai \u00eent\u00e2i de la mijloc p\u00e2n\u0103 la v\u00e2rfuri, apoi u\u0219or pe r\u0103d\u0103cini, dac\u0103 este necesar.<\/span><\/li>\n\n\n\n<li><span style=\"font-weight: 400;\">Utiliza\u021bi tehnica \u201esquish to condish\u201d (str\u00e2nge\u021bi u\u0219or balsamul \u00een p\u0103rul ud) pentru a \u00eencuraja aglomera\u021bia.<\/span><\/li>\n\n\n\n<li><span style=\"font-weight: 400;\">Cl\u0103ti\u021bi par\u021bial sau complet, \u00een func\u021bie de p\u0103rul dvs.: o cl\u0103tire mai mic\u0103 ajut\u0103 adesea buclele foarte uscate, \u00een timp ce buclele fine pot avea nevoie de o cl\u0103tire mai curat\u0103.<\/span><\/li>\n<\/ul>\n\n\n\n<h3 class=\"wp-block-heading\" id=\"leave-in-and-sealing\"><b>L\u0103sare \u0219i etan\u0219are<\/b><\/h3>\n\n\n\n<p class=\"wp-block-paragraph\"><span style=\"font-weight: 400;\">Un balsam f\u0103r\u0103 \u00eendoial\u0103 men\u021bine umiditatea \u00een p\u0103r \u00eentre sp\u0103l\u0103ri \u0219i ajut\u0103 la descurcare. Dac\u0103 v\u00e2rfurile se usuc\u0103 rapid, sigila\u021bi cu o cantitate mic\u0103 de ulei u\u0219or (cum ar fi argan sau jojoba) sau cu o crem\u0103 pe baz\u0103 de unt &#8211; suficient pentru a acoperi, nu a satura.<\/span><\/p>\n\n\n\n<h2 class=\"wp-block-heading\" id=\"reduce-frizz-without-flattening-your-curls\">Reduce\u021bi \u00eencre\u021birea f\u0103r\u0103 a v\u0103 aplatiza buclele<\/h2>\n\n\n\n<p class=\"wp-block-paragraph\"><span style=\"font-weight: 400;\">Frizz este de obicei un amestec de usc\u0103ciune, frecare \u0219i umiditate. Scopul este de a bloca ap\u0103 \u00een ziua sp\u0103l\u0103rii \u0219i de a evita manipularea brutal\u0103 pe m\u0103sur\u0103 ce p\u0103rul se usuc\u0103.<\/span><\/p>\n\n\n\n<ul class=\"wp-block-list\">\n<li><span style=\"font-weight: 400;\">Nu usca\u021bi prosopul dur; folose\u0219te un prosop din microfibr\u0103 sau un tricou din bumbac \u0219i stoarce u\u0219or apa.<\/span><\/li>\n\n\n\n<li><span style=\"font-weight: 400;\">Aplica\u021bi crem\u0103 \u0219i\/sau gel pentru bucle pe p\u0103rul umed, astfel \u00eenc\u00e2t produsul s\u0103 formeze un turn u\u0219or pe m\u0103sur\u0103 ce se usuc\u0103.<\/span><\/li>\n\n\n\n<li><span style=\"font-weight: 400;\">Limita\u021bi atingerea \u00een timpul usc\u0103rii; sparge\u021bi gipsul la final cu c\u00e2teva pic\u0103turi de ulei dac\u0103 v\u0103 place un finisaj mai moale.<\/span><\/li>\n\n\n\n<li><span style=\"font-weight: 400;\">Alege\u021bi modele rezistente la umiditate dac\u0103 buclele se umfl\u0103 u\u0219or \u00een aer liber.<\/span><\/li>\n<\/ul>\n\n\n\n<h2 class=\"wp-block-heading\" id=\"styling-tips-that-protect-curl-pattern\">Sfaturi de styling care protejeaz\u0103 modelul de bucle<\/h2>\n\n\n\n<h3 class=\"wp-block-heading\" id=\"drying-methods\"><b>Metode de uscare<\/b><\/h3>\n\n\n\n<ul class=\"wp-block-list\">\n<li><span style=\"font-weight: 400;\">Usca\u021bi la aer pentru cel mai mic deranjament sau difuza\u021bi la c\u0103ldur\u0103 sc\u0103zut\u0103 \u0219i flux de aer sc\u0103zut pentru a reduce \u00eencre\u021birea.<\/span><\/li>\n\n\n\n<li><span style=\"font-weight: 400;\">\u00cencerca\u021bi s\u0103 plopping (\u00eenf\u0103\u0219urarea p\u0103rului \u00eentr-un tricou timp de 10-20 de minute) pentru a ajuta buclele s\u0103 se stabileasc\u0103 cu mai mult\u0103 elasticitate.<\/span><\/li>\n\n\n\n<li><span style=\"font-weight: 400;\">Evita\u021bi periajul buclelor uscate; \u00eemprosp\u0103ta\u021bi mai \u00eent\u00e2i cu ap\u0103 sau o cea\u021b\u0103 ondulat\u0103, apoi descurca\u021bi u\u0219or dac\u0103 este necesar.<\/span><\/li>\n<\/ul>\n\n\n\n<h3 class=\"wp-block-heading\" id=\"refresh-days-between-washes\"><b>Re\u00eemprosp\u0103ta\u021bi zilele dintre sp\u0103l\u0103ri<\/b><\/h3>\n\n\n\n<p class=\"wp-block-paragraph\"><span style=\"font-weight: 400;\">Pentru a revigora buclele, pulveriza\u021bi cu ap\u0103, netezi\u021bi cu o cantitate mic\u0103 de leave-in \u0219i str\u00e2nge\u021bi. Dac\u0103 folose\u0219ti gel, reactivarea lui cu ap\u0103 este suficient\u0103 adesea. P\u0103stra\u021bi produsele de re\u00eemprosp\u0103tare u\u0219oare pentru a preveni acumularea \u0219i buclele moale.<\/span><\/p>\n\n\n\n<h2 class=\"wp-block-heading\" id=\"night-routine-protect-curls-while-you-sleep\">Rutina de noapte: Proteja\u021bi buclele \u00een timp ce dormi\u021bi<\/h2>\n\n\n\n<p class=\"wp-block-paragraph\"><span style=\"font-weight: 400;\">Frecarea pe timp de noapte este un motiv comun pentru care buclele \u00ee\u0219i pierd defini\u021bia. C\u00e2teva modific\u0103ri simple pot p\u0103stra forma \u0219i pot reduce \u00eencurc\u0103turile de diminea\u021b\u0103.<\/span><\/p>\n\n\n\n<ul class=\"wp-block-list\">\n<li><span style=\"font-weight: 400;\">Dormi pe o fa\u021b\u0103 de pern\u0103 din satin sau m\u0103tase sau poart\u0103 o bonet\u0103 din satin.<\/span><\/li>\n\n\n\n<li><span style=\"font-weight: 400;\">\u00cencerca\u021bi un \u201eananas\u201d liber (coad\u0103 de cal \u00eenalt\u0103) pentru a \u00eempiedica buclele s\u0103 se zdrobeasc\u0103.<\/span><\/li>\n\n\n\n<li><span style=\"font-weight: 400;\">Dac\u0103 p\u0103rul t\u0103u este predispus la uscare, aplic\u0103 o cantitate mic\u0103 de leave-in la v\u00e2rfuri \u00eenainte de culcare.<\/span><\/li>\n<\/ul>\n\n\n\n<h2 class=\"wp-block-heading\" id=\"weekly-and-monthly-maintenance\">\u00centre\u021binere s\u0103pt\u0103m\u00e2nal\u0103 \u0219i lunar\u0103<\/h2>\n\n\n\n<ul class=\"wp-block-list\">\n<li><span style=\"font-weight: 400;\">Condi\u021bie profund\u0103 o dat\u0103 pe s\u0103pt\u0103m\u00e2n\u0103 dac\u0103 p\u0103rul se simte uscat, aspru sau prea \u00eencre\u021bit.<\/span><\/li>\n\n\n\n<li><span style=\"font-weight: 400;\">Clarifica\u021bi la fiecare 3-6 s\u0103pt\u0103m\u00e2ni dac\u0103 observa\u021bi o acumulare puternic\u0103, bucle moale sau un produs care nu se va cl\u0103ti curat (urma\u021bi cu un balsam bogat).<\/span><\/li>\n\n\n\n<li><span style=\"font-weight: 400;\">T\u0103ia\u021bi capete despicate dup\u0103 cum este necesar; capetele deteriorate se \u00eencurc\u0103 u\u0219or \u0219i fac buclele s\u0103 par\u0103 mai pu\u021bin definite.<\/span><\/li>\n<\/ul>\n\n\n\n<h2 class=\"wp-block-heading\" id=\"when-shedding-or-breakage-needs-attention\">C\u00e2nd v\u0103rsarea sau spargerea necesit\u0103 aten\u021bie<\/h2>\n\n\n\n<p class=\"wp-block-paragraph\"><span style=\"font-weight: 400;\">Unele v\u0103rs\u0103ri sunt normale, mai ales \u00een ziua sp\u0103l\u0103rii, dar sub\u021bierea persistent\u0103, pierderea neregulat\u0103 sau irita\u021bia scalpului trebuie verificate de un profesionist. Dac\u0103 sunte\u021bi \u00eengrijorat de c\u0103derea continu\u0103 a p\u0103rului, o evaluare clinic\u0103 v\u0103 poate ajuta s\u0103 identifica\u021bi dac\u0103 cauza este ruperea, inflama\u021bia scalpului sau un model medical de c\u0103dere a p\u0103rului.<\/span><\/p>\n\n\n\n<h2 class=\"wp-block-heading\" id=\"faqs-about-curly-hair-care\">\u00centreb\u0103ri frecvente despre \u00eengrijirea p\u0103rului cre\u021b<\/h2>\n\n\n<div id=\"rank-math-faq\" class=\"rank-math-block\">\n<div class=\"rank-math-list \">\n<div id=\"faq-question-1771502636709\" class=\"rank-math-list-item\">\n<h3 class=\"rank-math-question \">Care este ordinea corect\u0103 pentru o rutin\u0103 de p\u0103r cre\u021b?<\/h3>\n<div class=\"rank-math-answer \">\n\n<p>Cur\u0103\u021b\u0103, condi\u021bioneaz\u0103, descurc\u0103, aplic\u0103 leave-in, modeleaz\u0103 (crem\u0103\/gel), usuc\u0103, apoi \u00eemprosp\u0103teaz\u0103 dup\u0103 cum este necesar.<\/p>\n\n<\/div>\n<\/div>\n<div id=\"faq-question-1771502710067\" class=\"rank-math-list-item\">\n<h3 class=\"rank-math-question \">Care este o rutin\u0103 bun\u0103 de sp\u0103lare pentru p\u0103rul cre\u021b?<\/h3>\n<div class=\"rank-math-answer \">\n\n<p>Sp\u0103la\u021bi 1\u20133 ori s\u0103pt\u0103m\u00e2nal: \u0219ampon pentru scalp, condi\u021biona\u021bi lungimi, descurc\u0103\u021bi, cl\u0103ti\u021bi, l\u0103sa\u021bi, coafa\u021bi, difuza\u021bi\/usc\u0103\u021bi la aer.<\/p>\n\n<\/div>\n<\/div>\n<div id=\"faq-question-1771502714779\" class=\"rank-math-list-item\">\n<h3 class=\"rank-math-question \">Ce este o rutin\u0103 pentru p\u0103rul cre\u021b?<\/h3>\n<div class=\"rank-math-answer \">\n\n<p>O secven\u021b\u0103 de pa\u0219i de cur\u0103\u021bare, condi\u021bionare, coafare, uscare \u0219i \u00eemprosp\u0103tare adaptate buclelor.<\/p>\n\n<\/div>\n<\/div>\n<div id=\"faq-question-1771502719926\" class=\"rank-math-list-item\">\n<h3 class=\"rank-math-question \">Care este o rutin\u0103 zilnic\u0103 bun\u0103 pentru p\u0103rul cre\u021b?<\/h3>\n<div class=\"rank-math-answer \">\n\n<p>Proteja\u021bi peste noapte, \u00eemprosp\u0103ta\u021bi cu ap\u0103\/lasare, str\u00e2nge\u021bi, gestiona\u021bi \u00eencre\u021birea, evita\u021bi periajul excesiv, proteja\u021bi v\u00e2rfurile.<\/p>\n\n<\/div>\n<\/div>\n<div id=\"faq-question-1771502725559\" class=\"rank-math-list-item\">\n<h3 class=\"rank-math-question \">Face\u021bi \u0219i ce nu face\u021bi cu p\u0103rul cre\u021b?<\/h3>\n<div class=\"rank-math-answer \">\n\n<p>Hidrateaza, descurca usor, foloseste satin, difuzeaza foc mic; nu peria\u021bi uscat, nu sp\u0103la\u021bi excesiv, nu atinge\u021bi.<\/p>\n\n<\/div>\n<\/div>\n<div id=\"faq-question-1771502743633\" class=\"rank-math-list-item\">\n<h3 class=\"rank-math-question \">Ce este p\u0103rul cre\u021b de tipul 1, 2, 3, 4?<\/h3>\n<div class=\"rank-math-answer \">\n\n<p>Tip 1 drept, Tip 2 ondulat, Tip 3 ondulat, Tip 4 ondulat; A\u2013C mai str\u00e2ns.<\/p>\n\n<\/div>\n<\/div>\n<\/div>\n<\/div>","protected":false},"excerpt":{"rendered":"<p>Care este rutina potrivit\u0103 de \u00eengrijire a p\u0103rului pentru p\u0103rul cre\u021b? O rutin\u0103 bun\u0103 pentru p\u0103rul cre\u021b se concentreaz\u0103 pe umiditate, cur\u0103\u021bare bl\u00e2nd\u0103 \u0219i coafare cu frecare redus\u0103. Sp\u0103la\u021bi-v\u0103 de 1-3 ori pe s\u0103pt\u0103m\u00e2n\u0103 cu un produs de cur\u0103\u021bare u\u0219or, f\u0103r\u0103 sulfati (sau co-sp\u0103lare), condi\u021biona\u021bi \u00een fiecare zi de sp\u0103lare \u0219i aplica\u021bi leave-in plus o [&hellip;]<\/p>\n","protected":false},"author":2,"featured_media":1004,"comment_status":"closed","ping_status":"closed","sticky":false,"template":"","format":"standard","meta":{"footnotes":"","rank_math_title":"","rank_math_description":"Pentru a \u00eengriji p\u0103rul cre\u021b, urma\u021bi o rutin\u0103 \u00een patru pa\u0219i: sp\u0103la\u021bi, condi\u021biona\u021bi, coafa\u021bi \u0219i proteja\u021bi.","rank_math_focus_keyword":"","rank_math_canonical_url":"","rank_math_breadcrumb_title":"","rank_math_facebook_title":"","rank_math_facebook_description":"","rank_math_facebook_image":"","rank_math_twitter_title":"","rank_math_twitter_description":"","rank_math_twitter_image":"","rank_math_pillar_content":""},"categories":[968,981],"tags":[],"class_list":["post-51341","post","type-post","status-publish","format-standard","has-post-thumbnail","hentry","category-blog","category-ingrijirea-parului"],"_links":{"self":[{"href":"https:\/\/haircenterofturkey.com\/ro\/wp-json\/wp\/v2\/posts\/51341","targetHints":{"allow":["GET"]}}],"collection":[{"href":"https:\/\/haircenterofturkey.com\/ro\/wp-json\/wp\/v2\/posts"}],"about":[{"href":"https:\/\/haircenterofturkey.com\/ro\/wp-json\/wp\/v2\/types\/post"}],"author":[{"embeddable":true,"href":"https:\/\/haircenterofturkey.com\/ro\/wp-json\/wp\/v2\/users\/2"}],"replies":[{"embeddable":true,"href":"https:\/\/haircenterofturkey.com\/ro\/wp-json\/wp\/v2\/comments?post=51341"}],"version-history":[{"count":4,"href":"https:\/\/haircenterofturkey.com\/ro\/wp-json\/wp\/v2\/posts\/51341\/revisions"}],"predecessor-version":[{"id":60675,"href":"https:\/\/haircenterofturkey.com\/ro\/wp-json\/wp\/v2\/posts\/51341\/revisions\/60675"}],"wp:featuredmedia":[{"embeddable":true,"href":"https:\/\/haircenterofturkey.com\/ro\/wp-json\/wp\/v2\/media\/1004"}],"wp:attachment":[{"href":"https:\/\/haircenterofturkey.com\/ro\/wp-json\/wp\/v2\/media?parent=51341"}],"wp:term":[{"taxonomy":"category","embeddable":true,"href":"https:\/\/haircenterofturkey.com\/ro\/wp-json\/wp\/v2\/categories?post=51341"},{"taxonomy":"post_tag","embeddable":true,"href":"https:\/\/haircenterofturkey.com\/ro\/wp-json\/wp\/v2\/tags?post=51341"}],"curies":[{"name":"wp","href":"https:\/\/api.w.org\/{rel}","templated":true}]}}