{"id":51321,"date":"2025-09-18T18:26:46","date_gmt":"2025-09-18T15:26:46","guid":{"rendered":"https:\/\/haircenterofturkey.com\/?p=51321"},"modified":"2026-08-31T16:10:47","modified_gmt":"2026-08-31T13:10:47","slug":"la-ce-ar-trebui-sa-acordati-atentie-dupa-o-tunsoare","status":"publish","type":"post","link":"https:\/\/haircenterofturkey.com\/ro\/la-ce-ar-trebui-sa-acordati-atentie-dupa-o-tunsoare\/","title":{"rendered":"La ce ar trebui s\u0103 acorda\u021bi aten\u021bie dup\u0103 o tunsoare?"},"content":{"rendered":"\n<h2 class=\"wp-block-heading\" id=\"what-should-you-pay-attention-to-after-a-haircut\"><b>La ce ar trebui s\u0103 acorda\u021bi aten\u021bie dup\u0103 o tunsoare?<\/b><\/h2>\n\n\n\n<p class=\"wp-block-paragraph\">Dup\u0103 o tunsoare, a\u0219tepta\u021bi aproximativ 24 de ore \u00eenainte de prima sp\u0103lare, apoi folosi\u021bi un \u0219ampon bl\u00e2nd \u0219i un balsam hidratant. Proteja\u021bi capetele proaspete cu un amestec u\u0219or \u0219i un protector de c\u0103ldur\u0103 \u0219i p\u0103stra\u021bi uneltele fierbin\u021bi la minimum. Planifica\u021bi tunderea la fiecare 6-8 s\u0103pt\u0103m\u00e2ni \u0219i sus\u021bine s\u0103n\u0103tatea p\u0103rului cu hidratare, nutri\u021bie \u0219i protec\u021bie UV.<\/p>\n\n\n\n<p class=\"has-text-align-left wp-block-paragraph\"><span style=\"font-weight: 400;\">O tunsoare poate face instantaneu p\u0103rul s\u0103 arate mai s\u0103n\u0103tos, dar zilele care urmeaz\u0103 conteaz\u0103 la fel de mult ca \u0219i programarea. Cu c\u00e2teva obiceiuri inteligente, pute\u021bi p\u0103stra forma ascu\u021bit\u0103, pute\u021bi reduce \u00eencre\u021birea \u0219i pute\u021bi ajuta ca v\u00e2rfurile s\u0103 r\u0103m\u00e2n\u0103 netede \u00eentre t\u0103iere.<\/span><\/p>\n\n\n\n<figure class=\"wp-block-image\"><img decoding=\"async\" src=\"https:\/\/haircenterofturkey.com\/wp-content\/uploads\/2025\/09\/What-Should-You-Pay-Attention-to-After-a-Haircut-1.webp\" alt=\"What Should You Pay Attention to After a Haircut?\" title=\"\"><\/figure>\n\n\n\n<div class=\"wp-block-rank-math-toc-block\" id=\"rank-math-toc\"><h2>Table of Contents<\/h2><nav><ul><li><a href=\"#what-should-you-pay-attention-to-after-a-haircut\">La ce ar trebui s\u0103 acorda\u021bi aten\u021bie dup\u0103 o tunsoare?<\/a><\/li><li><a href=\"#why-aftercare-matters-after-a-haircut\">De ce conteaz\u0103 \u00eengrijirea ulterioar\u0103 dup\u0103 o tunsoare<\/a><\/li><li><a href=\"#when-and-how-to-wash-your-hair-after-a-haircut\">C\u00e2nd \u0219i cum s\u0103 v\u0103 sp\u0103la\u021bi p\u0103rul dup\u0103 o tunsoare<\/a><\/li><li><a href=\"#products-that-help-your-new-cut-look-better\">Produse care v\u0103 ajut\u0103 noua t\u0103ietur\u0103 s\u0103 arate mai bine<\/a><ul><li><a href=\"#everyday-essentials\">Esen\u021biale de zi cu zi<\/a><\/li><li><a href=\"#optional-add-ons-for-specific-needs\">Suplimente op\u021bionale pentru nevoi specifice<\/a><\/li><\/ul><\/li><li><a href=\"#heat-styling-tips-that-protect-fresh-ends\">Sfaturi de coafare termic\u0103 care protejeaz\u0103 capetele proaspete<\/a><\/li><li><a href=\"#how-to-maintain-the-style-between-appointments\">Cum s\u0103 men\u021bine\u021bi stilul \u00eentre \u00eent\u00e2lniri<\/a><\/li><li><a href=\"#lifestyle-habits-that-support-healthier-hair\">Obiceiuri de stil de via\u021b\u0103 care sus\u021bin un p\u0103r mai s\u0103n\u0103tos<\/a><\/li><li><a href=\"#fa-qs-about-haircut-aftercare\">\u00centreb\u0103ri frecvente despre \u00eengrijirea ulterioar\u0103 a tunsorii<\/a><\/li><\/ul><\/nav><\/div>\n\n\n\n<h2 class=\"wp-block-heading\" id=\"why-aftercare-matters-after-a-haircut\"><b>De ce conteaz\u0103 \u00eengrijirea ulterioar\u0103 dup\u0103 o tunsoare<\/b><\/h2>\n\n\n\n<p class=\"wp-block-paragraph\"><span style=\"font-weight: 400;\">T\u0103ierea v\u00e2rfurilor uscate sau despicate \u00eembun\u0103t\u0103\u021be\u0219te aspectul \u0219i senza\u021bia p\u0103rului, dar nu \u00eempiedic\u0103 formarea unor noi daune. Frecarea zilnic\u0103, c\u0103ldura \u0219i cur\u0103\u021barea dur\u0103 pot aspr\u0103 cuticulele \u0219i pot face ca v\u00e2rfurile s\u0103 se plictiseasc\u0103 mai repede. \u00cengrijirea ulterioar\u0103 bun\u0103 v\u0103 ajut\u0103 tunsoarea s\u0103-\u0219i men\u021bin\u0103 forma \u0219i men\u021bine firul de p\u0103r hidratat \u0219i rezistent.<\/span><\/p>\n\n\n\n<h2 class=\"wp-block-heading\" id=\"when-and-how-to-wash-your-hair-after-a-haircut\"><b>C\u00e2nd \u0219i cum s\u0103 v\u0103 sp\u0103la\u021bi p\u0103rul dup\u0103 o tunsoare<\/b><\/h2>\n\n\n\n<p class=\"wp-block-paragraph\"><span style=\"font-weight: 400;\">Dac\u0103 stilistul t\u0103u a folosit produse grele de coafat, o sp\u0103lare proasp\u0103t\u0103 poate fi tentant\u0103, dar oferindu-\u021bi p\u0103rului o pauz\u0103 scurt\u0103 \u00eel ajut\u0103 s\u0103 se a\u0219eze. \u00cen cele mai multe cazuri, a\u0219teptarea \u00een jur de 24 de ore este o regul\u0103 de baz\u0103 sigur\u0103, mai ales dup\u0103 coafarea unui salon sau dup\u0103 o explozie.<\/span><\/p>\n\n\n\n<p class=\"wp-block-paragraph\"><span style=\"font-weight: 400;\">Pentru o prim\u0103 sp\u0103lare care p\u0103streaz\u0103 t\u0103ietura s\u0103 arate curat\u0103 \u0219i lustruit\u0103:<\/span><\/p>\n\n\n\n<ul class=\"wp-block-list\">\n<li><span style=\"font-weight: 400;\">Utiliza\u021bi ap\u0103 c\u0103ldu\u021b\u0103 (apa fierbinte poate cre\u0219te uscarea \u0219i \u00eencre\u021birea).<\/span><\/li>\n\n\n\n<li><span style=\"font-weight: 400;\">\u0218ampona\u021bi scalpul \u0219i r\u0103d\u0103cinile; l\u0103sa\u021bi spuma s\u0103 se cl\u0103teasc\u0103 prin capete.<\/span><\/li>\n\n\n\n<li><span style=\"font-weight: 400;\">Condi\u021biona\u021bi lungimile mijlocii p\u00e2n\u0103 la v\u00e2rfuri \u0219i descurca\u021bi u\u0219or cu degetele sau cu un pieptene cu din\u021bi largi.<\/span><\/li>\n\n\n\n<li><span style=\"font-weight: 400;\">Usca\u021bi p\u0103rul cu un prosop &#8211; evita\u021bi frecarea agresiv\u0103.<\/span><\/li>\n<\/ul>\n\n\n\n<h2 class=\"wp-block-heading\" id=\"products-that-help-your-new-cut-look-better\"><b>Produse care v\u0103 ajut\u0103 noua t\u0103ietur\u0103 s\u0103 arate mai bine<\/b><\/h2>\n\n\n\n<p class=\"wp-block-paragraph\"><span style=\"font-weight: 400;\">Produsele potrivite protejeaz\u0103 v\u00e2rfurile proaspete \u0219i faciliteaz\u0103 coafarea. Urm\u0103re\u0219te hidratarea u\u0219oar\u0103, controlul \u00eencre\u021bului \u0219i protec\u021bia \u00eempotriva c\u0103ldurii, mai degrab\u0103 dec\u00e2t acumularea grea.<\/span><\/p>\n\n\n\n<h3 class=\"wp-block-heading\" id=\"everyday-essentials\"><b>Esen\u021biale de zi cu zi<\/b><\/h3>\n\n\n\n<ul class=\"wp-block-list\">\n<li><span style=\"font-weight: 400;\">Sampon fara sulfati (util mai ales pentru parul uscat, cret sau vopsit).<\/span><\/li>\n\n\n\n<li><span style=\"font-weight: 400;\">Balsam care se potrive\u0219te tipului t\u0103u de p\u0103r, concentr\u00e2ndu-se pe v\u00e2rfuri.<\/span><\/li>\n\n\n\n<li><span style=\"font-weight: 400;\">Balsam f\u0103r\u0103 \u00eendoial\u0103 sau o crem\u0103 u\u0219oar\u0103 pentru a netezi \u0219i a descurca.<\/span><\/li>\n\n\n\n<li><span style=\"font-weight: 400;\">Spray sau crem\u0103 de protec\u021bie \u00eempotriva c\u0103ldurii dac\u0103 usca\u021bi sau folosi\u021bi unelte fierbin\u021bi.<\/span><\/li>\n<\/ul>\n\n\n\n<h3 class=\"wp-block-heading\" id=\"optional-add-ons-for-specific-needs\"><b>Suplimente op\u021bionale pentru nevoi specifice<\/b><\/h3>\n\n\n\n<ul class=\"wp-block-list\">\n<li><span style=\"font-weight: 400;\">Ulei de p\u0103r sau ser (1\u20132 pic\u0103turi) pe v\u00e2rfuri pentru str\u0103lucire \u0219i controlul \u00eencre\u021bului.<\/span><\/li>\n\n\n\n<li><span style=\"font-weight: 400;\">Spray texturant sau mousse pentru a spori straturile \u0219i a ad\u0103uga volum.<\/span><\/li>\n\n\n\n<li><span style=\"font-weight: 400;\">Masc\u0103 de condi\u021bionare profund\u0103 o dat\u0103 pe s\u0103pt\u0103m\u00e2n\u0103 dac\u0103 p\u0103rul t\u0103u se simte uscat sau aspru.<\/span><\/li>\n<\/ul>\n\n\n\n<h2 class=\"wp-block-heading\" id=\"heat-styling-tips-that-protect-fresh-ends\"><b>Sfaturi de coafare termic\u0103 care protejeaz\u0103 capetele proaspete<\/b><\/h2>\n\n\n\n<p class=\"wp-block-paragraph\"><span style=\"font-weight: 400;\">Capetele proasp\u0103t t\u0103iate se pot despica \u00een continuare dac\u0103 sunt expuse la c\u0103ldur\u0103 mare \u0219i la frecare. Dac\u0103 usca\u021bi cu rufe sau folosi\u021bi fier de c\u0103lcat, men\u021bine\u021bi temperatura moderat\u0103 \u0219i folosi\u021bi \u00eentotdeauna un protector termic.<\/span><\/p>\n\n\n\n<ul class=\"wp-block-list\">\n<li><span style=\"font-weight: 400;\">L\u0103sa\u021bi p\u0103rul s\u0103 se usuce la aer p\u00e2n\u0103 la aproximativ 70-80% \u00eenainte de a-l usca.<\/span><\/li>\n\n\n\n<li><span style=\"font-weight: 400;\">Utiliza\u021bi o duz\u0103 \u0219i direc\u021biona\u021bi fluxul de aer de la r\u0103d\u0103cini la v\u00e2rfuri pentru a reduce \u00eencre\u021birea.<\/span><\/li>\n\n\n\n<li><span style=\"font-weight: 400;\">P\u0103stra\u021bi uneltele \u00een mi\u0219care &#8211; nu \u021bine\u021bi c\u0103ldura pe o sec\u021biune prea mult timp.<\/span><\/li>\n\n\n\n<li><span style=\"font-weight: 400;\">Termina\u021bi cu o lovitur\u0103 rece pentru a ajuta la netezirea cuticulei.<\/span><\/li>\n<\/ul>\n\n\n\n<h2 class=\"wp-block-heading\" id=\"how-to-maintain-the-style-between-appointments\"><b>Cum s\u0103 men\u021bine\u021bi stilul \u00eentre \u00eent\u00e2lniri<\/b><\/h2>\n\n\n\n<p class=\"wp-block-paragraph\"><span style=\"font-weight: 400;\">Cele mai multe tunsori arat\u0103 cel mai bine cu tundere regulat\u0103 la fiecare 6-8 s\u0103pt\u0103m\u00e2ni, \u00een func\u021bie de rata de cre\u0219tere a p\u0103rului \u0219i de stil. Acas\u0103, manevrarea bl\u00e2nd\u0103 face o diferen\u021b\u0103 notabil\u0103 \u00een c\u00e2t timp r\u0103m\u00e2ne ascu\u021bit\u0103 forma.<\/span><\/p>\n\n\n\n<ul class=\"wp-block-list\">\n<li><span style=\"font-weight: 400;\">Folose\u0219te un pieptene cu din\u021bi largi pe p\u0103rul umed \u0219i \u00eencepe s\u0103 descurci de la v\u00e2rfuri.<\/span><\/li>\n\n\n\n<li><span style=\"font-weight: 400;\">Evita\u021bi elasticele str\u00e2nse care str\u00e2ng sau \u00eencre\u021beaz\u0103 p\u0103rul.<\/span><\/li>\n\n\n\n<li><span style=\"font-weight: 400;\">Limita\u021bi zilele de c\u0103ldur\u0103 consecutive \u0219i acorda\u021bi p\u0103rului \u201ezile de odihn\u0103\u201d atunci c\u00e2nd pute\u021bi.<\/span><\/li>\n\n\n\n<li><span style=\"font-weight: 400;\">Re\u00eemprosp\u0103ta\u021bi stilul cu o cantitate mic\u0103 de produs \u00een loc s\u0103 v\u0103 sp\u0103la\u021bi din nou prea des.<\/span><\/li>\n<\/ul>\n\n\n\n<h2 class=\"wp-block-heading\" id=\"lifestyle-habits-that-support-healthier-hair\"><b>Obiceiuri de stil de via\u021b\u0103 care sus\u021bin un p\u0103r mai s\u0103n\u0103tos<\/b><\/h2>\n\n\n\n<p class=\"wp-block-paragraph\"><span style=\"font-weight: 400;\">P\u0103rul reflect\u0103 rutina general\u0103. Micile modific\u0103ri ale stilului de via\u021b\u0103 v\u0103 pot ajuta tunsoarea s\u0103 arate mai str\u0103lucitoare \u0219i s\u0103 se simt\u0103 mai moale.<\/span><\/p>\n\n\n\n<ul class=\"wp-block-list\">\n<li><span style=\"font-weight: 400;\">R\u0103m\u00e2ne\u021bi hidratat \u0219i include\u021bi proteine, fier, zinc \u0219i gr\u0103simi omega-3 \u00een dieta dumneavoastr\u0103.<\/span><\/li>\n\n\n\n<li><span style=\"font-weight: 400;\">Proteja\u021bi p\u0103rul de soare \u0219i poluare cu o p\u0103l\u0103rie sau un spray de protec\u021bie UV.<\/span><\/li>\n\n\n\n<li><span style=\"font-weight: 400;\">Dormi\u021bi pe o fa\u021b\u0103 de pern\u0103 de m\u0103tase sau satin pentru a reduce frecarea \u0219i \u00eencre\u021birea.<\/span><\/li>\n\n\n\n<li><span style=\"font-weight: 400;\">Cl\u0103ti\u021bi p\u0103rul dup\u0103 \u00eenot \u0219i folosi\u021bi un balsam pentru a reduce usc\u0103ciunea cu clorul sau cu sare.<\/span><\/li>\n<\/ul>\n\n\n\n<h2 class=\"wp-block-heading\" id=\"fa-qs-about-haircut-aftercare\"><b>\u00centreb\u0103ri frecvente despre \u00eengrijirea ulterioar\u0103 a tunsorii<\/b><\/h2>\n\n\n<div id=\"rank-math-faq\" class=\"rank-math-block\">\n<div class=\"rank-math-list \">\n<div id=\"faq-question-1771499813567\" class=\"rank-math-list-item\">\n<h3 class=\"rank-math-question \">Ce ar trebui s\u0103 faci dup\u0103 o tunsoare?<\/h3>\n<div class=\"rank-math-answer \">\n\n<p>Sp\u0103la\u021bi u\u0219or dup\u0103 24 de ore, condi\u021biona\u021bi, evita\u021bi coafarea la c\u0103ldur\u0103 \u0219i men\u021bine\u021bi v\u00e2rfurile hidratate.<\/p>\n\n<\/div>\n<\/div>\n<div id=\"faq-question-1771499823289\" class=\"rank-math-list-item\">\n<h3 class=\"rank-math-question \">Ce s\u0103 nu faci dup\u0103 tunderea p\u0103rului?<\/h3>\n<div class=\"rank-math-answer \">\n\n<p>Evita\u021bi stilurile str\u00e2nse, produsele grele, c\u0103ldura mare, clorul \u0219i zg\u00e2rierea scalpului.<\/p>\n\n<\/div>\n<\/div>\n<div id=\"faq-question-1771499829509\" class=\"rank-math-list-item\">\n<h3 class=\"rank-math-question \">Ce s\u0103 spui dup\u0103 o tunsoare?<\/h3>\n<div class=\"rank-math-answer \">\n\n<p>Spune\u021bi \u201e\u00cemi place, mul\u021bumesc\u201d sau oferi\u021bi feedback specific despre lungime \u0219i stil.<\/p>\n\n<\/div>\n<\/div>\n<div id=\"faq-question-1771499838047\" class=\"rank-math-list-item\">\n<h3 class=\"rank-math-question \">Cum s\u0103 ai grij\u0103 de p\u0103rul nou tuns?<\/h3>\n<div class=\"rank-math-answer \">\n\n<p>Folose\u0219te \u0219ampon bl\u00e2nd, balsam obi\u0219nuit, crem\u0103 hidratant\u0103 f\u0103r\u0103 \u00eendoial\u0103 \u0219i \u00eentre\u021binere la fiecare 6-8 s\u0103pt\u0103m\u00e2ni.<\/p>\n\n<\/div>\n<\/div>\n<div id=\"faq-question-1771499844542\" class=\"rank-math-list-item\">\n<h3 class=\"rank-math-question \">Pot s\u0103 fac du\u0219 dup\u0103 o tunsoare?<\/h3>\n<div class=\"rank-math-answer \">\n\n<p>Da, pute\u021bi face du\u0219 imediat, dar a\u0219tepta\u021bi 24 de ore pentru culoare sau tratamente.<\/p>\n\n<\/div>\n<\/div>\n<\/div>\n<\/div>\n\n\n<p class=\"wp-block-paragraph\"><\/p>\n","protected":false},"excerpt":{"rendered":"<p>La ce ar trebui s\u0103 acorda\u021bi aten\u021bie dup\u0103 o tunsoare? Dup\u0103 o tunsoare, a\u0219tepta\u021bi aproximativ 24 de ore \u00eenainte de prima sp\u0103lare, apoi folosi\u021bi un \u0219ampon bl\u00e2nd \u0219i un balsam hidratant. Proteja\u021bi capetele proaspete cu un amestec u\u0219or \u0219i un protector de c\u0103ldur\u0103 \u0219i p\u0103stra\u021bi uneltele fierbin\u021bi la minimum. Planifica\u021bi tunderea la fiecare 6-8 s\u0103pt\u0103m\u00e2ni [&hellip;]<\/p>\n","protected":false},"author":2,"featured_media":1014,"comment_status":"closed","ping_status":"closed","sticky":false,"template":"","format":"standard","meta":{"footnotes":"","rank_math_title":"","rank_math_description":"\u00cengrijirea corespunz\u0103toare a tunsorii ulterioare v\u0103 ajut\u0103 s\u0103 v\u0103 men\u021bine\u021bi stilul mai mult timp \u0219i s\u0103 v\u0103 men\u021bine\u021bi p\u0103rul s\u0103n\u0103tos \u00eentre vizitele la salon.","rank_math_focus_keyword":"","rank_math_canonical_url":"","rank_math_breadcrumb_title":"","rank_math_facebook_title":"","rank_math_facebook_description":"","rank_math_facebook_image":"","rank_math_twitter_title":"","rank_math_twitter_description":"","rank_math_twitter_image":"","rank_math_pillar_content":""},"categories":[968,981],"tags":[],"class_list":["post-51321","post","type-post","status-publish","format-standard","has-post-thumbnail","hentry","category-blog","category-ingrijirea-parului"],"_links":{"self":[{"href":"https:\/\/haircenterofturkey.com\/ro\/wp-json\/wp\/v2\/posts\/51321","targetHints":{"allow":["GET"]}}],"collection":[{"href":"https:\/\/haircenterofturkey.com\/ro\/wp-json\/wp\/v2\/posts"}],"about":[{"href":"https:\/\/haircenterofturkey.com\/ro\/wp-json\/wp\/v2\/types\/post"}],"author":[{"embeddable":true,"href":"https:\/\/haircenterofturkey.com\/ro\/wp-json\/wp\/v2\/users\/2"}],"replies":[{"embeddable":true,"href":"https:\/\/haircenterofturkey.com\/ro\/wp-json\/wp\/v2\/comments?post=51321"}],"version-history":[{"count":3,"href":"https:\/\/haircenterofturkey.com\/ro\/wp-json\/wp\/v2\/posts\/51321\/revisions"}],"predecessor-version":[{"id":60604,"href":"https:\/\/haircenterofturkey.com\/ro\/wp-json\/wp\/v2\/posts\/51321\/revisions\/60604"}],"wp:featuredmedia":[{"embeddable":true,"href":"https:\/\/haircenterofturkey.com\/ro\/wp-json\/wp\/v2\/media\/1014"}],"wp:attachment":[{"href":"https:\/\/haircenterofturkey.com\/ro\/wp-json\/wp\/v2\/media?parent=51321"}],"wp:term":[{"taxonomy":"category","embeddable":true,"href":"https:\/\/haircenterofturkey.com\/ro\/wp-json\/wp\/v2\/categories?post=51321"},{"taxonomy":"post_tag","embeddable":true,"href":"https:\/\/haircenterofturkey.com\/ro\/wp-json\/wp\/v2\/tags?post=51321"}],"curies":[{"name":"wp","href":"https:\/\/api.w.org\/{rel}","templated":true}]}}