{"id":51290,"date":"2025-10-04T14:17:04","date_gmt":"2025-10-04T11:17:04","guid":{"rendered":"https:\/\/haircenterofturkey.com\/?p=51290"},"modified":"2026-08-31T16:11:52","modified_gmt":"2026-08-31T13:11:52","slug":"__trashed-40","status":"publish","type":"post","link":"https:\/\/haircenterofturkey.com\/ro\/__trashed-40\/","title":{"rendered":"Ombre Vs Balayage Vs Sombre: diferen\u021be, \u00eentre\u021binere \u0219i cui se potrivesc"},"content":{"rendered":"\n<h2 class=\"wp-block-heading\" id=\"differences-between-ombre-balayage-and-sombre\"><b>Diferen\u021bele dintre Ombre, Balayage \u0219i Sombre<\/b><\/h2>\n\n\n\n<p class=\"wp-block-paragraph\"><i><span style=\"font-weight: 400;\">Ombre se estompeaz\u0103 de la r\u0103d\u0103cini mai \u00eentunecate la capete mai deschise, cu un gradient vizibil. Balayage folose\u0219te lumini pictate manual pentru un finisaj dimensional, s\u0103rutat de soare. Sombre (\u201eombre moale\u201d) se afl\u0103 \u00eentre cele dou\u0103, p\u0103str\u00e2nd amestecul subtil \u0219i natural. Alege\u021bi \u00een func\u021bie de c\u00e2t de \u00eendr\u0103zne\u021b dori\u021bi contrastul \u0219i c\u00e2t de des dori\u021bi retu\u0219uri.<\/span><\/i><\/p>\n\n\n\n<p class=\"wp-block-paragraph\"><span style=\"font-weight: 400;\">Culoarea p\u0103rului este o modalitate u\u0219oar\u0103 de a v\u0103 re\u00eemprosp\u0103ta aspectul f\u0103r\u0103 o schimbare complet\u0103. Ombre, balayage \u0219i sombr\u00e9 creeaz\u0103 toate dimensiunile amestecate, dar sunt aplicate diferit \u0219i se uzeaz\u0103 diferit.<\/span><\/p>\n\n\n\n<p class=\"wp-block-paragraph\"><span style=\"font-weight: 400;\">Dac\u0103 te decizi \u00eentre ele, concentreaz\u0103-te pe trei lucruri: stilul tranzi\u021biei, c\u00e2t de puternic vrei s\u0103 arate contrastul \u0219i c\u00e2t de mult \u00eentre\u021binere se potrive\u0219te rutinei tale.<\/span><\/p>\n\n\n\n<h2 class=\"wp-block-heading\" id=\"what-is-ombre\"><b>Ce este Ombre?<\/b><\/h2>\n\n\n\n<p class=\"wp-block-paragraph\"><span style=\"font-weight: 400;\">Ombre (din cuv\u00e2ntul francez pentru \u201eumbr\u0103\u201d) este o trecere treptat\u0103 de la r\u0103d\u0103cinile mai \u00eentunecate la capete mai deschise. Cea mai deschis\u0103 culoare este concentrat\u0103 spre mijlocul lungimii \u0219i v\u00e2rfurilor, cre\u00e2nd un efect clar \u00een dou\u0103 tonuri.<\/span><\/p>\n\n\n\n<h3 class=\"wp-block-heading\" id=\"how-ombre-looks\"><b>Cum arat\u0103 Ombre<\/b><\/h3>\n\n\n\n<p class=\"wp-block-paragraph\"><span style=\"font-weight: 400;\">Umbrea clasic\u0103 men\u021bine zona r\u0103d\u0103cinii aproape de nuan\u021ba ta natural\u0103, apoi se lumineaz\u0103 vizibil pe m\u0103sur\u0103 ce se mi\u0219c\u0103 \u00een jos pe p\u0103r. Deoarece contrastul este mai definit, se cite\u0219te ca un aspect expresiv, mai ales pe lungimi mai lungi.<\/span><\/p>\n\n\n\n<h3 class=\"wp-block-heading\" id=\"who-ombre-suits\"><b>Cine Ombre Suits<\/b><\/h3>\n\n\n\n<p class=\"wp-block-paragraph\"><span style=\"font-weight: 400;\">Ombre func\u021bioneaz\u0103 bine dac\u0103 dori\u021bi o schimbare dramatic\u0103 f\u0103r\u0103 a v\u0103 angaja la colorarea frecvent\u0103 a r\u0103d\u0103cinilor. Tinde s\u0103 arate cel mai de impact pe p\u0103rul mediu spre lung, unde exist\u0103 suficient\u0103 lungime pentru a afi\u0219a gradientul complet.<\/span><\/p>\n\n\n\n<h3 class=\"wp-block-heading\" id=\"maintenance-level\"><b>Nivel de \u00eentre\u021binere<\/b><\/h3>\n\n\n\n<p class=\"wp-block-paragraph\"><span style=\"font-weight: 400;\">Retu\u0219urile sunt de obicei distan\u021bate, deoarece r\u0103d\u0103cinile r\u0103m\u00e2n mai \u00eentunecate. Capetele se pot sim\u021bi mai uscate dup\u0103 decolorare, a\u0219a c\u0103 protec\u021bia \u00eempotriva umezelii \u0219i a c\u0103ldurii conteaz\u0103 mai mult dec\u00e2t vizitele frecvente la salon.<\/span><\/p>\n\n\n\n<figure class=\"wp-block-image\"><img decoding=\"async\" src=\"https:\/\/haircenterofturkey.com\/wp-content\/uploads\/2025\/10\/2-19.webp\" alt=\"Differences Between Ombre, Balayage, and Sombr\u00e9\" title=\"\"><\/figure>\n\n\n\n<div class=\"wp-block-rank-math-toc-block\" id=\"rank-math-toc\"><h2>Table of Contents<\/h2><nav><ul><li><a href=\"#differences-between-ombre-balayage-and-sombre\">Diferen\u021bele dintre Ombre, Balayage \u0219i Sombre<\/a><\/li><li><a href=\"#what-is-ombre\">Ce este Ombre?<\/a><ul><li><a href=\"#how-ombre-looks\">Cum arat\u0103 Ombre<\/a><\/li><li><a href=\"#who-ombre-suits\">Cine Ombre Suits<\/a><\/li><li><a href=\"#maintenance-level\">Nivel de \u00eentre\u021binere<\/a><\/li><\/ul><\/li><li><a href=\"#what-is-balayage\">Ce este Balayage?<\/a><ul><li><a href=\"#how-balayage-looks\">Cum arat\u0103 Balayage<\/a><\/li><li><a href=\"#who-balayage-suits\">Cui se potrive\u0219te Balayage<\/a><\/li><li><a href=\"#maintenance-level-1\">Nivel de \u00eentre\u021binere<\/a><\/li><\/ul><\/li><li><a href=\"#what-is-sombre\">Ce este Sombre?<\/a><ul><li><a href=\"#how-sombre-looks\">Cum arat\u0103 Sombre<\/a><\/li><li><a href=\"#who-sombre-suits\">Cui se potrive\u0219te Sombre<\/a><\/li><li><a href=\"#maintenance-level-2\">Nivel de \u00eentre\u021binere<\/a><\/li><\/ul><\/li><li><a href=\"#key-differences-between-ombre-balayage-and-sombre\">Diferen\u021bele cheie \u00eentre Ombre, Balayage \u0219i Sombre<\/a><\/li><li><a href=\"#who-each-technique-is-suitable-for\">Pentru cine este potrivit\u0103 fiecare tehnic\u0103<\/a><ul><li><a href=\"#sombre-if-you-want-a-subtle-change-minimal-contrast-and-the-easiest-grow-out\">Sombre: Dac\u0103 dori\u021bi o schimbare subtil\u0103, un contrast minim \u0219i cea mai u\u0219oar\u0103 cre\u0219tere.<\/a><\/li><\/ul><\/li><li><a href=\"#hair-care-tips-after-coloring\">Sfaturi de \u00eengrijire a p\u0103rului dup\u0103 vopsire<\/a><\/li><li><a href=\"#fa-qs\">\u00centreb\u0103ri frecvente<\/a><\/li><\/ul><\/nav><\/div>\n\n\n\n<h2 class=\"wp-block-heading\" id=\"what-is-balayage\"><b>Ce este Balayage?<\/b><\/h2>\n\n\n\n<p class=\"wp-block-paragraph\"><span style=\"font-weight: 400;\">Balayage (\u00een francez\u0103 \u201ea m\u0103tura\u201d) este o tehnic\u0103 de eviden\u021biere \u00een care culoarea este pictat\u0103 manual pe suprafa\u021ba p\u0103rului. Rezultatul imit\u0103 lumina natural\u0103 a soarelui, cu piese mai str\u0103lucitoare plasate acolo unde p\u0103rul ar capta \u00een mod natural lumina.<\/span><\/p>\n\n\n\n<h3 class=\"wp-block-heading\" id=\"how-balayage-looks\"><b>Cum arat\u0103 Balayage<\/b><\/h3>\n\n\n\n<p class=\"wp-block-paragraph\"><span style=\"font-weight: 400;\">Balayage este mai moale dec\u00e2t ombre, deoarece luminile se amestec\u0103 \u00een culoarea de baz\u0103 cu linii mai pu\u021bin evidente. Amplasarea creeaz\u0103 mi\u0219care \u0219i profunzime, astfel \u00eenc\u00e2t p\u0103rul s\u0103 arate mai plin, mai ales c\u00e2nd este bine.<\/span><\/p>\n\n\n\n<h3 class=\"wp-block-heading\" id=\"who-balayage-suits\"><b>Cui se potrive\u0219te Balayage<\/b><\/h3>\n\n\n\n<p class=\"wp-block-paragraph\"><span style=\"font-weight: 400;\">Balayage este o alegere flexibil\u0103 pentru majoritatea lungimilor \u0219i texturilor, inclusiv pentru t\u0103ieturi mai scurte. Este ideal dac\u0103 dori\u021bi dimensiune \u0219i luminozitate, p\u0103str\u00e2nd \u00een acela\u0219i timp finisajul general natural.<\/span><\/p>\n\n\n\n<h3 class=\"wp-block-heading\" id=\"maintenance-level-1\"><b>Nivel de \u00eentre\u021binere<\/b><\/h3>\n\n\n\n<p class=\"wp-block-paragraph\"><span style=\"font-weight: 400;\">Deoarece accentele sunt amestecate \u0219i nu sunt \u00eenr\u0103d\u0103cinate \u00eentr-un model strict, balayage cre\u0219te u\u0219or. Mul\u021bi oameni \u00ee\u0219i rezerv\u0103 \u00eent\u00e2lniri de re\u00eemprosp\u0103tare numai atunci c\u00e2nd doresc mai mult\u0103 luminozitate sau o actualizare a tonerului.<\/span><\/p>\n\n\n\n<h2 class=\"wp-block-heading\" id=\"what-is-sombre\"><b>Ce este Sombre?<\/b><\/h2>\n\n\n\n<p class=\"wp-block-paragraph\"><span style=\"font-weight: 400;\">Sombre este prescurtare pentru \u201eombre moale\u201d. P\u0103streaz\u0103 aceea\u0219i idee despre r\u0103d\u0103cini mai \u00eentunecate \u0219i capete mai deschise, dar tranzi\u021bia este mai bl\u00e2nd\u0103, iar contrastul este mai sc\u0103zut.<\/span><\/p>\n\n\n\n<h3 class=\"wp-block-heading\" id=\"how-sombre-looks\"><b>Cum arat\u0103 Sombre<\/b><\/h3>\n\n\n\n<p class=\"wp-block-paragraph\"><span style=\"font-weight: 400;\">Sombre \u00eembin\u0103 lungimile mijlocii mai perfect dec\u00e2t un ombre tradi\u021bional, astfel \u00eenc\u00e2t schimbarea pare subtil\u0103 \u0219i lustruit\u0103. Este o cale de mijloc bun\u0103 atunci c\u00e2nd v\u0103 place conceptul ombre, dar dori\u021bi un finisaj mai lini\u0219tit.<\/span><\/p>\n\n\n\n<h3 class=\"wp-block-heading\" id=\"who-sombre-suits\"><b>Cui se potrive\u0219te Sombre<\/b><\/h3>\n\n\n\n<p class=\"wp-block-paragraph\"><span style=\"font-weight: 400;\">Sombre se potrive\u0219te oricui \u00ee\u0219i dore\u0219te o re\u00eemprosp\u0103tare cu un angajament redus, inclusiv cei care nu au \u00eenceput. Func\u021bioneaz\u0103 mai ales bine dac\u0103 dori\u021bi s\u0103 r\u0103m\u00e2ne\u021bi aproape de nuan\u021ba dvs. natural\u0103 \u0219i s\u0103 evita\u021bi o schimbare de contrast ridicat.<\/span><\/p>\n\n\n\n<h3 class=\"wp-block-heading\" id=\"maintenance-level-2\"><b>Nivel de \u00eentre\u021binere<\/b><\/h3>\n\n\n\n<p class=\"wp-block-paragraph\"><span style=\"font-weight: 400;\">Sombre este de obicei cel mai u\u0219or de \u00eentre\u021binut, deoarece amestecul este deja moale. C\u00e2nd cre\u0219te, pare inten\u021bionat, a\u0219a c\u0103 pute\u021bi \u00eentinde timpul dintre vizitele la salon.<\/span><\/p>\n\n\n\n<figure class=\"wp-block-image\"><img decoding=\"async\" src=\"https:\/\/haircenterofturkey.com\/wp-content\/uploads\/2025\/10\/3-17.webp\" alt=\"Differences Between Ombre, Balayage, and Sombr\u00e9\" title=\"\"><\/figure>\n\n\n\n<p class=\"wp-block-paragraph\"><\/p>\n\n\n\n<h2 class=\"wp-block-heading\" id=\"key-differences-between-ombre-balayage-and-sombre\"><b>Diferen\u021bele cheie \u00eentre Ombre, Balayage \u0219i Sombre<\/b><\/h2>\n\n\n\n<p class=\"wp-block-paragraph\"><span style=\"font-weight: 400;\">Iat\u0103 cel mai simplu mod de a le compara:<\/span><\/p>\n\n\n\n<ul class=\"wp-block-list\">\n<li><span style=\"font-weight: 400;\">Tranzi\u021bie: Ombre are cel mai vizibil fade; balayage \u00eembin\u0103 luminile pe tot parcursul; sombr\u00e9 este o estompare mai moale, mai subtil\u0103.<\/span><\/li>\n\n\n\n<li><span style=\"font-weight: 400;\">Contrast: Ombre este \u00eendr\u0103zne\u021b; balayage este moderat \u0219i dimensional; sombr\u00e9 este cel mai natural.<\/span><\/li>\n\n\n\n<li><span style=\"font-weight: 400;\">Aplica\u021bie: Ombre se concentreaz\u0103 pe luminarea lungimii mijlocii \u0219i a v\u00e2rfurilor; balayage este plasare pictat manual; sombr\u00e9 folose\u0219te o abordare bl\u00e2nd\u0103, amestecat\u0103 de ombre.<\/span><\/li>\n\n\n\n<li><span style=\"font-weight: 400;\">\u00centre\u021binere: Sombre este de obicei cea mai sc\u0103zut\u0103 \u00eentre\u021binere; balayage este moderat; ombre are adesea nevoie de \u00eengrijire final\u0103 (hidratare\/tonifiere), chiar dac\u0103 r\u0103d\u0103cinile sunt l\u0103sate \u00een pace.<\/span><\/li>\n<\/ul>\n\n\n\n<p class=\"wp-block-paragraph\"><span style=\"font-weight: 400;\">Stilistul t\u0103u poate ajusta oricare dintre aceste tehnici pentru a se potrivi st\u0103rii p\u0103rului t\u0103u, culorii ini\u021biale \u0219i c\u00e2t de lumin\u0103 vrei s\u0103 fie.<\/span><\/p>\n\n\n\n<h2 class=\"wp-block-heading\" id=\"who-each-technique-is-suitable-for\"><b>Pentru cine este potrivit\u0103 fiecare tehnic\u0103<\/b><\/h2>\n\n\n\n<p class=\"wp-block-paragraph\"><span style=\"font-weight: 400;\">Un ghid rapid bazat pe aspectul dorit \u0219i pe lungimea p\u0103rului:<\/span><\/p>\n\n\n\n<p class=\"wp-block-paragraph\"><b>Ombre: <\/b><span style=\"font-weight: 400;\">Dac\u0103 dori\u021bi un efect \u00eendr\u0103zne\u021b, \u00een dou\u0103 tonuri \u0219i s\u0103 ave\u021bi suficient\u0103 lungime pentru a afi\u0219a un gradient complet.<\/span><\/p>\n\n\n\n<p class=\"wp-block-paragraph\"><b>Balayage: <\/b><span style=\"font-weight: 400;\">Dac\u0103 dori\u021bi luminozitate natural\u0103, dimensiunea de \u00eencadrare a fe\u021bei \u0219i o plasare flexibil\u0103 care cre\u0219te u\u0219or.<\/span><\/p>\n\n\n\n<h3 class=\"wp-block-heading western\" id=\"sombre-if-you-want-a-subtle-change-minimal-contrast-and-the-easiest-grow-out\"><b>Sombre: <\/b><span style=\"font-weight: 400;\">Dac\u0103 dori\u021bi o schimbare subtil\u0103, un contrast minim \u0219i cea mai u\u0219oar\u0103 cre\u0219tere.<\/span><\/h3>\n\n\n\n<figure class=\"wp-block-image\"><img decoding=\"async\" src=\"https:\/\/haircenterofturkey.com\/wp-content\/uploads\/2025\/10\/4.webp\" alt=\"Differences Between Ombre, Balayage, and Sombr\u00e9\" title=\"\"><\/figure>\n\n\n\n<p class=\"wp-block-paragraph\"><\/p>\n\n\n\n<h2 class=\"wp-block-heading\" id=\"hair-care-tips-after-coloring\"><b>Sfaturi de \u00eengrijire a p\u0103rului dup\u0103 vopsire<\/b><\/h2>\n\n\n\n<p class=\"wp-block-paragraph\"><span style=\"font-weight: 400;\">Indiferent de tehnica pe care o alege\u021bi, p\u0103rul vopsit r\u0103m\u00e2ne mai s\u0103n\u0103tos, cu o cur\u0103\u021bare bl\u00e2nd\u0103 \u0219i o umiditate constant\u0103. Urm\u0103re\u0219te \u0219ampon \u0219i balsam sigur pentru culoare, limiteaz\u0103 c\u0103ldura ridicat\u0103 \u0219i folose\u0219te protec\u021bie UV atunci c\u00e2nd e\u0219ti \u00een soare puternic.<\/span><\/p>\n\n\n\n<p class=\"wp-block-paragraph\"><span style=\"font-weight: 400;\">Sfaturi specifice tehnicii:<\/span><\/p>\n\n\n\n<ul class=\"wp-block-list\">\n<li><b>Ombre: <\/b><span style=\"font-weight: 400;\">Concentra\u021bi-v\u0103 pe capete. Utiliza\u021bi o masc\u0103 de condi\u021bionare profund\u0103 o dat\u0103 sau de dou\u0103 ori pe s\u0103pt\u0103m\u00e2n\u0103 \u0219i ad\u0103uga\u021bi un balsam f\u0103r\u0103 \u00eendoial\u0103 \u00eenainte de coafare.<\/span><\/li>\n\n\n\n<li><b>Balayage: <\/b><span style=\"font-weight: 400;\">P\u0103stra\u021bi str\u0103lucirea luminii cu un ser sau ulei u\u0219or \u0219i lua\u021bi \u00een considerare o re\u00eemprosp\u0103tare a tonerului c\u00e2nd apare culoarea alam\u0103.<\/span><\/li>\n\n\n\n<li><b>Sombre: <\/b><span style=\"font-weight: 400;\">Respecta\u021bi hidratarea \u0219i protec\u021bia \u00eempotriva c\u0103ldurii. Deoarece contrastul este bl\u00e2nd, \u00eentre\u021binerea regulat\u0103 acas\u0103, de obicei, merge mult.<\/span><\/li>\n<\/ul>\n\n\n\n<p class=\"wp-block-paragraph\"><span style=\"font-weight: 400;\">Dac\u0103 p\u0103rul t\u0103u se simte uscat sau fragil dup\u0103 decolorare, reduce\u021bi coafarea la c\u0103ldur\u0103 \u0219i \u00eentreba\u021bi-v\u0103 stilistul despre un tratament de reparare a leg\u0103turii.<\/span><\/p>\n\n\n\n<h2 class=\"wp-block-heading\" id=\"fa-qs\"><b>\u00centreb\u0103ri frecvente<\/b><\/h2>\n\n\n<div id=\"rank-math-faq\" class=\"rank-math-block\">\n<div class=\"rank-math-list \">\n<div id=\"faq-question-1771493946430\" class=\"rank-math-list-item\">\n<h3 class=\"rank-math-question \">P\u0103rul ombre are \u00eentre\u021binere ridicat\u0103?<\/h3>\n<div class=\"rank-math-answer \">\n\n<p>Nu; ombr\u00e9 are de obicei o \u00eentre\u021binere redus\u0103, deoarece recre\u0219terea se amestec\u0103 u\u0219or.<\/p>\n\n<\/div>\n<\/div>\n<div id=\"faq-question-1771493952291\" class=\"rank-math-list-item\">\n<h3 class=\"rank-math-question \">Balayage sau ombr\u00e9 dureaz\u0103 mai mult?<\/h3>\n<div class=\"rank-math-answer \">\n\n<p>Balayage dureaz\u0103 de obicei mai mult, deoarece cre\u0219te mai natural.<\/p>\n\n<\/div>\n<\/div>\n<div id=\"faq-question-1771493957342\" class=\"rank-math-list-item\">\n<h3 class=\"rank-math-question \">Ce este mai pu\u021bin\u0103 \u00eentre\u021binere, eviden\u021bieri sau balayage?<\/h3>\n<div class=\"rank-math-answer \">\n\n<p>Balayage este, de obicei, mai pu\u021bin\u0103 \u00eentre\u021binere dec\u00e2t eviden\u021bierea tradi\u021bional\u0103.<\/p>\n\n<\/div>\n<\/div>\n<div id=\"faq-question-1771493961865\" class=\"rank-math-list-item\">\n<h3 class=\"rank-math-question \">Care este mai bun, ombr\u00e9 sau balayage?<\/h3>\n<div class=\"rank-math-answer \">\n\n<p>Balayage se potrive\u0219te aspectului natural, s\u0103rutat de soare; ombr\u00e9 se potrive\u0219te cu un contrast mai puternic, \u00een dou\u0103 tonuri.<\/p>\n\n<\/div>\n<\/div>\n<div id=\"faq-question-1771493970169\" class=\"rank-math-list-item\">\n<h3 class=\"rank-math-question \">Care este culoarea p\u0103rului cu cea mai mare \u00eentre\u021binere?<\/h3>\n<div class=\"rank-math-answer \">\n\n<p>Blondul platinat este printre culorile cu cea mai mare \u00eentre\u021binere, necesit\u00e2nd tonuri frecvente \u0219i retu\u0219uri ale r\u0103d\u0103cinilor.<\/p>\n\n<\/div>\n<\/div>\n<div id=\"faq-question-1771493994700\" class=\"rank-math-list-item\">\n<h3 class=\"rank-math-question \">C\u00e2\u021bi ani dureaz\u0103 spr\u00e2ncenele ombre?<\/h3>\n<div class=\"rank-math-answer \">\n\n<p>Spr\u00e2ncenele Ombre dureaz\u0103 de obicei 1-3 ani \u00eenainte de a se estompa \u0219i de a avea nevoie de o re\u00eemprosp\u0103tare.<\/p>\n\n<\/div>\n<\/div>\n<\/div>\n<\/div>\n\n\n<p class=\"wp-block-paragraph\"><br><\/p>\n\n\n\n<p class=\"wp-block-paragraph\"><br><\/p>\n\n\n\n<p class=\"wp-block-paragraph\"><br><\/p>\n\n\n\n<p class=\"wp-block-paragraph\"><br><\/p>\n\n\n\n<p class=\"wp-block-paragraph\"><br><\/p>\n\n\n\n<p class=\"wp-block-paragraph\"><br><\/p>\n","protected":false},"excerpt":{"rendered":"<p>Diferen\u021bele dintre Ombre, Balayage \u0219i Sombre Ombre se estompeaz\u0103 de la r\u0103d\u0103cini mai \u00eentunecate la capete mai deschise, cu un gradient vizibil. Balayage folose\u0219te lumini pictate manual pentru un finisaj dimensional, s\u0103rutat de soare. Sombre (\u201eombre moale\u201d) se afl\u0103 \u00eentre cele dou\u0103, p\u0103str\u00e2nd amestecul subtil \u0219i natural. Alege\u021bi \u00een func\u021bie de c\u00e2t de \u00eendr\u0103zne\u021b dori\u021bi [&hellip;]<\/p>\n","protected":false},"author":2,"featured_media":20138,"comment_status":"closed","ping_status":"closed","sticky":false,"template":"","format":"standard","meta":{"footnotes":"","rank_math_title":"","rank_math_description":"Ombre, balayage \u0219i sombr\u00e9 difer\u0103 \u00een tehnic\u0103, tranzi\u021bie de culoare \u0219i efect general de iluminare a p\u0103rului.","rank_math_focus_keyword":"","rank_math_canonical_url":"","rank_math_breadcrumb_title":"","rank_math_facebook_title":"","rank_math_facebook_description":"","rank_math_facebook_image":"","rank_math_twitter_title":"","rank_math_twitter_description":"","rank_math_twitter_image":"","rank_math_pillar_content":""},"categories":[968,981],"tags":[],"class_list":["post-51290","post","type-post","status-publish","format-standard","has-post-thumbnail","hentry","category-blog","category-ingrijirea-parului"],"_links":{"self":[{"href":"https:\/\/haircenterofturkey.com\/ro\/wp-json\/wp\/v2\/posts\/51290","targetHints":{"allow":["GET"]}}],"collection":[{"href":"https:\/\/haircenterofturkey.com\/ro\/wp-json\/wp\/v2\/posts"}],"about":[{"href":"https:\/\/haircenterofturkey.com\/ro\/wp-json\/wp\/v2\/types\/post"}],"author":[{"embeddable":true,"href":"https:\/\/haircenterofturkey.com\/ro\/wp-json\/wp\/v2\/users\/2"}],"replies":[{"embeddable":true,"href":"https:\/\/haircenterofturkey.com\/ro\/wp-json\/wp\/v2\/comments?post=51290"}],"version-history":[{"count":3,"href":"https:\/\/haircenterofturkey.com\/ro\/wp-json\/wp\/v2\/posts\/51290\/revisions"}],"predecessor-version":[{"id":59677,"href":"https:\/\/haircenterofturkey.com\/ro\/wp-json\/wp\/v2\/posts\/51290\/revisions\/59677"}],"wp:featuredmedia":[{"embeddable":true,"href":"https:\/\/haircenterofturkey.com\/ro\/wp-json\/wp\/v2\/media\/20138"}],"wp:attachment":[{"href":"https:\/\/haircenterofturkey.com\/ro\/wp-json\/wp\/v2\/media?parent=51290"}],"wp:term":[{"taxonomy":"category","embeddable":true,"href":"https:\/\/haircenterofturkey.com\/ro\/wp-json\/wp\/v2\/categories?post=51290"},{"taxonomy":"post_tag","embeddable":true,"href":"https:\/\/haircenterofturkey.com\/ro\/wp-json\/wp\/v2\/tags?post=51290"}],"curies":[{"name":"wp","href":"https:\/\/api.w.org\/{rel}","templated":true}]}}