{"id":51265,"date":"2025-10-20T13:49:12","date_gmt":"2025-10-20T10:49:12","guid":{"rendered":"https:\/\/haircenterofturkey.com\/?p=51265"},"modified":"2026-08-31T17:47:53","modified_gmt":"2026-08-31T14:47:53","slug":"poti-face-ombre-acasa","status":"publish","type":"post","link":"https:\/\/haircenterofturkey.com\/ro\/poti-face-ombre-acasa\/","title":{"rendered":"Po\u021bi face Ombre acas\u0103?"},"content":{"rendered":"\n<h2 class=\"wp-block-heading\" id=\"can-you-do-ombre-at-home\"><b>Po\u021bi face Ombre acas\u0103?<\/b><\/h2>\n\n\n\n<p class=\"wp-block-paragraph\"><b>Da, po\u021bi face ombre acas\u0103<\/b><span style=\"font-weight: 400;\"> dac\u0103 ave\u021bi r\u0103bdare, urma\u021bi instruc\u021biunile produsului \u0219i lucra\u021bi \u00een sec\u021biuni mici, controlate. Cheia este un amestec moale (nu linii dure), sincronizare atent\u0103 \u0219i \u00eengrijire ulterioar\u0103 puternic\u0103. Dac\u0103 p\u0103rul t\u0103u este deja deteriorat, intens vopsit sau foarte \u00eenchis la culoare, un stilist este de obicei op\u021biunea mai sigur\u0103.<\/span><\/p>\n\n\n\n<h2 class=\"wp-block-heading\" id=\"what-is-ombre-hair\"><b>Ce este Ombre Hair?<\/b><\/h2>\n\n\n\n<p class=\"wp-block-paragraph\"><span style=\"font-weight: 400;\">\u201eOmbre\u201d provine din cuv\u00e2ntul francez pentru \u201eumbr\u0103\u201d. \u00cen culoarea p\u0103rului, \u00eenseamn\u0103 o schimbare treptat\u0103 de la r\u0103d\u0103cinile mai \u00eenchise la v\u00e2rfuri mai deschise. Rezultatul arat\u0103 ca o decolorare natural\u0103, cu ad\u00e2ncime \u00een partea de sus \u0219i luminozitate prin lungimi.<\/span><\/p>\n\n\n\n<p class=\"wp-block-paragraph\"><span style=\"font-weight: 400;\">Ombre este popular pentru c\u0103 este m\u0103gulitor \u0219i iert\u0103tor. Deoarece r\u0103d\u0103cinile tale r\u0103m\u00e2n mai \u00eentunecate, recre\u0219terea este mai pu\u021bin evident\u0103 dec\u00e2t culoarea capului \u00eentreg, ceea ce face ca pentru mul\u021bi oameni o \u00eentre\u021binere mai redus\u0103.<\/span><\/p>\n\n\n\n<figure class=\"wp-block-image\"><img decoding=\"async\" src=\"https:\/\/haircenterofturkey.com\/wp-content\/uploads\/2025\/10\/3_result-5.webp\" alt=\"Can You Do Ombre at Home?\" title=\"\"><\/figure>\n\n\n\n<div class=\"wp-block-rank-math-toc-block\" id=\"rank-math-toc\"><h2>Table of Contents<\/h2><nav><ul><li><a href=\"#can-you-do-ombre-at-home\">Po\u021bi face Ombre acas\u0103?<\/a><\/li><li><a href=\"#what-is-ombre-hair\">Ce este Ombre Hair?<\/a><\/li><li><a href=\"#can-you-really-do-ombre-yourself\">Po\u021bi cu adev\u0103rat s\u0103 faci Ombre?<\/a><\/li><li><a href=\"#materials-needed-for-doing-ombre-at-home\">Materiale necesare pentru a face Ombre acas\u0103<\/a><\/li><li><a href=\"#how-to-do-ombre-at-home\">Cum s\u0103 faci Ombre acas\u0103<\/a><ul><li><a href=\"#prepare-your-hair\">Preg\u0103te\u0219te-\u021bi p\u0103rul<\/a><\/li><li><a href=\"#section-your-hair\">Sec\u021bioneaz\u0103-\u021bi p\u0103rul<\/a><\/li><li><a href=\"#mix-the-lightener\">Amesteca\u021bi The Lightener<\/a><\/li><li><a href=\"#apply-the-lightener-ends-first\">Aplica\u021bi decolorantul (se termin\u0103 primul)<\/a><\/li><li><a href=\"#watch-the-processing-time\">Urm\u0103ri\u021bi Timpul de procesare<\/a><\/li><li><a href=\"#rinse-and-deep-condition\">Cl\u0103tire \u0219i stare profund\u0103<\/a><\/li><\/ul><\/li><li><a href=\"#things-to-keep-in-mind-when-doing-ombre-at-home\">Lucruri de care trebuie s\u0103 \u021bine\u021bi cont atunci c\u00e2nd face\u021bi Ombre acas\u0103<\/a><\/li><li><a href=\"#common-mistakes-when-doing-ombre-at-home\">Gre\u0219eli frecvente c\u00e2nd faci Ombre acas\u0103<\/a><\/li><li><a href=\"#ombre-at-home-or-at-the-salon\">Ombre Acas\u0103 sau La Salon?<\/a><ul><li><a href=\"#advantages-of-doing-ombre-at-home\">Avantajele de a face Ombre acas\u0103<\/a><\/li><li><a href=\"#disadvantages-of-doing-ombre-at-home\">Dezavantaje de a face Ombre acas\u0103<\/a><\/li><li><a href=\"#advantages-of-doing-ombre-at-a-salon\">Avantajele de a face Ombre la un salon<\/a><\/li><\/ul><\/li><li><a href=\"#fa-qs-about-doing-ombre-at-home\">\u00centreb\u0103ri frecvente despre a face Ombre acas\u0103<\/a><\/li><\/ul><\/nav><\/div>\n\n\n\n<h2 class=\"wp-block-heading\" id=\"can-you-really-do-ombre-yourself\"><b>Po\u021bi cu adev\u0103rat s\u0103 faci Ombre?<\/b><\/h2>\n\n\n\n<p class=\"wp-block-paragraph\"><span style=\"font-weight: 400;\">Da &#8211; \u0219i mul\u021bi oameni o fac. Principala provocare nu este aplicarea produsului; creeaz\u0103 o tranzi\u021bie lin\u0103, astfel \u00eenc\u00e2t s\u0103 nu arate ca o \u201edung\u0103\u201d dreapt\u0103 peste p\u0103r.<\/span><\/p>\n\n\n\n<p class=\"wp-block-paragraph\"><span style=\"font-weight: 400;\">Dac\u0103 e\u0219ti \u00eencep\u0103tor cu iluminarea, \u00eencepe cu rezultate subtile. Pute\u021bi merge \u00eentotdeauna mai u\u0219or \u00eentr-o a doua sesiune, dar nu pute\u021bi anula capete supraprocesate.<\/span><\/p>\n\n\n\n<h2 class=\"wp-block-heading\" id=\"materials-needed-for-doing-ombre-at-home\"><b>Materiale necesare pentru a face Ombre acas\u0103<\/b><\/h2>\n\n\n\n<p class=\"wp-block-paragraph\"><span style=\"font-weight: 400;\">Utilizarea instrumentelor potrivite face o diferen\u021b\u0103 vizibil\u0103 at\u00e2t \u00een ceea ce prive\u0219te rezultatele, c\u00e2t \u0219i starea p\u0103rului.<\/span><\/p>\n\n\n\n<p class=\"wp-block-paragraph\"><span style=\"font-weight: 400;\">Iat\u0103 ce \u00ee\u021bi vei dori la \u00eendem\u00e2n\u0103:<\/span><\/p>\n\n\n\n<ul class=\"wp-block-list\">\n<li><b>Decolorant (albitor pudr\u0103 + developer)<\/b><b><br><\/b><span style=\"font-weight: 400;\">Folosit pentru a ridica culoarea la capete. Alege\u021bi produse de renume \u0219i urma\u021bi exact raporturile de amestecare.<\/span><\/li>\n\n\n\n<li><b>Bol de nuan\u021b\u0103 \u0219i pensul\u0103 de culoare<\/b><b><br><\/b><span style=\"font-weight: 400;\">O perie v\u0103 ajut\u0103 s\u0103 \u201e\u00eenc\u0103rca\u021bi\u201d produsul \u00een sus pentru un gradient mai moale.<\/span><\/li>\n\n\n\n<li><b>M\u0103nu\u0219i<\/b><b><br><\/b><span style=\"font-weight: 400;\">\u00ce\u021bi protejeaz\u0103 pielea de irita\u021bii.<\/span><\/li>\n\n\n\n<li><b>Folie sau h\u00e2rtie de colorat (op\u021bional)<\/b><b><br><\/b><span style=\"font-weight: 400;\">Ajut\u0103 la ridicare \u0219i men\u021bine sec\u021biunile separate. Mul\u021bi oameni sar peste folie pentru un amestec mai viu.<\/span><\/li>\n\n\n\n<li><b>Pieptene \u0219i cleme de sec\u021bionare<\/b><b><br><\/b><span style=\"font-weight: 400;\">Desp\u0103r\u021birile curate fac aplicarea mult mai u\u0219oar\u0103 \u0219i mai uniform\u0103.<\/span><\/li>\n\n\n\n<li><b>Prosop vechi \u0219i pelerin\u0103\/c\u0103ma\u0219\u0103 pe care nu te deranjeaz\u0103 s\u0103 le p\u0103tezi<\/b><b><br><\/b><span style=\"font-weight: 400;\">Decolorantul poate \u00een\u0103lbi rapid materialul.<\/span><\/li>\n\n\n\n<li><b>Masc\u0103 hidratant\u0103 sau ulei de p\u0103r<\/b><b><br><\/b><span style=\"font-weight: 400;\">Planifica\u021bi imediat \u00eengrijirea ulterioar\u0103, mai ales dac\u0103 deschide\u021bi p\u0103rul \u00eentunecat.<\/span><\/li>\n<\/ul>\n\n\n\n<h2 class=\"wp-block-heading\" id=\"how-to-do-ombre-at-home\"><b>Cum s\u0103 faci Ombre acas\u0103<\/b><\/h2>\n\n\n\n<p class=\"wp-block-paragraph\"><span style=\"font-weight: 400;\">Dac\u0103 dori\u021bi cea mai natural\u0103 umbr\u0103, g\u00e2ndi\u021bi-v\u0103 \u201ecel mai u\u0219or la capete, mai moale pe m\u0103sur\u0103 ce se mi\u0219c\u0103 \u00een sus\u201d. Lucra\u021bi \u00eencet \u0219i verifica\u021bi-v\u0103 progresul des.<\/span><\/p>\n\n\n\n<h3 class=\"wp-block-heading\" id=\"prepare-your-hair\"><b>Preg\u0103te\u0219te-\u021bi p\u0103rul<\/b><\/h3>\n\n\n\n<p class=\"wp-block-paragraph\"><span style=\"font-weight: 400;\">\u00cencepe\u021bi cu p\u0103rul uscat. Mul\u021bi oameni prefer\u0103 s\u0103 nu se spele timp de 24-48 de ore, deoarece uleiurile naturale pot ajuta la reducerea sensibilit\u0103\u021bii scalpului.<\/span><\/p>\n\n\n\n<p class=\"wp-block-paragraph\"><span style=\"font-weight: 400;\">Descurc\u0103 bine \u00eenainte de a \u00eencepe. Nodurile duc la aplicarea neuniform\u0103 \u0219i la iluminare neregulat\u0103.<\/span><\/p>\n\n\n\n<h3 class=\"wp-block-heading\" id=\"section-your-hair\"><b>Sec\u021bioneaz\u0103-\u021bi p\u0103rul<\/b><\/h3>\n\n\n\n<p class=\"wp-block-paragraph\"><span style=\"font-weight: 400;\">\u00cemp\u0103r\u021bi\u021bi-v\u0103 p\u0103rul \u00een 4-6 sec\u021biuni \u0219i t\u0103ia\u021bi-le. Sec\u021biunile mai mici v\u0103 ofer\u0103 mai mult control, mai ales dac\u0103 p\u0103rul este des.<\/span><\/p>\n\n\n\n<p class=\"wp-block-paragraph\"><span style=\"font-weight: 400;\">\u021aine o oglind\u0103 \u00een spatele t\u0103u dac\u0103 lucrezi la spate. O vizibilitate mai bun\u0103 previne locurile ratate.<\/span><\/p>\n\n\n\n<h3 class=\"wp-block-heading\" id=\"mix-the-lightener\"><b>Amesteca\u021bi The Lightener<\/b><\/h3>\n\n\n\n<p class=\"wp-block-paragraph\"><span style=\"font-weight: 400;\">Amesteca\u021bi \u00een\u0103lbitorul \u0219i revelatorul exact a\u0219a cum recomand\u0103 instruc\u021biunile produsului. Vrei o consisten\u021b\u0103 cremoas\u0103 care s\u0103 r\u0103m\u00e2n\u0103 acolo unde o a\u0219ezi, nu ceva curg\u0103tor.<\/span><\/p>\n\n\n\n<p class=\"wp-block-paragraph\"><span style=\"font-weight: 400;\">Amesteca\u021bi numai ceea ce ve\u021bi folosi imediat. Odat\u0103 activat, decolorantul \u00ee\u0219i pierde puterea \u00een timp.<\/span><\/p>\n\n\n\n<h3 class=\"wp-block-heading\" id=\"apply-the-lightener-ends-first\"><b>Aplica\u021bi decolorantul (se termin\u0103 primul)<\/b><\/h3>\n\n\n\n<p class=\"wp-block-paragraph\"><span style=\"font-weight: 400;\">\u00cencepe\u021bi de la capete \u0219i lucra\u021bi \u00een sus. Concentra\u021bi-v\u0103 pe saturarea v\u00e2rfurilor, apoi folosi\u021bi mai pu\u021bin produs pe m\u0103sur\u0103 ce v\u0103 deplasa\u021bi mai sus.<\/span><\/p>\n\n\n\n<p class=\"wp-block-paragraph\"><span style=\"font-weight: 400;\">Pentru o decolorare mai moale, folosi\u021bi pensula pentru a \u201epene\u201d marginea unde se opre\u0219te decolorantul. Acest mic pas de amestecare este ceea ce \u00eel \u00eempiedic\u0103 s\u0103 arate ca o linie aspr\u0103.<\/span><\/p>\n\n\n\n<h3 class=\"wp-block-heading\" id=\"watch-the-processing-time\"><b>Urm\u0103ri\u021bi Timpul de procesare<\/b><\/h3>\n\n\n\n<p class=\"wp-block-paragraph\"><span style=\"font-weight: 400;\">Momentul depinde de culoarea natural\u0103, de vopseaua anterioar\u0103 \u0219i de nuan\u021ba \u021bint\u0103. O gam\u0103 comun\u0103 este <\/span><b>20\u201340 de minute<\/b><span style=\"font-weight: 400;\">, dar respecta\u021bi \u00eentotdeauna timpul maxim al produsului.<\/span><\/p>\n\n\n\n<p class=\"wp-block-paragraph\"><span style=\"font-weight: 400;\">Verifica\u021bi la fiecare 5-10 minute. C\u00e2nd v\u00e2rfurile ating nivelul dorit, cl\u0103ti\u021bi imediat.<\/span><\/p>\n\n\n\n<h3 class=\"wp-block-heading\" id=\"rinse-and-deep-condition\"><b>Cl\u0103tire \u0219i stare profund\u0103<\/b><\/h3>\n\n\n\n<p class=\"wp-block-paragraph\"><span style=\"font-weight: 400;\">Cl\u0103ti\u021bi bine cu ap\u0103 c\u0103ldu\u021b\u0103, apoi \u0219ampona\u021bi conform instruc\u021biunilor. Finaliza\u021bi cu o masc\u0103 hr\u0103nitoare \u0219i l\u0103sa\u021bi-o s\u0103 ac\u021bioneze toat\u0103 timpul recomandat.<\/span><\/p>\n\n\n\n<p class=\"wp-block-paragraph\"><span style=\"font-weight: 400;\">Dac\u0103 p\u0103rul t\u0103u se simte uscat dup\u0103 aceea, este normal. Urm\u0103toarele sp\u0103l\u0103ri ar trebui s\u0103 se concentreze pe umiditate \u0219i manipulare bl\u00e2nd\u0103.<\/span><\/p>\n\n\n\n<figure class=\"wp-block-image\"><img decoding=\"async\" src=\"https:\/\/haircenterofturkey.com\/wp-content\/uploads\/2025\/10\/1_result-7.webp\" alt=\"Can You Do Ombre at Home?\" title=\"\"><\/figure>\n\n\n\n<p class=\"wp-block-paragraph\"><\/p>\n\n\n\n<h2 class=\"wp-block-heading\" id=\"things-to-keep-in-mind-when-doing-ombre-at-home\"><b>Lucruri de care trebuie s\u0103 \u021bine\u021bi cont atunci c\u00e2nd face\u021bi Ombre acas\u0103<\/b><\/h2>\n\n\n\n<p class=\"wp-block-paragraph\"><span style=\"font-weight: 400;\">Dac\u0103 dori\u021bi un amestec curat, asem\u0103n\u0103tor unui salon, aceste detalii conteaz\u0103 mai mult dec\u00e2t se a\u0219teapt\u0103 majoritatea oamenilor.<\/span><\/p>\n\n\n\n<ul class=\"wp-block-list\">\n<li><b>Face\u021bi un test de plasture \u0219i un test de fir.<\/b><b><br><\/b><span style=\"font-weight: 400;\">Un test de \u0219uvi\u021b\u0103 arat\u0103 c\u00e2t de repede se ridic\u0103 p\u0103rul \u0219i ce nuan\u021b\u0103 cap\u0103t\u0103.<\/span><\/li>\n\n\n\n<li><b>P\u0103rul vopsit anterior se ridic\u0103 diferit.<\/b><b><br><\/b><span style=\"font-weight: 400;\">Vopsea veche poate deveni cald\u0103, alam\u0103 sau neuniform\u0103, \u00een special la mijlocul lungimii.<\/span><\/li>\n\n\n\n<li><b>Nu urm\u0103ri\u021bi platina \u00eentr-o singur\u0103 zi.<\/b><b><br><\/b><span style=\"font-weight: 400;\">Mai multe \u0219edin\u021be bl\u00e2nde sunt mai sigure dec\u00e2t o singur\u0103 rund\u0103 agresiv\u0103.<\/span><\/li>\n\n\n\n<li><b>Poate fi necesar\u0103 tonifierea.<\/b><b><br><\/b><span style=\"font-weight: 400;\">Dac\u0103 capetele trage galben sau portocaliu, un toner (sau produse de tonifiere violet\/albastru) poate rafina nuan\u021ba.<\/span><\/li>\n<\/ul>\n\n\n\n<figure class=\"wp-block-image\"><img decoding=\"async\" src=\"https:\/\/haircenterofturkey.com\/wp-content\/uploads\/2025\/10\/2_result-5.webp\" alt=\"Can You Do Ombre at Home?\" title=\"\"><\/figure>\n\n\n\n<p class=\"wp-block-paragraph\"><\/p>\n\n\n\n<h2 class=\"wp-block-heading\" id=\"common-mistakes-when-doing-ombre-at-home\"><b>Gre\u0219eli frecvente c\u00e2nd faci Ombre acas\u0103<\/b><\/h2>\n\n\n\n<p class=\"wp-block-paragraph\"><span style=\"font-weight: 400;\">Iat\u0103 problemele care ruineaz\u0103 cel mai adesea rezultatele DIY ombre:<\/span><\/p>\n\n\n\n<ul class=\"wp-block-list\">\n<li><b>Aplicarea \u00een\u0103lbitorului prea mare sau prea uniform<\/b><b><br><\/b><span style=\"font-weight: 400;\">Ombre are nevoie de un gradient, nu de un bloc solid de luminozitate.<\/span><\/li>\n\n\n\n<li><b>Punerea de lightener pe p\u0103rul ud<\/b><b><br><\/b><span style=\"font-weight: 400;\">P\u0103rul ud se poate procesa \u00een mod imprevizibil \u0219i se poate sl\u0103bi mai repede.<\/span><\/li>\n\n\n\n<li><b>L\u0103s\u00e2nd \u00een\u0103lbitorul pe \u201edoar pu\u021bin mai mult\u201d<\/b><b><br><\/b><span style=\"font-weight: 400;\">Supraprocesarea poate cauza ruperea \u0219i o textur\u0103 aspr\u0103, elastic\u0103.<\/span><\/li>\n\n\n\n<li><b>Sari peste \u00eengrijirea ulterioar\u0103<\/b><b><br><\/b><span style=\"font-weight: 400;\">Capetele deschise au nevoie de umiditate, echilibru proteic \u0219i protec\u021bie termic\u0103.<\/span><\/li>\n\n\n\n<li><b>Ignor\u00e2nd subtonurile<\/b><b><br><\/b><span style=\"font-weight: 400;\">P\u0103rul \u00eenchis deseori se \u00eenc\u0103lze\u0219te, a\u0219a c\u0103 planifica\u021bi-v\u0103 pentru tonifiere dac\u0103 dori\u021bi rezultate mai reci.<\/span><\/li>\n<\/ul>\n\n\n\n<h2 class=\"wp-block-heading\" id=\"ombre-at-home-or-at-the-salon\"><b>Ombre Acas\u0103 sau La Salon?<\/b><\/h2>\n\n\n\n<p class=\"wp-block-paragraph\"><span style=\"font-weight: 400;\">Alegerea \u00eentre bricolaj \u0219i stilist se rezum\u0103 la toleran\u021ba la risc, starea de pornire a p\u0103rului \u0219i c\u00e2t de precis dori\u021bi amestecul.<\/span><\/p>\n\n\n\n<h3 class=\"wp-block-heading\" id=\"advantages-of-doing-ombre-at-home\"><b>Avantajele de a face Ombre acas\u0103<\/b><\/h3>\n\n\n\n<ul class=\"wp-block-list\">\n<li><span style=\"font-weight: 400;\">Mai accesibile dec\u00e2t serviciile de salon<\/span><\/li>\n\n\n\n<li><span style=\"font-weight: 400;\">Control deplin asupra timpului \u0219i plas\u0103rii<\/span><\/li>\n\n\n\n<li><span style=\"font-weight: 400;\">U\u0219or de f\u0103cut pe propriul program<\/span><\/li>\n<\/ul>\n\n\n\n<h3 class=\"wp-block-heading\" id=\"disadvantages-of-doing-ombre-at-home\"><b>Dezavantaje de a face Ombre acas\u0103<\/b><\/h3>\n\n\n\n<ul class=\"wp-block-list\">\n<li><span style=\"font-weight: 400;\">Mai greu de amestecat uniform, mai ales \u00een spate<\/span><\/li>\n\n\n\n<li><span style=\"font-weight: 400;\">\u0218anse mai mari de usc\u0103ciune sau rupere dac\u0103 sincronizarea merge prost<\/span><\/li>\n\n\n\n<li><span style=\"font-weight: 400;\">Culoarea anterioar\u0103 poate face rezultatele imprevizibile<\/span><\/li>\n<\/ul>\n\n\n\n<h3 class=\"wp-block-heading\" id=\"advantages-of-doing-ombre-at-a-salon\"><b>Avantajele de a face Ombre la un salon<\/b><\/h3>\n\n\n\n<ul class=\"wp-block-list\">\n<li><span style=\"font-weight: 400;\">Tranzi\u021bii mai u\u0219oare \u0219i plasare mai personalizat\u0103<\/span><\/li>\n\n\n\n<li><span style=\"font-weight: 400;\">Produse de calitate profesional\u0103 \u0219i op\u021biuni de suport pentru obliga\u021bii<\/span><\/li>\n\n\n\n<li><span style=\"font-weight: 400;\">Rezolvarea mai bun\u0103 a problemelor pentru p\u0103rul \u00eentunecat, vopsea cutie sau corec\u021bia culorii<\/span><\/li>\n<\/ul>\n\n\n\n<p class=\"wp-block-paragraph\"><span style=\"font-weight: 400;\">Dac\u0103 p\u0103rul t\u0103u este deja fragil, foarte \u00eenchis la culoare sau foarte vopsit, un stilist este de obicei mi\u0219carea mai sigur\u0103. Dac\u0103 p\u0103rul t\u0103u este s\u0103n\u0103tos \u0219i mergi pentru un lifting subtil, bricolajul poate func\u021biona bine cu o aplicare atent\u0103.<\/span><\/p>\n\n\n\n<h2 class=\"wp-block-heading\" id=\"fa-qs-about-doing-ombre-at-home\"><b>\u00centreb\u0103ri frecvente despre a face Ombre acas\u0103<\/b><\/h2>\n\n\n<div id=\"rank-math-faq\" class=\"rank-math-block\">\n<div class=\"rank-math-list \">\n<div id=\"faq-question-1771486995432\" class=\"rank-math-list-item\">\n<h3 class=\"rank-math-question \">Cum \u00eemi ombrez p\u0103rul acas\u0103?<\/h3>\n<div class=\"rank-math-answer \">\n\n<p>Sec\u021bioneaz\u0103 p\u0103rul, aplic\u0103 decolorant la mijloc pe v\u00e2rfuri, amestec\u0103 \u00een sus, tonific\u0103, apoi condi\u021bioneaz\u0103 \u00een profunzime.<\/p>\n\n<\/div>\n<\/div>\n<div id=\"faq-question-1771487501423\" class=\"rank-math-list-item\">\n<h3 class=\"rank-math-question \">Pot s\u0103-mi fac un balayage acas\u0103?<\/h3>\n<div class=\"rank-math-answer \">\n\n<p>Da, dar este o provocare; utiliza\u021bi un kit de balayage, vopsi\u021bi lumini de suprafa\u021b\u0103 \u0219i ridica\u021bi monitorul.<\/p>\n\n<\/div>\n<\/div>\n<div id=\"faq-question-1771487507471\" class=\"rank-math-list-item\">\n<h3 class=\"rank-math-question \">Ombr\u00e9 d\u0103uneaz\u0103 p\u0103rului t\u0103u?<\/h3>\n<div class=\"rank-math-answer \">\n\n<p>Ombr\u00e9 poate deteriora p\u0103rul deoarece albirea sl\u0103be\u0219te cuticula, mai ales f\u0103r\u0103 o condi\u021bionare adecvat\u0103.<\/p>\n\n<\/div>\n<\/div>\n<div id=\"faq-question-1771487516269\" class=\"rank-math-list-item\">\n<h3 class=\"rank-math-question \">Este greu de f\u0103cut p\u0103rul ombre?<\/h3>\n<div class=\"rank-math-answer \">\n\n<p>Ombr\u00e9 este moderat dur; chiar amestecarea \u0219i timpul corect de procesare previn liniile dure.<\/p>\n\n<\/div>\n<\/div>\n<div id=\"faq-question-1771487524700\" class=\"rank-math-list-item\">\n<h3 class=\"rank-math-question \">Este ombre mai bun dec\u00e2t balayage?<\/h3>\n<div class=\"rank-math-answer \">\n\n<p>Nici unul nu este mai bun; ombr\u00e9 este un gradient, balayage este pictat manual.<\/p>\n\n<\/div>\n<\/div>\n<\/div>\n<\/div>","protected":false},"excerpt":{"rendered":"<p>Po\u021bi face Ombre acas\u0103? Da, po\u021bi face ombre acas\u0103 dac\u0103 ave\u021bi r\u0103bdare, urma\u021bi instruc\u021biunile produsului \u0219i lucra\u021bi \u00een sec\u021biuni mici, controlate. Cheia este un amestec moale (nu linii dure), sincronizare atent\u0103 \u0219i \u00eengrijire ulterioar\u0103 puternic\u0103. Dac\u0103 p\u0103rul t\u0103u este deja deteriorat, intens vopsit sau foarte \u00eenchis la culoare, un stilist este de obicei op\u021biunea mai [&hellip;]<\/p>\n","protected":false},"author":2,"featured_media":1039,"comment_status":"closed","ping_status":"closed","sticky":false,"template":"","format":"standard","meta":{"footnotes":"","rank_math_title":"","rank_math_description":"Da, pute\u021bi face ombre acas\u0103 cu instrumentele, tehnica \u0219i r\u0103bdarea potrivite.","rank_math_focus_keyword":"","rank_math_canonical_url":"","rank_math_breadcrumb_title":"","rank_math_facebook_title":"","rank_math_facebook_description":"","rank_math_facebook_image":"","rank_math_twitter_title":"","rank_math_twitter_description":"","rank_math_twitter_image":"","rank_math_pillar_content":""},"categories":[968,981],"tags":[],"class_list":["post-51265","post","type-post","status-publish","format-standard","has-post-thumbnail","hentry","category-blog","category-ingrijirea-parului"],"_links":{"self":[{"href":"https:\/\/haircenterofturkey.com\/ro\/wp-json\/wp\/v2\/posts\/51265","targetHints":{"allow":["GET"]}}],"collection":[{"href":"https:\/\/haircenterofturkey.com\/ro\/wp-json\/wp\/v2\/posts"}],"about":[{"href":"https:\/\/haircenterofturkey.com\/ro\/wp-json\/wp\/v2\/types\/post"}],"author":[{"embeddable":true,"href":"https:\/\/haircenterofturkey.com\/ro\/wp-json\/wp\/v2\/users\/2"}],"replies":[{"embeddable":true,"href":"https:\/\/haircenterofturkey.com\/ro\/wp-json\/wp\/v2\/comments?post=51265"}],"version-history":[{"count":4,"href":"https:\/\/haircenterofturkey.com\/ro\/wp-json\/wp\/v2\/posts\/51265\/revisions"}],"predecessor-version":[{"id":60658,"href":"https:\/\/haircenterofturkey.com\/ro\/wp-json\/wp\/v2\/posts\/51265\/revisions\/60658"}],"wp:featuredmedia":[{"embeddable":true,"href":"https:\/\/haircenterofturkey.com\/ro\/wp-json\/wp\/v2\/media\/1039"}],"wp:attachment":[{"href":"https:\/\/haircenterofturkey.com\/ro\/wp-json\/wp\/v2\/media?parent=51265"}],"wp:term":[{"taxonomy":"category","embeddable":true,"href":"https:\/\/haircenterofturkey.com\/ro\/wp-json\/wp\/v2\/categories?post=51265"},{"taxonomy":"post_tag","embeddable":true,"href":"https:\/\/haircenterofturkey.com\/ro\/wp-json\/wp\/v2\/tags?post=51265"}],"curies":[{"name":"wp","href":"https:\/\/api.w.org\/{rel}","templated":true}]}}