{"id":51228,"date":"2025-11-05T13:04:02","date_gmt":"2025-11-05T10:04:02","guid":{"rendered":"https:\/\/haircenterofturkey.com\/?p=51228"},"modified":"2026-08-31T16:10:34","modified_gmt":"2026-08-31T13:10:34","slug":"generatia-urmatoare-perm","status":"publish","type":"post","link":"https:\/\/haircenterofturkey.com\/ro\/generatia-urmatoare-perm\/","title":{"rendered":"Genera\u021bia urm\u0103toare Perm"},"content":{"rendered":"\n<h2 class=\"wp-block-heading\" id=\"next-generation-perm\"><strong>Genera\u021bia urm\u0103toare Perm<\/strong><\/h2>\n\n\n\n<p class=\"wp-block-paragraph\"><span style=\"font-weight: 400;\">The Next Generation Perm este o metod\u0103 modern\u0103 de permanent conceput\u0103 pentru a crea valuri moi, cu aspect natural, cu o abordare mai bl\u00e2nd\u0103 dec\u00e2t multe permanente tradi\u021bionale. Se concentreaz\u0103 pe ob\u021binerea unei texturi de lung\u0103 durat\u0103, sus\u021bin\u00e2nd \u00een acela\u0219i timp senza\u021bia \u0219i str\u0103lucirea p\u0103rului prin mai multe formule de condi\u021bionare \u0219i o tehnic\u0103 personalizat\u0103, bazat\u0103 pe tipul de p\u0103r \u0219i modelul ondulat dorit.<\/span><\/p>\n\n\n\n<p class=\"wp-block-paragraph\"><span style=\"font-weight: 400;\">Tendin\u021bele p\u0103rului vin \u0219i pleac\u0103, dar undele naturale \u0219i volumul aerisesc r\u0103m\u00e2n la cerere. Tratamentele clasice de permanent\u0103 pot l\u0103sa p\u0103rul uscat sau casant, motiv pentru care mul\u021bi oameni ezit\u0103. Next Generation Perm este pozi\u021bionat\u0103 ca o alternativ\u0103 mai nou\u0103 pentru cei care doresc mi\u0219care \u0219i form\u0103 cu un finisaj mai prietenos cu p\u0103rul.<\/span><\/p>\n\n\n\n<h2 class=\"wp-block-heading\" id=\"what-is-a-next-generation-perm\"><b>Ce este o perm de genera\u021bie urm\u0103toare?<\/b><\/h2>\n\n\n\n<p class=\"wp-block-paragraph\"><span style=\"font-weight: 400;\">The Next Generation Perm este o tehnic\u0103 modern\u0103 de aranjare a p\u0103rului care creeaz\u0103 mai degrab\u0103 valuri largi, naturale dec\u00e2t bucle str\u00e2nse. De obicei, este descris\u0103 ca utiliz\u00e2nd formule de genera\u021bie mai nou\u0103 care au scopul de a remodela p\u0103rul, fiind \u00een acela\u0219i timp mai condi\u021bionant dec\u00e2t solu\u021biile mai vechi de permanent\u0103.<\/span><\/p>\n\n\n\n<p class=\"wp-block-paragraph\"><span style=\"font-weight: 400;\">Un obiectiv cheie este un aspect mai bl\u00e2nd dup\u0103 serviciu. Mul\u021bi oameni o aleg pentru c\u0103 rezultatul final poate p\u0103rea mai \u201etr\u0103it\u201d \u0219i mai pu\u021bin uniform dec\u00e2t o permanent\u0103 clasic\u0103.<\/span><\/p>\n\n\n\n<p class=\"wp-block-paragraph\">Aceast\u0103 metod\u0103 creeaz\u0103 valuri de lung\u0103 durat\u0103 f\u0103r\u0103 a deteriora p\u0103rul \u0219i a devenit una dintre<\/p>\n\n\n\n<figure class=\"wp-block-image\"><img decoding=\"async\" src=\"https:\/\/haircenterofturkey.com\/wp-content\/uploads\/2025\/11\/1_result-2.webp\" alt=\"Next Generation Perm\" title=\"\"><\/figure>\n\n\n\n<div class=\"wp-block-rank-math-toc-block\" id=\"rank-math-toc\"><h2>Table of Contents<\/h2><nav><ul><li><a href=\"#next-generation-perm\">Genera\u021bia urm\u0103toare Perm<\/a><\/li><li><a href=\"#what-is-a-next-generation-perm\">Ce este o perm de genera\u021bie urm\u0103toare?<\/a><\/li><li><a href=\"#how-it-differs-from-a-classic-perm\">Cum difer\u0103 de o permanent\u0103 clasic\u0103<\/a><\/li><li><a href=\"#effects-on-hair\">Efecte asupra p\u0103rului<\/a><\/li><li><a href=\"#how-the-next-generation-perm-is-applied\">Cum se aplic\u0103 Next Generation Perm<\/a><\/li><li><a href=\"#how-long-does-it-last\">C\u00e2t dureaz\u0103?<\/a><\/li><li><a href=\"#aftercare-tips-that-make-a-real-difference\">Sfaturi de \u00eengrijire ulterioar\u0103 care fac o adev\u0103rat\u0103 diferen\u021b\u0103<\/a><\/li><li><a href=\"#typical-pricing-and-what-affects-the-cost\">Pre\u021burile tipice \u0219i ceea ce afecteaz\u0103 costul<\/a><\/li><li><a href=\"#frequently-asked-questions\">\u00centreb\u0103ri frecvente<\/a><\/li><\/ul><\/nav><\/div>\n\n\n\n<h2 class=\"wp-block-heading\" id=\"how-it-differs-from-a-classic-perm\"><b>Cum difer\u0103 de o permanent\u0103 clasic\u0103<\/b><\/h2>\n\n\n\n<p class=\"wp-block-paragraph\"><span style=\"font-weight: 400;\">Permanentele tradi\u021bionale se bazeaz\u0103 adesea pe o procesare chimic\u0103 mai puternic\u0103 pentru a rupe \u0219i a reforma leg\u0103turile din p\u0103r. Acesta este unul dintre motivele pentru care unii oameni asociaz\u0103 permanentele cu usc\u0103ciune, \u00eencre\u021bire sau rupere, mai ales atunci c\u00e2nd p\u0103rul este deja fragil.<\/span><\/p>\n\n\n\n<p class=\"wp-block-paragraph\"><span style=\"font-weight: 400;\">Tehnicile Perm de genera\u021bie urm\u0103toare sunt de obicei comercializate ca fiind mai bl\u00e2nde \u0219i mai personalizabile. Ei tind s\u0103 se concentreze pe:<\/span><\/p>\n\n\n\n<ul class=\"wp-block-list\">\n<li><b>Stilul val:<\/b><span style=\"font-weight: 400;\"> mi\u0219care mai moale, mai natural\u0103 \u00een loc de bucle str\u00e2nse<\/span><\/li>\n\n\n\n<li><b>Terminare:<\/b><span style=\"font-weight: 400;\"> un aspect mai neted, mai str\u0103lucitor atunci c\u00e2nd este asociat cu o bun\u0103 \u00eengrijire ulterioar\u0103<\/span><\/li>\n\n\n\n<li><b>Personalizare:<\/b><span style=\"font-weight: 400;\"> dimensiunea tijei, plasarea \u0219i procesarea adaptate tipului de p\u0103r \u0219i aspectului dorit<\/span><\/li>\n<\/ul>\n\n\n\n<p class=\"wp-block-paragraph\"><span style=\"font-weight: 400;\">Nicio permanent\u0103 nu este complet \u201erezistent\u0103 la deteriorare\u201d, dar abordarea mai nou\u0103 este adesea aleas\u0103 pentru un finisaj mai u\u0219or de gestionat \u0219i o senza\u021bie mai pu\u021bin aspr\u0103.<\/span><\/p>\n\n\n\n<figure class=\"wp-block-image\"><img decoding=\"async\" src=\"https:\/\/haircenterofturkey.com\/wp-content\/uploads\/2025\/11\/2_result-2.webp\" alt=\"Next Generation Perm\" title=\"\"><\/figure>\n\n\n\n<p class=\"wp-block-paragraph\"><\/p>\n\n\n\n<h2 class=\"wp-block-heading\" id=\"effects-on-hair\"><b>Efecte asupra p\u0103rului<\/b><\/h2>\n\n\n\n<p class=\"wp-block-paragraph\"><span style=\"font-weight: 400;\">Mul\u021bi oameni observ\u0103 o schimbare vizibil\u0103 a texturii, volumului \u0219i timpului de coafare. P\u0103rul fin sau plat poate ar\u0103ta mai plin, \u00een timp ce p\u0103rul gros poate c\u0103p\u0103ta o form\u0103 \u0219i o mi\u0219care mai definite.<\/span><\/p>\n\n\n\n<p class=\"wp-block-paragraph\"><span style=\"font-weight: 400;\">C\u00e2nd este f\u0103cut bine, p\u0103rul arat\u0103 adesea mai lustruit f\u0103r\u0103 coafare zilnic\u0103 la c\u0103ldur\u0103. Frizz-ul poate fi, de asemenea, mai u\u0219or de controlat, deoarece modelul ondulat ofer\u0103 p\u0103rului o form\u0103 mai consistent\u0103.<\/span><\/p>\n\n\n\n<h2 class=\"wp-block-heading\" id=\"how-the-next-generation-perm-is-applied\"><b>Cum se aplic\u0103 Next Generation Perm<\/b><\/h2>\n\n\n\n<p class=\"wp-block-paragraph\"><span style=\"font-weight: 400;\">Acest serviciu ar trebui s\u0103 fie efectuat de un stilist cu experien\u021b\u0103, care poate evalua s\u0103n\u0103tatea p\u0103rului \u0219i poate alege tehnica potrivit\u0103. Pa\u0219ii exacti variaz\u0103 \u00een func\u021bie de salon, dar procesul include de obicei:<\/span><\/p>\n\n\n\n<ol class=\"wp-block-list\">\n<li><b>Consultare:<\/b><span style=\"font-weight: 400;\"> analiza p\u0103rului, stabilirea obiectivelor \u0219i alegerea m\u0103rimii valului<\/span><\/li>\n\n\n\n<li><b>Sp\u0103lare de clarificare:<\/b><span style=\"font-weight: 400;\"> elimin\u00e2nd acumularea astfel \u00eenc\u00e2t solu\u021bia s\u0103 func\u021bioneze uniform<\/span><\/li>\n\n\n\n<li><b>Sec\u021bionare \u0219i \u00eempachetare:<\/b><span style=\"font-weight: 400;\"> role plasate pe baza modelului de und\u0103 dorit<\/span><\/li>\n\n\n\n<li><b>Prelucrare:<\/b><span style=\"font-weight: 400;\"> solu\u021bie aplicat\u0103 \u0219i monitorizat\u0103 cu aten\u021bie<\/span><\/li>\n\n\n\n<li><b>Cl\u0103tire \u0219i neutralizare:<\/b><span style=\"font-weight: 400;\"> stabilirea noii forme<\/span><\/li>\n\n\n\n<li><b>\u00cengrijire de finisare:<\/b><span style=\"font-weight: 400;\"> condi\u021bionare \u0219i coafare pentru un rezultat moale<\/span><\/li>\n<\/ol>\n\n\n\n<p class=\"wp-block-paragraph\"><span style=\"font-weight: 400;\">Dac\u0103 p\u0103rul t\u0103u este puternic decolorat sau deteriorat de c\u0103ldur\u0103, un stilist poate sugera mai \u00eent\u00e2i tratamente de reparare pentru a reduce riscul de rupere.<\/span><\/p>\n\n\n\n<h2 class=\"wp-block-heading\" id=\"how-long-does-it-last\"><b>C\u00e2t dureaz\u0103?<\/b><\/h2>\n\n\n\n<p class=\"wp-block-paragraph\"><span style=\"font-weight: 400;\">\u00cen medie, rezultatele pot dura<\/span><b>6-12 s\u0103pt\u0103m\u00e2ni<\/b><span style=\"font-weight: 400;\">, \u00een func\u021bie de tipul de p\u0103r \u0219i de rutin\u0103. Unii oameni v\u0103d o uzur\u0103 mai lung\u0103, \u00een special cu \u00eengrijire ulterioar\u0103 consecvent\u0103 \u0219i stil minim la c\u0103ldur\u0103.<\/span><\/p>\n\n\n\n<p class=\"wp-block-paragraph\"><span style=\"font-weight: 400;\">Longevitatea depinde adesea de:<\/span><\/p>\n\n\n\n<ul class=\"wp-block-list\">\n<li><span style=\"font-weight: 400;\">structura naturala a parului (fin, gros, tratat sau poros)<\/span><\/li>\n\n\n\n<li><span style=\"font-weight: 400;\">produse folosite acas\u0103<\/span><\/li>\n\n\n\n<li><span style=\"font-weight: 400;\">c\u00e2t de des folosi\u021bi unelte fierbin\u021bi<\/span><\/li>\n\n\n\n<li><span style=\"font-weight: 400;\">rutina dvs. de \u00eengrijire post-tratament<\/span><\/li>\n<\/ul>\n\n\n\n<figure class=\"wp-block-image\"><img decoding=\"async\" src=\"https:\/\/haircenterofturkey.com\/wp-content\/uploads\/2025\/11\/3_result-2.webp\" alt=\"Next Generation Perm\" title=\"\"><\/figure>\n\n\n\n<p class=\"wp-block-paragraph\"><\/p>\n\n\n\n<h2 class=\"wp-block-heading\" id=\"aftercare-tips-that-make-a-real-difference\"><b>Sfaturi de \u00eengrijire ulterioar\u0103 care fac o adev\u0103rat\u0103 diferen\u021b\u0103<\/b><\/h2>\n\n\n\n<p class=\"wp-block-paragraph\"><span style=\"font-weight: 400;\">Prima s\u0103pt\u0103m\u00e2n\u0103 conteaz\u0103 cel mai mult. Trata\u021bi-v\u0103 p\u0103rul u\u0219or \u0219i men\u021bine\u021bi umiditatea ridicat\u0103.<\/span><\/p>\n\n\n\n<ul class=\"wp-block-list\">\n<li><span style=\"font-weight: 400;\">Folosi\u021bi a<\/span><b>sampon fara sulfati<\/b><span style=\"font-weight: 400;\">\u0219i evita\u021bi produsele de clarificare dure de la \u00eenceput<\/span><\/li>\n\n\n\n<li><span style=\"font-weight: 400;\">Aplica a<\/span><b>masca hidratanta o data pe saptamana<\/b><\/li>\n\n\n\n<li><span style=\"font-weight: 400;\">Limita\u021bi coafarea la c\u0103ldur\u0103 \u0219i folosi\u021bi protec\u021bie \u00eempotriva c\u0103ldurii atunci c\u00e2nd o face\u021bi<\/span><\/li>\n\n\n\n<li><span style=\"font-weight: 400;\">Descurca\u021bi cu grij\u0103 \u0219i evita\u021bi periajul agresiv atunci c\u00e2nd p\u0103rul este ud<\/span><\/li>\n<\/ul>\n\n\n\n<p class=\"wp-block-paragraph\"><span style=\"font-weight: 400;\">\u00cengrijirea ulterioar\u0103 bun\u0103 men\u021bine valurile s\u0103 arate mai moi \u0219i ajut\u0103 forma s\u0103 reziste.<\/span><\/p>\n\n\n\n<h2 class=\"wp-block-heading\" id=\"typical-pricing-and-what-affects-the-cost\"><b>Pre\u021burile tipice \u0219i ceea ce afecteaz\u0103 costul<\/b><\/h2>\n\n\n\n<p class=\"wp-block-paragraph\"><span style=\"font-weight: 400;\">Pre\u021bul depinde de salon, de produsele folosite \u0219i de timpul necesar. P\u0103r<\/span><b>lungime si densitate<\/b><span style=\"font-weight: 400;\">sunt de obicei cei mai mari factori de cost, deoarece p\u0103rul mai lung sau mai gros necesit\u0103 mai mult produs \u0219i mai mult\u0103 munc\u0103.<\/span><\/p>\n\n\n\n<p class=\"wp-block-paragraph\"><span style=\"font-weight: 400;\">Al\u021bi factori comuni includ:<\/span><\/p>\n\n\n\n<ul class=\"wp-block-list\">\n<li><span style=\"font-weight: 400;\">experienta stilistului si locatia salonului<\/span><\/li>\n\n\n\n<li><span style=\"font-weight: 400;\">marca \u0219i calitatea solu\u021biilor permanente<\/span><\/li>\n\n\n\n<li><span style=\"font-weight: 400;\">indiferent dac\u0103 este inclus un tratament de reparare sau de lipire<\/span><\/li>\n\n\n\n<li><span style=\"font-weight: 400;\">pachete care \u00eembin\u0103 permanenta cu tratamente post-\u00eengrijire<\/span><\/li>\n<\/ul>\n\n\n\n<p class=\"wp-block-paragraph\"><span style=\"font-weight: 400;\">Dac\u0103 compara\u021bi pre\u021burile, uita\u021bi-v\u0103 la ceea ce este inclus \u00een serviciu (consulta\u021bie, produse de \u00eengrijire ulterioar\u0103, pa\u0219i de repara\u021bie), nu doar num\u0103rul de titlu.<\/span><\/p>\n\n\n\n<h2 class=\"wp-block-heading\" id=\"frequently-asked-questions\">\u00centreb\u0103ri frecvente<\/h2>\n\n\n<div id=\"rank-math-faq\" class=\"rank-math-block\">\n<div class=\"rank-math-list \">\n<div id=\"faq-question-1770712742888\" class=\"rank-math-list-item\">\n<h3 class=\"rank-math-question \">De ce genera\u021bia Z prime\u0219te permanente?<\/h3>\n<div class=\"rank-math-answer \">\n\n<p>Ei doresc o textur\u0103 de durat\u0103, volum \u0219i un aspect la mod\u0103, f\u0103r\u0103 stil de zi cu zi.<\/p>\n\n<\/div>\n<\/div>\n<div id=\"faq-question-1770712749044\" class=\"rank-math-list-item\">\n<h3 class=\"rank-math-question \">D\u0103uneaz\u0103 p\u0103rului?<\/h3>\n<div class=\"rank-math-answer \">\n\n<p>Da, permanentele pot sl\u0103bi p\u0103rul; deteriorarea cre\u0219te odat\u0103 cu \u00een\u0103lbirea, c\u0103ldura \u0219i procesarea repetat\u0103.<\/p>\n\n<\/div>\n<\/div>\n<div id=\"faq-question-1770712755816\" class=\"rank-math-list-item\">\n<h3 class=\"rank-math-question \">Este potrivit pentru toate tipurile de p\u0103r?<\/h3>\n<div class=\"rank-math-answer \">\n\n<p>Nu, p\u0103rul foarte deteriorat, puternic albit sau fragil nu este un bun candidat pentru permanent\u0103.<\/p>\n\n<\/div>\n<\/div>\n<div id=\"faq-question-1770712764799\" class=\"rank-math-list-item\">\n<h3 class=\"rank-math-question \">Sunt permanentele \u00een stil pentru 2026?<\/h3>\n<div class=\"rank-math-answer \">\n\n<p>Da, permanentele moi \u201ebro perms\u201d \u0219i cele cu textur\u0103 liber\u0103 r\u0103m\u00e2n populare \u00een 2026.<\/p>\n\n<\/div>\n<\/div>\n<div id=\"faq-question-1770712773436\" class=\"rank-math-list-item\">\n<h3 class=\"rank-math-question \">C\u00e2t s\u0103 a\u0219tep\u021bi p\u00e2n\u0103 la urm\u0103toarea permanent\u0103?<\/h3>\n<div class=\"rank-math-answer \">\n\n<p>A\u0219tepta\u021bi cel pu\u021bin 8-12 s\u0103pt\u0103m\u00e2ni sau mai mult dac\u0103 p\u0103rul se simte uscat sau se rupe.<\/p>\n\n<\/div>\n<\/div>\n<\/div>\n<\/div>\n\n\n<p class=\"wp-block-paragraph\">\u00a0<\/p>\n","protected":false},"excerpt":{"rendered":"<p>Genera\u021bia urm\u0103toare Perm The Next Generation Perm este o metod\u0103 modern\u0103 de permanent conceput\u0103 pentru a crea valuri moi, cu aspect natural, cu o abordare mai bl\u00e2nd\u0103 dec\u00e2t multe permanente tradi\u021bionale. Se concentreaz\u0103 pe ob\u021binerea unei texturi de lung\u0103 durat\u0103, sus\u021bin\u00e2nd \u00een acela\u0219i timp senza\u021bia \u0219i str\u0103lucirea p\u0103rului prin mai multe formule de condi\u021bionare \u0219i [&hellip;]<\/p>\n","protected":false},"author":2,"featured_media":1057,"comment_status":"closed","ping_status":"closed","sticky":false,"template":"","format":"standard","meta":{"footnotes":"","rank_math_title":"","rank_math_description":"Urm\u0103toarea genera\u021bie de permanent\u0103 folose\u0219te formule mai bl\u00e2nde \u0219i tehnici moderne pentru a crea valuri sau bucle moi, cu aspect natural.","rank_math_focus_keyword":"","rank_math_canonical_url":"","rank_math_breadcrumb_title":"","rank_math_facebook_title":"","rank_math_facebook_description":"","rank_math_facebook_image":"","rank_math_twitter_title":"","rank_math_twitter_description":"","rank_math_twitter_image":"","rank_math_pillar_content":""},"categories":[968,981],"tags":[],"class_list":["post-51228","post","type-post","status-publish","format-standard","has-post-thumbnail","hentry","category-blog","category-ingrijirea-parului"],"_links":{"self":[{"href":"https:\/\/haircenterofturkey.com\/ro\/wp-json\/wp\/v2\/posts\/51228","targetHints":{"allow":["GET"]}}],"collection":[{"href":"https:\/\/haircenterofturkey.com\/ro\/wp-json\/wp\/v2\/posts"}],"about":[{"href":"https:\/\/haircenterofturkey.com\/ro\/wp-json\/wp\/v2\/types\/post"}],"author":[{"embeddable":true,"href":"https:\/\/haircenterofturkey.com\/ro\/wp-json\/wp\/v2\/users\/2"}],"replies":[{"embeddable":true,"href":"https:\/\/haircenterofturkey.com\/ro\/wp-json\/wp\/v2\/comments?post=51228"}],"version-history":[{"count":3,"href":"https:\/\/haircenterofturkey.com\/ro\/wp-json\/wp\/v2\/posts\/51228\/revisions"}],"predecessor-version":[{"id":60589,"href":"https:\/\/haircenterofturkey.com\/ro\/wp-json\/wp\/v2\/posts\/51228\/revisions\/60589"}],"wp:featuredmedia":[{"embeddable":true,"href":"https:\/\/haircenterofturkey.com\/ro\/wp-json\/wp\/v2\/media\/1057"}],"wp:attachment":[{"href":"https:\/\/haircenterofturkey.com\/ro\/wp-json\/wp\/v2\/media?parent=51228"}],"wp:term":[{"taxonomy":"category","embeddable":true,"href":"https:\/\/haircenterofturkey.com\/ro\/wp-json\/wp\/v2\/categories?post=51228"},{"taxonomy":"post_tag","embeddable":true,"href":"https:\/\/haircenterofturkey.com\/ro\/wp-json\/wp\/v2\/tags?post=51228"}],"curies":[{"name":"wp","href":"https:\/\/api.w.org\/{rel}","templated":true}]}}