{"id":51171,"date":"2025-11-10T13:20:42","date_gmt":"2025-11-10T10:20:42","guid":{"rendered":"https:\/\/haircenterofturkey.com\/?p=51171"},"modified":"2026-08-31T13:19:12","modified_gmt":"2026-08-31T10:19:12","slug":"aparatele-de-par-pe-baza-de-aer-dauneaza-parului","status":"publish","type":"post","link":"https:\/\/haircenterofturkey.com\/ro\/aparatele-de-par-pe-baza-de-aer-dauneaza-parului\/","title":{"rendered":"Aparatele de p\u0103r pe baz\u0103 de aer dauneaz\u0103 p\u0103rului?"},"content":{"rendered":"\n<h2 class=\"wp-block-heading\" id=\"do-air-based-hair-stylers-damage-hair\"><b>Aparatele de p\u0103r pe baz\u0103 de aer dauneaz\u0103 p\u0103rului?<\/b><\/h2>\n\n\n\n<p class=\"wp-block-paragraph\"><span style=\"font-weight: 400;\">Folosite \u00een mod corespunz\u0103tor, aparatele de coafur\u0103 pe baz\u0103 de aer sunt de obicei mai bl\u00e2nde dec\u00e2t fiarele plate, deoarece modeleaz\u0103 p\u0103rul cu un flux de aer controlat \u0219i un contact direct cu c\u0103ldur\u0103 mai sc\u0103zut. P\u0103rul se poate usca sau rupe dac\u0103 folosi\u021bi c\u0103ldur\u0103 maxim\u0103 pentru perioade lungi de timp, coafa\u021bi p\u0103rul umed sau s\u0103ri\u021bi protec\u021bia \u00eempotriva c\u0103ldurii. Alege\u021bi cea mai sc\u0103zut\u0103 setare eficient\u0103 \u0219i men\u021bine\u021bi unealta \u00een mi\u0219care.<\/span><\/p>\n\n\n\n<p class=\"wp-block-paragraph\"><span style=\"font-weight: 400;\">Dispozitivele de coafat pe baz\u0103 de aer au devenit o op\u021biune de preferat pentru persoanele care doresc o explozie lin\u0103, valuri sau bucle f\u0103r\u0103 c\u0103ldura extrem\u0103 a unui fier plat. Se usuc\u0103 \u0219i se coafeaz\u0103 \u00een acela\u0219i timp, ceea ce poate \u00eensemna o expunere general\u0103 mai mic\u0103 la temperaturi ridicate.<\/span><\/p>\n\n\n\n<p class=\"wp-block-paragraph\"><span style=\"font-weight: 400;\">Totu\u0219i, nu sunt complet \u201erezistente la deteriorare\u201d. Rezultatele depind de nivelul de c\u0103ldur\u0103, de c\u00e2t timp \u021bine\u021bi instrumentul \u00eentr-un singur loc \u0219i dac\u0103 p\u0103rul este deja uscat, decolorat sau fragil.<\/span><\/p>\n\n\n\n<figure class=\"wp-block-image\"><img decoding=\"async\" src=\"https:\/\/haircenterofturkey.com\/wp-content\/uploads\/2025\/11\/1_result-6.webp\" alt=\"Do Air-Based Hair Stylers Damage Hair?\" title=\"\"><\/figure>\n\n\n\n<div class=\"wp-block-rank-math-toc-block\" id=\"rank-math-toc\"><h2>Table of Contents<\/h2><nav><ul><li><a href=\"#do-air-based-hair-stylers-damage-hair\">Aparatele de p\u0103r pe baz\u0103 de aer dauneaz\u0103 p\u0103rului?<\/a><\/li><li><a href=\"#what-is-an-air-based-hair-styler-and-how-does-it-work\">Ce este un aparat de coafat pe baz\u0103 de aer \u0219i cum func\u021bioneaz\u0103?<\/a><\/li><li><a href=\"#do-air-based-hair-stylers-really-damage-hair\">Aparatele pe baz\u0103 de aer deterioreaz\u0103 cu adev\u0103rat p\u0103rul?<\/a><\/li><li><a href=\"#benefits-when-used-well\">Beneficii atunci c\u00e2nd este bine folosit<\/a><\/li><li><a href=\"#common-mistakes-that-cause-damage\">Gre\u0219eli frecvente care cauzeaz\u0103 daune<\/a><\/li><li><a href=\"#why-heat-styling-changes-hair-texture\">De ce stilul cu c\u0103ldur\u0103 schimb\u0103 textura p\u0103rului<\/a><\/li><li><a href=\"#air-based-styler-vs-hair-dryer-whats-the-difference\">Styler pe baz\u0103 de aer vs usc\u0103tor de p\u0103r: care este diferen\u021ba?<\/a><\/li><li><a href=\"#how-to-use-an-air-based-hair-styler-with-less-damage\">Cum s\u0103 utiliza\u021bi un aparat de coafat pe baz\u0103 de aer cu mai pu\u021bine daune<\/a><\/li><li><a href=\"#choosing-the-right-air-based-styler-for-your-hair-type\">Alegerea aparatului de stil pe baz\u0103 de aer potrivit pentru tipul t\u0103u de p\u0103r<\/a><\/li><li><a href=\"#choosing-the-right-air-based-styler-for-your-hair-type-1\">Alegerea aparatului de stil pe baz\u0103 de aer potrivit pentru tipul t\u0103u de p\u0103r<\/a><ul><li><a href=\"#fine-or-fragile-hair\">P\u0103r fin sau fragil<\/a><\/li><li><a href=\"#thick-coarse-or-very-long-hair\">P\u0103r gros, aspru sau foarte lung<\/a><\/li><li><a href=\"#curly-or-coily-hair\">P\u0103r cre\u021b sau ondulat<\/a><\/li><li><a href=\"#color-treated-or-previously-damaged-hair\">P\u0103r colorat sau deteriorat anterior<\/a><\/li><\/ul><\/li><li><a href=\"#frequently-asked-questions\">\u00centreb\u0103ri frecvente<\/a><\/li><\/ul><\/nav><\/div>\n\n\n\n<h2 class=\"wp-block-heading\" id=\"what-is-an-air-based-hair-styler-and-how-does-it-work\"><b>Ce este un aparat de coafat pe baz\u0103 de aer \u0219i cum func\u021bioneaz\u0103?<\/b><\/h2>\n\n\n\n<p class=\"wp-block-paragraph\"><span style=\"font-weight: 400;\">Un aparat de coafat pe baza de aer foloseste un flux de aer incalzit \u2013 adesea asociat cu accesorii pentru netezire sau ondulare \u2013 pentru a modela parul pe masura ce se usuca. \u00cen loc s\u0103 apese p\u0103rul \u00eentre dou\u0103 pl\u0103ci fierbin\u021bi, se bazeaz\u0103 pe presiunea aerului, tensiune \u0219i c\u0103ldur\u0103 controlat\u0103 pentru a crea stilul.<\/span><\/p>\n\n\n\n<p class=\"wp-block-paragraph\"><span style=\"font-weight: 400;\">Majoritatea modelelor ofer\u0103 mai multe set\u0103ri de c\u0103ldur\u0103 \u0219i flux de aer, plus suplimente precum un butoi de ondulare, o perie de netezire, o perie rotund\u0103 sau un difuzor. Unele includ, de asemenea, tehnologie ionic\u0103 pentru a reduce statica \u0219i pentru a ajuta p\u0103rul s\u0103 arate mai str\u0103lucitor.<\/span><\/p>\n\n\n\n<h2 class=\"wp-block-heading\" id=\"do-air-based-hair-stylers-really-damage-hair\"><b>Aparatele pe baz\u0103 de aer deterioreaz\u0103 cu adev\u0103rat p\u0103rul?<\/b><\/h2>\n\n\n\n<p class=\"wp-block-paragraph\"><span style=\"font-weight: 400;\">Folosite corect, acestea sunt, \u00een general, mai pu\u021bin d\u0103un\u0103toare dec\u00e2t instrumentele cu c\u0103ldur\u0103 ridicat\u0103, cum ar fi fiarele de c\u0103lcat sau baghetele tradi\u021bionale de ondulare. Asta pentru c\u0103 de obicei func\u021bioneaz\u0103 la temperaturi mai sc\u0103zute \u0219i distribuie c\u0103ldura mai uniform pe sec\u021biunea de p\u0103r pe care o coafa\u021bi.<\/span><\/p>\n\n\n\n<p class=\"wp-block-paragraph\"><span style=\"font-weight: 400;\">Daunele pot ap\u0103rea \u00een continuare dac\u0103 porni\u021bi c\u0103ldura, modela\u021bi \u00een mod repetat aceea\u0219i zon\u0103 sau folosi\u021bi unealta zilnic f\u0103r\u0103 o condi\u021bionare adecvat\u0103. Dac\u0103 p\u0103rul t\u0103u este vopsit, foarte fin sau deja rupt, trata\u021bi orice instrument termic ca un factor de stres, nu o scurt\u0103tur\u0103 \u201esigur\u0103\u201d.<\/span><\/p>\n\n\n\n<h2 class=\"wp-block-heading\" id=\"benefits-when-used-well\"><b>Beneficii atunci c\u00e2nd este bine folosit<\/b><\/h2>\n\n\n\n<ul class=\"wp-block-list\">\n<li><span style=\"font-weight: 400;\">Contact cu c\u0103ldur\u0103 direct\u0103 mai sc\u0103zut\u0103 dec\u00e2t fierele plate, ceea ce ajut\u0103 la reducerea arsurilor \u0219i rugozit\u0103\u021bii.<\/span><\/li>\n\n\n\n<li><span style=\"font-weight: 400;\">Mai mult\u0103 re\u021binere a umidit\u0103\u021bii dec\u00e2t multe metode cu c\u0103ldur\u0103 mare, astfel \u00eenc\u00e2t p\u0103rul se simte adesea mai moale dup\u0103 coafare.<\/span><\/li>\n\n\n\n<li><span style=\"font-weight: 400;\">Finisaj mai neted, cu mai pu\u021bin \u00eencre\u021bit atunci c\u00e2nd utiliza\u021bi accesorii adecvate \u0219i set\u0103ri de flux de aer.<\/span><\/li>\n\n\n\n<li><span style=\"font-weight: 400;\">Volum \u0219i mi\u0219care cu aspect mai natural, \u00een special pentru explozii \u0219i valuri mai libere.<\/span><\/li>\n<\/ul>\n\n\n\n<h2 class=\"wp-block-heading\" id=\"common-mistakes-that-cause-damage\"><b>Gre\u0219eli frecvente care cauzeaz\u0103 daune<\/b><\/h2>\n\n\n\n<ul class=\"wp-block-list\">\n<li><span style=\"font-weight: 400;\">Folosind cea mai mare setare de c\u0103ldur\u0103 pentru sesiuni lungi, care poate usca cuticula \u00een timp.<\/span><\/li>\n\n\n\n<li><span style=\"font-weight: 400;\">Coafarea pe p\u0103rul umed. P\u0103rul este mai elastic \u0219i mai vulnerabil atunci c\u00e2nd este saturat, iar tragerea repetat\u0103 poate duce la rupere.<\/span><\/li>\n\n\n\n<li><span style=\"font-weight: 400;\">\u021ain\u00e2nd unealta \u00eentr-un singur loc sau re-stil\u00e2nd aceea\u0219i sec\u021biune din nou \u0219i din nou.<\/span><\/li>\n\n\n\n<li><span style=\"font-weight: 400;\">Omiterea protec\u021biei termice, \u00een special pe p\u0103rul fin, decolorat sau vopsit.<\/span><\/li>\n\n\n\n<li><span style=\"font-weight: 400;\">Neglijarea \u00eentre\u021binerii (filtrele murdare pot reduce fluxul de aer \u0219i v\u0103 pot face s\u0103 compensa\u021bi cu mai mult\u0103 c\u0103ldur\u0103).<\/span><\/li>\n<\/ul>\n\n\n\n<figure class=\"wp-block-image\"><img decoding=\"async\" src=\"https:\/\/haircenterofturkey.com\/wp-content\/uploads\/2025\/11\/2_result-6.webp\" alt=\"Do Air-Based Hair Stylers Damage Hair?\" title=\"\"><\/figure>\n\n\n\n<p class=\"wp-block-paragraph\"><\/p>\n\n\n\n<h2 class=\"wp-block-heading\" id=\"why-heat-styling-changes-hair-texture\"><b>De ce stilul cu c\u0103ldur\u0103 schimb\u0103 textura p\u0103rului<\/b><\/h2>\n\n\n\n<p class=\"wp-block-paragraph\"><span style=\"font-weight: 400;\">Forma p\u0103rului este \u021binut\u0103 \u00eempreun\u0103 prin leg\u0103turi care se schimb\u0103 atunci c\u00e2nd p\u0103rul este umed \u0219i cald. Instrumentele de coafat folosesc c\u0103ldura pentru a rearanja temporar acele leg\u0103turi, astfel \u00eenc\u00e2t p\u0103rul s\u0103 fie mai drept, mai ondulat sau mai neted.<\/span><\/p>\n\n\n\n<p class=\"wp-block-paragraph\"><span style=\"font-weight: 400;\">C\u00e2nd temperaturile sunt prea ridicate sau expunerea este prea frecvent\u0103, cuticula se poate ridica \u0219i firul de p\u0103r \u00ee\u0219i poate pierde puterea. Atunci \u00eencepi s\u0103 vezi usc\u0103ciune, \u00eencre\u021bire, v\u00e2rfuri despicate \u0219i rupere.<\/span><\/p>\n\n\n\n<h2 class=\"wp-block-heading\" id=\"air-based-styler-vs-hair-dryer-whats-the-difference\">Styler pe baz\u0103 de aer vs usc\u0103tor de p\u0103r: care este diferen\u021ba?<\/h2>\n\n\n\n<p class=\"wp-block-paragraph\"><span style=\"font-weight: 400;\">Un usc\u0103tor de p\u0103r este conceput \u00een primul r\u00e2nd pentru a elimina apa din p\u0103r. Un aparat de coafat pe baz\u0103 de aer este conceput pentru a usca \u0219i modela p\u0103rul \u00eentr-un singur pas, adesea cu accesorii care adaug\u0103 tensiune sau creeaz\u0103 bucle.<\/span><\/p>\n\n\n\n<figure class=\"wp-block-table\"><table class=\"has-fixed-layout\"><tbody><tr><td><span style=\"font-weight: 400;\">Caracteristic\u0103<\/span><\/td><td><span style=\"font-weight: 400;\">Aparat de coafat pe baza de aer<\/span><\/td><td><span style=\"font-weight: 400;\">Usc\u0103tor de p\u0103r<\/span><\/td><\/tr><tr><td><span style=\"font-weight: 400;\">Profil de c\u0103ldur\u0103<\/span><\/td><td><span style=\"font-weight: 400;\">De obicei, set\u0103ri mai sc\u0103zute, mai controlate<\/span><\/td><td><span style=\"font-weight: 400;\">Adesea, c\u0103ldur\u0103 mai mare se concentreaz\u0103 pe viteza de uscare<\/span><\/td><\/tr><tr><td><span style=\"font-weight: 400;\">Capacitate de stilizare<\/span><\/td><td><span style=\"font-weight: 400;\">Coafeaz\u0103 \u00een timpul usc\u0103rii folosind ata\u0219amente<\/span><\/td><td><span style=\"font-weight: 400;\">De obicei, are nevoie de o perie\/unelt\u0103 pentru modelare<\/span><\/td><\/tr><tr><td><span style=\"font-weight: 400;\">Timp \u0219i pa\u0219i<\/span><\/td><td><span style=\"font-weight: 400;\">Rutin\u0103 cu un singur instrument pentru mai multe stiluri<\/span><\/td><td><span style=\"font-weight: 400;\">Adesea o rutin\u0103 \u00een doi pa\u0219i (uscat, apoi stilizat)<\/span><\/td><\/tr><tr><td><span style=\"font-weight: 400;\">U\u0219urin\u021b\u0103 \u00een utilizare<\/span><\/td><td><span style=\"font-weight: 400;\">Conceput pentru coafarea cu o singur\u0103 m\u00e2n\u0103<\/span><\/td><td><span style=\"font-weight: 400;\">Adesea necesit\u0103 coordonare cu o perie<\/span><\/td><\/tr><tr><td><span style=\"font-weight: 400;\">Termin\u0103<\/span><\/td><td><span style=\"font-weight: 400;\">Mi\u0219care natural\u0103 \u0219i volum<\/span><\/td><td><span style=\"font-weight: 400;\">Depinde foarte mult de tehnica periei<\/span><\/td><\/tr><\/tbody><\/table><\/figure>\n\n\n\n<p class=\"wp-block-paragraph\"><span style=\"font-weight: 400;\">Dac\u0103 le compara\u021bi pe cele dou\u0103, cel mai mare avantaj al unui stilist pe baz\u0103 de aer este controlul: fluxul de aer \u0219i accesoriile fac mai mult lucru, a\u0219a c\u0103 adesea ave\u021bi nevoie de mai pu\u021bin\u0103 c\u0103ldur\u0103 extrem\u0103 pentru a ob\u021bine un aspect lustruit.<\/span><\/p>\n\n\n\n<figure class=\"wp-block-image\"><img decoding=\"async\" src=\"https:\/\/haircenterofturkey.com\/wp-content\/uploads\/2025\/11\/3_result-6.webp\" alt=\"Do Air-Based Hair Stylers Damage Hair?\" title=\"\"><\/figure>\n\n\n\n<p class=\"wp-block-paragraph\"><\/p>\n\n\n\n<h2 class=\"wp-block-heading\" id=\"how-to-use-an-air-based-hair-styler-with-less-damage\">Cum s\u0103 utiliza\u021bi un aparat de coafat pe baz\u0103 de aer cu mai pu\u021bine daune<\/h2>\n\n\n\n<p class=\"wp-block-paragraph\">Pentru a realiza <strong>cele mai bune rezultate la protejarea p\u0103rului:<\/strong><\/p>\n\n\n\n<ul class=\"wp-block-list\">\n<li><strong>A nu se folosi pe p\u0103rul complet ud<\/strong><br>Coafarea p\u0103rului \u00eenmuiat poate sl\u0103bi firele. P\u0103rul ar trebui s\u0103 fie de aproximativ <strong>70% uscat<\/strong> \u00eenainte de a utiliza stilrul.<\/li>\n\n\n\n<li><strong>Alege\u021bi setarea adecvat\u0103 de c\u0103ldur\u0103<\/strong><br>Foc mic pentru p\u0103rul fin, c\u0103ldur\u0103 medie pentru p\u0103rul gros sau cre\u021b. \u00cencepe\u021bi de la sc\u0103zut \u0219i cre\u0219te\u021bi treptat.<\/li>\n\n\n\n<li><strong>Utiliza\u021bi produse de protec\u021bie \u00eempotriva c\u0103ldurii<\/strong><br>Spray-urile sau serurile aplicate \u00eenainte de coafare protejeaz\u0103 suprafa\u021ba p\u0103rului de deteriorarea termic\u0103.<\/li>\n\n\n\n<li><strong>\u00cemp\u0103r\u021bi\u021bi p\u0103rul \u00een sec\u021biuni<\/strong><br>Lucrul \u00een sec\u021biuni mici asigur\u0103 un stil uniform \u0219i un aspect profesional.<\/li>\n\n\n\n<li><strong>\u00centre\u021bine-\u021bi dispozitivul<\/strong><br>Cur\u0103\u021ba\u021bi filtrul de aer \u00een mod regulat. Un filtru blocat reduce fluxul de aer \u0219i performan\u021ba dispozitivului.<\/li>\n<\/ul>\n\n\n\n<h2 class=\"wp-block-heading western\" id=\"choosing-the-right-air-based-styler-for-your-hair-type\"><strong>Alegerea aparatului de stil pe baz\u0103 de aer potrivit pentru tipul t\u0103u de p\u0103r\u00a0<\/strong><\/h2>\n\n\n\n<ul class=\"wp-block-list\">\n<li><span style=\"font-weight: 400;\">Usca\u021bi \u00eenainte mai \u00eent\u00e2i: \u00eencepe\u021bi coafarea c\u00e2nd p\u0103rul este uscat cu prosopul \u0219i cu aproximativ 70-80% uscat.<\/span><\/li>\n\n\n\n<li><span style=\"font-weight: 400;\">Folosi\u021bi un protector termic de la r\u0103d\u0103cini p\u00e2n\u0103 la v\u00e2rfuri, apoi piept\u0103na\u021bi pentru o acoperire uniform\u0103.<\/span><\/li>\n\n\n\n<li><span style=\"font-weight: 400;\">Lucra\u021bi \u00een sec\u021biuni mici, astfel \u00eenc\u00e2t s\u0103 nu trebuie s\u0103 \u201ereface\u021bi\u201d aceea\u0219i \u0219uvi\u021b\u0103 de mai multe ori.<\/span><\/li>\n\n\n\n<li><span style=\"font-weight: 400;\">Utiliza\u021bi cea mai sc\u0103zut\u0103 temperatur\u0103 eficient\u0103 \u0219i cre\u0219te\u021bi numai dac\u0103 p\u0103rul nu se \u00eent\u0103re\u0219te.<\/span><\/li>\n\n\n\n<li><span style=\"font-weight: 400;\">\u021aine\u021bi instrumentul \u00een mi\u0219care \u0219i termina\u021bi cu o lovitur\u0103 rece dac\u0103 dispozitivul dvs. are unul.<\/span><\/li>\n\n\n\n<li><span style=\"font-weight: 400;\">Cur\u0103\u021ba\u021bi filtrele \u0219i accesoriile \u00een mod regulat, astfel \u00eenc\u00e2t fluxul de aer s\u0103 r\u0103m\u00e2n\u0103 puternic \u0219i constant.<\/span><\/li>\n\n\n\n<li><span style=\"font-weight: 400;\">Echilibreaz\u0103 coafarea termic\u0103 cu hidratarea: balsam la fiecare sp\u0103lare \u0219i o masc\u0103 s\u0103pt\u0103m\u00e2nal\u0103 dac\u0103 te coafezi des.<\/span><\/li>\n<\/ul>\n\n\n\n<h2 class=\"wp-block-heading\" id=\"choosing-the-right-air-based-styler-for-your-hair-type-1\">Alegerea aparatului de stil pe baz\u0103 de aer potrivit pentru tipul t\u0103u de p\u0103r<\/h2>\n\n\n\n<p class=\"wp-block-paragraph\"><span style=\"font-weight: 400;\">Cel mai bun dispozitiv este cel care se potrive\u0219te cu densitatea, textura \u0219i starea p\u0103rului t\u0103u. Concentra\u021bi-v\u0103 pe c\u0103ldura reglabil\u0103, fluxul puternic de aer \u0219i ata\u0219amentele pe care le ve\u021bi folosi cu adev\u0103rat.<\/span><\/p>\n\n\n\n<h3 class=\"wp-block-heading\" id=\"fine-or-fragile-hair\"><b>P\u0103r fin sau fragil<\/b><\/h3>\n\n\n\n<p class=\"wp-block-paragraph\"><span style=\"font-weight: 400;\">C\u0103uta\u021bi set\u0103ri de c\u0103ldur\u0103 mai sc\u0103zute, accesorii mai luminoase \u0219i o op\u021biune de flux de aer bl\u00e2nd. O perie de netezire poate oferi lustruire f\u0103r\u0103 a avea nevoie de c\u0103ldur\u0103 maxim\u0103.<\/span><\/p>\n\n\n\n<h3 class=\"wp-block-heading\" id=\"thick-coarse-or-very-long-hair\"><b>P\u0103r gros, aspru sau foarte lung<\/b><\/h3>\n\n\n\n<p class=\"wp-block-paragraph\"><span style=\"font-weight: 400;\">Prioritizeaz\u0103 fluxul de aer puternic, o op\u021biune de c\u0103ldur\u0103 mai mare \u0219i perii mai largi pentru uscare mai rapid\u0103. Un accesoriu de perie rotund\u0103 poate ajuta la crearea tensiunii pentru o explozie mai lin\u0103.<\/span><\/p>\n\n\n\n<h3 class=\"wp-block-heading\" id=\"curly-or-coily-hair\"><b>P\u0103r cre\u021b sau ondulat<\/b><\/h3>\n\n\n\n<p class=\"wp-block-paragraph\"><span style=\"font-weight: 400;\">Un accesoriu difuzor este esen\u021bial pentru p\u0103strarea modelului de bucle, reduc\u00e2nd \u00een acela\u0219i timp \u00eencre\u021birea. Alege\u021bi un model cu mai multe niveluri de flux de aer, astfel \u00eenc\u00e2t s\u0103 v\u0103 pute\u021bi usca f\u0103r\u0103 s\u0103 desp\u0103r\u021bi\u021bi buclele.<\/span><\/p>\n\n\n\n<h3 class=\"wp-block-heading\" id=\"color-treated-or-previously-damaged-hair\"><b>P\u0103r colorat sau deteriorat anterior<\/b><\/h3>\n\n\n\n<p class=\"wp-block-paragraph\"><span style=\"font-weight: 400;\">Controlul temperaturii conteaz\u0103 cel mai mult aici. Folosi\u021bi cea mai sc\u0103zut\u0103 c\u0103ldur\u0103 care d\u0103 rezultate, baza\u021bi-v\u0103 pe un protector termic \u0219i lua\u021bi \u00een considerare un dispozitiv cu o \u0219ans\u0103 rece pentru a stabili stilul f\u0103r\u0103 c\u0103ldur\u0103 suplimentar\u0103.<\/span><\/p>\n\n\n\n<h2 class=\"wp-block-heading\" id=\"frequently-asked-questions\"><b>\u00centreb\u0103ri frecvente<\/b><\/h2>\n\n\n<div id=\"rank-math-faq\" class=\"rank-math-block\">\n<div class=\"rank-math-list \">\n<div id=\"faq-question-1770704356152\" class=\"rank-math-list-item\">\n<h3 class=\"rank-math-question \">Aparatele cu aer deterioreaz\u0103 p\u0103rul?<\/h3>\n<div class=\"rank-math-answer \">\n\n<p>Da, c\u0103ldura \u0219i tensiunea pot deteriora p\u0103rul, de\u0219i de obicei mai pu\u021bin dec\u00e2t fierul de c\u0103lcat.<\/p>\n\n<\/div>\n<\/div>\n<div id=\"faq-question-1770704439947\" class=\"rank-math-list-item\">\n<h3 class=\"rank-math-question \">Este Dyson Airwrap d\u0103un\u0103tor pentru p\u0103r?<\/h3>\n<div class=\"rank-math-answer \">\n\n<p>Nu, folose\u0219te c\u0103ldur\u0103 controlat\u0103 mai mic\u0103, dar utilizarea excesiv\u0103 poate provoca totu\u0219i daune.<\/p>\n\n<\/div>\n<\/div>\n<div id=\"faq-question-1770704450061\" class=\"rank-math-list-item\">\n<h3 class=\"rank-math-question \">Un aerograf d\u0103uneaz\u0103 p\u0103rului?<\/h3>\n<div class=\"rank-math-answer \">\n\n<p>Da, fluxul de aer fierbinte plus periajul poate provoca rupere \u0219i \u00eencre\u021bire f\u0103r\u0103 protec\u021bie.<\/p>\n\n<\/div>\n<\/div>\n<div id=\"faq-question-1770704459613\" class=\"rank-math-list-item\">\n<h3 class=\"rank-math-question \">Ce usc\u0103tor de p\u0103r d\u0103uneaz\u0103 cel mai pu\u021bin p\u0103rului?<\/h3>\n<div class=\"rank-math-answer \">\n\n<p>Un usc\u0103tor cu c\u0103ldur\u0103 sc\u0103zut\u0103 reglabil\u0103, r\u0103cire rece \u0219i tehnologie ionic\u0103\/ceramic\u0103 este cel mai bl\u00e2nd.<\/p>\n\n<\/div>\n<\/div>\n<div id=\"faq-question-1770704468158\" class=\"rank-math-list-item\">\n<h3 class=\"rank-math-question \">Coafarea la c\u0103ldur\u0103 este \u00eentotdeauna d\u0103un\u0103toare pentru p\u0103r?<\/h3>\n<div class=\"rank-math-answer \">\n\n<p>Nu, temperaturile moderate, protectia termic\u0103 \u0219i frecven\u021ba limitat\u0103 reduc semnificativ daunele.<\/p>\n\n<\/div>\n<\/div>\n<\/div>\n<\/div>","protected":false},"excerpt":{"rendered":"<p>Aparatele de p\u0103r pe baz\u0103 de aer dauneaz\u0103 p\u0103rului? Folosite \u00een mod corespunz\u0103tor, aparatele de coafur\u0103 pe baz\u0103 de aer sunt de obicei mai bl\u00e2nde dec\u00e2t fiarele plate, deoarece modeleaz\u0103 p\u0103rul cu un flux de aer controlat \u0219i un contact direct cu c\u0103ldur\u0103 mai sc\u0103zut. P\u0103rul se poate usca sau rupe dac\u0103 folosi\u021bi c\u0103ldur\u0103 maxim\u0103 [&hellip;]<\/p>\n","protected":false},"author":2,"featured_media":1065,"comment_status":"closed","ping_status":"closed","sticky":false,"template":"","format":"standard","meta":{"footnotes":"","rank_math_title":"","rank_math_description":"Dispozitivele de coafat pe baz\u0103 de aer provoac\u0103, \u00een general, mai pu\u021bine daune dec\u00e2t instrumentele tradi\u021bionale de c\u0103ldur\u0103, cum ar fi fiarele de c\u0103lcat sau baghetele de ondulare.","rank_math_focus_keyword":"","rank_math_canonical_url":"","rank_math_breadcrumb_title":"","rank_math_facebook_title":"","rank_math_facebook_description":"","rank_math_facebook_image":"","rank_math_twitter_title":"","rank_math_twitter_description":"","rank_math_twitter_image":"","rank_math_pillar_content":""},"categories":[968,981],"tags":[],"class_list":["post-51171","post","type-post","status-publish","format-standard","has-post-thumbnail","hentry","category-blog","category-ingrijirea-parului"],"_links":{"self":[{"href":"https:\/\/haircenterofturkey.com\/ro\/wp-json\/wp\/v2\/posts\/51171","targetHints":{"allow":["GET"]}}],"collection":[{"href":"https:\/\/haircenterofturkey.com\/ro\/wp-json\/wp\/v2\/posts"}],"about":[{"href":"https:\/\/haircenterofturkey.com\/ro\/wp-json\/wp\/v2\/types\/post"}],"author":[{"embeddable":true,"href":"https:\/\/haircenterofturkey.com\/ro\/wp-json\/wp\/v2\/users\/2"}],"replies":[{"embeddable":true,"href":"https:\/\/haircenterofturkey.com\/ro\/wp-json\/wp\/v2\/comments?post=51171"}],"version-history":[{"count":3,"href":"https:\/\/haircenterofturkey.com\/ro\/wp-json\/wp\/v2\/posts\/51171\/revisions"}],"predecessor-version":[{"id":60323,"href":"https:\/\/haircenterofturkey.com\/ro\/wp-json\/wp\/v2\/posts\/51171\/revisions\/60323"}],"wp:featuredmedia":[{"embeddable":true,"href":"https:\/\/haircenterofturkey.com\/ro\/wp-json\/wp\/v2\/media\/1065"}],"wp:attachment":[{"href":"https:\/\/haircenterofturkey.com\/ro\/wp-json\/wp\/v2\/media?parent=51171"}],"wp:term":[{"taxonomy":"category","embeddable":true,"href":"https:\/\/haircenterofturkey.com\/ro\/wp-json\/wp\/v2\/categories?post=51171"},{"taxonomy":"post_tag","embeddable":true,"href":"https:\/\/haircenterofturkey.com\/ro\/wp-json\/wp\/v2\/tags?post=51171"}],"curies":[{"name":"wp","href":"https:\/\/api.w.org\/{rel}","templated":true}]}}