{"id":50819,"date":"2026-04-16T12:12:07","date_gmt":"2026-04-16T09:12:07","guid":{"rendered":"https:\/\/haircenterofturkey.com\/?p=50819"},"modified":"2026-08-31T15:15:15","modified_gmt":"2026-08-31T12:15:15","slug":"deficienta-de-vitamine-provoaca-caderea-parului","status":"publish","type":"post","link":"https:\/\/haircenterofturkey.com\/ro\/deficienta-de-vitamine-provoaca-caderea-parului\/","title":{"rendered":"Deficien\u021ba de vitamine provoac\u0103 c\u0103derea p\u0103rului?"},"content":{"rendered":"\n<h2 class=\"wp-block-heading\" id=\"does-vitamin-deficiency-cause-hair-loss-what-it-really-means-for-diagnosis-and-hair-treatments\">Deficien\u021ba de vitamine provoac\u0103 c\u0103derea p\u0103rului? Ce \u00eenseamn\u0103 cu adev\u0103rat pentru diagnostic \u0219i tratamente pentru p\u0103r<\/h2>\n\n\n\n<p class=\"wp-block-paragraph\"><strong>C\u0103derea p\u0103rului<\/strong> este rareori cauzat\u0103 de un singur lucru. Genetica, hormonii, stresul, bolile \u0219i decalajele nutri\u021bionale pot juca un rol, motiv pentru care acela\u0219i simptom poate avea r\u0103d\u0103cini foarte diferite. A <strong>deficit de vitamine<\/strong> poate contribui la eliminare, dar nu explic\u0103 fiecare caz \u0219i nu trebuie tratat ca un r\u0103spuns rapid.<\/p>\n\n\n\n<div class=\"wp-block-rank-math-toc-block\" id=\"rank-math-toc\"><h2>Table of Contents<\/h2><nav><ul><li><a href=\"#does-vitamin-deficiency-cause-hair-loss-what-it-really-means-for-diagnosis-and-hair-treatments\">Deficien\u021ba de vitamine provoac\u0103 c\u0103derea p\u0103rului? Ce \u00eenseamn\u0103 cu adev\u0103rat pentru diagnostic \u0219i tratamente pentru p\u0103r<\/a><\/li><li><a href=\"#why-the-link-gets-overlooked\">De ce leg\u0103tura este trecut\u0103 cu vederea<\/a><\/li><li><a href=\"#which-deficiencies-matter-most\">Care deficien\u021be conteaz\u0103 cel mai mult<\/a><\/li><li><a href=\"#how-deficiency-related-hair-loss-usually-appears\">Cum apare de obicei c\u0103derea p\u0103rului legat\u0103 de deficien\u021b\u0103<\/a><\/li><li><a href=\"#not-every-case-is-nutritional\">Nu toate cazurile sunt nutritive<\/a><\/li><li><a href=\"#what-testing-can-clarify\">Ce poate clarifica testarea<\/a><\/li><li><a href=\"#can-supplements-solve-the-problem\">Pot suplimentele s\u0103 rezolve problema?<\/a><\/li><li><a href=\"#where-hair-treatments-fit-into-the-picture\">Unde se potrivesc tratamentele pentru p\u0103r \u00een imagine<\/a><\/li><li><a href=\"#choosing-a-clinic-with-a-diagnostic-approach\">Alegerea unei clinici cu o abordare de diagnostic<\/a><\/li><li><a href=\"#final-thoughts\">G\u00e2nduri finale<\/a><\/li><li><a href=\"#faq\">\u00centreb\u0103ri frecvente<\/a><\/li><\/ul><\/nav><\/div>\n\n\n\n<h2 class=\"wp-block-heading\" id=\"why-the-link-gets-overlooked\"><strong>De ce leg\u0103tura este trecut\u0103 cu vederea<\/strong><\/h2>\n\n\n\n<p class=\"wp-block-paragraph\">C\u0103derea p\u0103rului cauzat\u0103 de deficien\u021b\u0103 se dezvolt\u0103 adesea treptat. Oamenii observ\u0103 mai mult p\u0103r la du\u0219, mai multe \u0219uvi\u021be pe perie sau o sc\u0103dere vizibil\u0103 a densit\u0103\u021bii, dar nu \u00eentotdeauna \u00eel conecteaz\u0103 cu un nivel sc\u0103zut de fier, un nivel sc\u0103zut de vitamina D, alimenta\u021bie restric\u021bionat\u0103 sau stres fizic recent. Aceast\u0103 \u00eent\u00e2rziere este unul dintre motivele pentru care problema poate fi interpretat\u0103 gre\u0219it ca \u201edoar sub\u021bierea\u201d p\u00e2n\u0103 c\u00e2nd pierderea devine mai greu de ignorat.<\/p>\n\n\n\n<p class=\"wp-block-paragraph\">\u00centrebarea mai practic\u0103 nu este doar dac\u0103 exist\u0103 o problem\u0103 de nutrien\u021bi, ci dac\u0103 aceasta este principalul motor. La mul\u021bi pacien\u021bi, o deficien\u021b\u0103 este o pies\u0103 dintr-o imagine mai mare, mai degrab\u0103 dec\u00e2t \u00eentreaga explica\u021bie.<\/p>\n\n\n\n<figure class=\"wp-block-image size-large\"><img loading=\"lazy\" decoding=\"async\" width=\"1024\" height=\"569\" src=\"https:\/\/haircenterofturkey.com\/wp-content\/uploads\/2026\/04\/Which-Deficiencies-Matter-Most-1024x569.webp\" alt=\"Which Deficiencies Matter Most\" class=\"wp-image-35528\" title=\"\" srcset=\"https:\/\/haircenterofturkey.com\/wp-content\/uploads\/2026\/04\/Which-Deficiencies-Matter-Most-1024x569.webp 1024w, https:\/\/haircenterofturkey.com\/wp-content\/uploads\/2026\/04\/Which-Deficiencies-Matter-Most-300x167.webp 300w, https:\/\/haircenterofturkey.com\/wp-content\/uploads\/2026\/04\/Which-Deficiencies-Matter-Most-768x427.webp 768w, https:\/\/haircenterofturkey.com\/wp-content\/uploads\/2026\/04\/Which-Deficiencies-Matter-Most-150x83.webp 150w, https:\/\/haircenterofturkey.com\/wp-content\/uploads\/2026\/04\/Which-Deficiencies-Matter-Most.webp 1080w\" sizes=\"auto, (max-width: 1024px) 100vw, 1024px\" \/><\/figure>\n\n\n\n<h2 class=\"wp-block-heading\" id=\"which-deficiencies-matter-most\"><strong>Care deficien\u021be conteaz\u0103 cel mai mult<\/strong><\/h2>\n\n\n\n<p class=\"wp-block-paragraph\">Deficien\u021bele cel mai des discutate \u00een leg\u0103tur\u0103 cu c\u0103derea p\u0103rului includ:<\/p>\n\n\n\n<ul class=\"wp-block-list\">\n<li><strong>Fier sau feritin\u0103 sc\u0103zut\u0103<\/strong>, mai ales \u00een v\u0103rsarea difuz\u0103<\/li>\n\n\n\n<li><strong>Vitamina D<\/strong>, care este legat de ciclul foliculului de p\u0103r<\/li>\n\n\n\n<li><strong>Vitamina B12 \u0219i acid folic<\/strong>, mai ales atunci c\u00e2nd nutri\u021bia general\u0103 este slab\u0103<\/li>\n\n\n\n<li><strong>Zinc<\/strong>, care sus\u021bine repararea \u021besuturilor \u0219i func\u021bia foliculului<\/li>\n\n\n\n<li><strong>Biotina<\/strong>, de\u0219i adev\u0103rata deficien\u021b\u0103 este considerat\u0103 neobi\u0219nuit\u0103<\/li>\n\n\n\n<li><strong>Aport redus de proteine<\/strong>, care poate afecta ciclul de cre\u0219tere chiar dac\u0103 nu este o problem\u0103 de vitamine<\/li>\n<\/ul>\n\n\n\n<p class=\"wp-block-paragraph\">De asemenea, aici sfaturile online pot deveni \u00een\u0219el\u0103toare. Un supliment poate ajuta dac\u0103 o deficien\u021b\u0103 este confirmat\u0103, dar acela\u0219i supliment poate face foarte pu\u021bin dac\u0103 cauza real\u0103 este c\u0103derea androgenetic\u0103 a p\u0103rului, boala tiroidian\u0103, c\u0103derea autoimun\u0103 sau pierderea cauzat\u0103 de stres.<\/p>\n\n\n\n<h2 class=\"wp-block-heading\" id=\"how-deficiency-related-hair-loss-usually-appears\"><strong>Cum apare de obicei c\u0103derea p\u0103rului legat\u0103 de deficien\u021b\u0103<\/strong><\/h2>\n\n\n\n<p class=\"wp-block-paragraph\">Pierderea legat\u0103 de nutrien\u021bi apare adesea ca sub\u021biere general\u0103, mai degrab\u0103 dec\u00e2t o chelie bine definit\u0103. P\u0103rul poate p\u0103rea mai slab, densitatea poate sc\u0103dea pe scalp, iar schimbarea poate fi brusc\u0103, chiar dac\u0103 s-a dezvoltat de s\u0103pt\u0103m\u00e2ni sau luni. Recuperarea poate fi, de asemenea, lent\u0103; odat\u0103 ce nivelurile sunt corectate, p\u0103rul are de obicei nevoie de timp pentru a reintra \u00eentr-un ciclu de cre\u0219tere mai s\u0103n\u0103tos.<\/p>\n\n\n\n<p class=\"wp-block-paragraph\">Acea \u00eent\u00e2rziere conteaz\u0103. Mul\u021bi oameni intr\u0103 \u00een panic\u0103 \u0219i caut\u0103 tratamente imediate pentru p\u0103r, dar foliculul nu \u00ee\u0219i revine peste noapte doar pentru c\u0103 valoarea unui laborator se \u00eembun\u0103t\u0103\u021be\u0219te.<\/p>\n\n\n\n<h2 class=\"wp-block-heading\" id=\"not-every-case-is-nutritional\"><strong>Nu toate cazurile sunt nutritive<\/strong><\/h2>\n\n\n\n<p class=\"wp-block-paragraph\"><strong>C\u0103derea p\u0103rului<\/strong> poate fi cauzat\u0103 \u0219i de pierderea ereditar\u0103 a modelului, schimb\u0103ri hormonale, afec\u021biuni autoimune, utilizarea medicamentelor, boal\u0103 sau stres major. Chiar \u0219i dieta cu con\u021binut sc\u0103zut de calorii \u0219i pierderea rapid\u0103 \u00een greutate pot declan\u0219a pierderea f\u0103r\u0103 o deficien\u021b\u0103 clasic\u0103 de vitamine pe h\u00e2rtie. De aceea, autodiagnosticarea bazat\u0103 pe un singur simptom este riscant\u0103.<\/p>\n\n\n\n<p class=\"wp-block-paragraph\">Exist\u0103 \u0219i o alt\u0103 latur\u0103 a pove\u0219tii: mai mult nu este \u00eentotdeauna mai bun. Aportul excesiv de anumite substan\u021be nutritive, inclusiv vitamina A \u0219i seleniu, a fost, de asemenea, asociat cu c\u0103derea p\u0103rului, ceea ce face ca utilizarea suplimentelor nesupravegheate s\u0103 fie o strategie slab\u0103.<\/p>\n\n\n\n<h2 class=\"wp-block-heading\" id=\"what-testing-can-clarify\"><strong>Ce poate clarifica testarea<\/strong><\/h2>\n\n\n\n<p class=\"wp-block-paragraph\">O evaluare corect\u0103 prive\u0219te de obicei dincolo de p\u0103rul \u00een sine. Poate include:<\/p>\n\n\n\n<ul class=\"wp-block-list\">\n<li><strong>Istoric medical<\/strong>, inclusiv boli recente, medicamente, diete sau stres<\/li>\n\n\n\n<li><strong>Revizuirea dietei<\/strong>, mai ales dac\u0103 tiparele de alimenta\u021bie s-au schimbat<\/li>\n\n\n\n<li><strong>Lucr\u0103ri de s\u00e2nge<\/strong>, incluz\u00e2nd adesea studii de fier sau feritin\u0103, vitamina D, B12 \u0219i uneori zinc, \u00een func\u021bie de caz<\/li>\n\n\n\n<li><strong>Examinarea scalpului \u0219i p\u0103rului<\/strong>, pentru a distinge pierderea difuz\u0103 de pierderea modelat\u0103 sau alte forme de alopecie<\/li>\n<\/ul>\n\n\n\n<p class=\"wp-block-paragraph\">Acest pas de diagnostic este locul \u00een care multe decizii de tratament devin mai clare. Dac\u0103 problema este \u00een primul r\u00e2nd nutri\u021bional\u0103, corectarea deficien\u021bei ar trebui s\u0103 apar\u0103 \u00eenainte de a urm\u0103ri solu\u021bii cosmetice agresive. Dac\u0103 imaginea este amestecat\u0103, planificarea tratamentului devine mai nuan\u021bat\u0103.<\/p>\n\n\n\n<h2 class=\"wp-block-heading\" id=\"can-supplements-solve-the-problem\"><strong>Pot suplimentele s\u0103 rezolve problema?<\/strong><\/h2>\n\n\n\n<p class=\"wp-block-paragraph\">Uneori da, dar numai \u00een contextul potrivit. Dac\u0103 testele de s\u00e2nge confirm\u0103 o deficien\u021b\u0103, suplimentarea poate fi parte a tratamentului. Dac\u0103 nu exist\u0103 o deficien\u021b\u0103, ad\u0103ugarea mai multor vitamine nu \u00eembun\u0103t\u0103\u021be\u0219te automat cre\u0219terea p\u0103rului \u0219i poate crea pur \u0219i simplu o fals\u0103 speran\u021b\u0103.<\/p>\n\n\n\n<p class=\"wp-block-paragraph\">Biotina este cel mai bun exemplu al acestui decalaj dintre marketing \u0219i realitate. Este promovat pe scar\u0103 larg\u0103 pentru p\u0103r, dar adev\u0103rata deficien\u021b\u0103 de biotin\u0103 este rar\u0103, iar clinicienii doresc de obicei dovezi \u00eenainte de a recomanda o abordare bazat\u0103 pe suplimente.<\/p>\n\n\n\n<h2 class=\"wp-block-heading\" id=\"where-hair-treatments-fit-into-the-picture\"><strong>Unde se potrivesc tratamentele pentru p\u0103r \u00een imagine<\/strong><\/h2>\n\n\n\n<p class=\"wp-block-paragraph\"><strong>Tratamente pentru par<\/strong> \u00eenc\u0103 conteaz\u0103, dar tratamentul potrivit depinde de cauz\u0103. Dac\u0103 v\u0103rsarea este temporar\u0103 \u0219i determinat\u0103 de deficien\u021be, concentrarea poate fi corec\u021bia medical\u0103, sprijinirea scalpului \u0219i urm\u0103rire, mai degrab\u0103 dec\u00e2t interven\u021bia chirurgical\u0103. Dac\u0103 un pacient are \u0219i un model de c\u0103dere a p\u0103rului stabilit, atunci op\u021biunile de restaurare pot intra \u00een conversa\u021bie mai t\u00e2rziu.<\/p>\n\n\n\n<p class=\"wp-block-paragraph\">Aceast\u0103 distinc\u021bie este important\u0103 pentru luarea deciziilor. A <strong>transplant<\/strong> nu este un substitut pentru remedierea unei deficien\u021be netratate, iar o clinic\u0103 responsabil\u0103 ar trebui s\u0103 fie capabil\u0103 s\u0103 separe pierderea reversibil\u0103 de modelele stabile de c\u0103dere a p\u0103rului, care sunt mai potrivite pentru planificarea procedurii. Aceasta este o inferen\u021b\u0103 bazat\u0103 pe modul \u00een care ghidurile dermatologice acord\u0103 prioritate diagnosticului \u0219i modul \u00een care Centrul de p\u0103r din Turcia descrie evaluarea candidaturii \u0219i planificarea tratamentului.<\/p>\n\n\n\n<figure class=\"wp-block-gallery has-nested-images columns-default is-cropped wp-block-gallery-1 is-layout-flex wp-block-gallery-is-layout-flex\">\n<figure class=\"wp-block-image size-large\"><img loading=\"lazy\" decoding=\"async\" width=\"1024\" height=\"569\" data-id=\"35530\" src=\"https:\/\/haircenterofturkey.com\/wp-content\/uploads\/2026\/04\/Choosing-a-Clinic-With-a-Diagnostic-Approach-1024x569.webp\" alt=\"\" class=\"wp-image-35530\" title=\"\" srcset=\"https:\/\/haircenterofturkey.com\/wp-content\/uploads\/2026\/04\/Choosing-a-Clinic-With-a-Diagnostic-Approach-1024x569.webp 1024w, https:\/\/haircenterofturkey.com\/wp-content\/uploads\/2026\/04\/Choosing-a-Clinic-With-a-Diagnostic-Approach-300x167.webp 300w, https:\/\/haircenterofturkey.com\/wp-content\/uploads\/2026\/04\/Choosing-a-Clinic-With-a-Diagnostic-Approach-768x427.webp 768w, https:\/\/haircenterofturkey.com\/wp-content\/uploads\/2026\/04\/Choosing-a-Clinic-With-a-Diagnostic-Approach-150x83.webp 150w, https:\/\/haircenterofturkey.com\/wp-content\/uploads\/2026\/04\/Choosing-a-Clinic-With-a-Diagnostic-Approach.webp 1080w\" sizes=\"auto, (max-width: 1024px) 100vw, 1024px\" \/><\/figure>\n<\/figure>\n\n\n\n<h2 class=\"wp-block-heading\" id=\"choosing-a-clinic-with-a-diagnostic-approach\"><strong>Alegerea unei clinici cu o abordare de diagnostic<\/strong><\/h2>\n\n\n\n<p class=\"wp-block-paragraph\">Pentru pacien\u021bii care caut\u0103 tratamente pentru p\u0103r \u00een str\u0103in\u0103tate, procesul conteaz\u0103 la fel de mult ca \u0219i tehnica. <strong>Centrul de coafur\u0103 din Turcia<\/strong> descrie un model de consultare construit \u00een jurul revizuirii istoricului c\u0103derii p\u0103rului, examinarea caracteristicilor scalpului, analiza zonei donatoare, planificarea num\u0103rului de grefe \u0219i discutarea despre designul firului de p\u0103r \u0219i a\u0219tept\u0103rile post-procedur\u0103. Site-ul s\u0103u oficial noteaz\u0103, de asemenea, c\u0103 testele de s\u00e2nge pot face parte din fluxul de consultare preoperatorie.<\/p>\n\n\n\n<p class=\"wp-block-paragraph\">Acest tip de structur\u0103 este valoros chiar \u0219i pentru persoanele care sunt \u00eenc\u0103 \u00een stadiul de informare. Acesta sugereaz\u0103 o c\u0103l\u0103torie de tratament care \u00eencepe cu o clarificare, mai degrab\u0103 dec\u00e2t s\u0103 se gr\u0103beasc\u0103 direct la o procedur\u0103, ceea ce este deosebit de important atunci c\u00e2nd deficien\u021ba de vitamine poate face \u00eenc\u0103 parte din imagine.<\/p>\n\n\n\n<h2 class=\"wp-block-heading\" id=\"final-thoughts\"><strong>G\u00e2nduri finale<\/strong><\/h2>\n\n\n\n<p class=\"wp-block-paragraph\">Deficien\u021ba de vitamine poate afecta p\u0103rul, dar trebuie \u00een\u021beleas\u0103 ca parte a diagnosticului, nu ca o explica\u021bie la mod\u0103, care se potrive\u0219te tuturor. Cele mai puternice decizii provin de obicei dintr-un proces care combin\u0103 contextul medical, planificarea realist\u0103 \u0219i comunicarea clar\u0103. Acolo este <strong>Centrul de coafur\u0103 din Turcia<\/strong>iese \u00een eviden\u021b\u0103 cel mai natural: nu prin simplificarea excesiv\u0103 a c\u0103derii p\u0103rului, ci prin organizarea c\u0103l\u0103toriei pacientului \u00een jurul evalu\u0103rii, calit\u0103\u021bii planific\u0103rii \u0219i \u00eendrum\u0103rii constante de la \u00eenceput.<\/p>\n\n\n\n<h2 class=\"wp-block-heading\" id=\"faq\"><strong>\u00centreb\u0103ri frecvente<\/strong><\/h2>\n\n\n<div id=\"rank-math-faq\" class=\"rank-math-block\">\n<div class=\"rank-math-list \">\n<div id=\"faq-question-1776329668273\" class=\"rank-math-list-item\">\n<h3 class=\"rank-math-question \"><strong>Poate deficien\u021ba de vitamine s\u0103 provoace cu adev\u0103rat c\u0103derea p\u0103rului?<\/strong><\/h3>\n<div class=\"rank-math-answer \">\n\n<p>Da. Deficien\u021bele precum fierul sc\u0103zut, vitamina D, B12 \u0219i zinc pot contribui la v\u0103rsare, dar nu sunt singurele cauze posibile.<\/p>\n\n<\/div>\n<\/div>\n<div id=\"faq-question-1776329680437\" class=\"rank-math-list-item\">\n<h3 class=\"rank-math-question \"><strong>Care deficien\u021b\u0103 este cel mai frecvent legat\u0103 de c\u0103derea p\u0103rului?<\/strong><\/h3>\n<div class=\"rank-math-answer \">\n\n<p>Fierul sau feritina sc\u0103zut\u0103 este una dintre problemele cel mai frecvent investigate, \u00een special \u00een sub\u021bierea difuz\u0103.<\/p>\n\n<\/div>\n<\/div>\n<div id=\"faq-question-1776329686147\" class=\"rank-math-list-item\">\n<h3 class=\"rank-math-question \"><strong>Va cre\u0219te p\u0103rul din nou dup\u0103 ce deficien\u021ba este corectat\u0103?<\/strong><\/h3>\n<div class=\"rank-math-answer \">\n\n<p>De multe ori se poate \u00eembun\u0103t\u0103\u021bi, dar regenerarea este de obicei treptat\u0103 \u0219i poate dura mai degrab\u0103 luni dec\u00e2t s\u0103pt\u0103m\u00e2ni.<\/p>\n\n<\/div>\n<\/div>\n<div id=\"faq-question-1776329692365\" class=\"rank-math-list-item\">\n<h3 class=\"rank-math-question \"><strong>Ar trebui s\u0103 \u00eencep cu biotina \u00eenainte de a fi testat?<\/strong><\/h3>\n<div class=\"rank-math-answer \">\n\n<p>Nu ca prim pas. Deficitul adev\u0103rat de biotin\u0103 este neobi\u0219nuit, iar tratamentul este de obicei mai util atunci c\u00e2nd este ghidat de evaluarea clinic\u0103.<\/p>\n\n<\/div>\n<\/div>\n<div id=\"faq-question-1776329697624\" class=\"rank-math-list-item\">\n<h3 class=\"rank-math-question \"><strong>Pot fi \u00een continuare candidat pentru tratamentul p\u0103rului dac\u0103 este implicat\u0103 deficien\u021b\u0103?<\/strong><\/h3>\n<div class=\"rank-math-answer \">\n\n<p>Posibil, dar cauza de baz\u0103 ar trebui clarificat\u0103 mai \u00eent\u00e2i. O clinic\u0103 care evalueaz\u0103 zona donatoare, modelul c\u0103derii p\u0103rului \u0219i momentul general al tratamentului este de obicei cea mai bun\u0103 cale.<\/p>\n\n<\/div>\n<\/div>\n<\/div>\n<\/div>","protected":false},"excerpt":{"rendered":"<p>Deficien\u021ba de vitamine provoac\u0103 c\u0103derea p\u0103rului? Ce \u00eenseamn\u0103 cu adev\u0103rat pentru diagnostic \u0219i tratamente pentru p\u0103r C\u0103derea p\u0103rului este rareori cauzat\u0103 de un singur lucru. Genetica, hormonii, stresul, bolile \u0219i decalajele nutri\u021bionale pot juca un rol, motiv pentru care acela\u0219i simptom poate avea r\u0103d\u0103cini foarte diferite. A deficit de vitamine poate contribui la eliminare, dar [&hellip;]<\/p>\n","protected":false},"author":2,"featured_media":35527,"comment_status":"closed","ping_status":"closed","sticky":false,"template":"","format":"standard","meta":{"footnotes":"","rank_math_title":"","rank_math_description":"C\u0103derea p\u0103rului este rareori cauzat\u0103 de un singur lucru. Genetica, hormonii, stresul, bolile \u0219i decalajele nutri\u021bionale pot juca un rol.","rank_math_focus_keyword":"","rank_math_canonical_url":"","rank_math_breadcrumb_title":"","rank_math_facebook_title":"","rank_math_facebook_description":"","rank_math_facebook_image":"","rank_math_twitter_title":"","rank_math_twitter_description":"","rank_math_twitter_image":"","rank_math_pillar_content":""},"categories":[987],"tags":[],"class_list":["post-50819","post","type-post","status-publish","format-standard","has-post-thumbnail","hentry","category-caderea-parului"],"_links":{"self":[{"href":"https:\/\/haircenterofturkey.com\/ro\/wp-json\/wp\/v2\/posts\/50819","targetHints":{"allow":["GET"]}}],"collection":[{"href":"https:\/\/haircenterofturkey.com\/ro\/wp-json\/wp\/v2\/posts"}],"about":[{"href":"https:\/\/haircenterofturkey.com\/ro\/wp-json\/wp\/v2\/types\/post"}],"author":[{"embeddable":true,"href":"https:\/\/haircenterofturkey.com\/ro\/wp-json\/wp\/v2\/users\/2"}],"replies":[{"embeddable":true,"href":"https:\/\/haircenterofturkey.com\/ro\/wp-json\/wp\/v2\/comments?post=50819"}],"version-history":[{"count":5,"href":"https:\/\/haircenterofturkey.com\/ro\/wp-json\/wp\/v2\/posts\/50819\/revisions"}],"predecessor-version":[{"id":60548,"href":"https:\/\/haircenterofturkey.com\/ro\/wp-json\/wp\/v2\/posts\/50819\/revisions\/60548"}],"wp:featuredmedia":[{"embeddable":true,"href":"https:\/\/haircenterofturkey.com\/ro\/wp-json\/wp\/v2\/media\/35527"}],"wp:attachment":[{"href":"https:\/\/haircenterofturkey.com\/ro\/wp-json\/wp\/v2\/media?parent=50819"}],"wp:term":[{"taxonomy":"category","embeddable":true,"href":"https:\/\/haircenterofturkey.com\/ro\/wp-json\/wp\/v2\/categories?post=50819"},{"taxonomy":"post_tag","embeddable":true,"href":"https:\/\/haircenterofturkey.com\/ro\/wp-json\/wp\/v2\/tags?post=50819"}],"curies":[{"name":"wp","href":"https:\/\/api.w.org\/{rel}","templated":true}]}}