{"id":50807,"date":"2026-04-18T10:59:16","date_gmt":"2026-04-18T07:59:16","guid":{"rendered":"https:\/\/haircenterofturkey.com\/?p=50807"},"modified":"2026-08-31T14:54:08","modified_gmt":"2026-08-31T11:54:08","slug":"cel-mai-bun-sezon-pentru-un-transplant-de-par-ce-conteaza-cu-adevarat","status":"publish","type":"post","link":"https:\/\/haircenterofturkey.com\/ro\/cel-mai-bun-sezon-pentru-un-transplant-de-par-ce-conteaza-cu-adevarat\/","title":{"rendered":"Cel mai bun sezon pentru un transplant de p\u0103r: ce conteaz\u0103 cu adev\u0103rat"},"content":{"rendered":"\n<p class=\"wp-block-paragraph\">Majoritatea oamenilor care \u00eencep s\u0103 cerceteze un transplant de p\u0103r se \u00eent\u00e2lnesc rapid cu aceea\u0219i \u00eentrebare. Exist\u0103 o lun\u0103 potrivit\u0103 pentru a o rezerva? Unii jur\u0103 pe iarn\u0103. Al\u021bii insist\u0103 c\u0103 prim\u0103vara este mai sigur\u0103. Adev\u0103rul este pu\u021bin mai pu\u021bin dramatic \u0219i, sincer, un pic mai interesant.<\/p>\n\n\n\n<h2 class=\"wp-block-heading\" id=\"why-timing-feels-like-such-a-big-decision\">De ce sincronizarea se simte ca o decizie at\u00e2t de mare<\/h2>\n\n\n\n<p class=\"wp-block-paragraph\">Oamenii care pl\u0103nuiesc un transplant caut\u0103 adesea o fereastr\u0103 perfect\u0103, deoarece decizia \u00een sine este emo\u021bional\u0103. Rezerva\u021bi ceva care v\u0103 va modela felul \u00een care ar\u0103\u021bi timp de ani de zile. A\u0219a c\u0103 este firesc s\u0103 dore\u0219ti ca fiecare variabil\u0103 s\u0103 fie aliniat\u0103. Dar anotimpurile joac\u0103 un rol mai mic dec\u00e2t sugereaz\u0103 forumurile. Ceea ce modeleaz\u0103 cu adev\u0103rat rezultatul este planificarea chirurgical\u0103, calitatea zonei donatoare \u0219i disciplina de \u00eengrijire ulterioar\u0103.<\/p>\n\n\n\n<div class=\"wp-block-rank-math-toc-block\" id=\"rank-math-toc\"><h2>Table of Contents<\/h2><nav><ul><li><a href=\"#why-timing-feels-like-such-a-big-decision\">De ce sincronizarea se simte ca o decizie at\u00e2t de mare<\/a><\/li><li><a href=\"#weather-matters-less-than-people-think\">Vremea conteaz\u0103 mai pu\u021bin dec\u00e2t cred oamenii<\/a><\/li><li><a href=\"#a-closer-look-at-winter-procedures\">O privire mai atent\u0103 asupra procedurilor de iarn\u0103<\/a><\/li><li><a href=\"#spring-and-the-recovery-window\">Prim\u0103vara \u0219i fereastra de recuperare<\/a><\/li><li><a href=\"#summer-considerations-for-international-patients\">Considera\u021bii de var\u0103 pentru pacien\u021bii interna\u021bionali<\/a><\/li><li><a href=\"#autumn-the-quiet-favorite\">Toamn\u0103: Favorita Lini\u0219t\u0103<\/a><\/li><li><a href=\"#how-hair-center-of-turkey-plans-around-the-seasons\">Cum planific\u0103 Hair Center din Turcia \u00een jurul anotimpurilor<\/a><\/li><li><a href=\"#factors-that-matter-more-than-the-calendar\">Factori care conteaz\u0103 mai mult dec\u00e2t calendarul<\/a><\/li><li><a href=\"#final-thoughts\">G\u00e2nduri finale<\/a><\/li><li><a href=\"#faq\">\u00centreb\u0103ri frecvente<\/a><\/li><\/ul><\/nav><\/div>\n\n\n\n<p class=\"wp-block-paragraph\">Totu\u0219i, sincronizarea nu este irelevant\u0103. Ea influen\u021beaz\u0103 confortul, programarea \u0219i logistica c\u0103l\u0103toriei, \u00een special pentru pacien\u021bii interna\u021bionali care zboar\u0103 spre Istanbul pentru o c\u0103l\u0103torie structurat\u0103 de tratament.<\/p>\n\n\n\n<h2 class=\"wp-block-heading\" id=\"weather-matters-less-than-people-think\">Vremea conteaz\u0103 mai pu\u021bin dec\u00e2t cred oamenii<\/h2>\n\n\n\n<p class=\"wp-block-paragraph\">Grefelor nu prea le pas\u0103 de luna din calendar. Le pas\u0103 de oxigen, hidratare, manipulare bl\u00e2nd\u0103 \u0219i un mediu curat al scalpului \u00een primele zece p\u00e2n\u0103 la paisprezece zile. Clima interioar\u0103 conteaz\u0103 mult mai mult dec\u00e2t cerul de afar\u0103.<\/p>\n\n\n\n<p class=\"wp-block-paragraph\">Acestea fiind spuse, o m\u00e2n\u0103 de factori sezonieri schimb\u0103 experien\u021ba:<\/p>\n\n\n\n<ul class=\"wp-block-list\">\n<li>Expunerea direct\u0103 la soare pe zona destinatar\u0103<\/li>\n\n\n\n<li>Transpira\u021bie sub \u0219apc\u0103 pe vreme cald\u0103<\/li>\n\n\n\n<li>P\u0103l\u0103rii grele de iarn\u0103 care preseaz\u0103 \u00eempotriva grefelor proaspete<\/li>\n\n\n\n<li>Nivelul de umiditate \u00een timpul zborului spre cas\u0103<\/li>\n\n\n\n<li>Expunere la piscin\u0103 \u0219i la mare \u00een timpul vacan\u021bei de var\u0103<\/li>\n<\/ul>\n\n\n\n<p class=\"wp-block-paragraph\">Nici unul dintre ace\u0219tia nu este dealbreakers. Sunt variabile de gestionat, nu obstacole.<\/p>\n\n\n\n<h2 class=\"wp-block-heading\" id=\"a-closer-look-at-winter-procedures\">O privire mai atent\u0103 asupra procedurilor de iarn\u0103<\/h2>\n\n\n\n<p class=\"wp-block-paragraph\">Iarna este lini\u0219tit\u0103 popular\u0103. Temperaturile mai sc\u0103zute \u00eenseamn\u0103 mai pu\u021bin\u0103 transpira\u021bie, ceea ce face primele zile mai confortabile. E\u0219arfele \u0219i gluga largi sunt mai u\u0219or de purtat dec\u00e2t \u0219epcile str\u00e2nse. \u0218i pentru c\u0103 oamenii tind s\u0103 r\u0103m\u00e2n\u0103 \u00een cas\u0103, expunerea accidental\u0103 la soare scade semnificativ.<\/p>\n\n\n\n<p class=\"wp-block-paragraph\">Dar iarna are propriile ei ciudatenii. P\u0103l\u0103riile grele pot ap\u0103sa pe grefe. \u00cenc\u0103lzirea uscat\u0103 de interior irit\u0103 uneori scalpul. Prin urmare, pacien\u021bii trebuie s\u0103 se hidrateze cu aten\u021bie \u0219i s\u0103 evite capacele de l\u00e2n\u0103 str\u00e2nse \u00een primele c\u00e2teva s\u0103pt\u0103m\u00e2ni dup\u0103 procedur\u0103.<\/p>\n\n\n\n<h2 class=\"wp-block-heading\" id=\"spring-and-the-recovery-window\">Prim\u0103vara \u0219i fereastra de recuperare<\/h2>\n\n\n\n<figure class=\"wp-block-image size-large\"><img loading=\"lazy\" decoding=\"async\" width=\"1024\" height=\"569\" src=\"https:\/\/haircenterofturkey.com\/wp-content\/uploads\/2026\/04\/Spring-and-the-Recovery-Window-1024x569.webp\" alt=\"Spring and the Recovery Window\" class=\"wp-image-35849\" title=\"\" srcset=\"https:\/\/haircenterofturkey.com\/wp-content\/uploads\/2026\/04\/Spring-and-the-Recovery-Window-1024x569.webp 1024w, https:\/\/haircenterofturkey.com\/wp-content\/uploads\/2026\/04\/Spring-and-the-Recovery-Window-300x167.webp 300w, https:\/\/haircenterofturkey.com\/wp-content\/uploads\/2026\/04\/Spring-and-the-Recovery-Window-768x427.webp 768w, https:\/\/haircenterofturkey.com\/wp-content\/uploads\/2026\/04\/Spring-and-the-Recovery-Window-150x83.webp 150w, https:\/\/haircenterofturkey.com\/wp-content\/uploads\/2026\/04\/Spring-and-the-Recovery-Window.webp 1080w\" sizes=\"auto, (max-width: 1024px) 100vw, 1024px\" \/><\/figure>\n\n\n\n<p class=\"wp-block-paragraph\">Prim\u0103vara se simte echilibrat\u0103. Temperaturile sunt bl\u00e2nde. Soarele este prezent, dar nu aspru. Mul\u021bi pacien\u021bi \u00ee\u0219i rezerv\u0103 procedura \u00een martie sau aprilie, astfel \u00eenc\u00e2t vindecarea vizibil\u0103 s\u0103 se stabileasc\u0103 \u00eenainte de \u00eenceperea c\u0103l\u0103toriilor de var\u0103. Este un loc lini\u0219tit, \u00eentr-adev\u0103r.<\/p>\n\n\n\n<p class=\"wp-block-paragraph\">\u00cen practic\u0103, clinici precum Hair Center of Turkey \u00eenregistreaz\u0103 adesea o cre\u0219tere a rezerv\u0103rilor interna\u021bionale \u00een aceast\u0103 perioad\u0103. Par\u021bial pentru c\u0103 pacien\u021bii doresc ca faza de pierdere s\u0103 treac\u0103 \u00eenainte ca lunile mai calde s\u0103 aduc\u0103 mai multe activit\u0103\u021bi sociale \u0219i planuri \u00een aer liber.<\/p>\n\n\n\n<h2 class=\"wp-block-heading\" id=\"summer-considerations-for-international-patients\">Considera\u021bii de var\u0103 pentru pacien\u021bii interna\u021bionali<\/h2>\n\n\n\n<p class=\"wp-block-paragraph\">Vara este mai dificil\u0103, de\u0219i nu este interzis\u0103. Principalele preocup\u0103ri sunt c\u0103ldura, soarele \u0219i transpira\u021bia. Grefele au nevoie de protec\u021bie \u00eempotriva expunerii la UV timp de c\u00e2teva s\u0103pt\u0103m\u00e2ni, iar un scalp transpirat sub capac nu este ideal \u00een faza de vindecare timpurie.<\/p>\n\n\n\n<p class=\"wp-block-paragraph\">Pentru pacien\u021bii care c\u0103l\u0103toresc la Istanbul \u00een iulie sau august, un plan structurat ajut\u0103. Aceasta include de obicei:<\/p>\n\n\n\n<ul class=\"wp-block-list\">\n<li>Starea \u00een medii cu aer condi\u021bionat \u00een prima s\u0103pt\u0103m\u00e2n\u0103<\/li>\n\n\n\n<li>Evit\u00e2nd piscinele \u0219i marea timp de aproximativ o lun\u0103<\/li>\n\n\n\n<li>Folosind doar o p\u0103l\u0103rie lejer\u0103 \u0219i respirabil\u0103 \u00een aer liber<\/li>\n\n\n\n<li>Bea suficient\u0103 ap\u0103 pentru a sprijini vindecarea scalpului<\/li>\n<\/ul>\n\n\n\n<p class=\"wp-block-paragraph\">Deci vara este func\u021bional\u0103. Cere doar pu\u021bin mai mult\u0103 disciplin\u0103.<\/p>\n\n\n\n<h2 class=\"wp-block-heading\" id=\"autumn-the-quiet-favorite\">Toamn\u0103: Favorita Lini\u0219t\u0103<\/h2>\n\n\n\n<p class=\"wp-block-paragraph\">Toamna este anotimpul pe care mul\u021bi chirurgi \u00eel prefer\u0103 \u00een secret. Vreme stabil\u0103. Soare mai bl\u00e2nd. Pacien\u021bii se simt \u00een general mai confortabil purt\u00e2nd c\u0103ciuli largi odat\u0103 ce vindecarea ini\u021bial\u0103 trece. De asemenea, se aliniaz\u0103 bine calendarului, deoarece mul\u021bi pacien\u021bi interna\u021bionali doresc progres vizibil \u00eenainte de sosirea noului an.<\/p>\n\n\n\n<p class=\"wp-block-paragraph\">\u0218i pentru c\u0103 faza de v\u0103rsare dureaz\u0103 de obicei c\u00e2teva luni, o procedur\u0103 de toamn\u0103 \u00eenseamn\u0103 c\u0103 regenerarea timpurie devine adesea vizibil\u0103 p\u00e2n\u0103 \u00een prim\u0103var\u0103.<\/p>\n\n\n\n<h2 class=\"wp-block-heading\" id=\"how-hair-center-of-turkey-plans-around-the-seasons\">Cum planific\u0103 Hair Center din Turcia \u00een jurul anotimpurilor<\/h2>\n\n\n\n<figure class=\"wp-block-image size-large\"><img loading=\"lazy\" decoding=\"async\" width=\"1024\" height=\"569\" src=\"https:\/\/haircenterofturkey.com\/wp-content\/uploads\/2026\/04\/How-Hair-Center-of-Turkey-Plans-Around-the-Seasons-1024x569.webp\" alt=\"How Hair Center of Turkey Plans Around the Seasons\" class=\"wp-image-35850\" title=\"\" srcset=\"https:\/\/haircenterofturkey.com\/wp-content\/uploads\/2026\/04\/How-Hair-Center-of-Turkey-Plans-Around-the-Seasons-1024x569.webp 1024w, https:\/\/haircenterofturkey.com\/wp-content\/uploads\/2026\/04\/How-Hair-Center-of-Turkey-Plans-Around-the-Seasons-300x167.webp 300w, https:\/\/haircenterofturkey.com\/wp-content\/uploads\/2026\/04\/How-Hair-Center-of-Turkey-Plans-Around-the-Seasons-768x427.webp 768w, https:\/\/haircenterofturkey.com\/wp-content\/uploads\/2026\/04\/How-Hair-Center-of-Turkey-Plans-Around-the-Seasons-150x83.webp 150w, https:\/\/haircenterofturkey.com\/wp-content\/uploads\/2026\/04\/How-Hair-Center-of-Turkey-Plans-Around-the-Seasons.webp 1080w\" sizes=\"auto, (max-width: 1024px) 100vw, 1024px\" \/><\/figure>\n\n\n\n<p class=\"wp-block-paragraph\">\u00cen loc s\u0103 \u00eemping\u0103 un singur sezon cel mai bun, clinica se uit\u0103 mai \u00eent\u00e2i la pacientul individual. Calitatea zonei donatoare, num\u0103rul de grefe, stilul de via\u021b\u0103, flexibilitatea de c\u0103l\u0103torie \u0219i chiar tipul de munc\u0103 formeaz\u0103 recomandarea. Un pacient care lucreaz\u0103 \u00een aer liber vara poate primi sfaturi foarte diferite dec\u00e2t cineva care lucreaz\u0103 de acas\u0103.<\/p>\n\n\n\n<p class=\"wp-block-paragraph\">Aici planificarea structurat\u0103 d\u0103 roade. La Hair Center din Turcia, consulta\u021bia de obicei eviden\u021biaz\u0103 capacitatea donatorului, designul firului de p\u0103r \u0219i logistica de \u00eengrijire ulterioar\u0103 \u00eenainte de stabilirea oric\u0103rei date. Sezonul devine un detaliu practic, nu decizia principal\u0103.<\/p>\n\n\n\n<h2 class=\"wp-block-heading\" id=\"factors-that-matter-more-than-the-calendar\">Factori care conteaz\u0103 mai mult dec\u00e2t calendarul<\/h2>\n\n\n\n<p class=\"wp-block-paragraph\">Dac\u0103 c\u00e2nt\u0103ri\u021bi curmalele, v\u0103 ajut\u0103 s\u0103 v\u0103 concentra\u021bi asupra lucrurilor care mi\u0219c\u0103 de fapt acul:<\/p>\n\n\n\n<ul class=\"wp-block-list\">\n<li>Selectarea tehnicii, indiferent dac\u0103 este FUE, DHI, Sapphire sau o abordare hibrid\u0103<\/li>\n\n\n\n<li>Analiza zonei donatoare \u0219i planificarea realist\u0103 a grefei<\/li>\n\n\n\n<li>Dou\u0103 s\u0103pt\u0103m\u00e2ni de timp de recuperare lini\u0219tit, f\u0103r\u0103 stres<\/li>\n\n\n\n<li>Abilitatea de a evita soarele direct timp de aproximativ o lun\u0103<\/li>\n\n\n\n<li>Flexibilitatea muncii \u00een timpul fazei de pierdere<\/li>\n<\/ul>\n\n\n\n<p class=\"wp-block-paragraph\">Ace\u0219ti factori influen\u021beaz\u0103 rezultatul final mult mai mult dec\u00e2t dac\u0103 rezerva\u021bi \u00een februarie sau octombrie.<\/p>\n\n\n\n<h2 class=\"wp-block-heading\" id=\"final-thoughts\">G\u00e2nduri finale<\/h2>\n\n\n\n<p class=\"wp-block-paragraph\">Nu exist\u0103 un sezon universal potrivit pentru un transplant de p\u0103r. Exist\u0103 doar un plan potrivit pentru cazul t\u0103u specific. Lunile mai reci tind s\u0103 fie pu\u021bin mai u\u0219oare pentru recuperare, dar cu \u00eendrum\u0103ri adecvate, orice anotimp poate func\u021biona bine. Ceea ce conteaz\u0103 este capacitatea clinicii de a planifica cu aten\u021bie, de a comunica clar \u0219i de a v\u0103 sprijini pe parcursul lunilor dup\u0103 procedur\u0103. Clinici precum Hair Center of Turkey tind s\u0103 trateze \u00eentrebarea sezonier\u0103 ca parte a unei conversa\u021bii mai ample, una \u00een care zona donatoare, rutina zilnic\u0103 \u0219i logistica de c\u0103l\u0103torie modeleaz\u0103 momentul mult mai mult dec\u00e2t ar putea vreodat\u0103 prognoza meteo.<\/p>\n\n\n\n<h2 class=\"wp-block-heading\" id=\"faq\">\u00centreb\u0103ri frecvente<\/h2>\n\n\n<div id=\"rank-math-faq\" class=\"rank-math-block\">\n<div class=\"rank-math-list \">\n<div id=\"faq-85549f98\" class=\"rank-math-list-item\">\n<h3 class=\"rank-math-question \">Este cu adev\u0103rat iarna cea mai bun\u0103 perioad\u0103 pentru un transplant de p\u0103r?<\/h3>\n<div class=\"rank-math-answer \">\n\n<p>Iarna este adesea mai confortabil\u0103 din cauza transpira\u021biei mai pu\u021bine \u0219i a expunerii mai sc\u0103zute la soare, dar nu este \u00een mod obiectiv cea mai bun\u0103. O procedur\u0103 bine planificat\u0103 \u00een orice sezon poate oferi rezultate la fel de puternice atunci c\u00e2nd \u00eengrijirea ulterioar\u0103 este urmat\u0103 \u00een mod corespunz\u0103tor.<\/p>\n\n<\/div>\n<\/div>\n<div id=\"faq-8a6f04e1\" class=\"rank-math-list-item\">\n<h3 class=\"rank-math-question \">Pot s\u0103 fac un transplant de p\u0103r vara dac\u0103 locuiesc \u00een str\u0103in\u0103tate?<\/h3>\n<div class=\"rank-math-answer \">\n\n<p>Da. Procedurile de var\u0103 sunt pe deplin posibile, mai ales dac\u0103 pute\u021bi sta \u00een medii interioare r\u0103coroase pentru prima s\u0103pt\u0103m\u00e2n\u0103, evita\u021bi piscinele \u0219i marea timp de aproximativ o lun\u0103 \u0219i folosi\u021bi o p\u0103l\u0103rie lejer\u0103 \u0219i respirabil\u0103 c\u00e2nd sunte\u021bi \u00een aer liber.<\/p>\n\n<\/div>\n<\/div>\n<div id=\"faq-2b63d584\" class=\"rank-math-list-item\">\n<h3 class=\"rank-math-question \">C\u00e2t timp ar trebui s\u0103 evit soarele dup\u0103 procedur\u0103?<\/h3>\n<div class=\"rank-math-answer \">\n\n<p>Expunerea direct\u0103 la soare asupra zonei destinatare ar trebui de obicei evitat\u0103 timp de aproximativ patru s\u0103pt\u0103m\u00e2ni. Dup\u0103 aceea, o p\u0103l\u0103rie sau o crem\u0103 de protec\u021bie solar\u0103 este \u00eenc\u0103 recomandat\u0103 timp de c\u00e2teva luni pentru a proteja grefele vindec\u0103toare \u0219i scalpul.<\/p>\n\n<\/div>\n<\/div>\n<div id=\"faq-6054a769\" class=\"rank-math-list-item\">\n<h3 class=\"rank-math-question \">Afecteaz\u0103 sezonul rata de succes a unui transplant de p\u0103r?<\/h3>\n<div class=\"rank-math-answer \">\n\n<p>Sezonul \u00een sine are un efect foarte mic asupra supravie\u021buirii grefei. Succesul depinde mult mai mult de planificarea zonei donatoare, tehnica chirurgical\u0103 \u0219i \u00eengrijirea ulterioar\u0103 disciplinat\u0103 \u00een primele dou\u0103 s\u0103pt\u0103m\u00e2ni de recuperare.<\/p>\n\n<\/div>\n<\/div>\n<div id=\"faq-42fa7118\" class=\"rank-math-list-item\">\n<h3 class=\"rank-math-question \">Ce sezon aleg majoritatea pacien\u021bilor interna\u021bionali de la Hair Center of Turkey?<\/h3>\n<div class=\"rank-math-answer \">\n\n<p>Prim\u0103vara \u0219i toamna sunt, de obicei, ferestrele cele mai aglomerate pentru pacien\u021bii interna\u021bionali, deoarece vremea este bl\u00e2nd\u0103, c\u0103l\u0103toriile sunt confortabile, iar regenerarea timpurie tinde s\u0103 se alinieze frumos cu calendarul social al sezonului urm\u0103tor.<\/p>\n\n<\/div>\n<\/div>\n<\/div>\n<\/div>","protected":false},"excerpt":{"rendered":"<p>Majoritatea oamenilor care \u00eencep s\u0103 cerceteze un transplant de p\u0103r se \u00eent\u00e2lnesc rapid cu aceea\u0219i \u00eentrebare. Exist\u0103 o lun\u0103 potrivit\u0103 pentru a o rezerva? Unii jur\u0103 pe iarn\u0103. Al\u021bii insist\u0103 c\u0103 prim\u0103vara este mai sigur\u0103. Adev\u0103rul este pu\u021bin mai pu\u021bin dramatic \u0219i, sincer, un pic mai interesant. De ce sincronizarea se simte ca o decizie [&hellip;]<\/p>\n","protected":false},"author":2,"featured_media":35852,"comment_status":"closed","ping_status":"closed","sticky":false,"template":"","format":"standard","meta":{"footnotes":"","rank_math_title":"","rank_math_description":"V\u0103 \u00eentreba\u021bi c\u00e2nd s\u0103 rezerva\u021bi un transplant de p\u0103r? Explora\u021bi modul \u00een care anotimpurile, recuperarea, expunerea la soare \u0219i logistica c\u0103l\u0103toriei modeleaz\u0103 momentul potrivit pentru procedura dumneavoastr\u0103.","rank_math_focus_keyword":"","rank_math_canonical_url":"","rank_math_breadcrumb_title":"","rank_math_facebook_title":"","rank_math_facebook_description":"","rank_math_facebook_image":"","rank_math_twitter_title":"","rank_math_twitter_description":"","rank_math_twitter_image":"","rank_math_pillar_content":""},"categories":[968,985],"tags":[],"class_list":["post-50807","post","type-post","status-publish","format-standard","has-post-thumbnail","hentry","category-blog","category-ghidul-pacientului"],"_links":{"self":[{"href":"https:\/\/haircenterofturkey.com\/ro\/wp-json\/wp\/v2\/posts\/50807","targetHints":{"allow":["GET"]}}],"collection":[{"href":"https:\/\/haircenterofturkey.com\/ro\/wp-json\/wp\/v2\/posts"}],"about":[{"href":"https:\/\/haircenterofturkey.com\/ro\/wp-json\/wp\/v2\/types\/post"}],"author":[{"embeddable":true,"href":"https:\/\/haircenterofturkey.com\/ro\/wp-json\/wp\/v2\/users\/2"}],"replies":[{"embeddable":true,"href":"https:\/\/haircenterofturkey.com\/ro\/wp-json\/wp\/v2\/comments?post=50807"}],"version-history":[{"count":4,"href":"https:\/\/haircenterofturkey.com\/ro\/wp-json\/wp\/v2\/posts\/50807\/revisions"}],"predecessor-version":[{"id":60441,"href":"https:\/\/haircenterofturkey.com\/ro\/wp-json\/wp\/v2\/posts\/50807\/revisions\/60441"}],"wp:featuredmedia":[{"embeddable":true,"href":"https:\/\/haircenterofturkey.com\/ro\/wp-json\/wp\/v2\/media\/35852"}],"wp:attachment":[{"href":"https:\/\/haircenterofturkey.com\/ro\/wp-json\/wp\/v2\/media?parent=50807"}],"wp:term":[{"taxonomy":"category","embeddable":true,"href":"https:\/\/haircenterofturkey.com\/ro\/wp-json\/wp\/v2\/categories?post=50807"},{"taxonomy":"post_tag","embeddable":true,"href":"https:\/\/haircenterofturkey.com\/ro\/wp-json\/wp\/v2\/tags?post=50807"}],"curies":[{"name":"wp","href":"https:\/\/api.w.org\/{rel}","templated":true}]}}