{"id":50801,"date":"2026-04-18T11:53:33","date_gmt":"2026-04-18T08:53:33","guid":{"rendered":"https:\/\/haircenterofturkey.com\/?p=50801"},"modified":"2026-08-31T14:00:10","modified_gmt":"2026-08-31T11:00:10","slug":"cat-de-multa-caderea-parului-la-dus-este-de-fapt-normala","status":"publish","type":"post","link":"https:\/\/haircenterofturkey.com\/ro\/cat-de-multa-caderea-parului-la-dus-este-de-fapt-normala\/","title":{"rendered":"C\u00e2t de mult\u0103 c\u0103derea p\u0103rului la du\u0219 este de fapt normal\u0103?"},"content":{"rendered":"\n<p class=\"wp-block-paragraph\">Ie\u0219i din du\u0219, arunci privirea \u00een jos \u0219i iat\u0103-l. Un mic grup de fire \u00eenf\u0103\u0219urate \u00een jurul degetelor sau ag\u0103\u021bate de scurgere. Pentru o secund\u0103, \u00eenghe\u021bi. Este asta normal? Ar trebui s\u0103 fie at\u00e2t de mult? Majoritatea oamenilor \u00ee\u0219i pun aceast\u0103 \u00eentrebare la un moment dat, iar r\u0103spunsul sincer este mai mult stratificat dec\u00e2t un singur num\u0103r.<\/p>\n\n\n\n<p class=\"wp-block-paragraph\">C\u0103derea dup\u0103 du\u0219 este unul dintre cele mai citite gre\u0219it semnale \u00een \u00eengrijirea zilnic\u0103 a p\u0103rului. Unele dintre ele sunt de a\u0219teptat. La unele dintre ele merit\u0103 s\u0103 acorda\u021bi aten\u021bie. Trucul este s\u0103 cuno\u0219ti diferen\u021ba.<\/p>\n\n\n\n<h2 class=\"wp-block-heading\" id=\"what-counts-as-normal-daily-shedding\">Ceea ce conteaz\u0103 ca v\u0103rsare zilnic\u0103 normal\u0103<\/h2>\n\n\n\n<p class=\"wp-block-paragraph\">Scalpul cade parul. \u00cen fiecare zi. Pur \u0219i simplu a\u0219a func\u021bioneaz\u0103 ciclul p\u0103rului \u2013 \u0219uvi\u021bele se deplaseaz\u0103 prin fazele de cre\u0219tere, odihn\u0103 \u0219i c\u0103dere, iar aproximativ 50 p\u00e2n\u0103 la 100 de fire de p\u0103r p\u0103r\u0103sesc capul \u00eentr-o fereastr\u0103 de 24 de ore. Uneori mai mult, alteori mai pu\u021bin, \u00een func\u021bie de ciclul t\u0103u, de nivelul de stres, de diet\u0103 \u0219i chiar de vreme.<\/p>\n\n\n\n<div class=\"wp-block-rank-math-toc-block\" id=\"rank-math-toc\"><h2>Table of Contents<\/h2><nav><ul><li><a href=\"#what-counts-as-normal-daily-shedding\">Ceea ce conteaz\u0103 ca v\u0103rsare zilnic\u0103 normal\u0103<\/a><\/li><li><a href=\"#why-the-shower-exaggerates-everything\">De ce du\u0219ul exagereaz\u0103 totul<\/a><\/li><li><a href=\"#signs-that-shedding-has-crossed-a-line\">Semne c\u0103 v\u0103rsarea a dep\u0103\u0219it o linie<\/a><\/li><li><a href=\"#seasonal-shifts-and-temporary-triggers\">Schimb\u0103ri sezoniere \u0219i declan\u0219atoare temporare<\/a><\/li><li><a href=\"#when-thinning-isnt-just-shedding\">C\u00e2nd sub\u021bierea nu este doar v\u0103rsare<\/a><\/li><li><a href=\"#simple-ways-to-reduce-breakage-in-the-shower\">Modalit\u0103\u021bi simple de a reduce ruperea la du\u0219<\/a><\/li><li><a href=\"#how-to-track-your-own-pattern\">Cum s\u0103 v\u0103 urm\u0103ri\u021bi propriul model<\/a><\/li><li><a href=\"#when-to-consider-professional-assessment\">C\u00e2nd s\u0103 lua\u021bi \u00een considerare evaluarea profesional\u0103<\/a><\/li><li><a href=\"#final-thoughts\">G\u00e2nduri finale<\/a><\/li><li><a href=\"#faq\">\u00centreb\u0103ri frecvente<\/a><\/li><\/ul><\/nav><\/div>\n\n\n\n<p class=\"wp-block-paragraph\">Dar aici este prinderea. Nu toate acele fire cad sub du\u0219. Dac\u0103 v\u0103 sp\u0103la\u021bi p\u0103rul la fiecare dou\u0103 sau trei zile, firele de p\u0103r libere care a\u0219teptau s\u0103 plece tind s\u0103 ias\u0103 dintr-o dat\u0103 sub ap\u0103 \u0219i \u0219ampon. A\u0219a c\u0103 a vedea 150 p\u00e2n\u0103 la 250 de fire dup\u0103 o sp\u0103lare poate fi totu\u0219i perfect normal &#8211; este pur \u0219i simplu acumularea de c\u00e2teva zile, eliberat\u0103 dintr-o singur\u0103 mi\u0219care.<\/p>\n\n\n\n<h2 class=\"wp-block-heading\" id=\"why-the-shower-exaggerates-everything\">De ce du\u0219ul exagereaz\u0103 totul<\/h2>\n\n\n\n<p class=\"wp-block-paragraph\">Apa, frecarea \u0219i \u0219amponul sunt o combina\u021bie care smulge firele de p\u0103r libere \u00eentr-o singur\u0103 sesiune. \u0218uvi\u021bele care erau deja deta\u0219ate la nivelul foliculului cad \u00een sf\u00e2r\u0219it. De aceea, v\u0103rsarea du\u0219ului pare aproape \u00eentotdeauna mai dramatic\u0103 dec\u00e2t realitatea.<\/p>\n\n\n\n<p class=\"wp-block-paragraph\">De asemenea, p\u0103rul umed arat\u0103 mai gros atunci c\u00e2nd este aglomerat. O minge de 80 de \u0219uvi\u021be umede poate ar\u0103ta alarmant ca 300. \u00cenainte de a intra \u00een panic\u0103, \u00eentinde-le pe un \u0219erve\u021bel. S-ar putea s\u0103 fii surprins.<\/p>\n\n\n\n<figure class=\"wp-block-image size-large\"><img loading=\"lazy\" decoding=\"async\" width=\"1024\" height=\"569\" src=\"https:\/\/haircenterofturkey.com\/wp-content\/uploads\/2026\/04\/Signs-That-Shedding-Has-Crossed-a-Line-1024x569.webp\" alt=\"\" class=\"wp-image-35801\" title=\"\" srcset=\"https:\/\/haircenterofturkey.com\/wp-content\/uploads\/2026\/04\/Signs-That-Shedding-Has-Crossed-a-Line-1024x569.webp 1024w, https:\/\/haircenterofturkey.com\/wp-content\/uploads\/2026\/04\/Signs-That-Shedding-Has-Crossed-a-Line-300x167.webp 300w, https:\/\/haircenterofturkey.com\/wp-content\/uploads\/2026\/04\/Signs-That-Shedding-Has-Crossed-a-Line-768x427.webp 768w, https:\/\/haircenterofturkey.com\/wp-content\/uploads\/2026\/04\/Signs-That-Shedding-Has-Crossed-a-Line-150x83.webp 150w, https:\/\/haircenterofturkey.com\/wp-content\/uploads\/2026\/04\/Signs-That-Shedding-Has-Crossed-a-Line.webp 1080w\" sizes=\"auto, (max-width: 1024px) 100vw, 1024px\" \/><\/figure>\n\n\n\n<h2 class=\"wp-block-heading\" id=\"signs-that-shedding-has-crossed-a-line\">Semne c\u0103 v\u0103rsarea a dep\u0103\u0219it o linie<\/h2>\n\n\n\n<p class=\"wp-block-paragraph\">Exist\u0103 o diferen\u021b\u0103 \u00eentre a pierde \u0219i a pierde. Deversarea rezervelor. P\u0103rul cade, p\u0103rul nou cre\u0219te. Pierderea \u00eenseamn\u0103 c\u0103 densitatea scade \u0219i cre\u0219terea nu \u021bine pasul. C\u00e2teva semnale practice c\u0103 ceva ar putea fi defect:<\/p>\n\n\n\n<ul class=\"wp-block-list\">\n<li>G\u0103se\u0219ti cantit\u0103\u021bi mari de p\u0103r \u00een fiecare zi, nu doar \u00een zilele de sp\u0103lare<\/li>\n\n\n\n<li>Scalpul t\u0103u devine din ce \u00een ce mai vizibil, \u00een special la nivelul coroanei sau linia p\u0103rului<\/li>\n\n\n\n<li>Coada ta se simte vizibil mai sub\u021bire dec\u00e2t \u00een urm\u0103 cu \u0219ase luni<\/li>\n\n\n\n<li>Firele de p\u0103r cad cu bulbi albi vizibili sau lungimi neobi\u0219nuit de scurte<\/li>\n\n\n\n<li>Pierderea continu\u0103 puternic timp de mai mult de dou\u0103 p\u00e2n\u0103 la trei luni<\/li>\n<\/ul>\n\n\n\n<p class=\"wp-block-paragraph\">Una sau dou\u0103 dintre acestea? Probabil temporar. Mai multe deodat\u0103? Merita o privire mai atenta.<\/p>\n\n\n\n<h2 class=\"wp-block-heading\" id=\"seasonal-shifts-and-temporary-triggers\">Schimb\u0103ri sezoniere \u0219i declan\u0219atoare temporare<\/h2>\n\n\n\n<p class=\"wp-block-paragraph\">P\u0103rul r\u0103spunde la via\u021b\u0103. C\u00e2teva luni stresante, o diet\u0103 restrictiv\u0103, o schimbare a medicamentelor, recuperarea dup\u0103 boal\u0103, sarcinile \u0219i schimburile postpartum &#8211; toate acestea pot \u00eempinge mai mult p\u0103r \u00een faza de c\u0103deri deodat\u0103. Acesta se nume\u0219te efluviu telogen \u0219i, de obicei, se rezolv\u0103 de la sine \u00een decurs de trei p\u00e2n\u0103 la \u0219ase luni.<\/p>\n\n\n\n<p class=\"wp-block-paragraph\">De asemenea, pierderea sezonier\u0103 este real\u0103. Toamna, \u00een special, tinde s\u0103 aduc\u0103 precipita\u021bii mai grele pentru mul\u021bi oameni. Enervant? Da. Permanent? De obicei nu.<\/p>\n\n\n\n<h2 class=\"wp-block-heading\" id=\"when-thinning-isnt-just-shedding\">C\u00e2nd sub\u021bierea nu este doar v\u0103rsare<\/h2>\n\n\n\n<p class=\"wp-block-paragraph\">Modelul de c\u0103dere a p\u0103rului func\u021bioneaz\u0103 diferit. Nu este vorba despre c\u00e2te fire p\u0103r\u0103sesc scalpul, ci despre ce cre\u0219te \u00eenapoi. Alopecia androgenetic\u0103 face ca foliculii de p\u0103r s\u0103 se miniaturizeze \u00een timp, produc\u00e2nd fire de p\u0103r mai sub\u021biri, mai scurte \u0219i \u00een cele din urm\u0103 invizibile. Du\u0219ul poate s\u0103 nu arate dramatic, dar oglinda spune o poveste mai lini\u0219tit\u0103 de-a lungul anilor.<\/p>\n\n\n\n<p class=\"wp-block-paragraph\">Aici conteaz\u0103 evaluarea profesional\u0103. \u00cen clinicile bine structurate, cum ar fi Hair Center of Turkey, primul pas este rareori despre proceduri. \u00cencepe cu o analiz\u0103 detaliat\u0103 a scalpului \u0219i a zonei donatoare pentru a \u00een\u021belege ce se \u00eent\u00e2mpl\u0103 de fapt la nivelul foliculului \u00eenainte de a propune orice plan de tratament.<\/p>\n\n\n\n<h2 class=\"wp-block-heading\" id=\"simple-ways-to-reduce-breakage-in-the-shower\">Modalit\u0103\u021bi simple de a reduce ruperea la du\u0219<\/h2>\n\n\n\n<p class=\"wp-block-paragraph\">O parte din ceea ce vezi nu se pierde deloc. Este ruptur\u0103 &#8211; \u0219uvi\u021bele se rupe la mijlocul lungimii din cauza manevr\u0103rii. Aceste sfaturi ajut\u0103 cu adev\u0103rat:<\/p>\n\n\n\n<ul class=\"wp-block-list\">\n<li>Descurc\u0103 u\u0219or \u00eenainte de a p\u0103\u0219i, nu \u00een timpul sp\u0103l\u0103rii<\/li>\n\n\n\n<li>Evita\u021bi s\u0103 v\u0103 \u00eengr\u0103m\u0103di\u021bi p\u0103rul \u00een v\u00e2rful capului \u00een timpul \u0219ampon\u0103rii<\/li>\n\n\n\n<li>Utiliza\u021bi ap\u0103 c\u0103ldu\u021b\u0103 mai degrab\u0103 dec\u00e2t fierbinte<\/li>\n\n\n\n<li>Nu \u00eenf\u0103\u0219ura\u021bi p\u0103rul str\u00e2ns \u00eentr-un prosop; palm\u0103 \u00een schimb<\/li>\n\n\n\n<li>Condi\u021biona\u021bi lungimile \u0219i v\u00e2rfurile mijlocii, nu r\u0103d\u0103cinile, pentru a reduce acumularea<\/li>\n<\/ul>\n\n\n\n<p class=\"wp-block-paragraph\">Mici ajust\u0103ri, diferen\u021b\u0103 real\u0103.<\/p>\n\n\n\n<h2 class=\"wp-block-heading\" id=\"how-to-track-your-own-pattern\">Cum s\u0103 v\u0103 urm\u0103ri\u021bi propriul model<\/h2>\n\n\n\n<p class=\"wp-block-paragraph\">Dac\u0103 e\u0219ti \u00eengrijorat, nu mai num\u0103ra firele \u00eentr-o diminea\u021b\u0103 \u0219i \u00eencepe s\u0103 urm\u0103re\u0219ti tendin\u021bele peste s\u0103pt\u0103m\u00e2ni. Face\u021bi o fotografie a liniei p\u0103rului \u0219i a coroanei dvs. la aceea\u0219i lumin\u0103 la fiecare dou\u0103 s\u0103pt\u0103m\u00e2ni. P\u0103stra\u021bi o not\u0103 liber\u0103 a zilelor de sp\u0103lare fa\u021b\u0103 de zilele f\u0103r\u0103 sp\u0103lare. Un model va ap\u0103rea mai repede dec\u00e2t a\u021bi crede \u0219i este mult mai util dec\u00e2t o singur\u0103 privire alarmat\u0103 la canalizare.<\/p>\n\n\n\n<p class=\"wp-block-paragraph\">\u0218i dac\u0103 tendin\u021ba este clar descendent\u0103? E momentul s\u0103 te consul\u021bi, nu s\u0103 experimentezi cu \u0219ampoane nesf\u00e2r\u0219ite.<\/p>\n\n\n\n<figure class=\"wp-block-image size-large\"><img loading=\"lazy\" decoding=\"async\" width=\"1024\" height=\"569\" src=\"https:\/\/haircenterofturkey.com\/wp-content\/uploads\/2026\/04\/When-to-Consider-Professional-Assessment-1024x569.webp\" alt=\"\" class=\"wp-image-35802\" title=\"\" srcset=\"https:\/\/haircenterofturkey.com\/wp-content\/uploads\/2026\/04\/When-to-Consider-Professional-Assessment-1024x569.webp 1024w, https:\/\/haircenterofturkey.com\/wp-content\/uploads\/2026\/04\/When-to-Consider-Professional-Assessment-300x167.webp 300w, https:\/\/haircenterofturkey.com\/wp-content\/uploads\/2026\/04\/When-to-Consider-Professional-Assessment-768x427.webp 768w, https:\/\/haircenterofturkey.com\/wp-content\/uploads\/2026\/04\/When-to-Consider-Professional-Assessment-150x83.webp 150w, https:\/\/haircenterofturkey.com\/wp-content\/uploads\/2026\/04\/When-to-Consider-Professional-Assessment.webp 1080w\" sizes=\"auto, (max-width: 1024px) 100vw, 1024px\" \/><\/figure>\n\n\n\n<h2 class=\"wp-block-heading\" id=\"when-to-consider-professional-assessment\">C\u00e2nd s\u0103 lua\u021bi \u00een considerare evaluarea profesional\u0103<\/h2>\n\n\n\n<p class=\"wp-block-paragraph\">Unii oameni a\u0219teapt\u0103 prea mult. Al\u021bii se gr\u0103besc s\u0103 ia decizii dup\u0103 un du\u0219 prost. Nici unul nu le serve\u0219te bine. Dac\u0103 v\u0103rsarea a durat mai mult de trei luni, dac\u0103 apare o sub\u021biere vizibil\u0103 sau dac\u0103 antecedentele familiale indic\u0103 o pierdere a modelului, o evaluare clinic\u0103 aduce claritate.<\/p>\n\n\n\n<p class=\"wp-block-paragraph\">Pentru pacien\u021bii interna\u021bionali, acest proces nu necesit\u0103 rezervarea imediat\u0103 a unui zbor. Consulta\u021biile online permit unui specialist s\u0103 revizuiasc\u0103 fotografiile, s\u0103 pun\u0103 \u00eentreb\u0103rile potrivite \u0219i s\u0103 ofere feedback sincer \u00eenainte de a discuta orice altceva. <strong>Centrul de coafur\u0103 din Turcia<\/strong> Adesea, \u00eencepe cu acest tip de revizuire de la distan\u021b\u0103, astfel \u00eenc\u00e2t pacien\u021bii ajung la Istanbul cu un plan deja construit \u00een jurul zonei specifice de donator, obiectivelor lor \u0219i tehnica cea mai potrivit\u0103 &#8211; mai degrab\u0103 dec\u00e2t un pachet generic.<\/p>\n\n\n\n<h2 class=\"wp-block-heading\" id=\"final-thoughts\">G\u00e2nduri finale<\/h2>\n\n\n\n<p class=\"wp-block-paragraph\">Du\u0219ul va fi \u00eentotdeauna cea mai sincer\u0103 oglind\u0103 pentru scalpul t\u0103u. \u00cen unele zile arat\u0103 mai r\u0103u dec\u00e2t este. \u00cen alte zile, \u00ee\u021bi spune ceva real. A \u00eenv\u0103\u021ba s\u0103 cite\u0219ti diferen\u021ba &#8211; f\u0103r\u0103 panic\u0103 \u0219i f\u0103r\u0103 negare &#8211; este primul pas c\u0103tre gestionarea corect\u0103 a acesteia.<\/p>\n\n\n\n<p class=\"wp-block-paragraph\">Dac\u0103 semnele continu\u0103 s\u0103 \u00eendrepte \u00een aceea\u0219i direc\u021bie, o evaluare structurat\u0103 valoreaz\u0103 mult mai mult dec\u00e2t o alt\u0103 presupunere. Clinicile care \u00ee\u0219i iau timp s\u0103 analizeze \u00eenainte de a recomanda, s\u0103 planifice \u00eenainte de operare \u0219i s\u0103 comunice clar \u00eenainte de sosire tind s\u0103 ofere pacien\u021bilor singurul lucru care conteaz\u0103 cel mai mult \u00een aceast\u0103 c\u0103l\u0103torie: o cale realist\u0103 \u00eenainte.<\/p>\n\n\n\n<h2 class=\"wp-block-heading\" id=\"faq\">\u00centreb\u0103ri frecvente<\/h2>\n\n\n<div id=\"rank-math-faq\" class=\"rank-math-block\">\n<div class=\"rank-math-list \">\n<div id=\"faq-d995b790\" class=\"rank-math-list-item\">\n<h3 class=\"rank-math-question \">C\u00e2\u021bi fire de p\u0103r la du\u0219 sunt prea mul\u021bi?<\/h3>\n<div class=\"rank-math-answer \">\n\n<p>P\u00e2n\u0103 la 200-250 de \u0219uvi\u021be pe sp\u0103lare pot fi \u00eenc\u0103 \u00een intervalul normal dac\u0103 sp\u0103la\u021bi la fiecare c\u00e2teva zile. Dep\u0103\u0219irea constant\u0103, combinat\u0103 cu sub\u021bierea vizibil\u0103, merit\u0103 evaluat\u0103.<\/p>\n\n<\/div>\n<\/div>\n<div id=\"faq-e00ffae9\" class=\"rank-math-list-item\">\n<h3 class=\"rank-math-question \">De ce \u00eemi cade p\u0103rul mai mult \u00een zilele de sp\u0103lare?<\/h3>\n<div class=\"rank-math-answer \">\n\n<p>\u0218uvi\u021bele libere din zilele anterioare se elibereaz\u0103 \u00eempreun\u0103 sub ap\u0103, \u0219ampon \u0219i frecare. Deci, v\u0103rsarea \u00een ziua sp\u0103l\u0103rii pare mai grea, dar de obicei este mai degrab\u0103 suma mai multor zile dec\u00e2t o nou\u0103 pierdere brusc\u0103.<\/p>\n\n<\/div>\n<\/div>\n<div id=\"faq-1df376f4\" class=\"rank-math-list-item\">\n<h3 class=\"rank-math-question \">Este c\u0103derea p\u0103rului la du\u0219 un semn de chelie?<\/h3>\n<div class=\"rank-math-answer \">\n\n<p>Nu \u00eentotdeauna. Efluviul telogen \u0219i scurgerea sezonier\u0103 sunt temporare. Calvi\u021bia se manifest\u0103 diferit &#8211; prin sub\u021bierea treptat\u0103, recesiunea firului de p\u0103r sau scalpul vizibil, mai degrab\u0103 dec\u00e2t prin c\u0103derea dramatic\u0103 a du\u0219ului.<\/p>\n\n<\/div>\n<\/div>\n<div id=\"faq-23834958\" class=\"rank-math-list-item\">\n<h3 class=\"rank-math-question \">Ar trebui s\u0103-mi sp\u0103l p\u0103rul mai pu\u021bin pentru a nu mai pierde?<\/h3>\n<div class=\"rank-math-answer \">\n\n<p>Nu. Sp\u0103larea mai pu\u021bin\u0103 nu reduce pierderea efectiv\u0103, ci doar o \u00eent\u00e2rzie. Acelea\u0219i fire vor ie\u0219i mai t\u00e2rziu. Concentra\u021bi-v\u0103 pe manipularea bl\u00e2nd\u0103, mai degrab\u0103 dec\u00e2t s\u0103 omite\u021bi sp\u0103l\u0103rile.<\/p>\n\n<\/div>\n<\/div>\n<div id=\"faq-a83af502\" class=\"rank-math-list-item\">\n<h3 class=\"rank-math-question \">C\u00e2nd ar trebui s\u0103 consulte o clinic\u0103 de p\u0103r despre c\u0103deri?<\/h3>\n<div class=\"rank-math-answer \">\n\n<p>Lua\u021bi \u00een considerare o consulta\u021bie dac\u0103 v\u0103rsarea puternic\u0103 dureaz\u0103 mai mult de trei luni, dac\u0103 sub\u021bierea devine vizibil\u0103 la nivelul coroanei sau linia p\u0103rului sau dac\u0103 ave\u021bi antecedente familiale de c\u0103dere a p\u0103rului.<\/p>\n\n<\/div>\n<\/div>\n<\/div>\n<\/div>","protected":false},"excerpt":{"rendered":"<p>Ie\u0219i din du\u0219, arunci privirea \u00een jos \u0219i iat\u0103-l. Un mic grup de fire \u00eenf\u0103\u0219urate \u00een jurul degetelor sau ag\u0103\u021bate de scurgere. Pentru o secund\u0103, \u00eenghe\u021bi. Este asta normal? Ar trebui s\u0103 fie at\u00e2t de mult? Majoritatea oamenilor \u00ee\u0219i pun aceast\u0103 \u00eentrebare la un moment dat, iar r\u0103spunsul sincer este mai mult stratificat dec\u00e2t un [&hellip;]<\/p>\n","protected":false},"author":2,"featured_media":35800,"comment_status":"closed","ping_status":"closed","sticky":false,"template":"","format":"standard","meta":{"footnotes":"","rank_math_title":"","rank_math_description":"\u00ce\u021bi faci griji pentru p\u0103rul pe care \u00eel vezi \u00een canalul de scurgere al du\u0219ului? Afla\u021bi ce este normal, ce nu \u0219i c\u00e2nd v\u0103rsa\u021bi semnale ceva mai profund care merit\u0103 verificat.","rank_math_focus_keyword":"","rank_math_canonical_url":"","rank_math_breadcrumb_title":"","rank_math_facebook_title":"","rank_math_facebook_description":"","rank_math_facebook_image":"","rank_math_twitter_title":"","rank_math_twitter_description":"","rank_math_twitter_image":"","rank_math_pillar_content":""},"categories":[987],"tags":[],"class_list":["post-50801","post","type-post","status-publish","format-standard","has-post-thumbnail","hentry","category-caderea-parului"],"_links":{"self":[{"href":"https:\/\/haircenterofturkey.com\/ro\/wp-json\/wp\/v2\/posts\/50801","targetHints":{"allow":["GET"]}}],"collection":[{"href":"https:\/\/haircenterofturkey.com\/ro\/wp-json\/wp\/v2\/posts"}],"about":[{"href":"https:\/\/haircenterofturkey.com\/ro\/wp-json\/wp\/v2\/types\/post"}],"author":[{"embeddable":true,"href":"https:\/\/haircenterofturkey.com\/ro\/wp-json\/wp\/v2\/users\/2"}],"replies":[{"embeddable":true,"href":"https:\/\/haircenterofturkey.com\/ro\/wp-json\/wp\/v2\/comments?post=50801"}],"version-history":[{"count":5,"href":"https:\/\/haircenterofturkey.com\/ro\/wp-json\/wp\/v2\/posts\/50801\/revisions"}],"predecessor-version":[{"id":60389,"href":"https:\/\/haircenterofturkey.com\/ro\/wp-json\/wp\/v2\/posts\/50801\/revisions\/60389"}],"wp:featuredmedia":[{"embeddable":true,"href":"https:\/\/haircenterofturkey.com\/ro\/wp-json\/wp\/v2\/media\/35800"}],"wp:attachment":[{"href":"https:\/\/haircenterofturkey.com\/ro\/wp-json\/wp\/v2\/media?parent=50801"}],"wp:term":[{"taxonomy":"category","embeddable":true,"href":"https:\/\/haircenterofturkey.com\/ro\/wp-json\/wp\/v2\/categories?post=50801"},{"taxonomy":"post_tag","embeddable":true,"href":"https:\/\/haircenterofturkey.com\/ro\/wp-json\/wp\/v2\/tags?post=50801"}],"curies":[{"name":"wp","href":"https:\/\/api.w.org\/{rel}","templated":true}]}}