{"id":50795,"date":"2026-04-18T12:47:21","date_gmt":"2026-04-18T09:47:21","guid":{"rendered":"https:\/\/haircenterofturkey.com\/?p=50795"},"modified":"2026-08-31T14:54:06","modified_gmt":"2026-08-31T11:54:06","slug":"ceara-de-par-provoaca-caderea-parului-luarea-cinstita","status":"publish","type":"post","link":"https:\/\/haircenterofturkey.com\/ro\/ceara-de-par-provoaca-caderea-parului-luarea-cinstita\/","title":{"rendered":"Ceara de p\u0103r provoac\u0103 c\u0103derea p\u0103rului? Luarea cinstit\u0103"},"content":{"rendered":"\n<p class=\"wp-block-paragraph\">Majoritatea oamenilor se \u00eentreab\u0103 mai \u00eent\u00e2i despre asta dup\u0103 ce au observat c\u00e2teva fire mai multe dec\u00e2t de obicei sub du\u0219. Borcanul de cear\u0103 de pe raftul de baie pare brusc suspect. Este o \u00eentrebare corect\u0103 \u2013 produsele de styling zilnice stau ore \u00een \u0219ir pe scalp \u0219i este firesc s\u0103 \u00eentrebi dac\u0103 fac ceva ce nu ar trebui. \u0218i sincer, internetul nu ajut\u0103. Derula\u021bi suficient de mult \u0219i ve\u021bi g\u0103si afirma\u021bii sigure pe ambele p\u0103r\u021bi.<\/p>\n\n\n\n<p class=\"wp-block-paragraph\">Iat\u0103 r\u0103spunsul nuan\u021bat, descurcat de zgomot.<\/p>\n\n\n\n<h2 class=\"wp-block-heading\" id=\"the-short-answer-you-probably-came-for\">R\u0103spunsul scurt pentru care probabil ai venit<\/h2>\n\n\n\n<p class=\"wp-block-paragraph\">Ceara de p\u0103r, singur\u0103, nu provoac\u0103 c\u0103derea p\u0103rului. Foliculii sunt ancora\u021bi ad\u00e2nc \u00een piele, iar un produs de styling local nu ajunge \u00een acel strat. Dar exist\u0103 o captur\u0103. Anumite obiceiuri legate de folosirea cear\u0103 &#8211; sp\u0103larea agresiv\u0103, tragerea, dormitul cu ea &#8211; pot declan\u0219a o rupere care arat\u0103 identic\u0103 cu v\u0103rsarea. Acolo \u00eencepe confuzia pentru majoritatea oamenilor care caut\u0103 pe Google aceast\u0103 \u00eentrebare la ora 23:00.<\/p>\n\n\n\n<div class=\"wp-block-rank-math-toc-block\" id=\"rank-math-toc\"><h2>Table of Contents<\/h2><nav><ul><li><a href=\"#the-short-answer-you-probably-came-for\">R\u0103spunsul scurt pentru care probabil ai venit<\/a><\/li><li><a href=\"#how-hair-wax-actually-interacts-with-the-scalp\">Cum interac\u021bioneaz\u0103 de fapt ceara de p\u0103r cu scalpul<\/a><\/li><li><a href=\"#when-wax-does-contribute-to-shedding\">C\u00e2nd ceara contribuie la v\u0103rsare<\/a><\/li><li><a href=\"#ingredients-worth-paying-attention-to\">Ingrediente la care merit\u0103 s\u0103 fi\u021bi aten\u021bi<\/a><\/li><li><a href=\"#habits-that-quietly-damage-hair\">Obiceiuri care d\u0103uneaz\u0103 \u00een lini\u0219te p\u0103rului<\/a><\/li><li><a href=\"#shedding-vs-breakage-they-look-the-same-but-they-arent\">Deversare vs. spargere \u2014 Arat\u0103 la fel, dar nu sunt<\/a><\/li><li><a href=\"#using-hair-wax-without-stressing-your-hair\">Folosind cear\u0103 de p\u0103r f\u0103r\u0103 a-\u021bi stresa p\u0103rul<\/a><\/li><li><a href=\"#when-the-problem-is-bigger-than-a-styling-product\">C\u00e2nd problema este mai mare dec\u00e2t un produs de styling<\/a><\/li><li><a href=\"#final-thoughts\">G\u00e2nduri finale<\/a><\/li><li><a href=\"#frequently-asked-questions\">\u00centreb\u0103ri frecvente<\/a><\/li><\/ul><\/nav><\/div>\n\n\n\n<h2 class=\"wp-block-heading\" id=\"how-hair-wax-actually-interacts-with-the-scalp\">Cum interac\u021bioneaz\u0103 de fapt ceara de p\u0103r cu scalpul<\/h2>\n\n\n\n<p class=\"wp-block-paragraph\">O cear\u0103 pentru coafare acoper\u0103 firul de p\u0103r. Ofer\u0103 \u021binere, str\u0103lucire sau textura \u00een func\u021bie de baza sa. Cele mai multe formule se a\u0219eaz\u0103 pe p\u0103rul exterior \u0219i pe suprafa\u021ba superioar\u0103 a scalpului. Deci, foliculul \u00een sine, unde are loc cre\u0219terea, este \u00een mare parte netulburat.<\/p>\n\n\n\n<p class=\"wp-block-paragraph\">Problemele apar atunci c\u00e2nd se acumuleaz\u0103 reziduuri. Porii din jurul fiec\u0103rui folicul se pot \u00eenfunda. Scalpul se simte greu. M\u00e2nc\u0103rimea se strecoar\u0103. Nimic din toate acestea ucide definitiv un folicul, dar poate crea un mediu \u00een care p\u0103rul pare mai sub\u021bire \u0219i mai fragil dec\u00e2t este \u00een realitate.<\/p>\n\n\n\n<figure class=\"wp-block-image size-large\"><img loading=\"lazy\" decoding=\"async\" width=\"1024\" height=\"569\" src=\"https:\/\/haircenterofturkey.com\/wp-content\/uploads\/2026\/04\/When-Wax-Does-Contribute-to-Shedding-1024x569.webp\" alt=\"\" class=\"wp-image-35832\" title=\"\" srcset=\"https:\/\/haircenterofturkey.com\/wp-content\/uploads\/2026\/04\/When-Wax-Does-Contribute-to-Shedding-1024x569.webp 1024w, https:\/\/haircenterofturkey.com\/wp-content\/uploads\/2026\/04\/When-Wax-Does-Contribute-to-Shedding-300x167.webp 300w, https:\/\/haircenterofturkey.com\/wp-content\/uploads\/2026\/04\/When-Wax-Does-Contribute-to-Shedding-768x427.webp 768w, https:\/\/haircenterofturkey.com\/wp-content\/uploads\/2026\/04\/When-Wax-Does-Contribute-to-Shedding-150x83.webp 150w, https:\/\/haircenterofturkey.com\/wp-content\/uploads\/2026\/04\/When-Wax-Does-Contribute-to-Shedding.webp 1080w\" sizes=\"auto, (max-width: 1024px) 100vw, 1024px\" \/><\/figure>\n\n\n\n<h2 class=\"wp-block-heading\" id=\"when-wax-does-contribute-to-shedding\">C\u00e2nd ceara contribuie la v\u0103rsare<\/h2>\n\n\n\n<p class=\"wp-block-paragraph\">Chiar dac\u0103 ceara nu este cauza principal\u0103, poate face parte din lan\u021b. Lua\u021bi \u00een considerare aceste modele:<\/p>\n\n\n\n<ul class=\"wp-block-list\">\n<li>Dormi cu produs \u00een p\u0103r, noapte de noapte<\/li>\n\n\n\n<li>Sari peste o spalare corespunzatoare si doar clatire usoara<\/li>\n\n\n\n<li>Frecare prea tare pentru a \u00eendep\u0103rta reziduurile \u00eenc\u0103p\u0103\u021b\u00e2nate<\/li>\n\n\n\n<li>Folosind cear\u0103 cu rezisten\u021b\u0103 foarte mare pe p\u0103rul deja fin \u0219i fragil<\/li>\n\n\n\n<li>Trage\u021bi firele \u00een forme str\u00e2nse \u00eenainte ca acestea s\u0103 se usuce complet<\/li>\n<\/ul>\n\n\n\n<p class=\"wp-block-paragraph\">Oricare dintre acestea poate \u00eempinge stres mecanic asupra firului de p\u0103r. Rupe suficiente fire \u00een mod constant \u0219i \u00eencepe s\u0103 arate ca o pierdere.<\/p>\n\n\n\n<h2 class=\"wp-block-heading\" id=\"ingredients-worth-paying-attention-to\">Ingrediente la care merit\u0103 s\u0103 fi\u021bi aten\u021bi<\/h2>\n\n\n\n<p class=\"wp-block-paragraph\">Nu toate cerurile sunt construite la fel. Formulele mai ieftine tind s\u0103 se bazeze pe baze de petrol grele, solven\u021bi duri sau finisaje bogate \u00een alcool care usuc\u0103 scalpul. De-a lungul lunilor, acest tip de expunere nu este bun pentru p\u0103r. Ceara de albine natural\u0103 sau formulele pe baz\u0103 de plante au tendin\u021ba de a se sp\u0103la mai curat \u0219i de a sta mai u\u0219or. Etichetele nu v\u0103 vor spune \u00eentotdeauna \u00eentreaga poveste, dar o scanare rapid\u0103 pentru cuvinte precum ulei mineral, paraffinum liquidum sau polimeri sintetici den\u0219i este de obicei suficient\u0103 pentru a v\u0103 \u00eendrepta c\u0103tre sau departe de un borcan.<\/p>\n\n\n\n<p class=\"wp-block-paragraph\">Dac\u0103 scalpul t\u0103u se simte str\u00e2ns, descuamat sau iritat la c\u00e2teva ore dup\u0103 coafare, acesta este un feedback care merit\u0103 ascultat. P\u0103rul t\u0103u \u00ee\u021bi spune adesea de ce are nevoie \u00eenainte de orice altceva.<\/p>\n\n\n\n<h2 class=\"wp-block-heading\" id=\"habits-that-quietly-damage-hair\">Obiceiuri care d\u0103uneaz\u0103 \u00een lini\u0219te p\u0103rului<\/h2>\n\n\n\n<p class=\"wp-block-paragraph\">Uneori, ceara este \u00eenvinov\u0103\u021bit\u0103 atunci c\u00e2nd problema real\u0103 este totul \u00een jurul ei. Re-styling frecvent pe parcursul zilei. Piept\u0103narea cear\u0103 prin p\u0103rul deja uscat. Folosirea pieptenilor cu din\u021bi metalici pe sec\u021biunile cerate. Cl\u0103tire f\u0103r\u0103 \u0219ampon dup\u0103 o zi lung\u0103. Folosind unelte fierbin\u021bi peste o baz\u0103 cear\u0103, care practic praje\u0219te stratul \u00een arbore.<\/p>\n\n\n\n<p class=\"wp-block-paragraph\">Obiceiuri mici. \u00cenmul\u021bit pe parcursul unui an. Ele se adun\u0103, \u00een lini\u0219te, \u00een moduri pe care cei mai mul\u021bi dintre noi nu le observ\u0103m p\u00e2n\u0103 c\u00e2nd oglinda \u00eencepe s\u0103 o arate.<\/p>\n\n\n\n<h2 class=\"wp-block-heading\" id=\"shedding-vs-breakage-they-look-the-same-but-they-arent\">Deversare vs. spargere \u2014 Arat\u0103 la fel, dar nu sunt<\/h2>\n\n\n\n<p class=\"wp-block-paragraph\">C\u0103derea \u00eenseamn\u0103 c\u0103 p\u0103rul a ajuns la sf\u00e2r\u0219itul ciclului s\u0103u de cre\u0219tere \u0219i cade de la r\u0103d\u0103cin\u0103. Ve\u021bi vedea un mic bec alb \u00een partea de jos a \u0219uvi\u021bei. Ruperea, pe de alt\u0103 parte, are loc la mijlocul arborelui. Suvita se rupe. F\u0103r\u0103 bec, adesea lungimi inegale.<\/p>\n\n\n\n<p class=\"wp-block-paragraph\">C\u0103derea p\u0103rului legat\u0103 de cear\u0103 este aproape \u00eentotdeauna rupere. Efluviu telogen, schimb\u0103ri hormonale, lacune nutri\u021bionale \u0219i modele genetice &#8211; aceasta este partea de pierdere. \u00cen\u021belegerea diferen\u021bei schimb\u0103 modul \u00een care r\u0103spunde\u021bi.<\/p>\n\n\n\n<h2 class=\"wp-block-heading\" id=\"using-hair-wax-without-stressing-your-hair\">Folosind cear\u0103 de p\u0103r f\u0103r\u0103 a-\u021bi stresa p\u0103rul<\/h2>\n\n\n\n<p class=\"wp-block-paragraph\">Exist\u0103 o cale de mijloc sensibil\u0103 \u00eentre a nu atinge niciodat\u0103 lucrurile \u0219i a folosi o jum\u0103tate de cad\u0103 \u00een fiecare diminea\u021b\u0103. C\u00e2teva obiceiuri care ajut\u0103:<\/p>\n\n\n\n<ul class=\"wp-block-list\">\n<li>Aplica\u021bi pe p\u0103rul u\u0219or umed sau uscat, f\u0103r\u0103 \u0219uvi\u021bele umede \u00eenmuiate<\/li>\n\n\n\n<li>\u00cencepe\u021bi cu o cantitate de m\u0103rimea unui bob de maz\u0103re &#8211; mai mult nu este mai bine<\/li>\n\n\n\n<li>\u00cenc\u0103lze\u0219te-l \u00een palme \u00eenainte de a-\u021bi atinge p\u0103rul<\/li>\n\n\n\n<li>Sp\u0103la\u021bi-v\u0103 bine \u00een aceea\u0219i zi, ideal cu un \u0219ampon u\u0219or de clarificare o dat\u0103 pe s\u0103pt\u0103m\u00e2n\u0103<\/li>\n\n\n\n<li>Ofer\u0103 scalpului t\u0103u zile f\u0103r\u0103 cear\u0103 c\u00e2nd po\u021bi<\/li>\n<\/ul>\n\n\n\n<p class=\"wp-block-paragraph\">Numai acea rutin\u0103 rezolv\u0103 majoritatea simptomelor pe care oamenii le dau vina pe cear\u0103.<\/p>\n\n\n\n<figure class=\"wp-block-image size-large\"><img loading=\"lazy\" decoding=\"async\" width=\"1024\" height=\"569\" src=\"https:\/\/haircenterofturkey.com\/wp-content\/uploads\/2026\/04\/When-the-Problem-Is-Bigger-Than-a-Styling-Product-1024x569.webp\" alt=\"\" class=\"wp-image-35833\" title=\"\" srcset=\"https:\/\/haircenterofturkey.com\/wp-content\/uploads\/2026\/04\/When-the-Problem-Is-Bigger-Than-a-Styling-Product-1024x569.webp 1024w, https:\/\/haircenterofturkey.com\/wp-content\/uploads\/2026\/04\/When-the-Problem-Is-Bigger-Than-a-Styling-Product-300x167.webp 300w, https:\/\/haircenterofturkey.com\/wp-content\/uploads\/2026\/04\/When-the-Problem-Is-Bigger-Than-a-Styling-Product-768x427.webp 768w, https:\/\/haircenterofturkey.com\/wp-content\/uploads\/2026\/04\/When-the-Problem-Is-Bigger-Than-a-Styling-Product-150x83.webp 150w, https:\/\/haircenterofturkey.com\/wp-content\/uploads\/2026\/04\/When-the-Problem-Is-Bigger-Than-a-Styling-Product.webp 1080w\" sizes=\"auto, (max-width: 1024px) 100vw, 1024px\" \/><\/figure>\n\n\n\n<h2 class=\"wp-block-heading\" id=\"when-the-problem-is-bigger-than-a-styling-product\">C\u00e2nd problema este mai mare dec\u00e2t un produs de styling<\/h2>\n\n\n\n<p class=\"wp-block-paragraph\">Dac\u0103 observa\u021bi margini mai sub\u021biri, o linie de p\u0103r \u00een retragere sau o coroan\u0103 vizibil rar\u0103, ceara nu este aproape sigur de vin\u0103. C\u0103derea genetic\u0103 a p\u0103rului progreseaz\u0103 lini\u0219tit ani de zile \u00eenainte de a deveni evident\u0103. Schimb\u0103rile stilului de via\u021b\u0103, stresul, decalajele nutri\u021bionale \u0219i factorii medicali contribuie la el.<\/p>\n\n\n\n<p class=\"wp-block-paragraph\">Aici conteaz\u0103 evaluarea corect\u0103. \u00cen clinicile structurate, cum ar fi Hair Center din Turcia, primul pas este de obicei o analiz\u0103 detaliat\u0103 a zonei donatoare \u0219i o revizuire a modelului c\u0103derii p\u0103rului, mai degrab\u0103 dec\u00e2t s\u0103 trece\u021bi direct la deciziile de tratament. Acesta este genul de claritate care v\u0103 spune dac\u0103 ave\u021bi de-a face cu spargere, v\u0103rsare temporar\u0103 sau ceva care are nevoie de fapt de un plan real \u0219i de o cale de tratament mapat\u0103 corespunz\u0103tor.<\/p>\n\n\n\n<h2 class=\"wp-block-heading\" id=\"final-thoughts\">G\u00e2nduri finale<\/h2>\n\n\n\n<p class=\"wp-block-paragraph\">Wax nu este tic\u0103losul pe care internetul \u00eel face uneori. Folosit cu pu\u021bin\u0103 grij\u0103, este o parte perfect\u0103 a unei rutine de styling. Problema \u00eencepe cu obiceiurile construite \u00een jurul lui &#8211; \u0219i cu ruperea gre\u0219it\u0103 legat\u0103 de coafare cu c\u0103derea real\u0103 a p\u0103rului.<\/p>\n\n\n\n<p class=\"wp-block-paragraph\">Dac\u0103 nu e\u0219ti cu adev\u0103rat sigur ce se \u00eent\u00e2mpl\u0103 pe scalpul t\u0103u, nu ghici. O consultare adecvat\u0103, \u00een mod ideal cu o echip\u0103 cu experien\u021b\u0103 \u00een planificarea tratamentelor pentru pacien\u021bii interna\u021bionali, cum ar fi cel de la Hair Center of Turkey, v\u0103 ofer\u0103 genul de lectur\u0103 sincer\u0103 pe care nicio schimbare de produs de coafare nu o poate \u00eenlocui.<\/p>\n\n\n\n<h2 class=\"wp-block-heading\" id=\"frequently-asked-questions\">\u00centreb\u0103ri frecvente<\/h2>\n\n\n<div id=\"rank-math-faq\" class=\"rank-math-block\">\n<div class=\"rank-math-list \">\n<div id=\"faq-3768d422\" class=\"rank-math-list-item\">\n<h3 class=\"rank-math-question \">Pot folosi ceara de par in fiecare zi fara a-mi deteriora parul?<\/h3>\n<div class=\"rank-math-answer \">\n\n<p>Utilizarea zilnic\u0103 este, \u00een general, bun\u0103 dac\u0103 v\u0103 sp\u0103la\u021bi bine \u00een aceea\u0219i zi \u0219i evita\u021bi s\u0103 dormi\u021bi cu produsul \u00een interior. Daunele provin rareori de la ceara \u00een sine &#8211; provine de la acumularea de reziduuri \u0219i obiceiurile de \u00eendep\u0103rtare brutal\u0103. Ofer\u0103 scalpului t\u0103u o zi f\u0103r\u0103 cear\u0103 din c\u00e2nd \u00een c\u00e2nd pentru a men\u021bine lucrurile echilibrate.<\/p>\n\n<\/div>\n<\/div>\n<div id=\"faq-88ca4f72\" class=\"rank-math-list-item\">\n<h3 class=\"rank-math-question \">Dormitul cu cear\u0103 de p\u0103r provoac\u0103 chelie?<\/h3>\n<div class=\"rank-math-answer \">\n\n<p>Dormitul cu cear\u0103 nu va provoca \u00een mod direct chelie, dar poate irita scalpul, \u00eenfunda orificiile foliculilor \u0219i poate stresa firul de p\u0103r pe perna ta ore \u00een \u0219ir. \u00cen timp, acest lucru poate duce la rupere \u0219i probleme ale scalpului. A-l sp\u0103la \u00eenainte de culcare este solu\u021bia simpl\u0103.<\/p>\n\n<\/div>\n<\/div>\n<div id=\"faq-006cd2cc\" class=\"rank-math-list-item\">\n<h3 class=\"rank-math-question \">Care este diferen\u021ba dintre ruperea p\u0103rului \u0219i c\u0103derea p\u0103rului de la produsele de styling?<\/h3>\n<div class=\"rank-math-answer \">\n\n<p>Ruperea are loc la mijlocul arborelui \u0219i las\u0103 fire de lungime neuniform\u0103 f\u0103r\u0103 bulb alb de r\u0103d\u0103cin\u0103. C\u0103derea adev\u0103rat\u0103 a p\u0103rului implic\u0103 c\u0103derea \u00eentregii \u0219uvi\u021be din folicul, de obicei cu un mic bulb ata\u0219at. Problemele legate de stil se \u00eencadreaz\u0103 aproape \u00eentotdeauna \u00een categoria spargerii, nu \u00een pierderea real\u0103.<\/p>\n\n<\/div>\n<\/div>\n<div id=\"faq-c459a141\" class=\"rank-math-list-item\">\n<h3 class=\"rank-math-question \">Ar trebui s\u0103 nu mai folosesc cear\u0103 dac\u0103 p\u0103rul meu este sub\u021biere?<\/h3>\n<div class=\"rank-math-answer \">\n\n<p>Nu neap\u0103rat. Dac\u0103 sub\u021bierea este genetic\u0103 sau hormonal\u0103, oprirea cear\u0103 nu va schimba tiparul. Ceea ce conteaz\u0103 mai mult este identificarea cauzei. O evaluare adecvat\u0103 a scalpului v\u0103 poate spune dac\u0103 s\u0103 ajusta\u021bi obiceiurile de coafare, s\u0103 schimba\u021bi produsele sau s\u0103 urma\u021bi un plan de tratament pe termen mai lung.<\/p>\n\n<\/div>\n<\/div>\n<div id=\"faq-749b6413\" class=\"rank-math-list-item\">\n<h3 class=\"rank-math-question \">Cum pot s\u0103 \u00eemi dau seama dac\u0103 c\u0103derea p\u0103rului meu necesit\u0103 o evaluare profesional\u0103?<\/h3>\n<div class=\"rank-math-answer \">\n\n<p>Dac\u0103 observa\u021bi o linie p\u0103rului \u00een retragere, o coroan\u0103 rar\u0103, desp\u0103r\u021bire l\u0103rgit\u0103 sau v\u0103rsare brusc\u0103 puternic\u0103 care dureaz\u0103 mai mult de c\u00e2teva s\u0103pt\u0103m\u00e2ni, merit\u0103 s\u0103 fi\u021bi verificat. O consulta\u021bie de specialitate la o clinic\u0103 precum Hair Center of Turkey poate clarifica ce anume determin\u0103 schimbarea \u0219i, dac\u0103 este ceva, ce trebuie f\u0103cut \u00een leg\u0103tur\u0103 cu aceasta.<\/p>\n\n<\/div>\n<\/div>\n<\/div>\n<\/div>","protected":false},"excerpt":{"rendered":"<p>Majoritatea oamenilor se \u00eentreab\u0103 mai \u00eent\u00e2i despre asta dup\u0103 ce au observat c\u00e2teva fire mai multe dec\u00e2t de obicei sub du\u0219. Borcanul de cear\u0103 de pe raftul de baie pare brusc suspect. Este o \u00eentrebare corect\u0103 \u2013 produsele de styling zilnice stau ore \u00een \u0219ir pe scalp \u0219i este firesc s\u0103 \u00eentrebi dac\u0103 fac ceva [&hellip;]<\/p>\n","protected":false},"author":2,"featured_media":35831,"comment_status":"closed","ping_status":"closed","sticky":false,"template":"","format":"standard","meta":{"footnotes":"","rank_math_title":"","rank_math_description":"Ceara de p\u0103r provoac\u0103 c\u0103derea p\u0103rului? Descoperi\u021bi ce v\u0103 afecteaz\u0103 cu adev\u0103rat scalpul, obiceiurile sigure de coafare \u0219i atunci c\u00e2nd v\u0103 scurge\u021bi punctele c\u0103tre o problem\u0103 real\u0103 care merit\u0103 evaluat\u0103.","rank_math_focus_keyword":"","rank_math_canonical_url":"","rank_math_breadcrumb_title":"","rank_math_facebook_title":"","rank_math_facebook_description":"","rank_math_facebook_image":"","rank_math_twitter_title":"","rank_math_twitter_description":"","rank_math_twitter_image":"","rank_math_pillar_content":""},"categories":[987],"tags":[],"class_list":["post-50795","post","type-post","status-publish","format-standard","has-post-thumbnail","hentry","category-caderea-parului"],"_links":{"self":[{"href":"https:\/\/haircenterofturkey.com\/ro\/wp-json\/wp\/v2\/posts\/50795","targetHints":{"allow":["GET"]}}],"collection":[{"href":"https:\/\/haircenterofturkey.com\/ro\/wp-json\/wp\/v2\/posts"}],"about":[{"href":"https:\/\/haircenterofturkey.com\/ro\/wp-json\/wp\/v2\/types\/post"}],"author":[{"embeddable":true,"href":"https:\/\/haircenterofturkey.com\/ro\/wp-json\/wp\/v2\/users\/2"}],"replies":[{"embeddable":true,"href":"https:\/\/haircenterofturkey.com\/ro\/wp-json\/wp\/v2\/comments?post=50795"}],"version-history":[{"count":5,"href":"https:\/\/haircenterofturkey.com\/ro\/wp-json\/wp\/v2\/posts\/50795\/revisions"}],"predecessor-version":[{"id":60438,"href":"https:\/\/haircenterofturkey.com\/ro\/wp-json\/wp\/v2\/posts\/50795\/revisions\/60438"}],"wp:featuredmedia":[{"embeddable":true,"href":"https:\/\/haircenterofturkey.com\/ro\/wp-json\/wp\/v2\/media\/35831"}],"wp:attachment":[{"href":"https:\/\/haircenterofturkey.com\/ro\/wp-json\/wp\/v2\/media?parent=50795"}],"wp:term":[{"taxonomy":"category","embeddable":true,"href":"https:\/\/haircenterofturkey.com\/ro\/wp-json\/wp\/v2\/categories?post=50795"},{"taxonomy":"post_tag","embeddable":true,"href":"https:\/\/haircenterofturkey.com\/ro\/wp-json\/wp\/v2\/tags?post=50795"}],"curies":[{"name":"wp","href":"https:\/\/api.w.org\/{rel}","templated":true}]}}