{"id":50764,"date":"2026-04-22T15:39:49","date_gmt":"2026-04-22T12:39:49","guid":{"rendered":"https:\/\/haircenterofturkey.com\/?p=50764"},"modified":"2026-08-31T17:48:20","modified_gmt":"2026-08-31T14:48:20","slug":"suplimentele-chiar-opresc-caderea-parului","status":"publish","type":"post","link":"https:\/\/haircenterofturkey.com\/ro\/suplimentele-chiar-opresc-caderea-parului\/","title":{"rendered":"Suplimentele chiar opresc caderea parului?"},"content":{"rendered":"\n<p class=\"wp-block-paragraph\">Probabil a\u021bi v\u0103zut reclamele. O sticl\u0103 de gumii, un \u00eenainte \u0219i dup\u0103 \u00eencrez\u0103tor, o promisiune c\u0103 c\u00e2teva capsule pe zi \u00ee\u021bi vor readuce linia p\u0103rului. Sun\u0103 u\u0219or. \u0218i \u00eentr-un fel, asta este problema. C\u0103derea p\u0103rului are rareori o singur\u0103 cauz\u0103, a\u0219a c\u0103 ideea c\u0103 un supliment o poate repara \u00een lini\u0219te tinde s\u0103 se destrame \u00een momentul \u00een care te ui\u021bi mai atent.<\/p>\n\n\n\n<p class=\"wp-block-paragraph\">Totu\u0219i, \u00eentrebarea este corect\u0103. Suplimentele influen\u021beaz\u0103 organismul. Adev\u0103rata problem\u0103 este s\u0103 \u0219tii unde ajut\u0103, unde nu \u0219i c\u00e2nd v\u0103rsarea pe care o vezi sub du\u0219 necesit\u0103 un alt fel de aten\u021bie.<\/p>\n\n\n\n<h2 class=\"wp-block-heading\" id=\"why-shedding-happens-in-the-first-place\">De ce se \u00eent\u00e2mpl\u0103 pierderea \u00een primul r\u00e2nd<\/h2>\n\n\n\n<p class=\"wp-block-paragraph\">P\u0103rul trece prin cicluri. Cre\u0219tere, odihn\u0103, eliberare. E normal. Ceea ce nu este normal este atunci c\u00e2nd v\u0103rsarea dep\u0103\u0219e\u0219te cre\u0219terea timp de s\u0103pt\u0103m\u00e2ni sau c\u00e2nd densitatea de deasupra \u00eencepe s\u0103 se sub\u021bieze \u00eentr-un model pe care \u00eel recunoa\u0219te\u021bi de la un p\u0103rinte sau un frate.<\/p>\n\n\n\n<div class=\"wp-block-rank-math-toc-block\" id=\"rank-math-toc\"><h2>Table of Contents<\/h2><nav><ul><li><a href=\"#why-shedding-happens-in-the-first-place\">De ce se \u00eent\u00e2mpl\u0103 pierderea \u00een primul r\u00e2nd<\/a><\/li><li><a href=\"#what-vitamins-and-minerals-actually-do-for-hair\">Ce fac de fapt vitaminele \u0219i mineralele pentru p\u0103r<\/a><\/li><li><a href=\"#the-biotin-myth-that-wont-die\">Mitul biotinei care nu va muri<\/a><\/li><li><a href=\"#when-supplements-can-help-and-when-they-cant\">C\u00e2nd suplimentele pot ajuta \u0219i c\u00e2nd nu pot<\/a><\/li><li><a href=\"#how-to-tell-if-your-hair-loss-is-nutritional-or-something-el\">Cum s\u0103-\u021bi dai seama dac\u0103 c\u0103derea p\u0103rului este nutri\u021bional\u0103 sau altceva<\/a><\/li><li><a href=\"#where-clinical-evaluation-makes-the-difference\">Unde evaluarea clinic\u0103 face diferen\u021ba<\/a><\/li><li><a href=\"#what-a-realistic-approach-looks-like\">Cum arat\u0103 o abordare realist\u0103<\/a><\/li><li><a href=\"#thinking-about-treatment-in-istanbul\">G\u00e2ndirea la tratament \u00een Istanbul<\/a><\/li><li><a href=\"#final-thoughts\">G\u00e2nduri finale<\/a><\/li><li><a href=\"#faq\">\u00centreb\u0103ri frecvente<\/a><\/li><\/ul><\/nav><\/div>\n\n\n\n<p class=\"wp-block-paragraph\">C\u0103derea genetic\u0103 a p\u0103rului, cunoscut\u0103 \u0219i sub numele de alopecie androgenetic\u0103, \u00ee\u0219i urmeaz\u0103 propriul program. Este determinat\u0103 de sensibilitatea hormonal\u0103 la nivelul foliculilor, nu de ceea ce lipse\u0219te din farfurie. Eliberarea legat\u0103 de stres este diferit\u0103. La fel este \u0219i pierderea dup\u0103 boal\u0103, sub\u021bierea legat\u0103 de tiroida, deficitul de fier \u0219i pierderea difuz\u0103 care uneori urmeaz\u0103 dietelor accidentale. Fiecare are un mecanism diferit. \u0218i fiecare r\u0103spunde diferit la tratament.<\/p>\n\n\n\n<p class=\"wp-block-paragraph\">Acest lucru conteaz\u0103 deoarece suplimentele func\u021bioneaz\u0103 cel mai bine atunci c\u00e2nd exist\u0103 o deficien\u021b\u0103 real\u0103 de corectat. F\u0103r\u0103 unul, beneficiul tinde s\u0103 fie mic \u0219i uneori imaginat.<\/p>\n\n\n\n<figure class=\"wp-block-image size-large\"><img loading=\"lazy\" decoding=\"async\" width=\"1024\" height=\"569\" src=\"https:\/\/haircenterofturkey.com\/wp-content\/uploads\/2026\/04\/What-Vitamins-and-Minerals-Actually-Do-for-Hair-1024x569.webp\" alt=\"\" class=\"wp-image-36185\" title=\"\" srcset=\"https:\/\/haircenterofturkey.com\/wp-content\/uploads\/2026\/04\/What-Vitamins-and-Minerals-Actually-Do-for-Hair-1024x569.webp 1024w, https:\/\/haircenterofturkey.com\/wp-content\/uploads\/2026\/04\/What-Vitamins-and-Minerals-Actually-Do-for-Hair-300x167.webp 300w, https:\/\/haircenterofturkey.com\/wp-content\/uploads\/2026\/04\/What-Vitamins-and-Minerals-Actually-Do-for-Hair-768x427.webp 768w, https:\/\/haircenterofturkey.com\/wp-content\/uploads\/2026\/04\/What-Vitamins-and-Minerals-Actually-Do-for-Hair-150x83.webp 150w, https:\/\/haircenterofturkey.com\/wp-content\/uploads\/2026\/04\/What-Vitamins-and-Minerals-Actually-Do-for-Hair.webp 1080w\" sizes=\"auto, (max-width: 1024px) 100vw, 1024px\" \/><\/figure>\n\n\n\n<h2 class=\"wp-block-heading\" id=\"what-vitamins-and-minerals-actually-do-for-hair\">Ce fac de fapt vitaminele \u0219i mineralele pentru p\u0103r<\/h2>\n\n\n\n<p class=\"wp-block-paragraph\">P\u0103rul este proteine, \u00een principal cheratina, \u0219i este construit din foliculi care au nevoie de un aport constant de nutrien\u021bi pentru a men\u021bine ciclul corespunz\u0103tor. C\u00e2nd aportul scade, foliculul reac\u0163ioneaz\u0103. \u00cencetine\u0219te, trece mai devreme \u00een repaus \u0219i produce fire mai fine.<\/p>\n\n\n\n<p class=\"wp-block-paragraph\">Nutrien\u021bii lega\u021bi cel mai constant de calitatea p\u0103rului includ:<\/p>\n\n\n\n<ul class=\"wp-block-list\">\n<li>Nivelurile de fier, \u00een special de feritin\u0103, care sunt adesea sc\u0103zute la femeile care se confrunt\u0103 cu sub\u021bierea difuz\u0103<\/li>\n\n\n\n<li>Vitamina D, care joac\u0103 un rol \u00een ciclul folicular<\/li>\n\n\n\n<li>Zincul, care sus\u021bine repararea \u021besuturilor \u0219i func\u021bia glandelor de ulei din jurul foliculului<\/li>\n\n\n\n<li>Vitamine din complexul B, \u00een special B12 \u0219i biotin\u0103, de\u0219i deficitul de biotin\u0103 este cu adev\u0103rat rar\u0103<\/li>\n\n\n\n<li>Aportul total de proteine, care este adesea subestimat \u00een dietele restrictive<\/li>\n<\/ul>\n\n\n\n<p class=\"wp-block-paragraph\">Dac\u0103 unul dintre acestea este sc\u0103zut, corectarea lui poate face o diferen\u021b\u0103 real\u0103. Dar administrarea de doze mari atunci c\u00e2nd nivelul t\u0103u este deja \u00een regul\u0103 nu \u00eempinge cre\u0219terea p\u0103rului. Corpul nu prea func\u021bioneaz\u0103 a\u0219a.<\/p>\n\n\n\n<h2 class=\"wp-block-heading\" id=\"the-biotin-myth-that-wont-die\">Mitul biotinei care nu va muri<\/h2>\n\n\n\n<p class=\"wp-block-paragraph\">Biotina are cel mai tare marketing. \u0218ampoanele, serurile, produsele de mestecat, chiar \u0219i cremele de cafea le \u00eenscriu acum pe eticheta din fa\u021b\u0103. \u0218i totu\u0219i, deficitul de biotin\u0103 la adul\u021bii s\u0103n\u0103to\u0219i este neobi\u0219nuit. Majoritatea oamenilor care consum\u0103 o diet\u0103 variat\u0103 au deja suficient.<\/p>\n\n\n\n<p class=\"wp-block-paragraph\">Deci de ce se mai vinde? Par\u021bial pentru c\u0103 se simte inofensiv. Par\u021bial pentru c\u0103 unii utilizatori v\u0103d cu adev\u0103rat p\u0103rul mai gros, de\u0219i aceasta este adesea o coinciden\u021b\u0103 cu schimb\u0103rile sezoniere sau alte schimb\u0103ri. Doza mare de biotin\u0103 poate interfera de fapt cu anumite teste de s\u00e2nge, ceea ce merit\u0103 men\u021bionat medicului dumneavoastr\u0103 \u00eenainte de munca de laborator.<\/p>\n\n\n\n<h2 class=\"wp-block-heading\" id=\"when-supplements-can-help-and-when-they-cant\">C\u00e2nd suplimentele pot ajuta \u0219i c\u00e2nd nu pot<\/h2>\n\n\n\n<p class=\"wp-block-paragraph\">\u00cen practic\u0103, suplimentele tind s\u0103 fie utile \u00eentr-o fereastr\u0103 \u00eengust\u0103. Acestea func\u021bioneaz\u0103 atunci c\u00e2nd se confirm\u0103 o deficien\u021b\u0103, c\u00e2nd doza se potrive\u0219te cu decalajul \u0219i c\u00e2nd persoana continu\u0103 s\u0103 le ia suficient de mult pentru a vedea un ciclu de recre\u0219tere, ceea ce \u00eenseamn\u0103 de obicei trei p\u00e2n\u0103 la \u0219ase luni cel pu\u021bin.<\/p>\n\n\n\n<p class=\"wp-block-paragraph\">Sunt mult mai pu\u021bin utile atunci c\u00e2nd cauza de baz\u0103 este genetic\u0103. Un b\u0103rbat \u00een v\u00e2rst\u0103 de 20 de ani, care observ\u0103 c\u0103 i se retrag t\u00e2mplele, nu va reface p\u0103rul cu tablete de zinc. Foliculii care r\u0103spund la semnalele hormonale au nevoie de un alt tip de interven\u021bie, iar a pretinde altfel doar cost\u0103 timp.<\/p>\n\n\n\n<h2 class=\"wp-block-heading\" id=\"how-to-tell-if-your-hair-loss-is-nutritional-or-something-el\">Cum s\u0103-\u021bi dai seama dac\u0103 c\u0103derea p\u0103rului este nutri\u021bional\u0103 sau altceva<\/h2>\n\n\n\n<p class=\"wp-block-paragraph\">C\u00e2teva semnale tind s\u0103 le separe pe cele dou\u0103. Pierderea nutri\u021bional\u0103 este de obicei difuz\u0103, r\u0103sp\u00e2ndit\u0103 pe \u00eentregul scalp \u0219i apare adesea la c\u00e2teva luni dup\u0103 un declan\u0219ator cum ar fi boala, sarcina sau pierderea semnificativ\u0103 \u00een greutate. P\u0103rul cade mai mult dec\u00e2t de obicei, dar modelul general r\u0103m\u00e2ne intact.<\/p>\n\n\n\n<p class=\"wp-block-paragraph\">Pierderea modelului arat\u0103 diferit. Linia p\u0103rului se schimb\u0103. Coroana se sub\u021biaz\u0103. Firele de p\u0103r miniaturizate \u00eencep s\u0103 le \u00eenlocuiasc\u0103 pe cele mai groase. O zon\u0103 donatoare, inelul de p\u0103r din jurul p\u0103r\u021bilor laterale \u0219i din spate, r\u0103m\u00e2ne de obicei neatins\u0103. Acest tipar este indiciul.<\/p>\n\n\n\n<p class=\"wp-block-paragraph\">Analizele de s\u00e2nge ajut\u0103. La fel \u0219i o evaluare adecvat\u0103 a scalpului. Ghicitul numai din oglind\u0103 \u00ee\u021bi ofer\u0103 rareori imaginea complet\u0103.<\/p>\n\n\n\n<h2 class=\"wp-block-heading\" id=\"where-clinical-evaluation-makes-the-difference\">Unde evaluarea clinic\u0103 face diferen\u021ba<\/h2>\n\n\n\n<p class=\"wp-block-paragraph\">Aici \u00ee\u0219i c\u00e2\u0219tig\u0103 locul o consulta\u021bie structurat\u0103. La o clinic\u0103 bine organizat\u0103 precum <strong>Centrul de coafur\u0103 din Turcia<\/strong>, primul pas nu este o recomandare de tratament. Este o analiz\u0103 a zonei donatoare, o revizuire a modelului de pierdere \u0219i o conversa\u021bie despre ceea ce cauzeaz\u0103 de fapt pierderea. Uneori r\u0103spunsul este o trimitere pentru a verifica nivelul feritinei \u0219i tiroidei. Uneori este un tratament topic. \u0218i uneori, c\u00e2nd pierderea este clar genetic\u0103 \u0219i stabil\u0103, conversa\u021bia se \u00eendreapt\u0103 c\u0103tre planificarea grefei.<\/p>\n\n\n\n<p class=\"wp-block-paragraph\">Ideea este c\u0103 recomandarea urmeaz\u0103 diagnosticului, nu invers. Aceasta este partea pe care majoritatea testelor de suplimente online o opresc \u00een lini\u0219te.<\/p>\n\n\n\n<h2 class=\"wp-block-heading\" id=\"what-a-realistic-approach-looks-like\">Cum arat\u0103 o abordare realist\u0103<\/h2>\n\n\n\n<p class=\"wp-block-paragraph\">Dac\u0103 pierde\u021bi mai mult dec\u00e2t de obicei \u0219i nu \u0219ti\u021bi sigur de ce, o ordine calm\u0103 a opera\u021biunilor tinde s\u0103 func\u021bioneze mai bine dec\u00e2t cump\u0103rarea \u00een panic\u0103:<\/p>\n\n\n\n<ol class=\"wp-block-list\">\n<li>Face\u021bi analize de s\u00e2nge de baz\u0103, inclusiv feritina, vitamina D, func\u021bia tiroidian\u0103 \u0219i B12<\/li>\n\n\n\n<li>Examina\u021bi evenimentele recente din via\u021b\u0103, boli, stres, modific\u0103ri ale dietei, medicamente<\/li>\n\n\n\n<li>Corecta\u021bi orice deficien\u021b\u0103 confirmat\u0103 cu alimente \u00een primul r\u00e2nd, apoi suplimente<\/li>\n\n\n\n<li>D\u0103-i trei p\u00e2n\u0103 la \u0219ase luni \u00eenainte de a judeca rezultatul<\/li>\n\n\n\n<li>Dac\u0103 modelul sugereaz\u0103 o pierdere genetic\u0103, rezerva\u021bi o evaluare clinic\u0103 adecvat\u0103<\/li>\n<\/ol>\n\n\n\n<p class=\"wp-block-paragraph\">Aceast\u0103 secven\u021b\u0103 economise\u0219te at\u00e2t bani, c\u00e2t \u0219i timp. \u0218i v\u0103 \u00eempiedic\u0103 s\u0103 stivui\u021bi suplimente care nu se potrivesc cu problema real\u0103.<\/p>\n\n\n\n<figure class=\"wp-block-image size-large\"><img loading=\"lazy\" decoding=\"async\" width=\"1024\" height=\"569\" src=\"https:\/\/haircenterofturkey.com\/wp-content\/uploads\/2026\/04\/Thinking-About-Treatment-in-Istanbul-1024x569.webp\" alt=\"\" class=\"wp-image-36186\" title=\"\" srcset=\"https:\/\/haircenterofturkey.com\/wp-content\/uploads\/2026\/04\/Thinking-About-Treatment-in-Istanbul-1024x569.webp 1024w, https:\/\/haircenterofturkey.com\/wp-content\/uploads\/2026\/04\/Thinking-About-Treatment-in-Istanbul-300x167.webp 300w, https:\/\/haircenterofturkey.com\/wp-content\/uploads\/2026\/04\/Thinking-About-Treatment-in-Istanbul-768x427.webp 768w, https:\/\/haircenterofturkey.com\/wp-content\/uploads\/2026\/04\/Thinking-About-Treatment-in-Istanbul-150x83.webp 150w, https:\/\/haircenterofturkey.com\/wp-content\/uploads\/2026\/04\/Thinking-About-Treatment-in-Istanbul.webp 1080w\" sizes=\"auto, (max-width: 1024px) 100vw, 1024px\" \/><\/figure>\n\n\n\n<h2 class=\"wp-block-heading\" id=\"thinking-about-treatment-in-istanbul\">G\u00e2ndirea la tratament \u00een Istanbul<\/h2>\n\n\n\n<p class=\"wp-block-paragraph\">Pentru cititorii interna\u021bionali care \u00ee\u0219i c\u00e2nt\u0103resc op\u021biunile, Turcia a devenit o destina\u021bie practic\u0103 pentru tratamentul structurat al p\u0103rului, par\u021bial pentru c\u0103 procesul de evaluare tinde s\u0103 fie am\u0103nun\u021bit \u00eenainte de a se sugera orice altceva. <strong>Centrul de coafur\u0103 din Turcia<\/strong>, de exemplu, \u00eencepe de obicei cu o consulta\u021bie online care examineaz\u0103 fotografiile, istoricul medical \u0219i modelele actuale de pierdere. Scopul este de a \u00een\u021belege dac\u0103 pacientul are nevoie de \u00eendrum\u0103ri nutri\u021bionale, tratament medical, un transplant sau pur \u0219i simplu timp.<\/p>\n\n\n\n<p class=\"wp-block-paragraph\">Aceast\u0103 claritate ini\u021bial\u0103 conteaz\u0103. Permite pacien\u021bilor s\u0103 c\u0103l\u0103toreasc\u0103 cu a\u0219tept\u0103ri realiste, mai degrab\u0103 dec\u00e2t cu ipoteze bazate pe con\u021binut de marketing.<\/p>\n\n\n\n<h2 class=\"wp-block-heading\" id=\"final-thoughts\">G\u00e2nduri finale<\/h2>\n\n\n\n<p class=\"wp-block-paragraph\">Suplimentele nu sunt magice. Dar nici ele nu sunt inutile. Ocup\u0103 un rol specific, limitat \u00een s\u0103n\u0103tatea p\u0103rului \u0219i func\u021bioneaz\u0103 cel mai bine atunci c\u00e2nd persoana care le ia are nevoie de fapt de ceea ce este \u00een sticl\u0103. Progresul real tinde s\u0103 vin\u0103 din \u00een\u021belegerea de ce p\u0103rul cade \u00een primul r\u00e2nd \u0219i apoi alegerea unui r\u0103spuns care se potrive\u0219te cu cauza.<\/p>\n\n\n\n<p class=\"wp-block-paragraph\">Pentru oricine nu este sigur unde se afl\u0103 propria lor situa\u021bie, o evaluare adecvat\u0103, fie la un dermatolog local, fie la o clinic\u0103 structurat\u0103 precum <strong>Centrul de coafur\u0103 din Turcia<\/strong>, \u00eenlocuie\u0219te de obicei presupunerile cu un plan. Iar un plan, chiar \u0219i unul simplu, tinde s\u0103 dep\u0103\u0219easc\u0103 un dulap plin de capsule.<\/p>\n\n\n\n<h2 class=\"wp-block-heading\" id=\"faq\">\u00centreb\u0103ri frecvente<\/h2>\n\n\n<div id=\"rank-math-faq\" class=\"rank-math-block\">\n<div class=\"rank-math-list \">\n<div id=\"faq-9788c5a5\" class=\"rank-math-list-item\">\n<h3 class=\"rank-math-question \">Pot suplimentele singure s\u0103 opreasc\u0103 c\u0103derea genetic\u0103 a p\u0103rului?<\/h3>\n<div class=\"rank-math-answer \">\n\n<p>Nu. C\u0103derea genetic\u0103 a p\u0103rului este determinat\u0103 de sensibilitatea hormonal\u0103 la nivelul foliculului, nu de lipsurile de nutrien\u021bi. Suplimentele pot sus\u021bine calitatea general\u0103 a p\u0103rului, dar nu vor inversa chelie de la sine.<\/p>\n\n<\/div>\n<\/div>\n<div id=\"faq-be9ce1c7\" class=\"rank-math-list-item\">\n<h3 class=\"rank-math-question \">C\u00e2t timp ar trebui s\u0103 iau un supliment \u00eenainte de a judeca dac\u0103 func\u021bioneaz\u0103?<\/h3>\n<div class=\"rank-math-answer \">\n\n<p>Cel pu\u021bin trei p\u00e2n\u0103 la \u0219ase luni. Ciclurile p\u0103rului sunt lente \u0219i, de obicei, termenele mai scurte nu reflect\u0103 schimbarea real\u0103. Dac\u0103 nu exist\u0103 nicio \u00eembun\u0103t\u0103\u021bire vizibil\u0103 p\u00e2n\u0103 \u00een luna a \u0219asea, probabil c\u0103 cauza nu este nutri\u021bional\u0103.<\/p>\n\n<\/div>\n<\/div>\n<div id=\"faq-acd1ad37\" class=\"rank-math-list-item\">\n<h3 class=\"rank-math-question \">Este biotina cu adev\u0103rat necesar\u0103 pentru cre\u0219terea p\u0103rului?<\/h3>\n<div class=\"rank-math-answer \">\n\n<p>Pentru majoritatea oamenilor, nu. Adev\u0103rata deficien\u021b\u0103 de biotin\u0103 este rar\u0103 la adul\u021bii s\u0103n\u0103to\u0219i care consum\u0103 o diet\u0103 variat\u0103. Biotina suplimentar\u0103, \u00een general, nu \u00eempinge cre\u0219terea mai sus \u0219i poate interfera cu unele teste de laborator.<\/p>\n\n<\/div>\n<\/div>\n<div id=\"faq-ad6abb46\" class=\"rank-math-list-item\">\n<h3 class=\"rank-math-question \">Ar trebui s\u0103 fac analize de s\u00e2nge \u00eenainte de a cump\u0103ra suplimente?<\/h3>\n<div class=\"rank-math-answer \">\n\n<p>Ideal, da. Feritin\u0103, vitamina D, func\u021bia tiroidian\u0103 \u0219i B12 sunt punctele de plecare obi\u0219nuite. Corectarea unei deficien\u021be confirmate tinde s\u0103 ajute mult mai mult dec\u00e2t a ghici.<\/p>\n\n<\/div>\n<\/div>\n<div id=\"faq-f2436553\" class=\"rank-math-list-item\">\n<h3 class=\"rank-math-question \">C\u00e2nd ar trebui s\u0103 iau \u00een considerare un consult clinic \u00een loc de suplimente?<\/h3>\n<div class=\"rank-math-answer \">\n\n<p>Dac\u0103 observa\u021bi o linie p\u0103rului \u00een retragere, sub\u021bierea coroanei sau un model clar, mai degrab\u0103 dec\u00e2t v\u0103rsarea difuz\u0103, o evaluare clinic\u0103 este cel mai bun pas urm\u0103tor. Clinicile precum Hair Center of Turkey \u00eencep de obicei cu o analiz\u0103 a zonei donatoare \u0219i o discu\u021bie despre ceea ce cauzeaz\u0103 de fapt pierderea \u00eenainte de a recomanda orice tratament.<\/p>\n\n<\/div>\n<\/div>\n<\/div>\n<\/div>","protected":false},"excerpt":{"rendered":"<p>Probabil a\u021bi v\u0103zut reclamele. O sticl\u0103 de gumii, un \u00eenainte \u0219i dup\u0103 \u00eencrez\u0103tor, o promisiune c\u0103 c\u00e2teva capsule pe zi \u00ee\u021bi vor readuce linia p\u0103rului. Sun\u0103 u\u0219or. \u0218i \u00eentr-un fel, asta este problema. C\u0103derea p\u0103rului are rareori o singur\u0103 cauz\u0103, a\u0219a c\u0103 ideea c\u0103 un supliment o poate repara \u00een lini\u0219te tinde s\u0103 se destrame [&hellip;]<\/p>\n","protected":false},"author":2,"featured_media":36184,"comment_status":"closed","ping_status":"closed","sticky":false,"template":"","format":"standard","meta":{"footnotes":"","rank_math_title":"","rank_math_description":"Pot suplimentele s\u0103 opreasc\u0103 de fapt c\u0103derea p\u0103rului sau este marketing? O privire calm\u0103, bazat\u0103 pe dovezi, asupra a ceea ce vitaminele fac, ce nu \u0219i c\u00e2nd s\u0103 solicita\u021bi ajutor clinic.","rank_math_focus_keyword":"","rank_math_canonical_url":"","rank_math_breadcrumb_title":"","rank_math_facebook_title":"","rank_math_facebook_description":"","rank_math_facebook_image":"","rank_math_twitter_title":"","rank_math_twitter_description":"","rank_math_twitter_image":"","rank_math_pillar_content":""},"categories":[981],"tags":[],"class_list":["post-50764","post","type-post","status-publish","format-standard","has-post-thumbnail","hentry","category-ingrijirea-parului"],"_links":{"self":[{"href":"https:\/\/haircenterofturkey.com\/ro\/wp-json\/wp\/v2\/posts\/50764","targetHints":{"allow":["GET"]}}],"collection":[{"href":"https:\/\/haircenterofturkey.com\/ro\/wp-json\/wp\/v2\/posts"}],"about":[{"href":"https:\/\/haircenterofturkey.com\/ro\/wp-json\/wp\/v2\/types\/post"}],"author":[{"embeddable":true,"href":"https:\/\/haircenterofturkey.com\/ro\/wp-json\/wp\/v2\/users\/2"}],"replies":[{"embeddable":true,"href":"https:\/\/haircenterofturkey.com\/ro\/wp-json\/wp\/v2\/comments?post=50764"}],"version-history":[{"count":5,"href":"https:\/\/haircenterofturkey.com\/ro\/wp-json\/wp\/v2\/posts\/50764\/revisions"}],"predecessor-version":[{"id":60692,"href":"https:\/\/haircenterofturkey.com\/ro\/wp-json\/wp\/v2\/posts\/50764\/revisions\/60692"}],"wp:featuredmedia":[{"embeddable":true,"href":"https:\/\/haircenterofturkey.com\/ro\/wp-json\/wp\/v2\/media\/36184"}],"wp:attachment":[{"href":"https:\/\/haircenterofturkey.com\/ro\/wp-json\/wp\/v2\/media?parent=50764"}],"wp:term":[{"taxonomy":"category","embeddable":true,"href":"https:\/\/haircenterofturkey.com\/ro\/wp-json\/wp\/v2\/categories?post=50764"},{"taxonomy":"post_tag","embeddable":true,"href":"https:\/\/haircenterofturkey.com\/ro\/wp-json\/wp\/v2\/tags?post=50764"}],"curies":[{"name":"wp","href":"https:\/\/api.w.org\/{rel}","templated":true}]}}