{"id":49455,"date":"2025-03-01T11:51:59","date_gmt":"2025-03-01T08:51:59","guid":{"rendered":"https:\/\/haircenterofturkey.com\/?p=49455"},"modified":"2026-08-31T14:00:15","modified_gmt":"2026-08-31T11:00:15","slug":"ce-antibiotice-provoaca-caderea-parului-si-este-reversibila","status":"publish","type":"post","link":"https:\/\/haircenterofturkey.com\/ro\/ce-antibiotice-provoaca-caderea-parului-si-este-reversibila\/","title":{"rendered":"Ce antibiotice provoac\u0103 c\u0103derea p\u0103rului \u0219i este reversibil\u0103?"},"content":{"rendered":"\n<div class=\"wp-block-group tldr-box\"><div class=\"wp-block-group__inner-container is-layout-flow wp-block-group-is-layout-flow\">\n\n<h3 class=\"wp-block-heading\">R\u0103spuns rapid<\/h3>\n\n\n\n<p class=\"wp-block-paragraph\">Un num\u0103r mic de oameni se confrunt\u0103 cu c\u0103derea temporar\u0103 a p\u0103rului \u00een timp ce iau antibiotice &#8211; cel mai adesea cu tetracicline, sulfonamide, peniciline \u0219i fluorochinolone. Aceast\u0103 pierdere este, de obicei, o form\u0103 de efluviu telogen declan\u0219at de boal\u0103 \u0219i stres medical, nu de deteriorare permanent\u0103 a foliculilor. \u00cen cele mai multe cazuri, p\u0103rul cre\u0219te de la sine \u00een decurs de 3 p\u00e2n\u0103 la 6 luni dup\u0103 oprirea antibioticului.<\/p>\n\n<\/div><\/div>\n\n\n\n<p class=\"wp-block-paragraph\">Hair Center of Turkey este o clinic\u0103 dedicat\u0103 restaur\u0103rii p\u0103rului din Istanbul din 2014, unde cei trei medici speciali\u0219ti efectueaz\u0103 peste 3.000 de proceduri de p\u0103r pe an. Mai jos v\u0103 prezent\u0103m ce antibiotice pot provoca c\u0103derea p\u0103rului, de ce aceste medicamente declan\u0219eaz\u0103 uneori pierderea p\u0103rului \u0219i atunci c\u00e2nd se r\u0103resc \u00een timpul sau dup\u0103 un curs de antibiotice merit\u0103 discutat cu un medic.<\/p>\n\n\n\n<p class=\"wp-block-paragraph\">Unele antibiotice sunt legate de c\u0103derea temporar\u0103 a p\u0103rului, cel mai adesea deoarece boala \u0219i stresul cauzat de medicamente pot \u00eempinge mai mul\u021bi fire de p\u0103r \u00een faza de repaus (telogen). Acesta se nume\u0219te efluviu telogen \u0219i de obicei se \u00eembun\u0103t\u0103\u021be\u0219te dup\u0103 \u00eencheierea tratamentului. Anumite clase &#8211; cum ar fi tetraciclinele, sulfonamidele, penicilinele \u0219i fluorochinolonele &#8211; sunt raportate mai des dec\u00e2t altele.<\/p>\n\n\n\n<div class=\"wp-block-rank-math-toc-block\" id=\"rank-math-toc\"><h2>Table of Contents<\/h2><nav><ul><li><a href=\"#can-antibiotics-really-cause-hair-loss\">Antibioticele pot provoca cu adev\u0103rat c\u0103derea p\u0103rului?<\/a><\/li><li><a href=\"#how-antibiotics-may-trigger-shedding\">Cum antibioticele pot declan\u0219a v\u0103rsarea<\/a><ul><li><a href=\"#telogen-effluvium-from-physical-stress\">Efluviu telogen de la stres fizic<\/a><\/li><li><a href=\"#changes-in-gut-bacteria-and-nutrient-absorption\">Modific\u0103ri ale bacteriilor intestinale \u0219i ale absorb\u021biei nutrien\u021bilor<\/a><\/li><li><a href=\"#rare-drug-reactions-that-affect-the-scalp\">Reac\u021bii rare la medicamente care afecteaz\u0103 scalpul<\/a><\/li><\/ul><\/li><li><a href=\"#antibiotics-most-often-linked-to-hair-shedding\">Antibioticele sunt cel mai adesea legate de c\u0103derea p\u0103rului<\/a><ul><li><a href=\"#tetracyclines-doxycycline-minocycline\">Tetracicline (doxiciclina, minociclina)<\/a><\/li><li><a href=\"#penicillins-amoxicillin-ampicillin\">Peniciline (amoxicilin\u0103, ampicilin\u0103)<\/a><\/li><li><a href=\"#sulfonamides-trimethoprim-sulfamethoxazole\">Sulfonamide (trimetoprim-sulfametoxazol)<\/a><\/li><li><a href=\"#fluoroquinolones-ciprofloxacin-levofloxacin-moxifloxacin\">Fluorochinolone (ciprofloxacin\u0103, levofloxacin\u0103, moxifloxacin\u0103)<\/a><\/li><\/ul><\/li><li><a href=\"#who-is-more-likely-to-notice-hair-loss-during-antibiotic-use\">Cine este mai probabil s\u0103 observe c\u0103derea p\u0103rului \u00een timpul utiliz\u0103rii antibioticelor?<\/a><\/li><li><a href=\"#what-to-do-if-you-notice-shedding\">Ce trebuie s\u0103 face\u021bi dac\u0103 observa\u021bi v\u0103rsarea<\/a><\/li><li><a href=\"#how-long-does-it-take-for-hair-to-grow-back\">C\u00e2t dureaz\u0103 ca p\u0103rul s\u0103 creasc\u0103 \u00eenapoi?<\/a><\/li><li><a href=\"#when-to-see-a-doctor\">C\u00e2nd s\u0103 vezi un medic<\/a><\/li><li><a href=\"#f-a-q\">F.A.Q<\/a><\/li><\/ul><\/nav><\/div>\n\n\n\n<h2 class=\"wp-block-heading\" id=\"can-antibiotics-really-cause-hair-loss\">Antibioticele pot provoca cu adev\u0103rat c\u0103derea p\u0103rului?<\/h2>\n\n\n\n<p class=\"wp-block-paragraph\">C\u0103derea p\u0103rului nu este un efect secundar comun al antibioticelor, dar unii oameni observ\u0103 c\u0103deri suplimentare \u00een timpul sau dup\u0103 tratament. \u00cen multe cazuri, cel mai mare declan\u0219ator este infec\u021bia \u00een sine \u2013 febra, inflama\u021bia, somnul slab \u0219i apetitul redus pot perturba ciclul p\u0103rului. C\u00e2nd \u00eencepe v\u0103rsarea, apare adesea de la s\u0103pt\u0103m\u00e2ni p\u00e2n\u0103 la c\u00e2teva luni dup\u0103 declan\u0219are, mai degrab\u0103 dec\u00e2t imediat.<\/p>\n\n\n\n<figure class=\"wp-block-image\"><img decoding=\"async\" src=\"https:\/\/haircenterofturkey.com\/wp-content\/uploads\/2025\/03\/What-Antibiotics-Cause-Hair-Loss-1.webp\" alt=\"What Antibiotics Cause Hair Loss\" title=\"\"><\/figure>\n\n\n\n<p class=\"wp-block-paragraph\"><\/p>\n\n\n\n<h2 class=\"wp-block-heading\" id=\"how-antibiotics-may-trigger-shedding\">Cum antibioticele pot declan\u0219a v\u0103rsarea<\/h2>\n\n\n\n<h3 class=\"wp-block-heading\" id=\"telogen-effluvium-from-physical-stress\">Efluviu telogen de la stres fizic<\/h3>\n\n\n\n<p class=\"wp-block-paragraph\">Efluviul telogen este scurgere temporar\u0103, difuz\u0103, cauzat\u0103 de o schimbare a ciclului de cre\u0219tere a p\u0103rului. Un factor de stres semnificativ &#8211; cum ar fi o infec\u021bie bacterian\u0103, febr\u0103 mare, o interven\u021bie chirurgical\u0103 sau un nou medicament &#8211; poate \u00eempinge mai mul\u021bi fire de p\u0103r \u00een faza de repaus. Aceste fire de p\u0103r scad mai t\u00e2rziu, motiv pentru care oamenii leag\u0103 adesea c\u0103derea cu un medicament pe care l-au luat cu s\u0103pt\u0103m\u00e2ni mai devreme.<\/p>\n\n\n\n<h3 class=\"wp-block-heading\" id=\"changes-in-gut-bacteria-and-nutrient-absorption\">Modific\u0103ri ale bacteriilor intestinale \u0219i ale absorb\u021biei nutrien\u021bilor<\/h3>\n\n\n\n<p class=\"wp-block-paragraph\">Unele antibiotice pot perturba temporar bacteriile intestinale. Dac\u0103 digestia este oprit\u0103 sau pofta de m\u00e2ncare scade, este posibil s\u0103 nu folosi\u021bi nutrien\u021bi care sus\u021bin cre\u0219terea normal\u0103 a p\u0103rului, cum ar fi fierul, zincul, vitaminele B \u0219i proteinele. Acest lucru nu se \u00eent\u00e2mpl\u0103 tuturor, dar poate face pierderea mai vizibil\u0103 la persoanele care au deja magazine sc\u0103zute.<\/p>\n\n\n\n<figure class=\"wp-block-image\"><img decoding=\"async\" src=\"https:\/\/haircenterofturkey.com\/wp-content\/uploads\/2025\/03\/What-Antibiotics-Cause-Hair-Loss-2.webp\" alt=\"What Antibiotics Cause Hair Loss\" title=\"\"><\/figure>\n\n\n\n<p class=\"wp-block-paragraph\"><\/p>\n\n\n\n<h3 class=\"wp-block-heading\" id=\"rare-drug-reactions-that-affect-the-scalp\">Reac\u021bii rare la medicamente care afecteaz\u0103 scalpul<\/h3>\n\n\n\n<p class=\"wp-block-paragraph\">Mai rar, o persoan\u0103 poate dezvolta o reac\u021bie la medicamente care include erup\u021bie cutanat\u0103, inflama\u021bie sau simptome sistemice. Atunci c\u00e2nd organismul se confrunt\u0103 cu o inflama\u021bie pe scar\u0103 larg\u0103, c\u0103derea p\u0103rului poate cre\u0219te. Dac\u0103 observa\u021bi urticarie, umfl\u0103turi, vezicule, febr\u0103 sau umfl\u0103turi faciale, solicita\u021bi urgent sfatul medicului.<\/p>\n\n\n\n<figure class=\"wp-block-image\"><img decoding=\"async\" src=\"https:\/\/haircenterofturkey.com\/wp-content\/uploads\/2025\/03\/What-Antibiotics-Cause-Hair-Loss-3.webp\" alt=\"What Antibiotics Cause Hair Loss\" title=\"\"><\/figure>\n\n\n\n<p class=\"wp-block-paragraph\"><\/p>\n\n\n\n<h2 class=\"wp-block-heading\" id=\"antibiotics-most-often-linked-to-hair-shedding\">Antibioticele sunt cel mai adesea legate de c\u0103derea p\u0103rului<\/h2>\n\n\n\n<p class=\"wp-block-paragraph\">Cercet\u0103rile privind c\u0103derea p\u0103rului cauzat\u0103 de antibiotice sunt limitate, iar c\u0103derea p\u0103rului este de obicei neobi\u0219nuit\u0103. Cu toate acestea, urm\u0103toarele clase sunt raportate mai des \u00een rapoartele pacien\u021bilor \u0219i \u00een listele de efecte secundare. Dac\u0103 lua\u021bi unul dintre acestea, nu \u00eenseamn\u0103 c\u0103 ve\u021bi pierde p\u0103rul &#8211; doar c\u0103 merit\u0103 urm\u0103rit pentru schimb\u0103ri.<\/p>\n\n\n\n<figure class=\"wp-block-image\"><img decoding=\"async\" src=\"https:\/\/haircenterofturkey.com\/wp-content\/uploads\/2025\/03\/What-Antibiotics-Cause-Hair-Loss-4.webp\" alt=\"What Antibiotics Cause Hair Loss\" title=\"\"><\/figure>\n\n\n\n<p class=\"wp-block-paragraph\"><\/p>\n\n\n\n<h3 class=\"wp-block-heading\" id=\"tetracyclines-doxycycline-minocycline\">Tetracicline (doxiciclina, minociclina)<\/h3>\n\n\n\n<p class=\"wp-block-paragraph\">Tetraciclinele sunt utilizate pe scar\u0103 larg\u0103 pentru acnee \u0219i unele infec\u021bii. Atunci c\u00e2nd are loc excre\u021bia, este adesea legat\u0103 de efluviu telogen, modific\u0103ri ale apetitului sau tulbur\u0103ri digestive care afecteaz\u0103 nutri\u021bia. Dac\u0103 urma\u021bi un curs mai lung, asigura\u021bi-v\u0103 c\u0103 dieta dumneavoastr\u0103 este constant\u0103 \u0219i discuta\u021bi cu un clinician dac\u0103 pierderea devine semnificativ\u0103.<\/p>\n\n\n\n<figure class=\"wp-block-image\"><img decoding=\"async\" src=\"https:\/\/haircenterofturkey.com\/wp-content\/uploads\/2025\/03\/What-Antibiotics-Cause-Hair-Loss-5.webp\" alt=\"What Antibiotics Cause Hair Loss\" title=\"\"><\/figure>\n\n\n\n<p class=\"wp-block-paragraph\"><\/p>\n\n\n\n<h3 class=\"wp-block-heading\" id=\"penicillins-amoxicillin-ampicillin\">Peniciline (amoxicilin\u0103, ampicilin\u0103)<\/h3>\n\n\n\n<p class=\"wp-block-paragraph\">Antibioticele cu penicilin\u0103 sunt prescrise \u00een mod obi\u0219nuit \u0219i sunt \u00een general bine tolerate. C\u0103derea p\u0103rului nu este tipic\u0103, dar unii oameni raporteaz\u0103 c\u0103 s-a r\u0103rit \u00een timpul recuper\u0103rii de la infec\u021bia pe care o tratau. If shedding starts after a severe illness, telogen effluvium is often the more likely explanation.<\/p>\n\n\n\n<h3 class=\"wp-block-heading\" id=\"sulfonamides-trimethoprim-sulfamethoxazole\">Sulfonamide (trimetoprim-sulfametoxazol)<\/h3>\n\n\n\n<p class=\"wp-block-paragraph\">Trimetoprim-sulfametoxazol (deseori cunoscut sub numele de marc\u0103 precum Bactrim) enumer\u0103 c\u0103derea p\u0103rului printre posibilele efecte secundare pentru unii pacien\u021bi. Pierderea poate fi mai vizibil\u0103 dac\u0103 medicamentul cauzeaz\u0103 sc\u0103derea poftei de m\u00e2ncare, tulbur\u0103ri de stomac sau dac\u0103 aveai deja un con\u021binut sc\u0103zut de fier sau zinc. Raporta\u021bi reac\u021biile adverse noi sau severe medicului dumneavoastr\u0103, mai ales dac\u0103 ave\u021bi \u0219i o erup\u021bie cutanat\u0103.<\/p>\n\n\n\n<figure class=\"wp-block-image\"><img decoding=\"async\" src=\"https:\/\/haircenterofturkey.com\/wp-content\/uploads\/2025\/03\/What-Antibiotics-Cause-Hair-Loss-6.webp\" alt=\"What Antibiotics Cause Hair Loss\" title=\"\"><\/figure>\n\n\n\n<p class=\"wp-block-paragraph\"><\/p>\n\n\n\n<h3 class=\"wp-block-heading\" id=\"fluoroquinolones-ciprofloxacin-levofloxacin-moxifloxacin\">Fluorochinolone (ciprofloxacin\u0103, levofloxacin\u0103, moxifloxacin\u0103)<\/h3>\n\n\n\n<p class=\"wp-block-paragraph\">Fluorochinolonele sunt utilizate pentru anumite infec\u021bii atunci c\u00e2nd sunt adecvate din punct de vedere clinic. S-a raportat c\u0103derea p\u0103rului, de\u0219i pare mai pu\u021bin frecvent\u0103 \u0219i poate fi dificil de separat de stresul infec\u021biei. Dac\u0103 ave\u021bi mai multe simptome noi, cum ar fi durere la tendon, simptome nervoase, schimb\u0103ri de dispozi\u021bie sau c\u0103derea semnificativ\u0103 a p\u0103rului, contacta\u021bi imediat medicul dumneavoastr\u0103.<\/p>\n\n\n\n<figure class=\"wp-block-image\"><img decoding=\"async\" src=\"https:\/\/haircenterofturkey.com\/wp-content\/uploads\/2025\/03\/What-Antibiotics-Cause-Hair-Loss-7.webp\" alt=\"What Antibiotics Cause Hair Loss\" title=\"\"><\/figure>\n\n\n\n<p class=\"wp-block-paragraph\"><\/p>\n\n\n\n<h2 class=\"wp-block-heading\" id=\"who-is-more-likely-to-notice-hair-loss-during-antibiotic-use\">Cine este mai probabil s\u0103 observe c\u0103derea p\u0103rului \u00een timpul utiliz\u0103rii antibioticelor?<\/h2>\n\n\n\n<p class=\"wp-block-paragraph\">Pierderea suplimentar\u0103 este mai probabil\u0103 atunci c\u00e2nd mai mul\u021bi factori se suprapun. Factorii de risc comuni includ:<\/p>\n\n\n\n<ul class=\"wp-block-list\">\n<li>Febr\u0103 mare recent\u0103, infec\u021bie sever\u0103 sau spitalizare<\/li>\n\n\n\n<li>Cursuri de antibiotice prelungite sau repetate<\/li>\n\n\n\n<li>Niveluri sc\u0103zute de fier, vitamina D, zinc sau B12<\/li>\n\n\n\n<li>Pierdere rapid\u0103 \u00een greutate, aport sc\u0103zut de proteine sau probleme digestive \u00een timpul tratamentului<\/li>\n\n\n\n<li>Stres ridicat, somn slab sau recuperare postpartum<\/li>\n<\/ul>\n\n\n\n<figure class=\"wp-block-image\"><img decoding=\"async\" src=\"https:\/\/haircenterofturkey.com\/wp-content\/uploads\/2025\/03\/What-Antibiotics-Cause-Hair-Loss-8.webp\" alt=\"What Antibiotics Cause Hair Loss\" title=\"\"><\/figure>\n\n\n\n<p class=\"wp-block-paragraph\"><\/p>\n\n\n\n<h2 class=\"wp-block-heading\" id=\"what-to-do-if-you-notice-shedding\">Ce trebuie s\u0103 face\u021bi dac\u0103 observa\u021bi v\u0103rsarea<\/h2>\n\n\n\n<div class=\"wp-block-group tldr-box\"><div class=\"wp-block-group__inner-container is-layout-flow wp-block-group-is-layout-flow\">\n\n<h3 class=\"wp-block-heading\">R\u0103spuns rapid<\/h3>\n\n\n\n<p class=\"wp-block-paragraph\">Dac\u0103 observa\u021bi o pierdere suplimentar\u0103 \u00een timp ce lua\u021bi antibiotice, nu opri\u021bi singur medicamentul &#8211; discuta\u021bi mai \u00eent\u00e2i cu medicul care v\u0103 prescrie, deoarece reducerea scurt\u0103 a tratamentului poate duce la agravarea infec\u021biei, iar infec\u021bia \u00een sine poate provoca \u0219i mai mult\u0103 c\u0103derea p\u0103rului. \u00centreba\u021bi dac\u0103 un antibiotic alternativ este o op\u021biune \u0219i ruga\u021bi medicul s\u0103 verifice nivelul de fier, feritina, vitamina D \u0219i tiroida, deoarece valorile sc\u0103zute pot aprofunda excre\u021bia. Sus\u021bine cre\u0219terea cu un aport constant de proteine \u200b\u200b\u0219i fier \u0219i, dac\u0103 pierderea continu\u0103 la mai mult de c\u00e2teva luni dup\u0103 ce ai terminat cursul, consulta\u021bi un specialist \u00een p\u0103r pentru o evaluare adecvat\u0103.<\/p>\n\n<\/div><\/div>\n\n\n\n<p class=\"wp-block-paragraph\">Nu opri\u021bi singur un antibiotic prescris. \u00cen schimb, documenta\u021bi c\u00e2nd a \u00eenceput v\u0103rsarea \u0219i c\u00e2t de mult p\u0103r pierde\u021bi, apoi \u00eemp\u0103rt\u0103\u0219i\u021bi aceste informa\u021bii cu medicul dumneavoastr\u0103. Dac\u0103 este necesar, ei pot analiza alternative, pot verifica factorii de interac\u021biune sau pot comanda laboratoare (fier\/feritin\u0103, tiroida, vitamina D, B12).<\/p>\n\n\n\n<p class=\"wp-block-paragraph\">Pa\u0219ii de sus\u021binere care sunt de obicei utile \u00een timpul recuper\u0103rii includ:<\/p>\n\n\n\n<ul class=\"wp-block-list\">\n<li>Acorda\u021bi prioritate proteinelor la fiecare mas\u0103 \u0219i include\u021bi alimente bogate \u00een fier \u0219i zinc<\/li>\n\n\n\n<li>Fi\u021bi bl\u00e2nd cu coafarea: evita\u021bi coafurile str\u00e2nse, albirea dur\u0103 \u0219i instrumentele de c\u0103ldur\u0103 frecvente<\/li>\n\n\n\n<li>Trata\u021bi-v\u0103 scalpul cu amabilitate: utiliza\u021bi un \u0219ampon u\u0219or \u0219i evita\u021bi acumularea grea de produs<\/li>\n\n\n\n<li>Gestiona\u021bi stresul \u0219i somnul, deoarece ambele pot agrava v\u0103rsarea<\/li>\n\n\n\n<li>Lua\u021bi \u00een considerare un probiotic sau alimente fermentate dac\u0103 antibioticele v\u0103 deranjeaz\u0103 digestia (consulta\u021bi medicul dac\u0103 ave\u021bi afec\u021biuni medicale sau lua\u021bi alte medicamente)<\/li>\n<\/ul>\n\n\n\n<figure class=\"wp-block-image\"><img decoding=\"async\" src=\"https:\/\/haircenterofturkey.com\/wp-content\/uploads\/2025\/03\/What-Antibiotics-Cause-Hair-Loss-9.webp\" alt=\"What Antibiotics Cause Hair Loss\" title=\"\"><\/figure>\n\n\n\n<p class=\"wp-block-paragraph\"><\/p>\n\n\n\n<h2 class=\"wp-block-heading\" id=\"how-long-does-it-take-for-hair-to-grow-back\">C\u00e2t dureaz\u0103 ca p\u0103rul s\u0103 creasc\u0103 \u00eenapoi?<\/h2>\n\n\n\n<div class=\"wp-block-group tldr-box\"><div class=\"wp-block-group__inner-container is-layout-flow wp-block-group-is-layout-flow\">\n\n<p class=\"wp-block-paragraph\">\u00cen cele mai multe cazuri, p\u0103rul \u00eencepe s\u0103 creasc\u0103 din nou \u00een decurs de 3 p\u00e2n\u0103 la 6 luni dup\u0103 oprirea antibioticului \u0219i infec\u021bia de baz\u0103 dispare. Deoarece eliminarea legat\u0103 de antibiotice este, de obicei, efluviu telogen, mai degrab\u0103 dec\u00e2t deteriorarea permanent\u0103 a foliculilor, foliculii r\u0103m\u00e2n intac\u021bi \u0219i revin la ciclul lor normal de cre\u0219tere pe cont propriu. Revenirea la grosimea maxim\u0103 poate dura \u00eentre 6 \u0219i 12 luni, iar recuperarea tinde s\u0103 fie mai rapid\u0103 atunci c\u00e2nd nivelul de fier, nutri\u021bia \u0219i s\u0103n\u0103tatea general\u0103 sunt \u00een stare bun\u0103.<\/p>\n\n<\/div><\/div>\n\n\n\n<p class=\"wp-block-paragraph\">Dac\u0103 v\u0103rsarea este efluviu telogen, recre\u0219terea \u00eencepe adesea odat\u0103 ce declan\u0219atorul se stabile\u0219te. Mul\u021bi oameni observ\u0103 o \u00eembun\u0103t\u0103\u021bire \u00een aproximativ 3-6 luni, de\u0219i densitatea complet\u0103 poate dura mai mult \u00een func\u021bie de s\u0103n\u0103tatea general\u0103, nutri\u021bia \u0219i genetica. Dac\u0103 pierderea continu\u0103 peste \u0219ase luni, merit\u0103 s\u0103 ob\u021bine\u021bi o evaluare profesional\u0103 pentru a exclude alte cauze.<\/p>\n\n\n\n<h2 class=\"wp-block-heading\" id=\"when-to-see-a-doctor\">C\u00e2nd s\u0103 vezi un medic<\/h2>\n\n\n\n<p class=\"wp-block-paragraph\">Solicita\u021bi sfatul medicului dac\u0103 ave\u021bi oricare dintre urm\u0103toarele:<\/p>\n\n\n\n<ul class=\"wp-block-list\">\n<li>C\u0103derea neregulat\u0103 a p\u0103rului, durerea scalpului, descuamarea sau semne de infec\u021bie<\/li>\n\n\n\n<li>C\u0103derea p\u0103rului cu erup\u021bie cutanat\u0103, umflare, febr\u0103, vezicule sau dificult\u0103\u021bi de respira\u021bie<\/li>\n\n\n\n<li>V\u0103rsarea brusc\u0103, puternic\u0103, care continu\u0103 mai mult de 6-8 s\u0103pt\u0103m\u00e2ni<\/li>\n\n\n\n<li>Istoric de boal\u0103 tiroidian\u0103, anemie, afec\u021biuni autoimune sau sarcin\u0103 recent\u0103<\/li>\n<\/ul>\n\n\n\n<h2 class=\"wp-block-heading\" id=\"f-a-q\">F.A.Q<\/h2>\n\n\n<div id=\"rank-math-faq\" class=\"rank-math-block\">\n<div class=\"rank-math-list \">\n<div id=\"faq-question-1771491654230\" class=\"rank-math-list-item\">\n<h3 class=\"rank-math-question \">Ce medicamente provoac\u0103 cea mai mare c\u0103dere a p\u0103rului?<\/h3>\n<div class=\"rank-math-answer \">\n\n<p>Medicamentele pentru chimioterapie provoac\u0103 cea mai mare pierdere a p\u0103rului; de asemenea, retinoizi, anticoagulante, anticonvulsivante, beta-blocante.<\/p>\n\n<\/div>\n<\/div>\n<div id=\"faq-question-1771491654970\" class=\"rank-math-list-item\">\n<h3 class=\"rank-math-question \">Este c\u0103derea p\u0103rului un efect secundar al amoxicilinei?<\/h3>\n<div class=\"rank-math-answer \">\n\n<p>Da, rar; amoxicilina poate declan\u0219a efluviu telogen temporar, adesea din cauza stresului de infec\u021bie.<\/p>\n\n<\/div>\n<\/div>\n<div id=\"faq-question-1771491655247\" class=\"rank-math-list-item\">\n<h3 class=\"rank-math-question \">Ce medicament \u00ee\u021bi face s\u0103 cad\u0103 p\u0103rul?<\/h3>\n<div class=\"rank-math-answer \">\n\n<p>Medicamentele pentru chimioterapie fac cel mai frecvent s\u0103 cad\u0103 p\u0103rul, de obicei temporar dup\u0103 \u00eenceperea tratamentului.<\/p>\n\n<\/div>\n<\/div>\n<div id=\"faq-question-1771491655577\" class=\"rank-math-list-item\">\n<h3 class=\"rank-math-question \">Care este Big 3 pentru c\u0103derea p\u0103rului?<\/h3>\n<div class=\"rank-math-answer \">\n\n<p>Finasterida, minoxidilul local \u0219i \u0219amponul cu ketoconazol sunt cele \u201e3 mari\u201d obi\u0219nuite.<\/p>\n\n<\/div>\n<\/div>\n<div id=\"faq-question-1771491655933\" class=\"rank-math-list-item\">\n<h3 class=\"rank-math-question \">Ce antibiotice \u00ee\u021bi pot c\u0103dea p\u0103rul?<\/h3>\n<div class=\"rank-math-answer \">\n\n<p>Rareori penicilinele, cefalosporinele, tetraciclinele \u0219i sulfonamidele pot provoca efluvii telogeni temporari.<\/p>\n\n<\/div>\n<\/div>\n<div id=\"faq-question-9cf6f5310aa45\" class=\"rank-math-list-item\">\n<h3 class=\"rank-math-question \"><strong>C\u0103derea p\u0103rului din cauza antibioticelor este permanent\u0103 sau temporar\u0103?<\/strong><\/h3>\n<div class=\"rank-math-answer \">\n\n<p>\u00cen aproape toate cazurile, este temporar. Eliminarea asociat\u0103 antibioticelor este de obicei efluviu telogen, unde stresul cauzat de boal\u0103 \u0219i medicamentele \u00eempinge mai mul\u021bi fire de p\u0103r \u00een faza de repaus. Foliculii nu sunt deteriora\u021bi, a\u0219a c\u0103 odat\u0103 ce declan\u0219atorul dispare, p\u0103rul \u00eencepe s\u0103 creasc\u0103 din nou &#8211; de obicei \u00een 3 p\u00e2n\u0103 la 6 luni.<\/p>\n\n<\/div>\n<\/div>\n<div id=\"faq-question-00201f35d297e\" class=\"rank-math-list-item\">\n<h3 class=\"rank-math-question \"><strong>Ar trebui s\u0103-mi opresc antibioticul dac\u0103 observ c\u0103derea p\u0103rului?<\/strong><\/h3>\n<div class=\"rank-math-answer \">\n\n<p>Nu, nu o opri singur. Discuta\u021bi cu medicul care v-a prescris mai \u00eent\u00e2i. \u00centreruperea scurt\u0103 a tratamentului poate \u00eenr\u0103ut\u0103\u021bi infec\u021bia, iar infec\u021bia \u00een sine poate duce la pierderea mai multor dec\u00e2t medicamentul. Medicul dumneavoastr\u0103 poate decide dac\u0103 trecerea la un antibiotic diferit are sens.<\/p>\n\n<\/div>\n<\/div>\n<div id=\"faq-question-d3b07d95a714c\" class=\"rank-math-list-item\">\n<h3 class=\"rank-math-question \"><strong>Ce este mai probabil s\u0103 provoace c\u0103derea p\u0103rului: infec\u021bia sau antibioticul?<\/strong><\/h3>\n<div class=\"rank-math-answer \">\n\n<p>Adesea, infec\u021bia joac\u0103 un rol mai mare dec\u00e2t medicamentul. O febr\u0103 mare sau o boal\u0103 grav\u0103 este un declan\u0219ator binecunoscut pentru efluviul telogen, iar momentul poate face s\u0103 par\u0103 c\u0103 antibioticul este de vin\u0103. \u00cen practic\u0103, cele dou\u0103 se suprapun, motiv pentru care terminarea tratamentului potrivit v\u0103 ajut\u0103 de obicei p\u0103rul mai mult dec\u00e2t oprirea lui.<\/p>\n\n<\/div>\n<\/div>\n<div id=\"faq-question-c53fb1d12ae1b\" class=\"rank-math-list-item\">\n<h3 class=\"rank-math-question \"><strong>C\u00e2nd ar trebui s\u0103 v\u0103d un specialist \u00een p\u0103r dup\u0103 c\u0103derea p\u0103rului din cauza antibioticelor?<\/strong><\/h3>\n<div class=\"rank-math-answer \">\n\n<p>Dac\u0103 v\u0103rsarea continu\u0103 mai mult de trei p\u00e2n\u0103 la \u0219ase luni dup\u0103 ce a\u021bi terminat cursul sau dac\u0103 observa\u021bi o sub\u021biere clar\u0103 sau pete chelie \u00een loc de v\u0103rsare general\u0103, merit\u0103 s\u0103 consulta\u021bi un specialist. O evaluare adecvat\u0103 poate verifica alte cauze &#8211; cum ar fi sc\u0103derea fierului, probleme cu tiroida sau c\u0103derea p\u0103rului &#8211; pe care medicamentul le poate fi demascat.<\/p>\n\n<\/div>\n<\/div>\n<\/div>\n<\/div>","protected":false},"excerpt":{"rendered":"<p>R\u0103spuns rapid Un num\u0103r mic de oameni se confrunt\u0103 cu c\u0103derea temporar\u0103 a p\u0103rului \u00een timp ce iau antibiotice &#8211; cel mai adesea cu tetracicline, sulfonamide, peniciline \u0219i fluorochinolone. Aceast\u0103 pierdere este, de obicei, o form\u0103 de efluviu telogen declan\u0219at de boal\u0103 \u0219i stres medical, nu de deteriorare permanent\u0103 a foliculilor. \u00cen cele mai multe [&hellip;]<\/p>\n","protected":false},"author":2,"featured_media":677,"comment_status":"closed","ping_status":"closed","sticky":false,"template":"","format":"standard","meta":{"footnotes":"","rank_math_title":"","rank_math_description":"Unele antibiotice, cum ar fi penicilina, eritromicina \u0219i tetraciclina, pot provoca c\u0103derea temporar\u0103 a p\u0103rului ca efect secundar. Face\u021bi clic pentru informa\u021bii.","rank_math_focus_keyword":"","rank_math_canonical_url":"","rank_math_breadcrumb_title":"","rank_math_facebook_title":"","rank_math_facebook_description":"","rank_math_facebook_image":"","rank_math_twitter_title":"","rank_math_twitter_description":"","rank_math_twitter_image":"","rank_math_pillar_content":""},"categories":[968,987],"tags":[],"class_list":["post-49455","post","type-post","status-publish","format-standard","has-post-thumbnail","hentry","category-blog","category-caderea-parului"],"_links":{"self":[{"href":"https:\/\/haircenterofturkey.com\/ro\/wp-json\/wp\/v2\/posts\/49455","targetHints":{"allow":["GET"]}}],"collection":[{"href":"https:\/\/haircenterofturkey.com\/ro\/wp-json\/wp\/v2\/posts"}],"about":[{"href":"https:\/\/haircenterofturkey.com\/ro\/wp-json\/wp\/v2\/types\/post"}],"author":[{"embeddable":true,"href":"https:\/\/haircenterofturkey.com\/ro\/wp-json\/wp\/v2\/users\/2"}],"replies":[{"embeddable":true,"href":"https:\/\/haircenterofturkey.com\/ro\/wp-json\/wp\/v2\/comments?post=49455"}],"version-history":[{"count":2,"href":"https:\/\/haircenterofturkey.com\/ro\/wp-json\/wp\/v2\/posts\/49455\/revisions"}],"predecessor-version":[{"id":60395,"href":"https:\/\/haircenterofturkey.com\/ro\/wp-json\/wp\/v2\/posts\/49455\/revisions\/60395"}],"wp:featuredmedia":[{"embeddable":true,"href":"https:\/\/haircenterofturkey.com\/ro\/wp-json\/wp\/v2\/media\/677"}],"wp:attachment":[{"href":"https:\/\/haircenterofturkey.com\/ro\/wp-json\/wp\/v2\/media?parent=49455"}],"wp:term":[{"taxonomy":"category","embeddable":true,"href":"https:\/\/haircenterofturkey.com\/ro\/wp-json\/wp\/v2\/categories?post=49455"},{"taxonomy":"post_tag","embeddable":true,"href":"https:\/\/haircenterofturkey.com\/ro\/wp-json\/wp\/v2\/tags?post=49455"}],"curies":[{"name":"wp","href":"https:\/\/api.w.org\/{rel}","templated":true}]}}