{"id":49366,"date":"2025-03-03T09:00:24","date_gmt":"2025-03-03T06:00:24","guid":{"rendered":"https:\/\/haircenterofturkey.com\/?p=49366"},"modified":"2026-08-31T14:00:16","modified_gmt":"2026-08-31T11:00:16","slug":"ce-cauzeaza-caderea-parului-pubian","status":"publish","type":"post","link":"https:\/\/haircenterofturkey.com\/ro\/ce-cauzeaza-caderea-parului-pubian\/","title":{"rendered":"Ce cauzeaz\u0103 c\u0103derea p\u0103rului pubian"},"content":{"rendered":"\n<div class=\"wp-block-group tldr\"><div class=\"wp-block-group__inner-container is-layout-flow wp-block-group-is-layout-flow\">\n\n<h2 class=\"wp-block-heading\">R\u0103spuns rapid<\/h2>\n\n\n\n<ul class=\"wp-block-list\">\n\n<li><strong>Cauze principale:<\/strong> \u00cemb\u0103tr\u00e2nire, modific\u0103ri hormonale, afec\u021biuni ale pielii precum eczema sau psoriazis, infec\u021bii inclusiv ITS, boli autoimune precum alopecia areata, stres cronic, deficien\u021be de nutrien\u021bi \u0219i efecte secundare ale medicamentelor.<\/li>\n\n\n<li><strong>Semne de avertizare:<\/strong> Pierderea brusc\u0103 sau neregulat\u0103, \u00een special cu m\u00e2nc\u0103rime, r\u0103ni, durere sau o schimbare a culorii pielii, indic\u0103 o problem\u0103 de baz\u0103, mai degrab\u0103 dec\u00e2t o sub\u021biere normal\u0103.<\/li>\n\n\n<li><strong>Diagnostic:<\/strong> Un examen fizic \u0219i antecedente medicale, uneori sus\u021binute de analize de s\u00e2nge, un tampon de piele sau o mic\u0103 biopsie.<\/li>\n\n\n<li><strong>Tratament:<\/strong> Trata\u021bi mai \u00eent\u00e2i cauza principal\u0103 &#8211; terapia hormonal\u0103, creme topice, antimicrobiene sau modific\u0103ri ale stilului de via\u021b\u0103. Restaurarea p\u0103rului este luat\u0103 \u00een considerare numai \u00een cazurile rezistente.<\/li>\n\n\n<li><strong>Ajutor expert:<\/strong> La Hair Center din Turcia, medicii evalueaz\u0103 c\u0103derea p\u0103rului pubian ca parte a unei evalu\u0103ri medicale complete, mai degrab\u0103 dec\u00e2t izolat.<\/li>\n\n<\/ul>\n\n<\/div><\/div>\n\n\n\n<h2 class=\"wp-block-heading\" id=\"what-causes-pubic-hair-loss\">Ce cauzeaz\u0103 c\u0103derea p\u0103rului pubian?<\/h2>\n\n\n\n<p class=\"wp-block-paragraph\"><strong>Centrul de coafur\u0103 din Turcia<\/strong> s-a concentrat pe restaurarea p\u0103rului din 2014, cu o echip\u0103 de trei medici care efectueaz\u0103 \u00eempreun\u0103 peste 3.000 de proceduri pe an. Aceast\u0103 experien\u021b\u0103 modeleaz\u0103 modul \u00een care citim c\u0103derea p\u0103rului pubian: lucr\u0103m pentru a stabili cauza exact\u0103 &#8211; hormonal\u0103, dermatologic\u0103, nutri\u021bional\u0103 sau autoimun\u0103 &#8211; \u00eenainte de a sugera orice tratament, deoarece fiecare necesit\u0103 un r\u0103spuns diferit.<\/p>\n\n\n\n<p class=\"wp-block-paragraph\">C\u0103derea p\u0103rului pubian este adesea legat\u0103 de \u00eemb\u0103tr\u00e2nire \u0219i de modific\u0103rile hormonale, dar poate, de asemenea, urma irita\u021biei cauzate de \u00eendep\u0103rtarea p\u0103rului, afec\u021biuni ale pielii precum eczema sau psoriazis, infec\u021bii, stres, deficien\u021be de nutrien\u021bi, medicamente sau boli autoimune precum alopecia areata. Dac\u0103 c\u0103derea p\u0103rului este brusc\u0103, neregulat\u0103, dureroas\u0103 sau vine cu r\u0103ni sau m\u00e2nc\u0103rimi, un clinician poate ajuta la identificarea cauzei \u0219i a tratamentului.<\/p>\n\n\n\n<div class=\"wp-block-rank-math-toc-block\" id=\"rank-math-toc\"><h2>Table of Contents<\/h2><nav><ul><li><a href=\"#what-causes-pubic-hair-loss\">Ce cauzeaz\u0103 c\u0103derea p\u0103rului pubian?<\/a><\/li><li><a href=\"#understanding-pubic-hair-loss\">\u00cen\u021belegerea c\u0103derii p\u0103rului pubian<\/a><\/li><li><a href=\"#common-causes-of-pubic-hair-loss\">Cauze frecvente ale c\u0103derii p\u0103rului pubian<\/a><ul><li><a href=\"#aging-and-natural-hormone-changes\">\u00cemb\u0103tr\u00e2nirea \u0219i schimb\u0103rile hormonale naturale<\/a><\/li><li><a href=\"#hormonal-imbalances\">Dezechilibre hormonale<\/a><\/li><li><a href=\"#skin-conditions-and-ongoing-irritation\">Afec\u021biuni ale pielii \u0219i irita\u021bie continu\u0103<\/a><\/li><li><a href=\"#autoimmune-and-other-medical-conditions\">Autoimune \u0219i alte afec\u021biuni medicale<\/a><\/li><li><a href=\"#infections-including-sexually-transmitted-infections\">Infec\u021bii, inclusiv infec\u021bii cu transmitere sexual\u0103<\/a><\/li><li><a href=\"#stress-rapid-weight-changes-and-poor-nutrition\">Stresul, modific\u0103rile rapide ale greut\u0103\u021bii \u0219i alimenta\u021bia proast\u0103<\/a><\/li><li><a href=\"#medications-and-medical-treatments\">Medicamente \u0219i tratamente medicale<\/a><\/li><li><a href=\"#hair-removal-friction-and-mechanical-damage\">\u00cendep\u0103rtarea p\u0103rului, frecarea \u0219i deteriorarea mecanic\u0103<\/a><\/li><\/ul><\/li><li><a href=\"#symptoms-that-matter\">Simptome care conteaz\u0103<\/a><\/li><li><a href=\"#how-pubic-hair-loss-is-diagnosed\">Cum este diagnosticat\u0103 c\u0103derea p\u0103rului pubian<\/a><\/li><li><a href=\"#solutions-and-treatment-options\">Solu\u021bii \u0219i op\u021biuni de tratament<\/a><ul><li><a href=\"#treat-the-root-cause\">Trateaz\u0103 cauza r\u0103d\u0103cin\u0103<\/a><\/li><li><a href=\"#support-healthy-regrowth\">Sus\u021bine cre\u0219terea s\u0103n\u0103toas\u0103<\/a><\/li><li><a href=\"#when-hair-may-not-fully-return\">C\u00e2nd p\u0103rul poate s\u0103 nu se \u00eentoarc\u0103 complet<\/a><\/li><\/ul><\/li><li><a href=\"#when-to-seek-medical-advice\">C\u00e2nd s\u0103 solicita\u021bi sfatul medicului<\/a><\/li><li><a href=\"#frequently-asked-questions\">\u00centreb\u0103ri frecvente<\/a><\/li><\/ul><\/nav><\/div>\n\n\n\n<h2 class=\"wp-block-heading\" id=\"understanding-pubic-hair-loss\">\u00cen\u021belegerea c\u0103derii p\u0103rului pubian<\/h2>\n\n\n\n<p class=\"wp-block-paragraph\">Unii oameni observ\u0103 o sub\u021biere treptat\u0103 de-a lungul anilor, \u00een timp ce al\u021bii se confrunt\u0103 cu pierderea brusc\u0103 sau pete. Modelul, momentul \u0219i orice modific\u0103ri ale pielii din jurul foliculilor ofer\u0103 de obicei indicii. Deoarece mai multe condi\u021bii pot ar\u0103ta similare, identificarea declan\u0219atorului este primul pas c\u0103tre solu\u021bia potrivit\u0103.<\/p>\n\n\n\n<figure class=\"wp-block-image\"><img decoding=\"async\" src=\"https:\/\/haircenterofturkey.com\/wp-content\/uploads\/2025\/03\/pubic-hair-loss-1.webp\" alt=\"What Causes Pubic Hair Loss\" title=\"\"><\/figure>\n\n\n\n<p class=\"wp-block-paragraph\"><\/p>\n\n\n\n<h2 class=\"wp-block-heading\" id=\"common-causes-of-pubic-hair-loss\">Cauze frecvente ale c\u0103derii p\u0103rului pubian<\/h2>\n\n\n\n<h3 class=\"wp-block-heading\" id=\"aging-and-natural-hormone-changes\">\u00cemb\u0103tr\u00e2nirea \u0219i schimb\u0103rile hormonale naturale<\/h3>\n\n\n\n<p class=\"wp-block-paragraph\">Densitatea p\u0103rului poate sc\u0103dea pe tot corpul \u00een timp, inclusiv \u00een zona pubian\u0103. Acest lucru este de obicei legat de niveluri mai sc\u0103zute de hormoni sexuali \u0219i de ciclul folicular mai lent. Treptat, chiar sub\u021bierea f\u0103r\u0103 ro\u0219ea\u021b\u0103 sau durere se potrive\u0219te adesea cu acest model.<\/p>\n\n\n\n<h3 class=\"wp-block-heading\" id=\"hormonal-imbalances\">Dezechilibre hormonale<\/h3>\n\n\n\n<p class=\"wp-block-paragraph\">Hormonii influen\u021beaz\u0103 cre\u0219terea p\u0103rului, grosimea \u0219i durata fazei de cre\u0219tere. Schimb\u0103rile sau dezechilibrele pot provoca o sub\u021biere vizibil\u0103, mai ales atunci c\u00e2nd se \u00eent\u00e2mpl\u0103 rapid.<\/p>\n\n\n\n<ul class=\"wp-block-list\">\n<li>Menopauza sau perimenopauza (deseori legate de niveluri mai scazute de estrogen)<\/li>\n\n\n\n<li>Tulbur\u0103ri tiroidiene (tiroid\u0103 hiperactiv\u0103 sau subactiv\u0103)<\/li>\n\n\n\n<li>Sindromul ovarului polichistic (SOP)<\/li>\n\n\n\n<li>Modific\u0103ri hormonale postpartum<\/li>\n<\/ul>\n\n\n\n<h3 class=\"wp-block-heading\" id=\"skin-conditions-and-ongoing-irritation\">Afec\u021biuni ale pielii \u0219i irita\u021bie continu\u0103<\/h3>\n\n\n\n<p class=\"wp-block-paragraph\">Inflama\u021bia pielii din jurul foliculilor poate sl\u0103bi firele de p\u0103r \u0219i cre\u0219te pierderea. Scarpinatul poate agrava ciclul si poate duce la rupere sau infectie secundara.<\/p>\n\n\n\n<ul class=\"wp-block-list\">\n<li>Eczem\u0103 sau dermatit\u0103 de contact (declan\u0219at\u0103 adesea de produse parfumate, \u00eembr\u0103c\u0103minte str\u00e2ns\u0103 sau tampoane)<\/li>\n\n\n\n<li>Psoriazis<\/li>\n\n\n\n<li>Foliculita (foliculi de par inflamati)<\/li>\n<\/ul>\n\n\n\n<h3 class=\"wp-block-heading\" id=\"autoimmune-and-other-medical-conditions\">Autoimune \u0219i alte afec\u021biuni medicale<\/h3>\n\n\n\n<p class=\"wp-block-paragraph\">Unele afec\u021biuni medicale afecteaz\u0103 func\u021bia foliculului sau fluxul sanguin, care pot ap\u0103rea sub form\u0103 de sub\u021biere sau pierdere neregulat\u0103.<\/p>\n\n\n\n<ul class=\"wp-block-list\">\n<li>Alopecia areata (o afec\u021biune autoimun\u0103 care poate afecta orice zon\u0103 cu p\u0103r)<\/li>\n\n\n\n<li>Diabetul \u0219i problemele legate de circula\u021bie<\/li>\n\n\n\n<li>Condi\u021bii de malabsorb\u021bie a nutrien\u021bilor care contribuie la deficien\u021be<\/li>\n<\/ul>\n\n\n\n<h3 class=\"wp-block-heading\" id=\"infections-including-sexually-transmitted-infections\">Infec\u021bii, inclusiv infec\u021bii cu transmitere sexual\u0103<\/h3>\n\n\n\n<p class=\"wp-block-paragraph\">Infec\u021biile pot inflama pielea \u0219i pot deteriora foliculii, duc\u00e2nd la pierderea. Tratamentul depinde de cauza specific\u0103, astfel \u00eenc\u00e2t diagnosticul corect conteaz\u0103.<\/p>\n\n\n\n<ul class=\"wp-block-list\">\n<li>Infec\u021bii fungice (cum ar fi tinea\/pecingine)<\/li>\n\n\n\n<li>Infec\u021bii bacteriene<\/li>\n\n\n\n<li>Anumite ITS pot fi asociate cu c\u0103derea p\u0103rului, mai ales atunci c\u00e2nd simptomele sunt sistemice<\/li>\n<\/ul>\n\n\n\n<h3 class=\"wp-block-heading\" id=\"stress-rapid-weight-changes-and-poor-nutrition\">Stresul, modific\u0103rile rapide ale greut\u0103\u021bii \u0219i alimenta\u021bia proast\u0103<\/h3>\n\n\n\n<p class=\"wp-block-paragraph\">Stresul major, boala, interven\u021bia chirurgical\u0103 sau sc\u0103derea rapid\u0103 \u00een greutate pot \u00eempinge mai mul\u021bi foliculi \u00eentr-o faz\u0103 de repaus, ceea ce duce la pierderea cu c\u00e2teva s\u0103pt\u0103m\u00e2ni mai t\u00e2rziu. Dieta conteaz\u0103, de asemenea, deoarece foliculii se bazeaz\u0103 pe un aport constant de nutrien\u021bi.<\/p>\n\n\n\n<ul class=\"wp-block-list\">\n<li>Stres ridicat sau un eveniment traumatic (efluviu telogen)<\/li>\n\n\n\n<li>Nivel sc\u0103zut de fier, zinc sau vitamina D<\/li>\n\n\n\n<li>Diete foarte sc\u0103zute \u00een calorii sau modele de alimenta\u021bie restrictive<\/li>\n<\/ul>\n\n\n\n<h3 class=\"wp-block-heading\" id=\"medications-and-medical-treatments\">Medicamente \u0219i tratamente medicale<\/h3>\n\n\n\n<p class=\"wp-block-paragraph\">Unele medicamente \u0219i tratamente pot declan\u0219a excre\u021bia ca efect secundar. Dac\u0103 timpul se aliniaz\u0103 cu o nou\u0103 re\u021bet\u0103, nu \u00eentrerupe\u021bi administrarea de medicamente pe cont propriu &#8211; \u00eentreba\u021bi medicul dumneavoastr\u0103 despre alternative.<\/p>\n\n\n\n<ul class=\"wp-block-list\">\n<li>Chimioterapia \u0219i anumite tratamente pentru cancer<\/li>\n\n\n\n<li>Unele antidepresive<\/li>\n\n\n\n<li>Terapii hormonale sau modific\u0103ri ale contracep\u021biei<\/li>\n<\/ul>\n\n\n\n<h3 class=\"wp-block-heading\" id=\"hair-removal-friction-and-mechanical-damage\">\u00cendep\u0103rtarea p\u0103rului, frecarea \u0219i deteriorarea mecanic\u0103<\/h3>\n\n\n\n<p class=\"wp-block-paragraph\">B\u0103rbierirea frecvent\u0103, epilarea cu cear\u0103 sau exfolierea agresiv\u0103 pot irita pielea \u0219i inflama foliculii. \u00cembr\u0103c\u0103mintea str\u00e2mt\u0103 \u0219i frecarea repetitiv\u0103 pot contribui \u0219i ele. Dac\u0103 irita\u021bia este cronic\u0103, foliculii se pot lupta pentru a produce p\u0103r puternic.<\/p>\n\n\n\n<h2 class=\"wp-block-heading\" id=\"symptoms-that-matter\">Simptome care conteaz\u0103<\/h2>\n\n\n\n<p class=\"wp-block-paragraph\">C\u0103derea p\u0103rului pubian nu este \u00eentotdeauna o problem\u0103 de sine st\u0103t\u0103toare. Aceste semne pot indica o afec\u021biune de baz\u0103 care necesit\u0103 tratament:<\/p>\n\n\n\n<ul class=\"wp-block-list\">\n<li>M\u00e2nc\u0103rime, arsur\u0103 sau ro\u0219ea\u021b\u0103 persistent\u0103<\/li>\n\n\n\n<li>Buf\u0103turi dureroase, puroi sau cruste \u00een jurul foliculilor<\/li>\n\n\n\n<li>Pete solzoase, piele \u00eengro\u0219at\u0103 sau s\u00e2ngerare cu zg\u00e2rieturi<\/li>\n\n\n\n<li>Pete chelie neregulate sau v\u0103rsare brusc\u0103 \u0219i rapid\u0103<\/li>\n\n\n\n<li>r\u0103ni, vezicule sau scurgeri neobi\u0219nuite<\/li>\n<\/ul>\n\n\n\n<figure class=\"wp-block-image\"><img decoding=\"async\" src=\"https:\/\/haircenterofturkey.com\/wp-content\/uploads\/2025\/03\/pubic-hair-loss-2.webp\" alt=\"What Causes Pubic Hair Loss\" title=\"\"><\/figure>\n\n\n\n<p class=\"wp-block-paragraph\"><\/p>\n\n\n\n<h2 class=\"wp-block-heading\" id=\"how-pubic-hair-loss-is-diagnosed\">Cum este diagnosticat\u0103 c\u0103derea p\u0103rului pubian<\/h2>\n\n\n\n<p class=\"wp-block-paragraph\">Un clinician v\u0103 poate \u00eentreba despre cronologia dvs., obiceiurile de \u00eendep\u0103rtare a p\u0103rului, factorii de stres, medicamentele \u0219i boala recent\u0103. Un examen al pielii poate dezv\u0103lui inflama\u021bie, infec\u021bie sau cicatrici. \u00cen func\u021bie de constat\u0103ri, ace\u0219tia pot recomanda analize de s\u00e2nge pentru a verifica func\u021bia tiroidian\u0103 \u0219i nivelurile de nutrien\u021bi sau pot lua o mic\u0103 prob\u0103 de piele pentru confirmare \u00een cazuri complexe.<\/p>\n\n\n\n<figure class=\"wp-block-image\"><img decoding=\"async\" src=\"https:\/\/haircenterofturkey.com\/wp-content\/uploads\/2025\/03\/pubic-hair-loss-3.webp\" alt=\"What Causes Pubic Hair Loss\" title=\"\"><\/figure>\n\n\n\n<p class=\"wp-block-paragraph\"><\/p>\n\n\n\n<h2 class=\"wp-block-heading\" id=\"solutions-and-treatment-options\">Solu\u021bii \u0219i op\u021biuni de tratament<\/h2>\n\n\n\n<h3 class=\"wp-block-heading\" id=\"treat-the-root-cause\">Trateaz\u0103 cauza r\u0103d\u0103cin\u0103<\/h3>\n\n\n\n<p class=\"wp-block-paragraph\">Cea mai eficient\u0103 abordare depinde de ceea ce provoac\u0103 c\u0103derea p\u0103rului.<\/p>\n\n\n\n<ul class=\"wp-block-list\">\n<li>Pentru infec\u021bii: tratament antifungic sau antibacterian vizat<\/li>\n\n\n\n<li>Pentru dermatit\u0103 sau eczeme: eliminarea factorilor declan\u0219atori \u0219i utilizarea terapiei locale adecvate<\/li>\n\n\n\n<li>Pentru eliminarea hormonilor: evaluare medical\u0103 \u0219i op\u021biuni de tratament adaptate situa\u021biei dvs<\/li>\n\n\n\n<li>Pentru cauze autoimune: un dermatolog poate discuta despre terapii bazate pe dovezi<\/li>\n<\/ul>\n\n\n\n<figure class=\"wp-block-image\"><img decoding=\"async\" src=\"https:\/\/haircenterofturkey.com\/wp-content\/uploads\/2025\/03\/pubic-hair-loss-4.webp\" alt=\"What Causes Pubic Hair Loss\" title=\"\"><\/figure>\n\n\n\n<p class=\"wp-block-paragraph\"><\/p>\n\n\n\n<h3 class=\"wp-block-heading\" id=\"support-healthy-regrowth\">Sus\u021bine cre\u0219terea s\u0103n\u0103toas\u0103<\/h3>\n\n\n\n<p class=\"wp-block-paragraph\">Odat\u0103 ce cauza este abordat\u0103, regenerarea poate dura timp, deoarece foliculii circul\u0103 lent. \u00cengrijirea bl\u00e2nd\u0103 ajut\u0103 la protejarea zonei \u00een timp ce se reface.<\/p>\n\n\n\n<ul class=\"wp-block-list\">\n<li>Utiliza\u021bi produse de cur\u0103\u021bare bl\u00e2nde, f\u0103r\u0103 parfum \u0219i evita\u021bi scruburile dure<\/li>\n\n\n\n<li>\u00centrerupe\u021bi epilarea cu cear\u0103 \u0219i reduce\u021bi b\u0103rbierirea de aproape dac\u0103 exist\u0103 irita\u021bii<\/li>\n\n\n\n<li>Alege\u021bi lenjerie respirabil\u0103 \u0219i evita\u021bi \u00eembr\u0103c\u0103mintea str\u00e2mt\u0103 \u00een timpul erup\u021biilor<\/li>\n\n\n\n<li>Prioritizeaz\u0103 aportul de proteine \u0219i corecteaz\u0103 deficien\u021bele dovedite sub \u00eendrum\u0103ri medicale<\/li>\n<\/ul>\n\n\n\n<figure class=\"wp-block-image\"><img decoding=\"async\" src=\"https:\/\/haircenterofturkey.com\/wp-content\/uploads\/2025\/03\/pubic-hair-loss-5.webp\" alt=\"What Causes Pubic Hair Loss\" title=\"\"><\/figure>\n\n\n\n<p class=\"wp-block-paragraph\"><\/p>\n\n\n\n<h3 class=\"wp-block-heading\" id=\"when-hair-may-not-fully-return\">C\u00e2nd p\u0103rul poate s\u0103 nu se \u00eentoarc\u0103 complet<\/h3>\n\n\n\n<p class=\"wp-block-paragraph\">Dac\u0103 exist\u0103 cicatrici, infec\u021bii profunde repetate sau boal\u0103 inflamatorie pe termen lung, foliculii pot fi deteriora\u021bi permanent. Evaluarea timpurie ajut\u0103 la reducerea acestui risc.<\/p>\n\n\n\n<figure class=\"wp-block-image\"><img decoding=\"async\" src=\"https:\/\/haircenterofturkey.com\/wp-content\/uploads\/2025\/03\/pubic-hair-loss-6.webp\" alt=\"What Causes Pubic Hair Loss\" title=\"\"><\/figure>\n\n\n\n<p class=\"wp-block-paragraph\"><\/p>\n\n\n\n<h2 class=\"wp-block-heading\" id=\"when-to-seek-medical-advice\">C\u00e2nd s\u0103 solicita\u021bi sfatul medicului<\/h2>\n\n\n\n<p class=\"wp-block-paragraph\">Aranja\u021bi o evaluare medical\u0103 dac\u0103 c\u0103derea p\u0103rului pubian este brusc\u0103, neregulat\u0103 sau se agraveaz\u0103 sau dac\u0103 observa\u021bi modific\u0103ri ale pielii. Solicita\u021bi \u00eengrijiri de urgen\u021b\u0103 dac\u0103 ave\u021bi dureri severe, ro\u0219ea\u021b\u0103 extins\u0103, febr\u0103 sau r\u0103ni care se extind rapid.<\/p>\n\n\n\n<h2 class=\"wp-block-heading\" id=\"frequently-asked-questions\">\u00centreb\u0103ri frecvente<\/h2>\n\n\n<div id=\"rank-math-faq\" class=\"rank-math-block\">\n<div class=\"rank-math-list \">\n<div id=\"faq-question-1771490524760\" class=\"rank-math-list-item\">\n<h3 class=\"rank-math-question \">Este normal s\u0103 \u00ee\u021bi cad\u0103 p\u0103rul pubian?<\/h3>\n<div class=\"rank-math-answer \">\n\n<p>C\u0103derea u\u0219oar\u0103 a p\u0103rului pubian este normal\u0103; pierderea brusc\u0103 sau neregulat\u0103 necesit\u0103 evaluare medical\u0103.<\/p>\n\n<\/div>\n<\/div>\n<div id=\"faq-question-1771490525528\" class=\"rank-math-list-item\">\n<h3 class=\"rank-math-question \">De ce mi-am pierdut cea mai mare parte a p\u0103rului pubian?<\/h3>\n<div class=\"rank-math-answer \">\n\n<p>Cauzele comune includ deteriorarea b\u0103rbieritului\/depilarea cu cear\u0103, modific\u0103ri hormonale, boli tiroidiene, alopecia areata \u0219i stres.<\/p>\n\n<\/div>\n<\/div>\n<div id=\"faq-question-1771490526263\" class=\"rank-math-list-item\">\n<h3 class=\"rank-math-question \">Care sunt primele semne ale alopeciei ofiazei?<\/h3>\n<div class=\"rank-math-answer \">\n\n<p>C\u0103derea p\u0103rului sub form\u0103 de band\u0103 de-a lungul marginilor scalpului occipital \u0219i temporal este primul semn.<\/p>\n\n<\/div>\n<\/div>\n<div id=\"faq-question-1771490526678\" class=\"rank-math-list-item\">\n<h3 class=\"rank-math-question \">Cum arat\u0103 c\u0103derea p\u0103rului cu BTS?<\/h3>\n<div class=\"rank-math-answer \">\n\n<p>Sifilisul poate provoca c\u0103derea p\u0103rului necicatrizat\u0103 \u201em\u00e2ncat de molii\u201d a scalpului, uneori sub\u021biere difuz\u0103.<\/p>\n\n<\/div>\n<\/div>\n<div id=\"faq-question-1771490527116\" class=\"rank-math-list-item\">\n<h3 class=\"rank-math-question \">Ce organ este legat de c\u0103derea p\u0103rului?<\/h3>\n<div class=\"rank-math-answer \">\n\n<p>Glanda tiroid\u0103 este cea mai str\u00e2ns legat\u0103, deoarece tulbur\u0103rile tiroidiene declan\u0219eaz\u0103 de obicei excre\u021bia difuz\u0103.<\/p>\n\n<\/div>\n<\/div>\n<div id=\"faq-question-2dd66ce652109\" class=\"rank-math-list-item\">\n<h3 class=\"rank-math-question \"><strong>Poate Hair Center of Turkey s\u0103 ajute cu c\u0103derea p\u0103rului pubian?<\/strong><\/h3>\n<div class=\"rank-math-answer \">\n\n<p>Da. Medicii de la Hair Center din Turcia evalueaz\u0103 c\u0103derea p\u0103rului pubian ca parte a unei evalu\u0103ri medicale complete &#8211; verific\u00e2nd nivelurile hormonale, starea pielii \u0219i istoricul medical \u00eenainte de a recomanda tratament. Deoarece cauza difer\u0103 de la o persoan\u0103 la alta, ei se concentreaz\u0103 pe g\u0103sirea a ceea ce provoac\u0103 de fapt pierderea, mai degrab\u0103 dec\u00e2t pe tratarea simptomului de la sine.<\/p>\n\n<\/div>\n<\/div>\n<div id=\"faq-question-8440048dbdac1\" class=\"rank-math-list-item\">\n<h3 class=\"rank-math-question \"><strong>Cum este diagnosticat\u0103 cauza c\u0103derii p\u0103rului pubian?<\/strong><\/h3>\n<div class=\"rank-math-answer \">\n\n<p>Un medic \u00eencepe cu un examen fizic \u0219i un istoric medical detaliat, apoi comand\u0103 teste direc\u021bionate atunci c\u00e2nd este necesar &#8211; analize de s\u00e2nge pentru probleme hormonale sau nutritive, un tampon de piele pentru infec\u021bie sau o mic\u0103 biopsie pentru afec\u021biuni cicatrici. La Hair Center din Turcia, aceast\u0103 evaluare este gestionat\u0103 de echipa medical\u0103, astfel \u00eenc\u00e2t tratamentul este potrivit cu cauza real\u0103 \u00een loc de presupuneri.<\/p>\n\n<\/div>\n<\/div>\n<\/div>\n<\/div>\n\n\n<div class=\"wp-block-group\"><div class=\"wp-block-group__inner-container is-layout-flow wp-block-group-is-layout-flow\">\n\n<h2 class=\"wp-block-heading\">C\u0103derea p\u0103rului pubian este normal\u0103 cu v\u00e2rsta?<\/h2>\n\n\n\n<p class=\"wp-block-paragraph\">O oarecare r\u0103rire a p\u0103rului pubian este o parte normal\u0103 a \u00eemb\u0103tr\u00e2nirii. Nivelurile hormonale scad dup\u0103 menopauz\u0103 la femei \u0219i scad treptat odat\u0103 cu v\u00e2rsta la b\u0103rba\u021bi, ceea ce poate l\u0103sa p\u0103rul pubian mai rar \u0219i mai fin. Pierderea brusc\u0103 sau neregulat\u0103, totu\u0219i, nu este o schimbare normal\u0103 de v\u00e2rst\u0103 \u0219i ar trebui verificat\u0103 de un medic.<\/p>\n\n\n\n<h2 class=\"wp-block-heading\">Stresul poate provoca c\u0103derea p\u0103rului pubian?<\/h2>\n\n\n\n<p class=\"wp-block-paragraph\">Da. Stresul intens sau prelungit poate \u00eempinge mai multe fire de p\u0103r dec\u00e2t de obicei \u00een faza de pierdere &#8211; o afec\u021biune numit\u0103 efluviu telogen. De obicei, apare mai \u00eent\u00e2i pe scalp, dar poate ajunge \u0219i la p\u0103rul pubian \u0219i la alte p\u0103r\u021bi ale corpului. Deversarea este \u00een mod normal temporar\u0103 \u0219i se inverseaz\u0103 odat\u0103 ce stresul scade.<\/p>\n\n\n\n<h2 class=\"wp-block-heading\">C\u00e2nd este c\u0103derea p\u0103rului pubian un semn al unei ITS?<\/h2>\n\n\n\n<p class=\"wp-block-paragraph\">C\u0103derea p\u0103rului pubian legat\u0103 de o ITS vine de obicei cu alte semne: m\u00e2nc\u0103rime, r\u0103ni, erup\u021bii cutanate sau parazi\u021bi vizibili, cum ar fi p\u0103duchii pubieni. P\u0103duchii \u0219i anumite infec\u021bii pot face ca p\u0103rul s\u0103 cad\u0103 \u00een jurul pielii afectate. Dac\u0103 c\u0103derea p\u0103rului apare al\u0103turi de oricare dintre aceste simptome, fi\u021bi testat de un medic \u00een loc s\u0103 a\u0219tepta\u021bi.<\/p>\n\n<\/div><\/div>\n\n\n\n<div class=\"wp-block-group medical-disclaimer\"><div class=\"wp-block-group__inner-container is-layout-flow wp-block-group-is-layout-flow\">\n\n<h2 class=\"wp-block-heading\">Disclaimer medical<\/h2>\n\n\n\n<p class=\"wp-block-paragraph\">Aceast\u0103 pagin\u0103 este doar pentru informa\u021bii generale \u0219i nu \u00eenlocuie\u0219te un examen \u00een persoan\u0103 sau un sfat medical personalizat. Dac\u0103 c\u0103derea p\u0103rului pubian apare brusc, arat\u0103 neregulat sau este dureroas\u0103 &#8211; sau dac\u0103 nu se amelioreaz\u0103 &#8211; consulta\u021bi un medic calificat sau contacta\u021bi Centrul de p\u0103r din Turcia pentru o evaluare.<\/p>\n\n<\/div><\/div>\n","protected":false},"excerpt":{"rendered":"<p>R\u0103spuns rapid Ce cauzeaz\u0103 c\u0103derea p\u0103rului pubian? Centrul de coafur\u0103 din Turcia s-a concentrat pe restaurarea p\u0103rului din 2014, cu o echip\u0103 de trei medici care efectueaz\u0103 \u00eempreun\u0103 peste 3.000 de proceduri pe an. Aceast\u0103 experien\u021b\u0103 modeleaz\u0103 modul \u00een care citim c\u0103derea p\u0103rului pubian: lucr\u0103m pentru a stabili cauza exact\u0103 &#8211; hormonal\u0103, dermatologic\u0103, nutri\u021bional\u0103 sau [&hellip;]<\/p>\n","protected":false},"author":2,"featured_media":681,"comment_status":"closed","ping_status":"closed","sticky":false,"template":"","format":"standard","meta":{"footnotes":"","rank_math_title":"","rank_math_description":"C\u0103derea p\u0103rului pubian poate fi cauzat\u0103 de \u00eemb\u0103tr\u00e2nire, modific\u0103ri hormonale, infec\u021bii sau anumite afec\u021biuni ale pielii. Face\u021bi clic pentru informa\u021bii.","rank_math_focus_keyword":"","rank_math_canonical_url":"","rank_math_breadcrumb_title":"","rank_math_facebook_title":"","rank_math_facebook_description":"","rank_math_facebook_image":"","rank_math_twitter_title":"","rank_math_twitter_description":"","rank_math_twitter_image":"","rank_math_pillar_content":""},"categories":[968,987],"tags":[],"class_list":["post-49366","post","type-post","status-publish","format-standard","has-post-thumbnail","hentry","category-blog","category-caderea-parului"],"_links":{"self":[{"href":"https:\/\/haircenterofturkey.com\/ro\/wp-json\/wp\/v2\/posts\/49366","targetHints":{"allow":["GET"]}}],"collection":[{"href":"https:\/\/haircenterofturkey.com\/ro\/wp-json\/wp\/v2\/posts"}],"about":[{"href":"https:\/\/haircenterofturkey.com\/ro\/wp-json\/wp\/v2\/types\/post"}],"author":[{"embeddable":true,"href":"https:\/\/haircenterofturkey.com\/ro\/wp-json\/wp\/v2\/users\/2"}],"replies":[{"embeddable":true,"href":"https:\/\/haircenterofturkey.com\/ro\/wp-json\/wp\/v2\/comments?post=49366"}],"version-history":[{"count":2,"href":"https:\/\/haircenterofturkey.com\/ro\/wp-json\/wp\/v2\/posts\/49366\/revisions"}],"predecessor-version":[{"id":60396,"href":"https:\/\/haircenterofturkey.com\/ro\/wp-json\/wp\/v2\/posts\/49366\/revisions\/60396"}],"wp:featuredmedia":[{"embeddable":true,"href":"https:\/\/haircenterofturkey.com\/ro\/wp-json\/wp\/v2\/media\/681"}],"wp:attachment":[{"href":"https:\/\/haircenterofturkey.com\/ro\/wp-json\/wp\/v2\/media?parent=49366"}],"wp:term":[{"taxonomy":"category","embeddable":true,"href":"https:\/\/haircenterofturkey.com\/ro\/wp-json\/wp\/v2\/categories?post=49366"},{"taxonomy":"post_tag","embeddable":true,"href":"https:\/\/haircenterofturkey.com\/ro\/wp-json\/wp\/v2\/tags?post=49366"}],"curies":[{"name":"wp","href":"https:\/\/api.w.org\/{rel}","templated":true}]}}