{"id":49355,"date":"2025-03-06T06:47:25","date_gmt":"2025-03-06T03:47:25","guid":{"rendered":"https:\/\/haircenterofturkey.com\/?p=49355"},"modified":"2026-08-31T14:53:48","modified_gmt":"2026-08-31T11:53:48","slug":"ce-este-o-linie-de-par-in-forma-de-m","status":"publish","type":"post","link":"https:\/\/haircenterofturkey.com\/ro\/ce-este-o-linie-de-par-in-forma-de-m\/","title":{"rendered":"Ce este o linie de p\u0103r \u00een form\u0103 de M?"},"content":{"rendered":"\n<h2 class=\"wp-block-heading\" id=\"what-is-an-m-shaped-hairline\">Ce este o linie de p\u0103r \u00een form\u0103 de M?<\/h2>\n\n\n\n<p class=\"wp-block-paragraph\"><strong data-start=\"437\" data-end=\"595\">O linie de p\u0103r \u00een form\u0103 de M este un model de linie de p\u0103r \u00een care recesiunea are loc la t\u00e2mple, \u00een timp ce centrul r\u0103m\u00e2ne mai jos, form\u00e2nd o form\u0103 de \u201eM\u201d pe frunte.<\/strong><br data-start=\"595\" data-end=\"598\">Este cel mai frecvent \u00eent\u00e2lnit\u0103 la b\u0103rba\u021bi \u0219i este adesea asociat\u0103 cu c\u0103derea p\u0103rului \u00een stadiu incipient, de\u0219i nu indic\u0103 \u00eentotdeauna o chelie continu\u0103.<\/p>\n\n\n\n<div class=\"wp-block-rank-math-toc-block\" id=\"rank-math-toc\"><h2>Table of Contents<\/h2><nav><ul><li><a href=\"#what-is-an-m-shaped-hairline\">Ce este o linie de p\u0103r \u00een form\u0103 de M?<\/a><\/li><li><a href=\"#how-to-identify-an-m-shaped-hairline\">Cum s\u0103 identifici o linie de p\u0103r \u00een form\u0103 de M<\/a><\/li><li><a href=\"#what-causes-an-m-shaped-hairline\">Ce cauzeaz\u0103 o linie de p\u0103r \u00een form\u0103 de M?<\/a><ul><li><a href=\"#genetics\">Genetica<\/a><\/li><li><a href=\"#hormonal-influence\">Influen\u021ba hormonal\u0103<\/a><\/li><li><a href=\"#aging\">\u00cemb\u0103tr\u00e2nirea<\/a><\/li><\/ul><\/li><li><a href=\"#does-an-m-shaped-hairline-always-mean-balding\">O linie de p\u0103r \u00een form\u0103 de M \u00eenseamn\u0103 \u00eentotdeauna chelie?<\/a><\/li><li><a href=\"#how-to-manage-an-m-shaped-hairline\">Cum s\u0103 gestionezi o linie de p\u0103r \u00een form\u0103 de M<\/a><ul><li><a href=\"#hairstyling-approaches\">Abord\u0103ri de coafur\u0103<\/a><\/li><li><a href=\"#medical-and-cosmetic-options\">Op\u021biuni medicale \u0219i cosmetice<\/a><\/li><li><a href=\"#lifestyle-support\">Suport pentru stilul de via\u021b\u0103<\/a><\/li><\/ul><\/li><li><a href=\"#can-women-have-an-m-shaped-hairline\">Pot femeile s\u0103 aib\u0103 o linie de p\u0103r \u00een form\u0103 de M?<\/a><\/li><li><a href=\"#can-an-m-shaped-hairline-be-reversed\">Poate fi inversat\u0103 linia p\u0103rului \u00een form\u0103 de M?<\/a><\/li><li><a href=\"#common-myths-about-m-shaped-hairlines\">Mituri comune despre liniile de p\u0103r \u00een form\u0103 de M<\/a><\/li><li><a href=\"#frequently-asked-questions\">\u00centreb\u0103ri frecvente<\/a><\/li><\/ul><\/nav><\/div>\n\n\n\n<h2 class=\"wp-block-heading\" id=\"how-to-identify-an-m-shaped-hairline\">Cum s\u0103 identifici o linie de p\u0103r \u00een form\u0103 de M<\/h2>\n\n\n\n<p class=\"wp-block-paragraph\">O linie de p\u0103r \u00een form\u0103 de M este definit\u0103 prin recesiune simetric\u0103 la ambele t\u00e2mple, cu o linie central\u0103 relativ conservat\u0103. Acest lucru creeaz\u0103 un model unghiular clar, mai degrab\u0103 dec\u00e2t o sub\u021biere difuz\u0103.<\/p>\n\n\n\n<p class=\"wp-block-paragraph\">\u00cen multe cazuri, densitatea p\u0103rului din spatele liniei p\u0103rului r\u0103m\u00e2ne normal\u0103 \u00een stadiile incipiente. \u00cen timp, forma poate deveni mai pronun\u021bat\u0103 dac\u0103 c\u0103derea p\u0103rului progreseaz\u0103.<\/p>\n\n\n\n<h2 class=\"wp-block-heading\" id=\"what-causes-an-m-shaped-hairline\">Ce cauzeaz\u0103 o linie de p\u0103r \u00een form\u0103 de M?<\/h2>\n\n\n\n<p class=\"wp-block-paragraph\">Mai mul\u021bi factori contribuie la dezvoltarea acestui model de linie de p\u0103r:<\/p>\n\n\n\n<h3 class=\"wp-block-heading\" id=\"genetics\">Genetica<\/h3>\n\n\n\n<p class=\"wp-block-paragraph\">Istoricul familiei joac\u0103 un rol major. Persoanele cu rude apropiate afectate de alopecia androgenetic\u0103 au mai multe \u0219anse de a dezvolta recesiune templului.<\/p>\n\n\n\n<h3 class=\"wp-block-heading\" id=\"hormonal-influence\">Influen\u021ba hormonal\u0103<\/h3>\n\n\n\n<p class=\"wp-block-paragraph\">Dihidrotestosteronul (DHT) poate determina mic\u0219orarea foliculilor de p\u0103r de la t\u00e2mple, duc\u00e2nd la sub\u021bierea treptat\u0103 \u0219i recesiune.<\/p>\n\n\n\n<h3 class=\"wp-block-heading\" id=\"aging\">\u00cemb\u0103tr\u00e2nirea<\/h3>\n\n\n\n<p class=\"wp-block-paragraph\">Pe m\u0103sur\u0103 ce cre\u0219terea p\u0103rului \u00eencetine\u0219te odat\u0103 cu v\u00e2rsta, modelele genetice existente pot deveni mai vizibile.<\/p>\n\n\n\n<h2 class=\"wp-block-heading\" id=\"does-an-m-shaped-hairline-always-mean-balding\">O linie de p\u0103r \u00een form\u0103 de M \u00eenseamn\u0103 \u00eentotdeauna chelie?<\/h2>\n\n\n\n<p class=\"wp-block-paragraph\">Nu. Unii oameni men\u021bin o linie de p\u0103r \u00een form\u0103 de M ani de zile f\u0103r\u0103 progresie semnificativ\u0103.<\/p>\n\n\n\n<p class=\"wp-block-paragraph\">Cu toate acestea, dac\u0103 sub\u021bierea continu\u0103 dincolo de t\u00e2mple sau se extinde spre coroan\u0103, poate indica o alopecie androgenetic\u0103 avansat\u0103. Monitorizarea schimb\u0103rilor \u00een timp este esen\u021bial\u0103.<\/p>\n\n\n\n<figure class=\"wp-block-image\"><img decoding=\"async\" src=\"https:\/\/haircenterofturkey.com\/wp-content\/uploads\/2025\/03\/m-shaped-hair-2.webp\" alt=\"What Is an M-Shaped Hairline?\" title=\"\"><\/figure>\n\n\n\n<p class=\"wp-block-paragraph\"><\/p>\n\n\n\n<h2 class=\"wp-block-heading\" id=\"how-to-manage-an-m-shaped-hairline\">Cum s\u0103 gestionezi o linie de p\u0103r \u00een form\u0103 de M<\/h2>\n\n\n\n<h3 class=\"wp-block-heading\" id=\"hairstyling-approaches\">Abord\u0103ri de coafur\u0103<\/h3>\n\n\n\n<p class=\"wp-block-paragraph\">Stilul strategic poate reduce impactul vizual al recesiunii templului:<\/p>\n\n\n\n<ul class=\"wp-block-list\">\n<li><br><p data-start=\"2100\" data-end=\"2147\">T\u0103ieturi scurte sau texturate care minimizeaz\u0103 contrastul<\/p><br><\/li>\n\n\n\n<li><br><p data-start=\"2150\" data-end=\"2190\">Stiluri laterale care redirec\u021bioneaz\u0103 focalizarea<\/p><br><\/li>\n\n\n\n<li><br><p data-start=\"2193\" data-end=\"2229\">Produse de volum pentru a ad\u0103uga densitate<\/p><br><\/li>\n<\/ul>\n\n\n\n<h3 class=\"wp-block-heading\" id=\"medical-and-cosmetic-options\">Op\u021biuni medicale \u0219i cosmetice<\/h3>\n\n\n\n<p class=\"wp-block-paragraph\">Pentru cei preocupa\u021bi de progresie, op\u021biunile de tratament pot include:<\/p>\n\n\n\n<ul class=\"wp-block-list\">\n<li><br><p data-start=\"2338\" data-end=\"2385\">Tratamente topice care vizeaz\u0103 \u00eencetinirea c\u0103derii p\u0103rului<\/p><br><\/li>\n\n\n\n<li><br><p data-start=\"2388\" data-end=\"2432\">Medicamente orale sub supraveghere medical\u0103<\/p><br><\/li>\n\n\n\n<li><br><p data-start=\"2435\" data-end=\"2489\">Proceduri de restaurare a p\u0103rului pentru corectarea pe termen lung<\/p><br><\/li>\n<\/ul>\n\n\n\n<p class=\"wp-block-paragraph\">Evaluarea timpurie \u00eembun\u0103t\u0103\u021be\u0219te gama de op\u021biuni disponibile.<\/p>\n\n\n\n<h3 class=\"wp-block-heading\" id=\"lifestyle-support\">Suport pentru stilul de via\u021b\u0103<\/h3>\n\n\n\n<p class=\"wp-block-paragraph\">Nutri\u021bia echilibrat\u0103, gestionarea stresului \u0219i \u00eengrijirea bl\u00e2nd\u0103 a p\u0103rului ajut\u0103 la men\u021binerea s\u0103n\u0103t\u0103\u021bii generale a p\u0103rului, de\u0219i nu modific\u0103 singure modelele genetice ale firului de p\u0103r.<\/p>\n\n\n\n<h2 class=\"wp-block-heading\" id=\"can-women-have-an-m-shaped-hairline\">Pot femeile s\u0103 aib\u0103 o linie de p\u0103r \u00een form\u0103 de M?<\/h2>\n\n\n\n<p class=\"wp-block-paragraph\">Da, de\u0219i este mai pu\u021bin frecvent. Femeile pot dezvolta recesiune templului din cauza schimb\u0103rilor hormonale, geneticii sau anumitor afec\u021biuni medicale.<\/p>\n\n\n\n<p class=\"wp-block-paragraph\">Deoarece modelele de c\u0103dere a p\u0103rului la femei difer\u0103, se recomand\u0103 evaluarea profesional\u0103 pentru a determina cauza de baz\u0103.<\/p>\n\n\n\n<figure class=\"wp-block-image\"><img decoding=\"async\" src=\"https:\/\/haircenterofturkey.com\/wp-content\/uploads\/2025\/03\/m-shape-hairline-3.webp\" alt=\"What Is an M-Shaped Hairline?\" title=\"\"><\/figure>\n\n\n\n<p class=\"wp-block-paragraph\"><\/p>\n\n\n\n<h2 class=\"wp-block-heading\" id=\"can-an-m-shaped-hairline-be-reversed\">Poate fi inversat\u0103 linia p\u0103rului \u00een form\u0103 de M?<\/h2>\n\n\n\n<p class=\"wp-block-paragraph\">Inversarea complet\u0103 este mai pu\u021bin frecvent\u0103 f\u0103r\u0103 interven\u021bie chirurgical\u0103. Acestea fiind spuse, recesiunea \u00een stadiu incipient poate fi adesea stabilizat\u0103 \u0219i aspectul \u00eembun\u0103t\u0103\u021bit, cu un tratament adecvat.<\/p>\n\n\n\n<p class=\"wp-block-paragraph\">Timpul joac\u0103 un rol esen\u021bial. Abordarea devreme a schimb\u0103rilor ofer\u0103 rezultate mai bune pe termen lung.<\/p>\n\n\n\n<figure class=\"wp-block-image\"><img decoding=\"async\" src=\"https:\/\/haircenterofturkey.com\/wp-content\/uploads\/2025\/03\/m-shaped-hair-3.webp\" alt=\"What Is an M-Shaped Hairline?\" title=\"\"><\/figure>\n\n\n\n<p class=\"wp-block-paragraph\"><\/p>\n\n\n\n<h2 class=\"wp-block-heading\" id=\"common-myths-about-m-shaped-hairlines\">Mituri comune despre liniile de p\u0103r \u00een form\u0103 de M<\/h2>\n\n\n\n<p class=\"wp-block-paragraph\"><strong data-start=\"3365\" data-end=\"3374\">mit:<\/strong> Doar b\u0103rba\u021bii \u00een v\u00e2rst\u0103 dezvolt\u0103 o linie de p\u0103r \u00een form\u0103 de M<br data-start=\"3418\" data-end=\"3421\"><strong data-start=\"3421\" data-end=\"3430\">Fapt:<\/strong> Poate ap\u0103rea la sf\u00e2r\u0219itul adolescen\u021bei sau la v\u00e2rsta adult\u0103 timpurie<\/p>\n\n\n\n<p class=\"wp-block-paragraph\"><strong data-start=\"3481\" data-end=\"3490\">mit:<\/strong> Purtarea p\u0103l\u0103riilor provoac\u0103 recesiunea templului<br data-start=\"3527\" data-end=\"3530\"><strong data-start=\"3530\" data-end=\"3539\">Fapt:<\/strong>Nu exist\u0103 dovezi \u0219tiin\u021bifice care s\u0103 sus\u021bin\u0103 acest lucru<\/p>\n\n\n\n<h2 class=\"wp-block-heading\" id=\"frequently-asked-questions\">\u00centreb\u0103ri frecvente<\/h2>\n\n\n<div id=\"rank-math-faq\" class=\"rank-math-block\">\n<div class=\"rank-math-list \">\n<div id=\"faq-question-1771486977888\" class=\"rank-math-list-item\">\n<h3 class=\"rank-math-question \">Ce \u00eenseamn\u0103 o linie de p\u0103r \u00een form\u0103 de M?<\/h3>\n<div class=\"rank-math-answer \">\n\n<p>De obicei, indic\u0103 recesiunea t\u00e2mplei form\u00e2nd un \u201eM\u201d, adesea o linie de p\u0103r matur\u0103 sau \u00een retragere.<\/p>\n\n<\/div>\n<\/div>\n<div id=\"faq-question-1771486978555\" class=\"rank-math-list-item\">\n<h3 class=\"rank-math-question \">Este rar\u0103 linia p\u0103rului \u00een form\u0103 de M?<\/h3>\n<div class=\"rank-math-answer \">\n\n<p>Nu; o linie de p\u0103r \u00een form\u0103 de M este comun\u0103, \u00een special la b\u0103rba\u021bii adul\u021bi.<\/p>\n\n<\/div>\n<\/div>\n<div id=\"faq-question-1771486979463\" class=\"rank-math-list-item\">\n<h3 class=\"rank-math-question \">Ce linie de p\u0103r este cea mai atractiv\u0103?<\/h3>\n<div class=\"rank-math-answer \">\n\n<p>Cel mai adesea se prefer\u0103 o linie natural\u0103, simetric\u0103, propor\u021bional\u0103 cu fa\u021ba ta.<\/p>\n\n<\/div>\n<\/div>\n<div id=\"faq-question-1771486980322\" class=\"rank-math-list-item\">\n<h3 class=\"rank-math-question \">Po\u021bi avea \u00een mod natural o linie de p\u0103r \u00een form\u0103 de M?<\/h3>\n<div class=\"rank-math-answer \">\n\n<p>Da; unii oameni au \u00een mod natural o linie a p\u0103rului \u00een form\u0103 de M f\u0103r\u0103 nicio pierdere a p\u0103rului.<\/p>\n\n<\/div>\n<\/div>\n<div id=\"faq-question-1771486980863\" class=\"rank-math-list-item\">\n<h3 class=\"rank-math-question \">O linie M \u00eenseamn\u0103 c\u0103 devin chelie?<\/h3>\n<div class=\"rank-math-answer \">\n\n<p>Nu neap\u0103rat; poate fi normal, dar recesiunea progresiv\u0103 sau sub\u021bierea sugereaz\u0103 chelie.<\/p>\n\n<\/div>\n<\/div>\n<\/div>\n<\/div>","protected":false},"excerpt":{"rendered":"<p>Ce este o linie de p\u0103r \u00een form\u0103 de M? O linie de p\u0103r \u00een form\u0103 de M este un model de linie de p\u0103r \u00een care recesiunea are loc la t\u00e2mple, \u00een timp ce centrul r\u0103m\u00e2ne mai jos, form\u00e2nd o form\u0103 de \u201eM\u201d pe frunte.Este cel mai frecvent \u00eent\u00e2lnit\u0103 la b\u0103rba\u021bi \u0219i este adesea [&hellip;]<\/p>\n","protected":false},"author":2,"featured_media":18677,"comment_status":"closed","ping_status":"closed","sticky":false,"template":"","format":"standard","meta":{"footnotes":"","rank_math_title":"","rank_math_description":"O linie de p\u0103r \u00een form\u0103 de M este un model de linie de p\u0103r \u00een care t\u00e2mplele se retrag, form\u00e2nd o form\u0103 clar\u0103 de \u201eM\u201d pe frunte. Face\u021bi clic pentru informa\u021bii.","rank_math_focus_keyword":"","rank_math_canonical_url":"","rank_math_breadcrumb_title":"","rank_math_facebook_title":"","rank_math_facebook_description":"","rank_math_facebook_image":"","rank_math_twitter_title":"","rank_math_twitter_description":"","rank_math_twitter_image":"","rank_math_pillar_content":""},"categories":[968,987],"tags":[],"class_list":["post-49355","post","type-post","status-publish","format-standard","has-post-thumbnail","hentry","category-blog","category-caderea-parului"],"_links":{"self":[{"href":"https:\/\/haircenterofturkey.com\/ro\/wp-json\/wp\/v2\/posts\/49355","targetHints":{"allow":["GET"]}}],"collection":[{"href":"https:\/\/haircenterofturkey.com\/ro\/wp-json\/wp\/v2\/posts"}],"about":[{"href":"https:\/\/haircenterofturkey.com\/ro\/wp-json\/wp\/v2\/types\/post"}],"author":[{"embeddable":true,"href":"https:\/\/haircenterofturkey.com\/ro\/wp-json\/wp\/v2\/users\/2"}],"replies":[{"embeddable":true,"href":"https:\/\/haircenterofturkey.com\/ro\/wp-json\/wp\/v2\/comments?post=49355"}],"version-history":[{"count":2,"href":"https:\/\/haircenterofturkey.com\/ro\/wp-json\/wp\/v2\/posts\/49355\/revisions"}],"predecessor-version":[{"id":60413,"href":"https:\/\/haircenterofturkey.com\/ro\/wp-json\/wp\/v2\/posts\/49355\/revisions\/60413"}],"wp:featuredmedia":[{"embeddable":true,"href":"https:\/\/haircenterofturkey.com\/ro\/wp-json\/wp\/v2\/media\/18677"}],"wp:attachment":[{"href":"https:\/\/haircenterofturkey.com\/ro\/wp-json\/wp\/v2\/media?parent=49355"}],"wp:term":[{"taxonomy":"category","embeddable":true,"href":"https:\/\/haircenterofturkey.com\/ro\/wp-json\/wp\/v2\/categories?post=49355"},{"taxonomy":"post_tag","embeddable":true,"href":"https:\/\/haircenterofturkey.com\/ro\/wp-json\/wp\/v2\/tags?post=49355"}],"curies":[{"name":"wp","href":"https:\/\/api.w.org\/{rel}","templated":true}]}}