{"id":43581,"date":"2025-01-23T07:28:18","date_gmt":"2025-01-23T04:28:18","guid":{"rendered":"https:\/\/haircenterofturkey.com\/?p=43581"},"modified":"2026-08-31T16:10:37","modified_gmt":"2026-08-31T13:10:37","slug":"impactul-stresului-emotional-asupra-caderii-parului","status":"publish","type":"post","link":"https:\/\/haircenterofturkey.com\/ro\/impactul-stresului-emotional-asupra-caderii-parului\/","title":{"rendered":"Impactul stresului emo\u021bional asupra c\u0103derii p\u0103rului"},"content":{"rendered":"<h2><b>Impactul stresului emo\u021bional asupra c\u0103derii p\u0103rului<\/b><\/h2>\n<p><span style=\"font-weight: 400;\">Stresul emo\u021bional poate declan\u0219a pierderea temporar\u0103 prin mutarea mai multor foliculi \u00een faza de repaus (telogen), astfel \u00eenc\u00e2t sub\u021bierea apare adesea la aproximativ 2-3 luni dup\u0103 un eveniment stresant. \u00cen multe cazuri, p\u0103rul \u00eencepe s\u0103-\u0219i revin\u0103 odat\u0103 ce declan\u0219atorul \u0219i s\u0103n\u0103tatea general\u0103 sunt abordate. Ob\u021bine\u021bi sfaturi medicale pentru pierderea brusc\u0103 neregulat\u0103, inflama\u021bia scalpului sau v\u0103rsarea care dureaz\u0103 mai mult de \u0219ase luni.<\/span><\/p>\n<p><img decoding=\"async\" src=\"https:\/\/haircenterofturkey.com\/wp-content\/uploads\/2025\/01\/Emotional-Stress-on-Hair-Loss-1.webp\" alt=\"The Impact of Emotional Stress on Hair Loss\" title=\"\"><\/p>\n<h2 style=\"text-align: left;\"><b>Ce \u00eenseamn\u0103 stresul emo\u021bional pentru corp<\/b><\/h2>\n<p><span style=\"font-weight: 400;\">Stresul emo\u021bional este tensiunea mental\u0103 \u0219i fizic\u0103 care se formeaz\u0103 \u00een timpul evenimentelor dificile de via\u021b\u0103, cum ar fi durerea, conflictul rela\u021bional, presiunea financiar\u0103, orele lungi de munc\u0103, traume sau anxietatea cronic\u0103. Corpul t\u0103u r\u0103spunde la stres \u00een acela\u0219i mod \u00een care ar r\u0103spunde la pericol: schimb\u0103 resursele c\u0103tre supravie\u021buire. \u00cen timp, aceast\u0103 schimbare poate afecta somnul, apetitul, imunitatea \u0219i echilibrul hormonal &#8211; toate acestea joac\u0103 un rol \u00een cre\u0219terea s\u0103n\u0103toas\u0103 a p\u0103rului.<\/span><\/p>\n<p><img decoding=\"async\" src=\"https:\/\/haircenterofturkey.com\/wp-content\/uploads\/2025\/01\/Emotional-Stress-on-Hair-Loss-2.webp\" alt=\"The Impact of Emotional Stress on Hair Loss\" title=\"\"><\/p>\n<h2 style=\"text-align: left;\"><b>Cum poate stresul s\u0103 perturbe ciclul de cre\u0219tere a p\u0103rului<\/b><\/h2>\n<p><span style=\"font-weight: 400;\">Foliculii de p\u0103r circul\u0103 prin fazele de cre\u0219tere (anagen), de tranzi\u021bie (catagen) \u0219i de repaus\/v\u0103rsare (telogen). C\u00e2nd stresul este intens sau prelungit, hormonii de stres \u0219i semnalele inflamatorii pot modifica acest ciclu \u0219i pot reduce timpul petrecut de foliculi \u00een cre\u0219tere activ\u0103. Rezultatul este adesea o excre\u021bie crescut\u0103, o regenerare mai lent\u0103 sau apari\u021bia unor afec\u021biuni care afecteaz\u0103 scalpul.<\/span><\/p>\n<p><img decoding=\"async\" src=\"https:\/\/haircenterofturkey.com\/wp-content\/uploads\/2025\/01\/Emotional-Stress-on-Hair-Loss-3.webp\" alt=\"The Impact of Emotional Stress on Hair Loss\" title=\"\"><\/p>\n<h2 style=\"text-align: left;\"><b>Modele comune de c\u0103dere a p\u0103rului legate de stres<\/b><\/h2>\n<h3><b>Efluviu telogen<\/b><\/h3>\n<p><span style=\"font-weight: 400;\">Efluviul telogen este cel mai frecvent model legat de stresul emo\u021bional. Determin\u0103 c\u0103derea difuz\u0103 mai degrab\u0103 dec\u00e2t pete chelie, iar oamenii observ\u0103 adesea c\u0103 iese mai mult p\u0103r sub du\u0219 sau pe perie. Din cauza ciclului p\u0103rului, c\u0103derea p\u0103rului \u00eencepe de obicei la aproximativ 2-3 luni dup\u0103 declan\u0219are \u0219i, de obicei, se stabile\u0219te \u00een 3-6 luni odat\u0103 ce stresorul de baz\u0103 sau problema de s\u0103n\u0103tate este corectat\u0103.<\/span><\/p>\n<h3><b>Alopecia Areata<\/b><\/h3>\n<p><span style=\"font-weight: 400;\">Alopecia areata este o afec\u021biune autoimun\u0103 care poate provoca pete bru\u0219te, rotunde sau ovale de c\u0103derea p\u0103rului. Stresul nu explic\u0103 fiecare caz, dar unii oameni raporteaz\u0103 erup\u021bii \u00een perioadele solicitante din punct de vedere emo\u021bional. Evaluarea timpurie conteaz\u0103, deoarece tratamentele pot ajuta la reducerea inflama\u021biei \u0219i la \u00eembun\u0103t\u0103\u021birea cre\u0219terii.<\/span><\/p>\n<h3><b>Trichotilomania<\/b><\/h3>\n<p><span style=\"font-weight: 400;\">Trichotilomania (tulburarea de smulgere a p\u0103rului) este o afec\u021biune de s\u0103n\u0103tate mintal\u0103 \u00een care o persoan\u0103 simte nevoia de a smulge p\u0103rul, adesea \u00een timpul stresului sau anxiet\u0103\u021bii. Poate duce la fire de p\u0103r rupte, pete neregulate \u0219i iritarea scalpului. Sprijinul implic\u0103 de obicei terapie psihologic\u0103, strategii de inversare a obiceiurilor \u0219i tratament pentru anxietatea sau tulbur\u0103rile de dispozi\u021bie subiacente.<\/span><\/p>\n<p><img decoding=\"async\" src=\"https:\/\/haircenterofturkey.com\/wp-content\/uploads\/2025\/01\/Emotional-Stress-on-Hair-Loss-4.webp\" alt=\"The Impact of Emotional Stress on Hair Loss\" title=\"\"><\/p>\n<h3><b>Efecte hormonale \u0219i asupra stilului de via\u021b\u0103<\/b><\/h3>\n<p><span style=\"font-weight: 400;\">Stresul poate contribui indirect la c\u0103derea p\u0103rului prin perturbarea somnului, \u00eenr\u0103ut\u0103\u021birea nutri\u021biei \u0219i cre\u0219terea obiceiurilor care \u00eencordeaz\u0103 scalpul, cum ar fi coafurile str\u00e2nse sau coafarea excesiv\u0103. La unii oameni, stresul prelungit poate afecta hormonii care influen\u021beaz\u0103 ciclul p\u0103rului \u0219i produc\u021bia de ulei pentru scalp. Dac\u0103 c\u0103derea p\u0103rului este \u00een curs de desf\u0103\u0219urare, merit\u0103 s\u0103 verifica\u021bi factorii comuni, cum ar fi dezechilibrul tiroidian, rezervele sc\u0103zute de fier (feritin\u0103) \u0219i deficien\u021bele de vitamine.<\/span><\/p>\n<p><img decoding=\"async\" src=\"https:\/\/haircenterofturkey.com\/wp-content\/uploads\/2025\/01\/Emotional-Stress-on-Hair-Loss-5.webp\" alt=\"The Impact of Emotional Stress on Hair Loss\" title=\"\"><\/p>\n<h2><b>Simptome ale c\u0103derii p\u0103rului induse de stres<\/b><\/h2>\n<p><span style=\"font-weight: 400;\">C\u0103derea cauzat\u0103 de stres se simte adesea brusc \u0219i dispropor\u021bionat cu c\u0103derea obi\u0219nuit\u0103 a p\u0103rului. Semnele comune includ cre\u0219terea p\u0103rului pe pern\u0103, \u00een scurgerea du\u0219ului sau pe o perie de p\u0103r, sub\u021bierea general\u0103 \u0219i o linie par\u021bial\u0103 mai larg\u0103. Pierderea neregulat\u0103, p\u0103rul scurt rupt sau durerea scalpului pot indica alte afec\u021biuni \u0219i ar trebui s\u0103 fie evaluate mai degrab\u0103 dec\u00e2t autodiagnosticate.<\/span><\/p>\n<h2 style=\"text-align: left;\"><b>Gestionarea c\u0103derii p\u0103rului cauzat\u0103 de stresul emo\u021bional<\/b><\/h2>\n<h3><b>Managementul stresului care sus\u021bine cre\u0219terea<\/b><\/h3>\n<p><span style=\"font-weight: 400;\">Recuperarea p\u0103rului este mai u\u0219oar\u0103 atunci c\u00e2nd sistemul nervos nu este blocat \u00een alert\u0103 maxim\u0103. Obiceiurile simple, repetabile, tind s\u0103 func\u021bioneze cel mai bine: ore consecvente de somn \u0219i de trezire, mi\u0219c\u0103ri u\u0219oare zilnice, exerci\u021bii scurte de respira\u021bie \u0219i reducerea cofeinei sau alcoolului dac\u0103 agraveaz\u0103 anxietatea. Dac\u0103 stresul se simte de necontrolat, vorbirea cu un profesionist \u00een s\u0103n\u0103tate mintal\u0103 poate \u00eembun\u0103t\u0103\u021bi at\u00e2t calitatea vie\u021bii, c\u00e2t \u0219i simptomele fizice.<\/span><\/p>\n<p><img decoding=\"async\" src=\"https:\/\/haircenterofturkey.com\/wp-content\/uploads\/2025\/01\/Emotional-Stress-on-Hair-Loss-6.webp\" alt=\"The Impact of Emotional Stress on Hair Loss\" title=\"\"><\/p>\n<h3><b>Dieta Si Nutritie<\/b><\/h3>\n<p><span style=\"font-weight: 400;\">P\u0103rul este format \u00een mare parte din proteine, a\u0219a c\u0103 aportul adecvat de proteine conteaz\u0103. Nutrien\u021bii lega\u021bi \u00een mod obi\u0219nuit de v\u0103rsare atunci c\u00e2nd sunt deficitare includ fier, zinc, vitamina D \u0219i vitamina B12. O diet\u0103 echilibrat\u0103 cu proteine \u200b\u200bslabe, leguminoase, ou\u0103, lactate (sau alternative fortificate), legume cu frunze verzi, nuci \u0219i cereale integrale sus\u021bine foliculii pe termen lung. Dac\u0103 b\u0103nui\u021bi o deficien\u021b\u0103, un medic o poate confirma prin analize de s\u00e2nge \u00eenainte de a \u00eencepe suplimentele cu doze mari.<\/span><\/p>\n<p><img decoding=\"async\" src=\"https:\/\/haircenterofturkey.com\/wp-content\/uploads\/2025\/01\/Emotional-Stress-on-Hair-Loss-7.webp\" alt=\"The Impact of Emotional Stress on Hair Loss\" title=\"\"><\/p>\n<h3><b>\u00cengrijire delicat\u0103 a scalpului \u0219i p\u0103rului<\/b><\/h3>\n<p><span style=\"font-weight: 400;\">Trateaz\u0103-\u021bi scalpul ca pe pielea pe care \u00eencerci s\u0103 o calmezi, nu freac\u0103 pentru a se supune. Sp\u0103la\u021bi dup\u0103 cum este necesar pentru confort \u0219i controlul uleiului, evita\u021bi periajul agresiv \u0219i sl\u0103bi\u021bi coafurile care trag de r\u0103d\u0103cini. Limita\u021bi c\u0103ldura \u0219i procesarea chimic\u0103 \u00een timpul v\u0103rs\u0103rii active \u0219i utiliza\u021bi un pieptene cu din\u021bi largi pentru a reduce ruperea. Ace\u0219ti pa\u0219i nu vor \u201evindeca\u201d efluviul telogen, dar ajut\u0103 la protejarea firelor fragile \u00een timp ce \u00eencepe recre\u0219terea.<\/span><\/p>\n<p><img decoding=\"async\" src=\"https:\/\/haircenterofturkey.com\/wp-content\/uploads\/2025\/01\/Emotional-Stress-on-Hair-Loss-8.webp\" alt=\"The Impact of Emotional Stress on Hair Loss\" title=\"\"><\/p>\n<h3><b>Tratamente medicale<\/b><\/h3>\n<p><span style=\"font-weight: 400;\">Cel mai bun tratament depinde de diagnostic. Pentru efluviul telogen, abordarea declan\u0219atorului \u0219i corectarea contribuitorilor medicali este adesea abordarea principal\u0103. Pentru alopecia areata, un dermatolog poate recomanda tratamente antiinflamatoare precum corticosteroizi topici sau injecta\u021bi, \u00een func\u021bie de severitate. \u00cen cazuri selectate de sub\u021biere difuz\u0103, un clinician poate discuta despre minoxidilul topic sau despre alte terapii pe baza istoricului dumneavoastr\u0103 medical.<\/span><\/p>\n<p><img decoding=\"async\" src=\"https:\/\/haircenterofturkey.com\/wp-content\/uploads\/2025\/01\/Emotional-Stress-on-Hair-Loss-9.webp\" alt=\"The Impact of Emotional Stress on Hair Loss\" title=\"\"><\/p>\n<h2 style=\"text-align: left;\"><b>Prevenirea c\u0103derii p\u0103rului cauzat\u0103 de stres<\/b><\/h2>\n<p><span style=\"font-weight: 400;\">Nu po\u021bi elimina stresul din via\u021b\u0103, dar po\u021bi reduce c\u00e2t se acumuleaz\u0103. Crea\u021bi o rutin\u0103 care s\u0103 men\u021bin\u0103 stabilitatea elementelor de baz\u0103: somn, mese regulate, hidratare \u0219i mi\u0219care. Planifica\u021bi timpul de \u201eeliberare a presiunii\u201d \u00een acela\u0219i mod \u00een care planifica\u021bi sarcinile de lucru \u0219i lua\u021bi \u00een considerare \u00eenscrierea \u00een jurnal, terapie sau grupuri de sprijin \u00een timpul tranzi\u021biilor majore ale vie\u021bii. Dac\u0103 a\u021bi avut efluviu telogen \u00eenainte, ac\u021bionarea devreme asupra somnului \u0219i alimenta\u021biei poate reduce intensitatea v\u0103rs\u0103rii viitoare.<\/span><\/p>\n<h2 style=\"text-align: left;\"><b>C\u00e2nd s\u0103 consulta\u021bi un profesionist<\/b><\/h2>\n<p><span style=\"font-weight: 400;\">Lua\u021bi \u00een considerare evaluarea medical\u0103 dac\u0103 c\u0103derea p\u0103rului este brusc\u0103, neregulat\u0103 sau asociat\u0103 cu durere, descuamare sau ro\u0219ea\u021b\u0103 a scalpului. De asemenea, ar trebui s\u0103 c\u0103uta\u021bi ajutor dac\u0103 v\u0103rsarea persist\u0103 mai mult de \u0219ase luni, vede\u021bi pete chelie vizibile sau ave\u021bi simptome precum oboseal\u0103, schimbare inexplicabil\u0103 a greut\u0103\u021bii sau nereguli menstruale. Un clinician poate confirma cauza, exclude problemele medicale tratabile \u0219i poate explica cum arat\u0103 o cronologie realist\u0103 de recuperare.<\/span><\/p>\n<h2 style=\"text-align: left;\"><b>De ce s\u0103 alege\u021bi Hair Center of Turkey<\/b><\/h2>\n<p><span style=\"font-weight: 400;\">C\u0103derea p\u0103rului poate fi obositoare din punct de vedere emo\u021bional, mai ales atunci c\u00e2nd se simte legat\u0103 de stresul pe care nu-l po\u021bi controla cu u\u0219urin\u021b\u0103. Hair Center of Turkey sprijin\u0103 pacien\u021bii cu o evaluare structurat\u0103, explica\u021bii clare ale cauzelor probabile \u0219i op\u021biuni de tratament potrivite cu diagnosticul \u0219i obiectivele. Dac\u0103 nu sunte\u021bi sigur cu ce tip de c\u0103dere a p\u0103rului ave\u021bi de-a face, o consulta\u021bie v\u0103 poate ajuta s\u0103 trece\u021bi de la presupuneri la un plan.<\/span><\/p>\n<p><span style=\"font-weight: 400;\">Pentru a discuta despre simptomele dumneavoastr\u0103 \u0219i pa\u0219ii urm\u0103tori, contacta\u021bi Hair Center din Turcia pentru a programa o evaluare.<\/span><\/p>\n<h2 style=\"text-align: left;\"><b>\u00centreb\u0103ri frecvente<\/b><\/h2>\n<p><b>Poate stresul emo\u021bional s\u0103 provoace c\u0103derea p\u0103rului?<\/b><\/p>\n<p><span style=\"font-weight: 400;\">Da. Stresul poate declan\u0219a efluviu telogen (v\u0103rsare difuz\u0103 temporar\u0103) \u0219i poate agrava anumite afec\u021biuni ale scalpului la unele persoane. Modelul \u0219i momentul pierderii ajut\u0103 la determinarea cauzei cea mai probabil\u0103.<\/span><\/p>\n<p><b>C\u00e2t timp dup\u0103 stres va \u00eencepe c\u0103derea p\u0103rului?<\/b><\/p>\n<p><span style=\"font-weight: 400;\">\u00cen cazul efluviului telogen, v\u0103rsarea \u00eencepe de obicei la aproximativ 2-3 luni dup\u0103 evenimentul stresant. Aceast\u0103 \u00eent\u00e2rziere se \u00eent\u00e2mpl\u0103 deoarece foliculii \u00ee\u0219i schimb\u0103 fazele mai \u00eent\u00e2i, apoi se scurg mai t\u00e2rziu.<\/span><\/p>\n<p><b>\u00cemi va cre\u0219te p\u0103rul din nou dup\u0103 c\u0103derea cauzat\u0103 de stres?<\/b><\/p>\n<p><span style=\"font-weight: 400;\">\u00cen multe cazuri, da. C\u00e2nd declan\u0219atorul este abordat, v\u0103rsarea se \u00eembun\u0103t\u0103\u021be\u0219te adesea \u00een c\u00e2teva luni \u0219i urmeaz\u0103 o re\u00eencre\u0219tere. Dac\u0103 sub\u021bierea continu\u0103 sau observa\u021bi pete chelie, face\u021bi un control pentru a exclude alte cauze.<\/span><\/p>\n<p><b>Cum pot distinge efluviul telogen de c\u0103derea genetic\u0103 a p\u0103rului?<\/b><\/p>\n<p><span style=\"font-weight: 400;\">Efluviul telogen provoac\u0103, de obicei, pierderea brusc\u0103, difuz\u0103 \u0219i sub\u021bierea general\u0103, \u00een timp ce c\u0103derea genetic\u0103 a p\u0103rului tinde s\u0103 fie treptat\u0103 \u0219i urmeaz\u0103 un model (t\u00e2mple\/coroan\u0103 la b\u0103rba\u021bi, parte l\u0103rgit\u0103 la femei). Un clinician poate confirma diagnosticul cu un examen \u0219i, dac\u0103 este necesar, cu teste.<\/span><\/p>\n<p><b>Ar trebui s\u0103 iau suplimente pentru c\u0103derea p\u0103rului cauzat\u0103 de stres?<\/b><\/p>\n<p><span style=\"font-weight: 400;\">Doar dac\u0103 se confirm\u0103 o deficien\u021b\u0103 sau o recomand\u0103 un clinician. Suplimentarea excesiv\u0103 poate provoca efecte secundare \u0219i nu \u00eenlocuie\u0219te tratarea declan\u0219atorului de baz\u0103.<\/span><\/p>\n","protected":false},"excerpt":{"rendered":"<p>Impactul stresului emo\u021bional asupra c\u0103derii p\u0103rului Stresul emo\u021bional poate declan\u0219a pierderea temporar\u0103 prin mutarea mai multor foliculi \u00een faza de repaus (telogen), astfel \u00eenc\u00e2t sub\u021bierea apare adesea la aproximativ 2-3 luni dup\u0103 un eveniment stresant. \u00cen multe cazuri, p\u0103rul \u00eencepe s\u0103-\u0219i revin\u0103 odat\u0103 ce declan\u0219atorul \u0219i s\u0103n\u0103tatea general\u0103 sunt abordate. Ob\u021bine\u021bi sfaturi medicale pentru pierderea [&hellip;]<\/p>\n","protected":false},"author":2,"featured_media":582,"comment_status":"closed","ping_status":"closed","sticky":false,"template":"","format":"standard","meta":{"footnotes":"","rank_math_title":"","rank_math_description":"Stresul emo\u021bional poate provoca c\u0103derea semnificativ\u0103 a p\u0103rului prin perturbarea ciclului normal de cre\u0219tere a p\u0103rului.","rank_math_focus_keyword":"","rank_math_canonical_url":"","rank_math_breadcrumb_title":"","rank_math_facebook_title":"","rank_math_facebook_description":"","rank_math_facebook_image":"","rank_math_twitter_title":"","rank_math_twitter_description":"","rank_math_twitter_image":"","rank_math_pillar_content":""},"categories":[968,987],"tags":[],"class_list":["post-43581","post","type-post","status-publish","format-standard","has-post-thumbnail","hentry","category-blog","category-caderea-parului"],"_links":{"self":[{"href":"https:\/\/haircenterofturkey.com\/ro\/wp-json\/wp\/v2\/posts\/43581","targetHints":{"allow":["GET"]}}],"collection":[{"href":"https:\/\/haircenterofturkey.com\/ro\/wp-json\/wp\/v2\/posts"}],"about":[{"href":"https:\/\/haircenterofturkey.com\/ro\/wp-json\/wp\/v2\/types\/post"}],"author":[{"embeddable":true,"href":"https:\/\/haircenterofturkey.com\/ro\/wp-json\/wp\/v2\/users\/2"}],"replies":[{"embeddable":true,"href":"https:\/\/haircenterofturkey.com\/ro\/wp-json\/wp\/v2\/comments?post=43581"}],"version-history":[{"count":1,"href":"https:\/\/haircenterofturkey.com\/ro\/wp-json\/wp\/v2\/posts\/43581\/revisions"}],"predecessor-version":[{"id":60593,"href":"https:\/\/haircenterofturkey.com\/ro\/wp-json\/wp\/v2\/posts\/43581\/revisions\/60593"}],"wp:featuredmedia":[{"embeddable":true,"href":"https:\/\/haircenterofturkey.com\/ro\/wp-json\/wp\/v2\/media\/582"}],"wp:attachment":[{"href":"https:\/\/haircenterofturkey.com\/ro\/wp-json\/wp\/v2\/media?parent=43581"}],"wp:term":[{"taxonomy":"category","embeddable":true,"href":"https:\/\/haircenterofturkey.com\/ro\/wp-json\/wp\/v2\/categories?post=43581"},{"taxonomy":"post_tag","embeddable":true,"href":"https:\/\/haircenterofturkey.com\/ro\/wp-json\/wp\/v2\/tags?post=43581"}],"curies":[{"name":"wp","href":"https:\/\/api.w.org\/{rel}","templated":true}]}}