{"id":43546,"date":"2025-02-12T12:59:18","date_gmt":"2025-02-12T09:59:18","guid":{"rendered":"https:\/\/haircenterofturkey.com\/?p=43546"},"modified":"2026-08-31T15:05:41","modified_gmt":"2026-08-31T12:05:41","slug":"celebritati-feminine-care-se-confrunta-cu-caderea-parului","status":"publish","type":"post","link":"https:\/\/haircenterofturkey.com\/ro\/celebritati-feminine-care-se-confrunta-cu-caderea-parului\/","title":{"rendered":"Celebrit\u0103\u021bi feminine care se confrunt\u0103 cu c\u0103derea p\u0103rului"},"content":{"rendered":"<h2>Celebrit\u0103\u021bi feminine care se confrunt\u0103 cu c\u0103derea p\u0103rului<\/h2>\n<p>Mai multe celebrit\u0103\u021bi feminine bine-cunoscute au \u00eemp\u0103rt\u0103\u0219it pove\u0219ti personale despre c\u0103derea p\u0103rului &#8211; de la alopecia areata la deteriorarea trac\u021biunii \u0219i pierderea legat\u0103 de tratament. Experien\u021bele lor eviden\u021biaz\u0103 cauze comune, semne de avertizare timpurie \u0219i modalit\u0103\u021bi practice de a face fa\u021b\u0103, cum ar fi reducerea coafurilor tensionate, protejarea scalpului, luarea \u00een considerare a unei evalu\u0103ri medicale \u0219i utilizarea perucilor sau a posturilor de p\u0103r pentru a avea \u00eencredere \u00een timp ce p\u0103rul \u00ee\u0219i revine.<\/p>\n<p><img decoding=\"async\" src=\"https:\/\/haircenterofturkey.com\/wp-content\/uploads\/2025\/02\/female-celebrities-hair-loss-1.webp\" alt=\"Female Celebrities Dealing with Hair Loss\" title=\"\"><\/p>\n<h2>De ce se poate \u00eent\u00e2mpla c\u0103derea p\u0103rului \u00een lumina reflectoarelor<\/h2>\n<p>C\u0103derea p\u0103rului nu este rar\u0103, iar faima nu protejeaz\u0103 pe nimeni de aceasta. De fapt, stilul constant, updo-urile stricte, schimb\u0103rile frecvente de culoare \u0219i programele solicitante pot face sub\u021bierea mai vizibil\u0103. Condi\u021biile medicale, hormonii \u0219i stresul pot juca \u0219i ele un rol, indiferent de stilul de via\u021b\u0103.<\/p>\n<p>Cauzele comune includ:<\/p>\n<ul>\n<li>Modific\u0103ri hormonale (schimb\u0103ri postpartum, perimenopauz\u0103\/menopauz\u0103, dezechilibru tiroidian) care pot declan\u0219a pierderea difuz\u0103 sau sub\u021bierea.<\/li>\n<li>Alopecia areata, o afec\u021biune autoimun\u0103 care poate provoca c\u0103derea brusc\u0103 a p\u0103rului pe scalp sau spr\u00e2ncene.<\/li>\n<li>Alopecie de trac\u021biune de la tensiuni repetate &#8211; cozi de cal str\u00e2nse, \u00eempletituri, extensii \u0219i coafare grea care \u00eencordeaz\u0103 linia p\u0103rului \u00een timp.<\/li>\n<li>Stresul, bolile, medicamentele \u0219i lipsurile nutri\u021bionale care pot \u00eempinge mai mul\u021bi fire de p\u0103r \u00een faza de c\u0103dere.<\/li>\n<\/ul>\n<p><img decoding=\"async\" src=\"https:\/\/haircenterofturkey.com\/wp-content\/uploads\/2025\/02\/female-celebrities-hair-loss-2.webp\" alt=\"Female Celebrities Dealing with Hair Loss\" title=\"\"><\/p>\n<h2><span lang=\"EN-US\">Celebrit\u0103\u021bi feminine care \u0219i-au \u00eemp\u0103rt\u0103\u0219it c\u0103l\u0103toriile de c\u0103derea p\u0103rului<\/span><\/h2>\n<h3>Naomi Campbell<\/h3>\n<p>Naomi Campbell a fost legat\u0103 de c\u0103derea p\u0103rului legat\u0103 de trac\u021biune, un risc pentru oricine poart\u0103 stiluri str\u00e2nse sau extensii \u00een mod repetat. Experien\u021ba ei este adesea citat\u0103 ca o reamintire a faptului c\u0103 protejarea liniei p\u0103rului conteaz\u0103, mai ales atunci c\u00e2nd cerin\u021bele de styling sunt constante.<\/p>\n<p><img decoding=\"async\" src=\"https:\/\/haircenterofturkey.com\/wp-content\/uploads\/2025\/02\/female-celebrities-hair-loss-3.webp\" alt=\"Female Celebrities Dealing with Hair Loss\" title=\"\"><\/p>\n<h3>Naomi Campbell<\/h3>\n<p>Naomi Campbell a fost legat\u0103 de c\u0103derea p\u0103rului legat\u0103 de trac\u021biune, un risc pentru oricine poart\u0103 stiluri str\u00e2nse sau extensii \u00een mod repetat. Experien\u021ba ei este adesea citat\u0103 ca o reamintire a faptului c\u0103 protejarea liniei p\u0103rului conteaz\u0103, mai ales atunci c\u00e2nd cerin\u021bele de styling sunt constante.<\/p>\n<p><img decoding=\"async\" src=\"https:\/\/haircenterofturkey.com\/wp-content\/uploads\/2025\/02\/female-celebrities-hair-loss-4.webp\" alt=\"Female Celebrities Dealing with Hair Loss\" title=\"\"><\/p>\n<h3>Keira Knightley<\/h3>\n<p>Keira Knightley a spus c\u0103 ani de vopsire frecvent\u0103 a p\u0103rului pentru roluri de film i-au deteriorat suficient de mult p\u0103rul \u00eenc\u00e2t a \u00eenceput s\u0103 cad\u0103. Ea a men\u021bionat, de asemenea, c\u0103 se bazeaz\u0103 pe peruci pentru perioade \u00eendelungate, oferindu-i p\u0103rului natural timp s\u0103 se odihneasc\u0103 \u0219i s\u0103 se recupereze.<\/p>\n<p><img decoding=\"async\" src=\"https:\/\/haircenterofturkey.com\/wp-content\/uploads\/2025\/02\/female-celebrities-hair-loss-5.webp\" alt=\"Female Celebrities Dealing with Hair Loss\" title=\"\"><\/p>\n<h3>Tyra Banks<\/h3>\n<p>Tyra Banks a descris perioade de c\u0103dere a p\u0103rului pe care le-a asociat cu un stres intens. De\u0219i stresul nu este singurul factor din spatele pierderii, perioadele de presiune ridicat\u0103 \u00eel pot agrava, mai ales atunci c\u00e2nd somnul, alimenta\u021bia \u0219i recuperarea trec pe planul din spate.<\/p>\n<p><img decoding=\"async\" src=\"https:\/\/haircenterofturkey.com\/wp-content\/uploads\/2025\/02\/female-celebrities-hair-loss-6.webp\" alt=\"Female Celebrities Dealing with Hair Loss\" title=\"\"><\/p>\n<h3>Selma Blair<\/h3>\n<p>Selma Blair a documentat c\u0103derea \u0219i recre\u0219terea p\u0103rului \u00een timpul tratamentului pentru scleroza multipl\u0103, inclusiv chimioterapia ca parte a unui transplant de celule stem hematopoietice (HSCT). Ea a \u00eemp\u0103rt\u0103\u0219it actualiz\u0103ri sincere despre adaptarea la schimb\u0103rile de textura \u0219i densitate pe m\u0103sur\u0103 ce p\u0103rul ei cre\u0219tea din nou.<\/p>\n<p><img decoding=\"async\" src=\"https:\/\/haircenterofturkey.com\/wp-content\/uploads\/2025\/02\/female-celebrities-hair-loss-7.webp\" alt=\"Female Celebrities Dealing with Hair Loss\" title=\"\"><\/p>\n<h2>Cum reu\u0219esc vedetele c\u0103derea p\u0103rului<\/h2>\n<p>Nu exist\u0103 o solu\u021bie care s\u0103 se potriveasc\u0103 tuturor, deoarece cea mai bun\u0103 abordare depinde de cauz\u0103. Ceea ce \u00eencearc\u0103 mul\u021bi oameni \u2013 celebritate sau nu \u2013 se \u00eencadreaz\u0103 de obicei \u00een c\u00e2teva categorii practice.<\/p>\n<ul>\n<li>Peruci \u0219i piese de p\u0103r pentru acoperire \u0219i flexibilitate instantanee, \u00een special \u00een timpul c\u0103derii active sau al recre\u0219terii.<\/li>\n<li>Obiceiuri de coafare mai bl\u00e2nde: sl\u0103birea coafurilor str\u00e2nse, reducerea c\u0103ldurii \u0219i limitarea proces\u0103rii chimice pentru a reduce ruperea \u0219i tensiunea.<\/li>\n<li>Tratamente concentrate pe scalp, cum ar fi PRP (plasm\u0103 bogat\u0103 \u00een trombocite) \u00een clinici care \u00eel ofer\u0103 candida\u021bilor potrivi\u021bi.<\/li>\n<li>Op\u021biuni cu prescrip\u021bie medical\u0103 sau f\u0103r\u0103 prescrip\u021bie medical\u0103 recomandate de un medic (de exemplu, minoxidil topic \u00een cazuri adecvate).<\/li>\n<li>Opera\u021bia de transplant de p\u0103r \u00een anumite situa\u021bii, de obicei c\u00e2nd pierderea este stabil\u0103 \u0219i un specialist confirm\u0103 candidatura.<\/li>\n<\/ul>\n<p>Dac\u0103 v\u0103rsarea este brusc\u0103, neregulat\u0103, dureroas\u0103 sau asociat\u0103 cu irita\u021bia scalpului, merit\u0103 s\u0103 consulta\u021bi un dermatolog sau un tricholog. Un diagnostic corect poate economisi luni de \u00eencerc\u0103ri \u0219i erori \u0219i poate exclude cauzele medicale tratabile.<\/p>\n<h2>Ce schimb\u0103 aceste conversa\u021bii<\/h2>\n<p>C\u00e2nd personalit\u0103\u021bile publice vorbesc despre c\u0103derea p\u0103rului, subiectul este mai pu\u021bin izolant pentru to\u021bi ceilal\u021bi. De asemenea, schimb\u0103 accentul de la \u201eascundere\u201d la \u201egestionare\u201d, care poate include \u00eengrijire medical\u0103, stil de protec\u021bie sau pur \u0219i simplu alegerea unui aspect care s\u0103 se simt\u0103 confortabil.<\/p>\n<h2>\u00centreb\u0103ri frecvente<\/h2>\n<p><strong>Poate p\u0103rul s\u0103 creasc\u0103 \u00eenapoi dup\u0103 c\u0103derea p\u0103rului?<\/strong><\/p>\n<p>Uneori, da, mai ales c\u00e2nd declan\u0219atorul este temporar (stres, schimburi postpartum, boal\u0103 sau trac\u021biune care este abordat\u0103 devreme). C\u0103derea p\u0103rului autoimun\u0103 \u0219i sub\u021bierea modelului se pot \u00eembun\u0103t\u0103\u021bi \u00een continuare cu planul potrivit, dar rezultatele variaz\u0103, a\u0219a c\u0103 o evaluare profesional\u0103 ajut\u0103.<\/p>\n<p><strong>Vedetele poart\u0103 peruci sau extensii din cauza c\u0103derii p\u0103rului?<\/strong><\/p>\n<p>Mul\u021bi fac. Perucile, topperele \u0219i extensiile pot oferi \u00eencredere rapid\u0103, dar suplimentele str\u00e2nse sau grele pot, de asemenea, contribui la trac\u021biune dac\u0103 nu sunt aplicate cu aten\u021bie.<\/p>\n<p><strong>Care sunt cele mai comune declan\u0219atoare a c\u0103derii p\u0103rului pentru celebrit\u0103\u021bi?<\/strong><\/p>\n<p>Procesarea frecvent\u0103 de c\u0103ldur\u0103 \u0219i chimic\u0103, coafuri str\u00e2nse, stres \u0219i modific\u0103ri medicale sau hormonale apar adesea. Aceia\u0219i factori afecteaz\u0103 \u0219i non-celebrit\u0103\u021bile &#8211; diferen\u021ba este pur \u0219i simplu c\u00e2t de vizibil\u0103 poate fi schimbarea pe camer\u0103.<\/p>\n<p><strong>C\u00e2nd ar trebui s\u0103 solicit sfatul medicului?<\/strong><\/p>\n<p>If you notice sudden patchy loss, scalp burning\/itching, widening part lines, or shedding that lasts longer than a few months, book an appointment. Blood work and a scalp exam can uncover thyroid issues, iron deficiency, inflammation, or other treatable causes.<\/p>\n","protected":false},"excerpt":{"rendered":"<p>Celebrit\u0103\u021bi feminine care se confrunt\u0103 cu c\u0103derea p\u0103rului Mai multe celebrit\u0103\u021bi feminine bine-cunoscute au \u00eemp\u0103rt\u0103\u0219it pove\u0219ti personale despre c\u0103derea p\u0103rului &#8211; de la alopecia areata la deteriorarea trac\u021biunii \u0219i pierderea legat\u0103 de tratament. Experien\u021bele lor eviden\u021biaz\u0103 cauze comune, semne de avertizare timpurie \u0219i modalit\u0103\u021bi practice de a face fa\u021b\u0103, cum ar fi reducerea coafurilor tensionate, [&hellip;]<\/p>\n","protected":false},"author":2,"featured_media":632,"comment_status":"closed","ping_status":"closed","sticky":false,"template":"","format":"standard","meta":{"footnotes":"","rank_math_title":"","rank_math_description":"Mai multe celebrit\u0103\u021bi de sex feminin au discutat deschis despre c\u0103derea p\u0103rului pentru a cre\u0219te gradul de con\u0219tientizare \u0219i a sparge stigmatizarea din jurul acesteia. Face\u021bi clic pentru informa\u021bii.","rank_math_focus_keyword":"","rank_math_canonical_url":"","rank_math_breadcrumb_title":"","rank_math_facebook_title":"","rank_math_facebook_description":"","rank_math_facebook_image":"","rank_math_twitter_title":"","rank_math_twitter_description":"","rank_math_twitter_image":"","rank_math_pillar_content":""},"categories":[968,987],"tags":[],"class_list":["post-43546","post","type-post","status-publish","format-standard","has-post-thumbnail","hentry","category-blog","category-caderea-parului"],"_links":{"self":[{"href":"https:\/\/haircenterofturkey.com\/ro\/wp-json\/wp\/v2\/posts\/43546","targetHints":{"allow":["GET"]}}],"collection":[{"href":"https:\/\/haircenterofturkey.com\/ro\/wp-json\/wp\/v2\/posts"}],"about":[{"href":"https:\/\/haircenterofturkey.com\/ro\/wp-json\/wp\/v2\/types\/post"}],"author":[{"embeddable":true,"href":"https:\/\/haircenterofturkey.com\/ro\/wp-json\/wp\/v2\/users\/2"}],"replies":[{"embeddable":true,"href":"https:\/\/haircenterofturkey.com\/ro\/wp-json\/wp\/v2\/comments?post=43546"}],"version-history":[{"count":1,"href":"https:\/\/haircenterofturkey.com\/ro\/wp-json\/wp\/v2\/posts\/43546\/revisions"}],"predecessor-version":[{"id":60457,"href":"https:\/\/haircenterofturkey.com\/ro\/wp-json\/wp\/v2\/posts\/43546\/revisions\/60457"}],"wp:featuredmedia":[{"embeddable":true,"href":"https:\/\/haircenterofturkey.com\/ro\/wp-json\/wp\/v2\/media\/632"}],"wp:attachment":[{"href":"https:\/\/haircenterofturkey.com\/ro\/wp-json\/wp\/v2\/media?parent=43546"}],"wp:term":[{"taxonomy":"category","embeddable":true,"href":"https:\/\/haircenterofturkey.com\/ro\/wp-json\/wp\/v2\/categories?post=43546"},{"taxonomy":"post_tag","embeddable":true,"href":"https:\/\/haircenterofturkey.com\/ro\/wp-json\/wp\/v2\/tags?post=43546"}],"curies":[{"name":"wp","href":"https:\/\/api.w.org\/{rel}","templated":true}]}}