{"id":3862,"date":"2024-10-10T09:25:16","date_gmt":"2024-10-10T06:25:16","guid":{"rendered":"https:\/\/haircenterofturkey.com\/tireoide-e-queda-de-cabelo-o-que-causa-a-queda-de-cabelo\/"},"modified":"2026-02-17T15:22:25","modified_gmt":"2026-02-17T12:22:25","slug":"tireoide-e-queda-de-cabelo-o-que-causa-a-queda-de-cabelo","status":"publish","type":"post","link":"https:\/\/haircenterofturkey.com\/pt-br\/tireoide-e-queda-de-cabelo-o-que-causa-a-queda-de-cabelo\/","title":{"rendered":"Tireoide e Queda de Cabelo"},"content":{"rendered":"\n<h2 class=\"wp-block-heading\" id=\"tireoide-e-queda-de-cabelo\"><b>Tireoide e Queda de Cabelo<\/b><\/h2>\n\n\n\n<p><span style=\"font-weight: 400;\">Desequil\u00edbrios tireoidianos graves ou prolongados podem empurrar mais fios para a fase de queda, causando afinamento difuso em todo o <a href=\"https:\/\/haircenterofturkey.com\/pt-br\/o-que-pode-acalmar-seu-couro-cabeludo\/\">couro cabeludo<\/a> e, \u00e0s vezes, perda de sobrancelhas. O cabelo geralmente melhora quando os n\u00edveis de tireoide s\u00e3o estabilizados, mas o <a href=\"https:\/\/haircenterofturkey.com\/pt-br\/quais-sao-as-complicacoes-que-podem-surgir-durante-um-transplante-capilar\/\">crescimento<\/a> leva tempo \u2014 geralmente meses. Como outras condi\u00e7\u00f5es podem imitar a <a href=\"https:\/\/haircenterofturkey.com\/pt-br\/o-gel-de-cabelo-pode-causar-queda-de-cabelo-causas-mitos-e-prevencao\/\">queda de cabelo<\/a> causada pela tireoide, um profissional pode confirmar a causa com exames de sangue.<\/span><\/p>\n\n\n\n<h2 class=\"wp-block-heading\" id=\"sintomas-de-queda-de-cabelo-relacionada-a-tireoide\"><b>Sintomas de Queda de Cabelo Relacionada \u00e0 Tireoide<\/b><\/h2>\n\n\n\n<p><span style=\"font-weight: 400;\">A queda de cabelo relacionada \u00e0 tireoide geralmente se apresenta como afinamento difuso, e n\u00e3o como uma \u00fanica \u00e1rea calva. Muitas pessoas percebem que o rabo de cavalo est\u00e1 mais fino, a risca do cabelo parece mais larga ou a linha do cabelo menos densa.<\/span><\/p>\n\n\n\n<p><span style=\"font-weight: 400;\">Em alguns casos, o cabelo tamb\u00e9m pode afinar no ter\u00e7o externo das sobrancelhas. Altera\u00e7\u00f5es nos c\u00edlios s\u00e3o menos comuns, mas podem ocorrer quando os n\u00edveis da tireoide est\u00e3o significativamente fora do normal.<\/span><\/p>\n\n\n\n<p><span style=\"font-weight: 400;\">A queda pode ser gradual e se tornar mais percept\u00edvel ap\u00f3s uma grande mudan\u00e7a nos horm\u00f4nios tireoidianos \u2014 como o in\u00edcio ou ajuste de um tratamento. Esse tempo pode confundir, pois os ciclos capilares respondem lentamente.<\/span><\/p>\n\n\n\n<figure class=\"wp-block-image\"><img decoding=\"async\" src=\"https:\/\/haircenterofturkey.com\/wp-content\/uploads\/2024\/10\/thyroid-and-hair-loss-2.webp\" alt=\"Thyroid and Hair Loss\" title=\"\"><\/figure>\n\n\n\n<div class=\"wp-block-rank-math-toc-block\" id=\"rank-math-toc\"><h2>\u00cdndice<\/h2><nav><ul><li class=\"\"><a href=\"#tireoide-e-queda-de-cabelo\">Tireoide e Queda de Cabelo<\/a><\/li><li class=\"\"><a href=\"#sintomas-de-queda-de-cabelo-relacionada-a-tireoide\">Sintomas de Queda de Cabelo Relacionada \u00e0 Tireoide<\/a><\/li><li class=\"\"><a href=\"#sintomas-de-doenca-da-tireoide\">Sintomas de Doen\u00e7a da Tireoide<\/a><\/li><li class=\"\"><a href=\"#causas-da-queda-de-cabelo-relacionada-a-tireoide\">Causas da Queda de Cabelo Relacionada \u00e0 Tireoide<\/a><\/li><li class=\"\"><a href=\"#qual-e-a-conexao-entre-sua-tireoide-e-seu-cabelo\">Qual \u00e9 a Conex\u00e3o Entre Sua Tireoide e Seu Cabelo?<\/a><\/li><li class=\"\"><a href=\"#medicamentos-para-tireoide-podem-causar-queda-de-cabelo\">Medicamentos Para Tireoide Podem Causar Queda de Cabelo?<\/a><\/li><li class=\"\"><a href=\"#como-reduzir-a-queda-de-cabelo-se-a-tireoide-estiver-envolvida\">Como Reduzir a Queda de Cabelo se a Tireoide Estiver Envolvida<\/a><ul><li class=\"\"><a href=\"#1-faca-os-exames-corretos\">1) Fa\u00e7a os Exames Corretos<\/a><\/li><li class=\"\"><a href=\"#2-de-tempo-ao-tratamento\">2) D\u00ea Tempo ao Tratamento<\/a><\/li><li class=\"\"><a href=\"#3-apoie-o-crescimento-capilar-com-cuidados-basicos\">3) Apoie o Crescimento Capilar com Cuidados B\u00e1sicos<\/a><\/li><li class=\"\"><a href=\"#4-gerencie-o-estresse-e-a-inflamacao-do-couro-cabeludo\">4) Gerencie o Estresse e a Inflama\u00e7\u00e3o do Couro Cabeludo<\/a><\/li><\/ul><\/li><li class=\"\"><a href=\"#a-queda-de-cabelo-por-tireoide-vai-voltar-a-crescer\">A Queda de Cabelo por Tireoide Vai Voltar a Crescer?<\/a><\/li><li class=\"\"><a href=\"#perguntas-frequentes\">Perguntas Frequentes<\/a><ul><li class=\"\"><a href=\"#faq-question-1771330892455\">Como sei se minha tireoide est\u00e1 causando queda de cabelo?<\/a><\/li><li class=\"\"><a href=\"#faq-question-1771330897654\">Como parar a queda de cabelo por tireoide?<\/a><\/li><li class=\"\"><a href=\"#faq-question-1771330901894\">Qual vitamina ajuda na queda de cabelo por tireoide?<\/a><\/li><li class=\"\"><a href=\"#faq-question-1771330905845\">A queda de cabelo por tireoide \u00e9 revers\u00edvel?<\/a><\/li><li class=\"\"><a href=\"#faq-question-1771330909577\">O que comer para queda de cabelo por tireoide?<\/a><\/li><\/ul><\/li><\/ul><\/nav><\/div>\n\n\n\n<h2 class=\"wp-block-heading\" id=\"sintomas-de-doenca-da-tireoide\"><b>Sintomas de Doen\u00e7a da Tireoide<\/b><\/h2>\n\n\n\n<p><span style=\"font-weight: 400;\">O afinamento do cabelo raramente \u00e9 o \u00fanico sinal de um dist\u00farbio da tireoide. Se voc\u00ea tamb\u00e9m tiver os sintomas abaixo, vale a pena conversar com um profissional de sa\u00fade sobre exames da tireoide.<\/span><\/p>\n\n\n\n<p><span style=\"font-weight: 400;\">Poss\u00edveis sintomas de hipotireoidismo (tireoide hipoativa) incluem cansa\u00e7o, sensa\u00e7\u00e3o de frio, pele seca, constipa\u00e7\u00e3o, ritmo card\u00edaco lento, humor deprimido e ganho de peso inexplicado.<\/span><\/p>\n\n\n\n<p><span style=\"font-weight: 400;\">Poss\u00edveis sintomas de hipertireoidismo (tireoide hiperativa) incluem sensa\u00e7\u00e3o de calor, ansiedade ou irritabilidade, tremores, palpita\u00e7\u00f5es, sudorese excessiva, problemas de sono e perda de peso inexplicada.<\/span><\/p>\n\n\n\n<p><span style=\"font-weight: 400;\">Os sintomas da tireoide podem ser sutis, se sobrepor a outras condi\u00e7\u00f5es e variar com idade, gravidez e outros fatores de sa\u00fade. Um exame de sangue \u00e9 a maneira mais confi\u00e1vel de saber o que est\u00e1 acontecendo.<\/span><\/p>\n\n\n\n<figure class=\"wp-block-image\"><img decoding=\"async\" src=\"https:\/\/haircenterofturkey.com\/wp-content\/uploads\/2024\/10\/thyroid-and-hair-loss-3.webp\" alt=\"Thyroid and Hair Loss\" title=\"\"><\/figure>\n\n\n\n<p><\/p>\n\n\n\n<h2 class=\"wp-block-heading\" id=\"causas-da-queda-de-cabelo-relacionada-a-tireoide\"><b>Causas da Queda de Cabelo Relacionada \u00e0 Tireoide<\/b><\/h2>\n\n\n\n<p><span style=\"font-weight: 400;\">Tanto o hipotireoidismo quanto o hipertireoidismo podem interromper o ciclo de <a href=\"https:\/\/haircenterofturkey.com\/pt-br\/oleo-de-alecrim-para-o-crescimento-do-cabelo-usos-beneficios-e-seguranca\/\">crescimento capilar<\/a>, especialmente quando a condi\u00e7\u00e3o \u00e9 grave ou n\u00e3o tratada por um tempo. O padr\u00e3o mais comum \u00e9 o efl\u00favio tel\u00f3geno \u2014 mais fios do que o normal entram na fase de repouso (queda).<\/span><\/p>\n\n\n\n<p><span style=\"font-weight: 400;\">Muitos dist\u00farbios da tireoide s\u00e3o autoimunes. A tireoidite de Hashimoto \u00e9 uma causa comum de hipotireoidismo, enquanto a doen\u00e7a de Graves \u00e9 uma causa comum de hipertireoidismo. Ter uma condi\u00e7\u00e3o autoimune pode aumentar o risco de outra.<\/span><\/p>\n\n\n\n<p><span style=\"font-weight: 400;\">A alopecia areata \u00e9 uma condi\u00e7\u00e3o autoimune que causa \u00e1reas bem definidas de queda de cabelo e ocorre com mais frequ\u00eancia em pessoas com doen\u00e7a autoimune da tireoide do que na popula\u00e7\u00e3o geral. Se voc\u00ea notar \u00e1reas redondas e lisas, um dermatologista pode ajudar a confirmar o diagn\u00f3stico.<\/span><\/p>\n\n\n\n<figure class=\"wp-block-image\"><img decoding=\"async\" src=\"https:\/\/haircenterofturkey.com\/wp-content\/uploads\/2024\/10\/thyroid-and-hair-loss-4.webp\" alt=\"Thyroid and Hair Loss\" title=\"\"><\/figure>\n\n\n\n<p><\/p>\n\n\n\n<h2 class=\"wp-block-heading\" id=\"qual-e-a-conexao-entre-sua-tireoide-e-seu-cabelo\"><b>Qual \u00e9 a Conex\u00e3o Entre Sua Tireoide e Seu Cabelo?<\/b><\/h2>\n\n\n\n<p><span style=\"font-weight: 400;\">Os <a href=\"https:\/\/haircenterofturkey.com\/pt-br\/o-que-e-um-transplante-de-bigode-e-o-que-voce-deve-esperar-do-procedimento-2\/\">fol\u00edculos capilares<\/a> s\u00e3o tecidos altamente ativos e dependem de sinais hormonais est\u00e1veis para continuar crescendo. Os horm\u00f4nios tireoidianos (T3 e T4) influenciam quanto tempo os fios permanecem na fase de crescimento e com que rapidez passam para a fase de queda.<\/span><\/p>\n\n\n\n<p><span style=\"font-weight: 400;\">Quando os n\u00edveis hormonais da tireoide est\u00e3o muito baixos ou muito altos, os fol\u00edculos podem \u201cmudar de marcha\u201d prematuramente. O resultado costuma ser um afinamento difuso no couro cabeludo, e n\u00e3o cicatrizes ou danos permanentes aos fol\u00edculos.<\/span><\/p>\n\n\n\n<p><span style=\"font-weight: 400;\">Como o cabelo cresce em ciclos, as mudan\u00e7as feitas hoje n\u00e3o aparecem imediatamente. Muitas pessoas notam queda algumas semanas ou meses ap\u00f3s um surto de tireoide, mudan\u00e7a de medica\u00e7\u00e3o ou outro fator estressante.<\/span><\/p>\n\n\n\n<figure class=\"wp-block-image\"><img decoding=\"async\" src=\"https:\/\/haircenterofturkey.com\/wp-content\/uploads\/2024\/10\/thyroid-and-hair-loss-5.webp\" alt=\"Thyroid and Hair Loss\" title=\"\"><\/figure>\n\n\n\n<p><\/p>\n\n\n\n<h2 class=\"wp-block-heading\" id=\"medicamentos-para-tireoide-podem-causar-queda-de-cabelo\"><b>Medicamentos Para Tireoide Podem Causar Queda de Cabelo?<\/b><\/h2>\n\n\n\n<p><span style=\"font-weight: 400;\">Ocasionalmente, as pessoas notam queda aumentada logo ap\u00f3s iniciar o tratamento para hipo ou hipertireoidismo. Em muitos casos, isso reflete o ciclo capilar se ajustando \u00e0s mudan\u00e7as hormonais, e n\u00e3o um efeito colateral real da medica\u00e7\u00e3o.<\/span><\/p>\n\n\n\n<p><span style=\"font-weight: 400;\">Medicamentos antitireoidianos como carbimazol e propiltiouracil listam o afinamento do cabelo como um poss\u00edvel (geralmente incomum) efeito colateral. Mesmo assim, pode ser dif\u00edcil separar o efeito da medica\u00e7\u00e3o dos efeitos da pr\u00f3pria tireoide hiperativa.<\/span><\/p>\n\n\n\n<p><span style=\"font-weight: 400;\">Nunca interrompa ou altere a medica\u00e7\u00e3o para tireoide por conta pr\u00f3pria. Se a queda for severa ou persistente, fale com seu m\u00e9dico para que ele possa revisar a dose, os exames laboratoriais e outras causas poss\u00edveis.<\/span><\/p>\n\n\n\n<h2 class=\"wp-block-heading\" id=\"como-reduzir-a-queda-de-cabelo-se-a-tireoide-estiver-envolvida\"><b>Como Reduzir a Queda de Cabelo se a Tireoide Estiver Envolvida<\/b><\/h2>\n\n\n\n<p><span style=\"font-weight: 400;\">O objetivo \u00e9 tratar a condi\u00e7\u00e3o da tireoide subjacente e <a href=\"https:\/\/haircenterofturkey.com\/pt-br\/como-se-livrar-da-caspa\/\">eliminar<\/a> outros gatilhos comuns de queda difusa.<\/span><\/p>\n\n\n\n<figure class=\"wp-block-image\"><img decoding=\"async\" src=\"https:\/\/haircenterofturkey.com\/wp-content\/uploads\/2024\/10\/thyroid-and-hair-loss-6.webp\" alt=\"Thyroid and Hair Loss\" title=\"\"><\/figure>\n\n\n\n<p><\/p>\n\n\n\n<h3 class=\"wp-block-heading\" id=\"1-faca-os-exames-corretos\"><b>1) Fa\u00e7a os Exames Corretos<\/b><\/h3>\n\n\n\n<p><span style=\"font-weight: 400;\">Pergunte ao seu m\u00e9dico quais exames s\u00e3o apropriados para voc\u00ea. A investiga\u00e7\u00e3o tireoidiana geralmente inclui TSH e T4 livre, e \u00e0s vezes T3 livre e anticorpos da tireoide (como anticorpos TPO) quando h\u00e1 suspeita de doen\u00e7a autoimune.<\/span><\/p>\n\n\n\n<p><span style=\"font-weight: 400;\">Se a queda de cabelo for sua principal preocupa\u00e7\u00e3o, os m\u00e9dicos tamb\u00e9m costumam investigar outras causas como ferritina baixa (estoque de ferro), defici\u00eancia de vitamina D, B12 baixa e doen\u00e7as recentes, perda de peso ou mudan\u00e7as p\u00f3s-parto.<\/span><\/p>\n\n\n\n<h3 class=\"wp-block-heading\" id=\"2-de-tempo-ao-tratamento\"><b>2) D\u00ea Tempo ao Tratamento<\/b><\/h3>\n\n\n\n<p><span style=\"font-weight: 400;\">Mesmo com o diagn\u00f3stico e medica\u00e7\u00e3o corretos, a recupera\u00e7\u00e3o capilar \u00e9 lenta. Muitas pessoas precisam de v\u00e1rios meses de n\u00edveis est\u00e1veis da tireoide antes de ver crescimento claro ou aumento na espessura.<\/span><\/p>\n\n\n\n<p><span style=\"font-weight: 400;\">Se sua medica\u00e7\u00e3o mudou recentemente, evite avaliar o progresso semana a semana. Fotos com ilumina\u00e7\u00e3o consistente e uma linha do tempo simples ajudam a identificar tend\u00eancias.<\/span><\/p>\n\n\n\n<h3 class=\"wp-block-heading\" id=\"3-apoie-o-crescimento-capilar-com-cuidados-basicos\"><b>3) Apoie o Crescimento Capilar com Cuidados B\u00e1sicos<\/b><\/h3>\n\n\n\n<ul class=\"wp-block-list\">\n<li><span style=\"font-weight: 400;\">Priorize prote\u00edna nas refei\u00e7\u00f5es se sua ingest\u00e3o for baixa ou irregular.<\/span><\/li>\n\n\n\n<li><span style=\"font-weight: 400;\">Corrija a defici\u00eancia de ferro se confirmada por exames (n\u00e3o se automedique com ferro por longos per\u00edodos sem exames).<\/span><\/li>\n\n\n\n<li><span style=\"font-weight: 400;\">Evite suplementos em \u201cmega doses\u201d. Algumas vitaminas (como vitamina A e sel\u00eanio) podem piorar a queda quando consumidas em excesso.<\/span><\/li>\n\n\n\n<li><span style=\"font-weight: 400;\">Seja gentil com seu cabelo: evite penteados apertados, descolora\u00e7\u00e3o agressiva e uso frequente de calor intenso durante per\u00edodos de queda.<\/span><\/li>\n<\/ul>\n\n\n\n<h3 class=\"wp-block-heading\" id=\"4-gerencie-o-estresse-e-a-inflamacao-do-couro-cabeludo\"><b>4) Gerencie o Estresse e a Inflama\u00e7\u00e3o do Couro Cabeludo<\/b><\/h3>\n\n\n\n<p><span style=\"font-weight: 400;\">O estresse n\u00e3o causa diretamente doen\u00e7as da tireoide, mas pode piorar a queda e intensificar os sintomas. Sono consistente, atividade f\u00edsica e manejo do estresse ajudam a lidar com o tratamento em andamento.<\/span><\/p>\n\n\n\n<p><span style=\"font-weight: 400;\">Se voc\u00ea tamb\u00e9m tiver <a href=\"https:\/\/haircenterofturkey.com\/pt-br\/acalmando-o-couro-cabeludo-com-coceira-o-que-funciona\/\">coceira<\/a>, descama\u00e7\u00e3o ou vermelhid\u00e3o, pode ter dermatite seborr\u00e9ica ou outra condi\u00e7\u00e3o no couro cabeludo que contribui para a queda. Tratar a inflama\u00e7\u00e3o melhora o conforto e pode reduzir a quebra.<\/span><\/p>\n\n\n\n<figure class=\"wp-block-image\"><img decoding=\"async\" src=\"https:\/\/haircenterofturkey.com\/wp-content\/uploads\/2024\/10\/thyroid-and-hair-loss-7.webp\" alt=\"Thyroid and Hair Loss\" title=\"\"><\/figure>\n\n\n\n<p><\/p>\n\n\n\n<h2 class=\"wp-block-heading\" id=\"a-queda-de-cabelo-por-tireoide-vai-voltar-a-crescer\"><b>A Queda de Cabelo por Tireoide Vai Voltar a Crescer?<\/b><\/h2>\n\n\n\n<p><span style=\"font-weight: 400;\">Na maioria dos casos, sim \u2014 uma vez que os n\u00edveis da tireoide estejam normalizados e mantidos, o cabelo costuma melhorar. O crescimento geralmente leva meses, pois cada fol\u00edculo precisa retornar \u00e0 fase de crescimento.<\/span><\/p>\n\n\n\n<p><span style=\"font-weight: 400;\">O crescimento pode ser irregular no in\u00edcio, e os novos fios podem ter textura diferente. Se o afinamento continuar apesar de exames normais por v\u00e1rios meses, converse com seu m\u00e9dico sobre outras causas e considere encaminhamento a um dermatologista.<\/span><\/p>\n\n\n\n<h2 class=\"wp-block-heading\" id=\"perguntas-frequentes\"><b>Perguntas Frequentes<\/b><\/h2>\n\n\n<div id=\"rank-math-faq\" class=\"rank-math-block\">\n<div class=\"rank-math-list \">\n<div id=\"faq-question-1771330892455\" class=\"rank-math-list-item\">\n<h3 class=\"rank-math-question \">Como sei se minha tireoide est\u00e1 causando queda de cabelo?<\/h3>\n<div class=\"rank-math-answer \">\n\n<p>Observe sintomas de hipotireoidismo e confirme com exames de sangue: TSH e T4 livre.<\/p>\n\n<\/div>\n<\/div>\n<div id=\"faq-question-1771330897654\" class=\"rank-math-list-item\">\n<h3 class=\"rank-math-question \">Como parar a queda de cabelo por tireoide?<\/h3>\n<div class=\"rank-math-answer \">\n\n<p>Normalize os horm\u00f4nios com tratamento prescrito; a melhora costuma levar alguns meses.<\/p>\n\n<\/div>\n<\/div>\n<div id=\"faq-question-1771330901894\" class=\"rank-math-list-item\">\n<h3 class=\"rank-math-question \">Qual vitamina ajuda na queda de cabelo por tireoide?<\/h3>\n<div class=\"rank-math-answer \">\n\n<p>Biotina s\u00f3 ajuda se houver defici\u00eancia; corrija ferro, vitamina D e B12 baixos.<\/p>\n\n<\/div>\n<\/div>\n<div id=\"faq-question-1771330905845\" class=\"rank-math-list-item\">\n<h3 class=\"rank-math-question \">A queda de cabelo por tireoide \u00e9 revers\u00edvel?<\/h3>\n<div class=\"rank-math-answer \">\n\n<p>Sim, ap\u00f3s normalizar a tireoide, a queda reduz e o cabelo volta.<\/p>\n\n<\/div>\n<\/div>\n<div id=\"faq-question-1771330909577\" class=\"rank-math-list-item\">\n<h3 class=\"rank-math-question \">O que comer para queda de cabelo por tireoide?<\/h3>\n<div class=\"rank-math-answer \">\n\n<p>Coma prote\u00edna suficiente, ferro, sel\u00eanio, zinco e iodo dentro dos limites recomendados.<\/p>\n\n<\/div>\n<\/div>\n<\/div>\n<\/div>","protected":false},"excerpt":{"rendered":"<p>Tireoide e Queda de Cabelo Desequil\u00edbrios tireoidianos graves ou prolongados podem empurrar mais fios para a fase de queda, causando afinamento difuso em todo o couro cabeludo e, \u00e0s vezes, perda de sobrancelhas. O cabelo geralmente melhora quando os n\u00edveis de tireoide s\u00e3o estabilizados, mas o crescimento leva tempo \u2014 geralmente meses. Como outras condi\u00e7\u00f5es [&hellip;]<\/p>\n","protected":false},"author":2,"featured_media":4286,"comment_status":"closed","ping_status":"closed","sticky":false,"template":"","format":"standard","meta":{"footnotes":""},"categories":[4,141],"tags":[],"class_list":["post-3862","post","type-post","status-publish","format-standard","has-post-thumbnail","hentry","category-blog","category-perda-de-cabelo"],"_links":{"self":[{"href":"https:\/\/haircenterofturkey.com\/pt-br\/wp-json\/wp\/v2\/posts\/3862","targetHints":{"allow":["GET"]}}],"collection":[{"href":"https:\/\/haircenterofturkey.com\/pt-br\/wp-json\/wp\/v2\/posts"}],"about":[{"href":"https:\/\/haircenterofturkey.com\/pt-br\/wp-json\/wp\/v2\/types\/post"}],"author":[{"embeddable":true,"href":"https:\/\/haircenterofturkey.com\/pt-br\/wp-json\/wp\/v2\/users\/2"}],"replies":[{"embeddable":true,"href":"https:\/\/haircenterofturkey.com\/pt-br\/wp-json\/wp\/v2\/comments?post=3862"}],"version-history":[{"count":3,"href":"https:\/\/haircenterofturkey.com\/pt-br\/wp-json\/wp\/v2\/posts\/3862\/revisions"}],"predecessor-version":[{"id":27100,"href":"https:\/\/haircenterofturkey.com\/pt-br\/wp-json\/wp\/v2\/posts\/3862\/revisions\/27100"}],"wp:featuredmedia":[{"embeddable":true,"href":"https:\/\/haircenterofturkey.com\/pt-br\/wp-json\/wp\/v2\/media\/4286"}],"wp:attachment":[{"href":"https:\/\/haircenterofturkey.com\/pt-br\/wp-json\/wp\/v2\/media?parent=3862"}],"wp:term":[{"taxonomy":"category","embeddable":true,"href":"https:\/\/haircenterofturkey.com\/pt-br\/wp-json\/wp\/v2\/categories?post=3862"},{"taxonomy":"post_tag","embeddable":true,"href":"https:\/\/haircenterofturkey.com\/pt-br\/wp-json\/wp\/v2\/tags?post=3862"}],"curies":[{"name":"wp","href":"https:\/\/api.w.org\/{rel}","templated":true}]}}