{"id":36625,"date":"2026-04-23T13:53:09","date_gmt":"2026-04-23T10:53:09","guid":{"rendered":"https:\/\/haircenterofturkey.com\/?p=36625"},"modified":"2026-04-24T17:01:19","modified_gmt":"2026-04-24T14:01:19","slug":"quanto-tempo-dura-a-coceira-apos-um-transplante-capilar","status":"publish","type":"post","link":"https:\/\/haircenterofturkey.com\/pt-br\/quanto-tempo-dura-a-coceira-apos-um-transplante-capilar\/","title":{"rendered":"Quanto tempo dura a coceira ap\u00f3s um transplante capilar?"},"content":{"rendered":"\n<p>Por volta do quarto ou quinto dia, algo estranho acontece. A sensa\u00e7\u00e3o de aperto e incha\u00e7o desaparece e, em vez disso, aparece uma coceira baixa e inc\u00f4moda. A maioria dos pacientes n\u00e3o espera isso. Eles se prepararam para o incha\u00e7o, talvez alguma vermelhid\u00e3o, um pouco de dor. Mas a coceira? Essa parte pega as pessoas desprevenidas e pode ser surpreendentemente persistente por alguns dias.<\/p>\n\n\n\n<div class=\"wp-block-rank-math-toc-block\" id=\"rank-math-toc\"><h2>\u00cdndice<\/h2><nav><ul><li class=\"\"><a href=\"#why-the-scalp-starts-itching-after-a-transplant\">Por que o couro cabeludo come\u00e7a a co\u00e7ar ap\u00f3s um transplante<\/a><\/li><li class=\"\"><a href=\"#when-does-the-itching-usually-start\">Quando a coceira geralmente come\u00e7a?<\/a><\/li><li class=\"\"><a href=\"#how-long-it-typically-lasts\">Quanto tempo normalmente dura<\/a><\/li><li class=\"\"><a href=\"#what-causes-itching-to-linger-longer-than-expected\">O que faz com que a coceira dure mais do que o esperado<\/a><\/li><li class=\"\"><a href=\"#relief-methods-that-actually-work\">M\u00e9todos de al\u00edvio que realmente funcionam<\/a><\/li><li class=\"\"><a href=\"#when-to-contact-the-clinic\">Quando entrar em contato com a cl\u00ednica<\/a><\/li><li class=\"\"><a href=\"#why-a-structured-aftercare-plan-matters\">Por que um plano estruturado de cuidados posteriores \u00e9 importante<\/a><\/li><li class=\"\"><a href=\"#how-itching-connects-to-the-shedding-phase\">Como a coceira se conecta \u00e0 fase de elimina\u00e7\u00e3o<\/a><\/li><li class=\"\"><a href=\"#final-thoughts\">Considera\u00e7\u00f5es Finais<\/a><\/li><li class=\"\"><a href=\"#faq\">Perguntas frequentes<\/a><ul><li class=\"\"><a href=\"#faq-b1e68dd0\">A coceira ap\u00f3s um transplante capilar \u00e9 um bom sinal?<\/a><\/li><li class=\"\"><a href=\"#faq-83bf142a\">Posso co\u00e7ar suavemente o couro cabeludo se a coceira for intensa?<\/a><\/li><li class=\"\"><a href=\"#faq-27edf480\">Devo escolher uma cl\u00ednica que ofere\u00e7a suporte p\u00f3s-tratamento para pacientes internacionais?<\/a><\/li><li class=\"\"><a href=\"#faq-bae0aa1d\">E se a coceira durar mais de tr\u00eas semanas?<\/a><\/li><li class=\"\"><a href=\"#faq-f1b18c14\">A escolha da t\u00e9cnica certa afeta a quantidade de coceira que terei?<\/a><\/li><\/ul><\/li><\/ul><\/nav><\/div>\n\n\n\n<p>Ainda assim, \u00e9 um dos sinais mais previs\u00edveis de que o couro cabeludo est\u00e1 realmente cicatrizando.<\/p>\n\n\n\n<h2 class=\"wp-block-heading\" id=\"why-the-scalp-starts-itching-after-a-transplant\">Por que o couro cabeludo come\u00e7a a co\u00e7ar ap\u00f3s um transplante<\/h2>\n\n\n\n<p>A coceira n\u00e3o \u00e9 aleat\u00f3ria. \u00c9 principalmente mec\u00e2nico e biol\u00f3gico ao mesmo tempo. Pequenas incis\u00f5es est\u00e3o fechando, crostas est\u00e3o se formando ao redor dos enxertos implantados e a pele est\u00e1 produzindo novo tecido em ritmo acelerado. Esse tipo de reparo r\u00e1pido ativa termina\u00e7\u00f5es nervosas no couro cabeludo, o que muitas vezes se traduz em uma leve coceira que se espalha pelas zonas receptora e doadora.<\/p>\n\n\n\n<p>Tamb\u00e9m h\u00e1 secura. Ap\u00f3s a cirurgia, a pele perde umidade mais r\u00e1pido do que o normal por causa das microles\u00f5es e dos frequentes sprays de soro fisiol\u00f3gico usados \u200b\u200bnos primeiros dias. A pele seca co\u00e7a. Curar a pele co\u00e7a mais.<\/p>\n\n\n\n<h2 class=\"wp-block-heading\" id=\"when-does-the-itching-usually-start\">Quando a coceira geralmente come\u00e7a?<\/h2>\n\n\n\n<p>Na maioria dos casos, os pacientes percebem isso em algum lugar entre o dia 3 e o dia 7. Raramente come\u00e7a imediatamente ap\u00f3s o procedimento, porque as primeiras 48 horas s\u00e3o dominadas por aperto, pequeno incha\u00e7o e dor leve ao redor da \u00e1rea doadora. Uma vez resolvidos, a coceira tende a assumir o controle.<\/p>\n\n\n\n<p>A \u00e1rea doadora geralmente co\u00e7a primeiro. Um ou dois dias depois, a zona receptora entra.<\/p>\n\n\n\n<h2 class=\"wp-block-heading\" id=\"how-long-it-typically-lasts\">Quanto tempo normalmente dura<\/h2>\n\n\n\n<p>Para a maioria das pessoas, a coceira ativa dura entre 7 e 14 dias. N\u00e3o constante, mas percept\u00edvel. Tende a atingir o pico na \u00e9poca em que as crostas come\u00e7am a se soltar, o que geralmente ocorre no final da primeira semana at\u00e9 meados da segunda.<\/p>\n\n\n\n<p>Um grupo menor de pacientes apresenta coceira ocasional e mais leve por at\u00e9 tr\u00eas ou quatro semanas, especialmente durante a fase de elimina\u00e7\u00e3o. Isso tamb\u00e9m \u00e9 normal. Depois que a perda do choque passa e o couro cabeludo retorna ao equil\u00edbrio normal de oleosidade e hidrata\u00e7\u00e3o, a sensa\u00e7\u00e3o desaparece por conta pr\u00f3pria.<\/p>\n\n\n\n<figure class=\"wp-block-image size-large\"><img loading=\"lazy\" decoding=\"async\" width=\"1024\" height=\"569\" src=\"https:\/\/haircenterofturkey.com\/wp-content\/uploads\/2026\/04\/What-Causes-Itching-to-Linger-Longer-Than-Expected-1024x569.webp\" alt=\"\" class=\"wp-image-36223\" title=\"\" srcset=\"https:\/\/haircenterofturkey.com\/wp-content\/uploads\/2026\/04\/What-Causes-Itching-to-Linger-Longer-Than-Expected-1024x569.webp 1024w, https:\/\/haircenterofturkey.com\/wp-content\/uploads\/2026\/04\/What-Causes-Itching-to-Linger-Longer-Than-Expected-300x167.webp 300w, https:\/\/haircenterofturkey.com\/wp-content\/uploads\/2026\/04\/What-Causes-Itching-to-Linger-Longer-Than-Expected-768x427.webp 768w, https:\/\/haircenterofturkey.com\/wp-content\/uploads\/2026\/04\/What-Causes-Itching-to-Linger-Longer-Than-Expected-150x83.webp 150w, https:\/\/haircenterofturkey.com\/wp-content\/uploads\/2026\/04\/What-Causes-Itching-to-Linger-Longer-Than-Expected.webp 1080w\" sizes=\"auto, (max-width: 1024px) 100vw, 1024px\" \/><\/figure>\n\n\n\n<h2 class=\"wp-block-heading\" id=\"what-causes-itching-to-linger-longer-than-expected\">O que faz com que a coceira dure mais do que o esperado<\/h2>\n\n\n\n<p>\u00c0s vezes, a coceira ultrapassa o limite. Alguns motivos comuns:<\/p>\n\n\n\n<ul class=\"wp-block-list\">\n<li>Ignorar a lo\u00e7\u00e3o hidratante recomendada durante a fase de amolecimento da crosta<\/li>\n\n\n\n<li>Lavar o couro cabeludo com muita delicadeza e deixar res\u00edduos<\/li>\n\n\n\n<li>Ar interno seco, especialmente durante viagens de inverno<\/li>\n\n\n\n<li>Suar muito sem enxaguar depois<\/li>\n\n\n\n<li>Usar shampoos com fragr\u00e2ncias fortes ou sulfatos muito cedo<\/li>\n<\/ul>\n\n\n\n<p>Nada disso \u00e9 s\u00e9rio por si s\u00f3. Mas combinados, eles podem prolongar a fase de coceira por v\u00e1rios dias.<\/p>\n\n\n\n<h2 class=\"wp-block-heading\" id=\"relief-methods-that-actually-work\">M\u00e9todos de al\u00edvio que realmente funcionam<\/h2>\n\n\n\n<p>O instinto \u00e9 co\u00e7ar. N\u00e3o. Mesmo arranh\u00f5es leves nas primeiras duas semanas podem desalojar enxertos que ainda n\u00e3o foram totalmente ancorados. Existem op\u00e7\u00f5es melhores e a maioria delas s\u00e3o simples.<\/p>\n\n\n\n<ul class=\"wp-block-list\">\n<li>Dar tapinhas suaves em vez de co\u00e7ar quando a coceira se torna uma distra\u00e7\u00e3o<\/li>\n\n\n\n<li>Hidratar o couro cabeludo com a lo\u00e7\u00e3o fornecida pela cl\u00ednica<\/li>\n\n\n\n<li>Fluxo de ar fresco de um ventilador em vez de compressas frias diretamente na pele<\/li>\n\n\n\n<li>Beber bastante \u00e1gua, pois a desidrata\u00e7\u00e3o piora o ressecamento do couro cabeludo<\/li>\n\n\n\n<li>Continuar a rotina de lavagem prescrita sem pular dias<\/li>\n<\/ul>\n\n\n\n<p>Alguns pacientes acham que um hidratante leve e sem fragr\u00e2ncia aplicado \u00e0 noite faz uma diferen\u00e7a real durante a noite.<\/p>\n\n\n\n<h2 class=\"wp-block-heading\" id=\"when-to-contact-the-clinic\">Quando entrar em contato com a cl\u00ednica<\/h2>\n\n\n\n<p>\u00c9 esperada uma leve coceira. O que n\u00e3o \u00e9 esperado: coceira repentina e intensa com vermelhid\u00e3o se espalhando para al\u00e9m da \u00e1rea tratada, forma\u00e7\u00e3o de pequenas p\u00fastulas, sensa\u00e7\u00e3o de queima\u00e7\u00e3o ou incha\u00e7o que retorna depois de j\u00e1 ter desaparecido. Esses sinais podem apontar para uma infec\u00e7\u00e3o leve ou uma rea\u00e7\u00e3o al\u00e9rgica a um produto usado durante os cuidados posteriores.<\/p>\n\n\n\n<p>Em cl\u00ednicas como <strong>Centro Capilar da Turquia<\/strong>, os coordenadores de cuidados posteriores mant\u00eam contato com pacientes internacionais bem depois da primeira semana, em parte porque esta \u00e9 exatamente a janela em que pequenos problemas tendem a aparecer. Uma foto r\u00e1pida enviada pelo chat geralmente \u00e9 suficiente para confirmar se algo est\u00e1 curando normalmente ou se vale a pena olhar mais de perto.<\/p>\n\n\n\n<figure class=\"wp-block-image size-large\"><img loading=\"lazy\" decoding=\"async\" width=\"1024\" height=\"569\" src=\"https:\/\/haircenterofturkey.com\/wp-content\/uploads\/2026\/04\/Why-a-Structured-Aftercare-Plan-Matters-1024x569.webp\" alt=\"\" class=\"wp-image-36224\" title=\"\" srcset=\"https:\/\/haircenterofturkey.com\/wp-content\/uploads\/2026\/04\/Why-a-Structured-Aftercare-Plan-Matters-1024x569.webp 1024w, https:\/\/haircenterofturkey.com\/wp-content\/uploads\/2026\/04\/Why-a-Structured-Aftercare-Plan-Matters-300x167.webp 300w, https:\/\/haircenterofturkey.com\/wp-content\/uploads\/2026\/04\/Why-a-Structured-Aftercare-Plan-Matters-768x427.webp 768w, https:\/\/haircenterofturkey.com\/wp-content\/uploads\/2026\/04\/Why-a-Structured-Aftercare-Plan-Matters-150x83.webp 150w, https:\/\/haircenterofturkey.com\/wp-content\/uploads\/2026\/04\/Why-a-Structured-Aftercare-Plan-Matters.webp 1080w\" sizes=\"auto, (max-width: 1024px) 100vw, 1024px\" \/><\/figure>\n\n\n\n<h2 class=\"wp-block-heading\" id=\"why-a-structured-aftercare-plan-matters\">Por que um plano estruturado de cuidados posteriores \u00e9 importante<\/h2>\n\n\n\n<p>Uma rotina clara de cuidados posteriores faz mais do que proteger os enxertos. Encurta a fase de coceira, reduz o ressecamento e mant\u00e9m o couro cabeludo calmo durante as semanas mais sens\u00edveis. E \u00e9 aqui que a forma como uma cl\u00ednica organiza a jornada do paciente mostra genuinamente o seu valor.<\/p>\n\n\n\n<p>O processo geralmente come\u00e7a antes mesmo do paciente viajar. Instru\u00e7\u00f5es escritas, listas de produtos e um cronograma de recupera\u00e7\u00e3o realista. Feito o procedimento, a rotina continua com lavagens cronometradas, janelas de aplica\u00e7\u00e3o de lo\u00e7\u00e3o e check-ins de acompanhamento. Os pacientes que seguem esse tipo de plano estruturado tendem a relatar menos coceira em geral e uma transi\u00e7\u00e3o mais suave para a fase de elimina\u00e7\u00e3o.<\/p>\n\n\n\n<p>No <strong>Centro Capilar da Turquia<\/strong>, esta abordagem faz parte do fluxo padr\u00e3o para pacientes internacionais, em parte porque as pessoas que viajam de volta para casa precisam de clareza mais do que qualquer outra pessoa. Eles n\u00e3o podem voltar \u00e0 cl\u00ednica para dar uma olhada r\u00e1pida.<\/p>\n\n\n\n<h2 class=\"wp-block-heading\" id=\"how-itching-connects-to-the-shedding-phase\">Como a coceira se conecta \u00e0 fase de elimina\u00e7\u00e3o<\/h2>\n\n\n\n<p>Aqui est\u00e1 algo que muitos pacientes n\u00e3o percebem. A coceira geralmente se sobrep\u00f5e \u00e0 fase inicial de elimina\u00e7\u00e3o, que normalmente come\u00e7a entre a segunda e a quarta semana. Os cabelos transplantados come\u00e7am a cair enquanto os fol\u00edculos permanecem seguros no lugar por baixo. Aquele leve formigamento e coceira ocasional? Freq\u00fcentemente faz parte da mesma onda de cura.<\/p>\n\n\n\n<p>Portanto, se a coceira parecer retornar brevemente algumas semanas ap\u00f3s a cirurgia, geralmente n\u00e3o \u00e9 um rev\u00e9s. \u00c9 o couro cabeludo passando para o pr\u00f3ximo est\u00e1gio de recupera\u00e7\u00e3o.<\/p>\n\n\n\n<h2 class=\"wp-block-heading\" id=\"final-thoughts\">Considera\u00e7\u00f5es Finais<\/h2>\n\n\n\n<p>A coceira ap\u00f3s um transplante capilar \u00e9 desconfort\u00e1vel, mas tamb\u00e9m \u00e9 um dos sinais mais claros de que o couro cabeludo est\u00e1 fazendo exatamente o que deveria. Saber quando esperar, quanto tempo tende a durar e o que ajuda faz com que a recupera\u00e7\u00e3o seja muito menos estressante. Para pacientes internacionais em particular, ter uma cl\u00ednica que os acompanha em cada etapa, responde a perguntas sem demora e explica a l\u00f3gica por tr\u00e1s de cada etapa muda toda a experi\u00eancia. Esse tipo de apoio estruturado, juntamente com um planejamento cuidadoso dos doadores e um fluxo de tratamento claro, \u00e9 o que faz com que as cl\u00ednicas gostem <strong>Centro Capilar da Turquia <\/strong>uma op\u00e7\u00e3o confi\u00e1vel para pacientes que consideram um transplante capilar em Istambul.<\/p>\n\n\n\n<h2 class=\"wp-block-heading\" id=\"faq\">Perguntas frequentes<\/h2>\n\n\n<div id=\"rank-math-faq\" class=\"rank-math-block\">\n<div class=\"rank-math-list \">\n<div id=\"faq-b1e68dd0\" class=\"rank-math-list-item\">\n<h3 class=\"rank-math-question \">A coceira ap\u00f3s um transplante capilar \u00e9 um bom sinal?<\/h3>\n<div class=\"rank-math-answer \">\n\n<p>Sim, na maioria dos casos significa que o couro cabeludo est\u00e1 cicatrizando. A pele est\u00e1 reparando microincis\u00f5es e desenvolvendo novos tecidos, o que ativa naturalmente as termina\u00e7\u00f5es nervosas e causa uma leve coceira durante as primeiras duas semanas.<\/p>\n\n<\/div>\n<\/div>\n<div id=\"faq-83bf142a\" class=\"rank-math-list-item\">\n<h3 class=\"rank-math-question \">Posso co\u00e7ar suavemente o couro cabeludo se a coceira for intensa?<\/h3>\n<div class=\"rank-math-answer \">\n\n<p>N\u00e3o. Mesmo um leve arranh\u00e3o pode desalojar enxertos que ainda est\u00e3o ancorados nos primeiros 10 a 14 dias. Dar tapinhas suaves na \u00e1rea com os dedos limpos ou usar o hidratante recomendado pela cl\u00ednica \u00e9 uma forma mais segura de controlar a sensa\u00e7\u00e3o.<\/p>\n\n<\/div>\n<\/div>\n<div id=\"faq-27edf480\" class=\"rank-math-list-item\">\n<h3 class=\"rank-math-question \">Devo escolher uma cl\u00ednica que ofere\u00e7a suporte p\u00f3s-tratamento para pacientes internacionais?<\/h3>\n<div class=\"rank-math-answer \">\n\n<p>Isso faz uma diferen\u00e7a real. Cl\u00ednicas com acompanhamento estruturado, como o Hair Center da Turquia, mant\u00eam contato durante as fases de coceira e queda, exatamente quando surgem a maioria das d\u00favidas ap\u00f3s o retorno para casa.<\/p>\n\n<\/div>\n<\/div>\n<div id=\"faq-bae0aa1d\" class=\"rank-math-list-item\">\n<h3 class=\"rank-math-question \">E se a coceira durar mais de tr\u00eas semanas?<\/h3>\n<div class=\"rank-math-answer \">\n\n<p>A coceira leve e ocasional por at\u00e9 quatro semanas ainda est\u00e1 dentro da faixa normal, muitas vezes ligada \u00e0 fase de elimina\u00e7\u00e3o. Se ficar intenso, se espalhar ou apresentar vermelhid\u00e3o ou p\u00fastulas, entre em contato com sua cl\u00ednica para descartar irrita\u00e7\u00e3o ou infec\u00e7\u00e3o.<\/p>\n\n<\/div>\n<\/div>\n<div id=\"faq-f1b18c14\" class=\"rank-math-list-item\">\n<h3 class=\"rank-math-question \">A escolha da t\u00e9cnica certa afeta a quantidade de coceira que terei?<\/h3>\n<div class=\"rank-math-answer \">\n\n<p>A t\u00e9cnica em si importa menos do que o planejamento por tr\u00e1s dela. O gerenciamento cuidadoso da \u00e1rea doadora, a densidade correta do enxerto e uma rotina estruturada de cuidados posteriores tendem a reduzir a irrita\u00e7\u00e3o do couro cabeludo mais do que apenas o r\u00f3tulo do m\u00e9todo, seja ele FUE, DHI ou Sapphire FUE.<\/p>\n\n<\/div>\n<\/div>\n<\/div>\n<\/div>","protected":false},"excerpt":{"rendered":"<p>Por volta do quarto ou quinto dia, algo estranho acontece. A sensa\u00e7\u00e3o de aperto e incha\u00e7o desaparece e, em vez disso, aparece uma coceira baixa e inc\u00f4moda. A maioria dos pacientes n\u00e3o espera isso. Eles se prepararam para o incha\u00e7o, talvez alguma vermelhid\u00e3o, um pouco de dor. Mas a coceira? Essa parte pega as pessoas [&hellip;]<\/p>\n","protected":false},"author":2,"featured_media":36222,"comment_status":"closed","ping_status":"open","sticky":false,"template":"","format":"standard","meta":{"footnotes":""},"categories":[4,134],"tags":[],"class_list":["post-36625","post","type-post","status-publish","format-standard","has-post-thumbnail","hentry","category-blog","category-tratamentos-de-transplante-capilar"],"_links":{"self":[{"href":"https:\/\/haircenterofturkey.com\/pt-br\/wp-json\/wp\/v2\/posts\/36625","targetHints":{"allow":["GET"]}}],"collection":[{"href":"https:\/\/haircenterofturkey.com\/pt-br\/wp-json\/wp\/v2\/posts"}],"about":[{"href":"https:\/\/haircenterofturkey.com\/pt-br\/wp-json\/wp\/v2\/types\/post"}],"author":[{"embeddable":true,"href":"https:\/\/haircenterofturkey.com\/pt-br\/wp-json\/wp\/v2\/users\/2"}],"replies":[{"embeddable":true,"href":"https:\/\/haircenterofturkey.com\/pt-br\/wp-json\/wp\/v2\/comments?post=36625"}],"version-history":[{"count":2,"href":"https:\/\/haircenterofturkey.com\/pt-br\/wp-json\/wp\/v2\/posts\/36625\/revisions"}],"predecessor-version":[{"id":36631,"href":"https:\/\/haircenterofturkey.com\/pt-br\/wp-json\/wp\/v2\/posts\/36625\/revisions\/36631"}],"wp:featuredmedia":[{"embeddable":true,"href":"https:\/\/haircenterofturkey.com\/pt-br\/wp-json\/wp\/v2\/media\/36222"}],"wp:attachment":[{"href":"https:\/\/haircenterofturkey.com\/pt-br\/wp-json\/wp\/v2\/media?parent=36625"}],"wp:term":[{"taxonomy":"category","embeddable":true,"href":"https:\/\/haircenterofturkey.com\/pt-br\/wp-json\/wp\/v2\/categories?post=36625"},{"taxonomy":"post_tag","embeddable":true,"href":"https:\/\/haircenterofturkey.com\/pt-br\/wp-json\/wp\/v2\/tags?post=36625"}],"curies":[{"name":"wp","href":"https:\/\/api.w.org\/{rel}","templated":true}]}}