{"id":36553,"date":"2026-04-22T15:39:49","date_gmt":"2026-04-22T12:39:49","guid":{"rendered":"https:\/\/haircenterofturkey.com\/?p=36553"},"modified":"2026-04-24T16:07:55","modified_gmt":"2026-04-24T13:07:55","slug":"os-suplementos-realmente-impedem-a-queda-de-cabelo","status":"publish","type":"post","link":"https:\/\/haircenterofturkey.com\/pt-br\/os-suplementos-realmente-impedem-a-queda-de-cabelo\/","title":{"rendered":"Os suplementos realmente impedem a queda de cabelo?"},"content":{"rendered":"\n<p>Voc\u00ea provavelmente j\u00e1 viu os an\u00fancios. Um frasco de gomas, um antes e depois confiante, uma promessa de que algumas c\u00e1psulas por dia trar\u00e3o a linha do cabelo de volta. <strong>Parece f\u00e1cil<\/strong>. E de certa forma, esse \u00e9 o problema. A queda de cabelo raramente tem uma causa \u00fanica, ent\u00e3o a ideia de que um suplemento pode corrigi-la silenciosamente tende a desmoronar no momento em que voc\u00ea olha mais de perto.<\/p>\n\n\n\n<div class=\"wp-block-rank-math-toc-block\" id=\"rank-math-toc\"><h2>\u00cdndice<\/h2><nav><ul><li class=\"\"><a href=\"#why-shedding-happens-in-the-first-place\">Por que a queda acontece em primeiro lugar<\/a><\/li><li class=\"\"><a href=\"#what-vitamins-and-minerals-actually-do-for-hair\">O que as vitaminas e os minerais realmente fazem pelo cabelo<\/a><\/li><li class=\"\"><a href=\"#the-biotin-myth-that-wont-die\">O mito da biotina que n\u00e3o morre<\/a><\/li><li class=\"\"><a href=\"#when-supplements-can-help-and-when-they-cant\">Quando os suplementos podem ajudar e quando n\u00e3o podem<\/a><\/li><li class=\"\"><a href=\"#how-to-tell-if-your-hair-loss-is-nutritional-or-something-el\">Como saber se sua perda de cabelo \u00e9 nutricional ou outra coisa<\/a><\/li><li class=\"\"><a href=\"#where-clinical-evaluation-makes-the-difference\">Onde a avalia\u00e7\u00e3o cl\u00ednica faz a diferen\u00e7a<\/a><\/li><li class=\"\"><a href=\"#what-a-realistic-approach-looks-like\">Como \u00e9 uma abordagem realista<\/a><\/li><li class=\"\"><a href=\"#thinking-about-treatment-in-istanbul\">Pensando em tratamento em Istambul<\/a><\/li><li class=\"\"><a href=\"#final-thoughts\">Considera\u00e7\u00f5es Finais<\/a><\/li><li class=\"\"><a href=\"#faq\">Perguntas frequentes<\/a><ul><li class=\"\"><a href=\"#faq-9788c5a5\">Os suplementos por si s\u00f3 podem impedir a queda gen\u00e9tica de cabelo?<\/a><\/li><li class=\"\"><a href=\"#faq-be9ce1c7\">Por quanto tempo devo tomar um suplemento antes de julgar se funciona?<\/a><\/li><li class=\"\"><a href=\"#faq-acd1ad37\">A biotina \u00e9 realmente necess\u00e1ria para o crescimento do cabelo?<\/a><\/li><li class=\"\"><a href=\"#faq-ad6abb46\">Devo fazer exames de sangue antes de comprar suplementos?<\/a><\/li><li class=\"\"><a href=\"#faq-f2436553\">Quando devo considerar uma consulta cl\u00ednica em vez de suplementos?<\/a><\/li><\/ul><\/li><\/ul><\/nav><\/div>\n\n\n\n<p>Ainda assim, a quest\u00e3o \u00e9 justa. Os suplementos influenciam o corpo. A verdadeira quest\u00e3o \u00e9 saber onde eles ajudam, onde n\u00e3o ajudam e quando a queda que voc\u00ea v\u00ea no chuveiro precisa de um tipo diferente de aten\u00e7\u00e3o.<\/p>\n\n\n\n<h2 class=\"wp-block-heading\" id=\"why-shedding-happens-in-the-first-place\">Por que a queda acontece em primeiro lugar<\/h2>\n\n\n\n<p>O cabelo passa por ciclos. Crescimento, descanso, libera\u00e7\u00e3o. Isso \u00e9 normal. O que n\u00e3o \u00e9 normal \u00e9 quando a queda ultrapassa o crescimento por semanas, ou quando a densidade no topo come\u00e7a a diminuir em um padr\u00e3o que voc\u00ea reconhece de um pai ou irm\u00e3o.<\/p>\n\n\n\n<p>A queda de cabelo gen\u00e9tica, tamb\u00e9m conhecida como alopecia androgen\u00e9tica, segue seu pr\u00f3prio cronograma. \u00c9 impulsionado pela sensibilidade hormonal no n\u00edvel do fol\u00edculo, e n\u00e3o pelo que est\u00e1 faltando no seu prato. A elimina\u00e7\u00e3o relacionada ao estresse \u00e9 diferente. O mesmo acontece com a elimina\u00e7\u00e3o p\u00f3s-doen\u00e7a, o afinamento ligado \u00e0 tireoide, a defici\u00eancia de ferro e a perda difusa que \u00e0s vezes segue dietas radicais. Cada um tem um mecanismo diferente. E cada um responde ao tratamento de maneira diferente.<\/p>\n\n\n\n<p>Isso \u00e9 importante porque os suplementos funcionam melhor quando h\u00e1 uma defici\u00eancia real a ser corrigida. Sem ele, o benef\u00edcio tende a ser pequeno e, \u00e0s vezes, imagin\u00e1rio.<\/p>\n\n\n\n<figure class=\"wp-block-image size-large\"><img loading=\"lazy\" decoding=\"async\" width=\"1024\" height=\"569\" src=\"https:\/\/haircenterofturkey.com\/wp-content\/uploads\/2026\/04\/What-Vitamins-and-Minerals-Actually-Do-for-Hair-1024x569.webp\" alt=\"\" class=\"wp-image-36185\" title=\"\" srcset=\"https:\/\/haircenterofturkey.com\/wp-content\/uploads\/2026\/04\/What-Vitamins-and-Minerals-Actually-Do-for-Hair-1024x569.webp 1024w, https:\/\/haircenterofturkey.com\/wp-content\/uploads\/2026\/04\/What-Vitamins-and-Minerals-Actually-Do-for-Hair-300x167.webp 300w, https:\/\/haircenterofturkey.com\/wp-content\/uploads\/2026\/04\/What-Vitamins-and-Minerals-Actually-Do-for-Hair-768x427.webp 768w, https:\/\/haircenterofturkey.com\/wp-content\/uploads\/2026\/04\/What-Vitamins-and-Minerals-Actually-Do-for-Hair-150x83.webp 150w, https:\/\/haircenterofturkey.com\/wp-content\/uploads\/2026\/04\/What-Vitamins-and-Minerals-Actually-Do-for-Hair.webp 1080w\" sizes=\"auto, (max-width: 1024px) 100vw, 1024px\" \/><\/figure>\n\n\n\n<h2 class=\"wp-block-heading\" id=\"what-vitamins-and-minerals-actually-do-for-hair\">O que as vitaminas e os minerais realmente fazem pelo cabelo<\/h2>\n\n\n\n<p>O cabelo \u00e9 composto de prote\u00ednas, principalmente queratina, e \u00e9 formado por fol\u00edculos que precisam de um suprimento constante de nutrientes para continuarem a circular adequadamente. Quando o suprimento cai, o fol\u00edculo reage. Ele desacelera, entra em repouso mais cedo e produz fios mais finos.<\/p>\n\n\n\n<p>Os nutrientes mais consistentemente associados \u00e0 qualidade do cabelo incluem:<\/p>\n\n\n\n<ul class=\"wp-block-list\">\n<li>Ferro, especialmente n\u00edveis de ferritina, que muitas vezes aparecem t\u00e3o baixos em mulheres com afinamento difuso<\/li>\n\n\n\n<li>Vitamina D, que desempenha um papel no ciclo folicular<\/li>\n\n\n\n<li>Zinco, que apoia a repara\u00e7\u00e3o dos tecidos e a fun\u00e7\u00e3o das gl\u00e2ndulas seb\u00e1ceas ao redor do fol\u00edculo<\/li>\n\n\n\n<li>Vitaminas do complexo B, particularmente B12 e biotina, embora a defici\u00eancia de biotina seja genuinamente rara<\/li>\n\n\n\n<li>Ingest\u00e3o global de prote\u00ednas, que muitas vezes \u00e9 subestimada em dietas restritivas<\/li>\n<\/ul>\n\n\n\n<p>Se um deles estiver baixo, corrigi-lo pode fazer uma diferen\u00e7a real. Mas tomar doses altas quando seus n\u00edveis j\u00e1 est\u00e3o bons n\u00e3o aumenta o crescimento do cabelo. O corpo realmente n\u00e3o funciona dessa maneira.<\/p>\n\n\n\n<h2 class=\"wp-block-heading\" id=\"the-biotin-myth-that-wont-die\">O mito da biotina que n\u00e3o morre<\/h2>\n\n\n\n<p>A biotina recebe o marketing mais barulhento. Shampoos, soros, mastig\u00e1veis \u200b\u200be at\u00e9 mesmo cremes para caf\u00e9 agora listam isso no r\u00f3tulo frontal. E ainda assim a defici\u00eancia de biotina em adultos saud\u00e1veis \u200b\u200b\u00e9 incomum. A maioria das pessoas que seguem uma dieta variada j\u00e1 obt\u00e9m o suficiente.<\/p>\n\n\n\n<p>Ent\u00e3o, por que ainda vende? Em parte porque parece inofensivo. Em parte porque alguns usu\u00e1rios realmente veem cabelos mais grossos, embora isso geralmente seja uma coincid\u00eancia com mudan\u00e7as sazonais ou outras mudan\u00e7as. A biotina em altas doses pode realmente interferir em certos exames de sangue, o que vale a pena mencionar ao seu m\u00e9dico antes do trabalho de laborat\u00f3rio.<\/p>\n\n\n\n<h2 class=\"wp-block-heading\" id=\"when-supplements-can-help-and-when-they-cant\">Quando os suplementos podem ajudar e quando n\u00e3o podem<\/h2>\n\n\n\n<p>Na pr\u00e1tica, os suplementos tendem a ser \u00fateis em um per\u00edodo estreito. Eles funcionam quando uma defici\u00eancia \u00e9 confirmada, quando a dose corresponde \u00e0 lacuna e quando a pessoa continua tomando por tempo suficiente para ver um ciclo de novo crescimento, o que geralmente significa tr\u00eas a seis meses no m\u00ednimo.<\/p>\n\n\n\n<p>Eles s\u00e3o muito menos \u00fateis quando a causa subjacente \u00e9 gen\u00e9tica. Um homem de quase vinte anos que percebe que suas t\u00eamporas recuam n\u00e3o vai deixar o cabelo crescer novamente com comprimidos de zinco. Os fol\u00edculos que respondem aos sinais hormonais precisam de um tipo diferente de interven\u00e7\u00e3o, e fingir o contr\u00e1rio s\u00f3 custa tempo.<\/p>\n\n\n\n<h2 class=\"wp-block-heading\" id=\"how-to-tell-if-your-hair-loss-is-nutritional-or-something-el\">Como saber se sua perda de cabelo \u00e9 nutricional ou outra coisa<\/h2>\n\n\n\n<p>Alguns sinais tendem a separar os dois. A elimina\u00e7\u00e3o nutricional geralmente \u00e9 difusa, espalhada por todo o couro cabeludo e geralmente aparece alguns meses ap\u00f3s um gatilho como doen\u00e7a, gravidez ou perda significativa de peso. O cabelo cai mais do que o normal, mas o padr\u00e3o geral permanece intacto.<\/p>\n\n\n\n<p>A perda de padr\u00e3o parece diferente. A linha do cabelo muda. A coroa fica mais fina. Os cabelos miniaturizados come\u00e7am a substituir os mais grossos. Uma \u00e1rea doadora, o anel de cabelo nas laterais e nas costas, normalmente permanece intocado. Esse padr\u00e3o \u00e9 a pista.<\/p>\n\n\n\n<p>O exame de sangue ajuda. O mesmo acontece com uma avalia\u00e7\u00e3o adequada do couro cabeludo. Adivinhar apenas pelo espelho raramente fornece uma imagem completa.<\/p>\n\n\n\n<h2 class=\"wp-block-heading\" id=\"where-clinical-evaluation-makes-the-difference\">Onde a avalia\u00e7\u00e3o cl\u00ednica faz a diferen\u00e7a<\/h2>\n\n\n\n<p>\u00c9 aqui que uma consulta estruturada ganha o seu lugar. Em uma cl\u00ednica bem organizada como <strong>Centro Capilar da Turquia<\/strong>, o primeiro passo n\u00e3o \u00e9 uma recomenda\u00e7\u00e3o de tratamento. \u00c9 uma an\u00e1lise da \u00e1rea doadora, uma revis\u00e3o do padr\u00e3o de elimina\u00e7\u00e3o e uma conversa sobre o que realmente est\u00e1 causando a perda. \u00c0s vezes, a resposta \u00e9 um encaminhamento para verificar os n\u00edveis de ferritina e tireoide. \u00c0s vezes \u00e9 um tratamento t\u00f3pico. E por vezes, quando a perda \u00e9 claramente gen\u00e9tica e est\u00e1vel, a conversa volta-se para o planeamento do enxerto.<\/p>\n\n\n\n<p>A quest\u00e3o \u00e9 que a recomenda\u00e7\u00e3o segue o diagn\u00f3stico, e n\u00e3o o contr\u00e1rio. Essa \u00e9 a parte que a maioria dos question\u00e1rios de suplementos on-line ignora silenciosamente.<\/p>\n\n\n\n<h2 class=\"wp-block-heading\" id=\"what-a-realistic-approach-looks-like\">Como \u00e9 uma abordagem realista<\/h2>\n\n\n\n<p>Se voc\u00ea est\u00e1 perdendo mais do que o normal e n\u00e3o tem certeza do porqu\u00ea, uma ordem calma de opera\u00e7\u00f5es tende a funcionar melhor do que comprar em p\u00e2nico:<\/p>\n\n\n\n<ol class=\"wp-block-list\">\n<li>Fa\u00e7a exames de sangue b\u00e1sicos, incluindo ferritina, vitamina D, fun\u00e7\u00e3o tireoidiana e B12<\/li>\n\n\n\n<li>Revise eventos recentes da vida, doen\u00e7as, estresse, mudan\u00e7as na dieta, medicamentos<\/li>\n\n\n\n<li>Corrija qualquer defici\u00eancia confirmada primeiro com alimentos e depois com suplementos<\/li>\n\n\n\n<li>Espere de tr\u00eas a seis meses antes de julgar o resultado<\/li>\n\n\n\n<li>Se o padr\u00e3o sugerir perda gen\u00e9tica, marque uma avalia\u00e7\u00e3o cl\u00ednica adequada<\/li>\n<\/ol>\n\n\n\n<p>Essa sequ\u00eancia economiza tempo e dinheiro. E evita que voc\u00ea acumule suplementos que n\u00e3o correspondam ao problema real.<\/p>\n\n\n\n<figure class=\"wp-block-image size-large\"><img loading=\"lazy\" decoding=\"async\" width=\"1024\" height=\"569\" src=\"https:\/\/haircenterofturkey.com\/wp-content\/uploads\/2026\/04\/Thinking-About-Treatment-in-Istanbul-1024x569.webp\" alt=\"\" class=\"wp-image-36186\" title=\"\" srcset=\"https:\/\/haircenterofturkey.com\/wp-content\/uploads\/2026\/04\/Thinking-About-Treatment-in-Istanbul-1024x569.webp 1024w, https:\/\/haircenterofturkey.com\/wp-content\/uploads\/2026\/04\/Thinking-About-Treatment-in-Istanbul-300x167.webp 300w, https:\/\/haircenterofturkey.com\/wp-content\/uploads\/2026\/04\/Thinking-About-Treatment-in-Istanbul-768x427.webp 768w, https:\/\/haircenterofturkey.com\/wp-content\/uploads\/2026\/04\/Thinking-About-Treatment-in-Istanbul-150x83.webp 150w, https:\/\/haircenterofturkey.com\/wp-content\/uploads\/2026\/04\/Thinking-About-Treatment-in-Istanbul.webp 1080w\" sizes=\"auto, (max-width: 1024px) 100vw, 1024px\" \/><\/figure>\n\n\n\n<h2 class=\"wp-block-heading\" id=\"thinking-about-treatment-in-istanbul\">Pensando em tratamento em Istambul<\/h2>\n\n\n\n<p>Para os leitores internacionais que avaliam as suas op\u00e7\u00f5es, a Turquia tornou-se um destino pr\u00e1tico para tratamentos capilares estruturados, em parte porque o processo de avalia\u00e7\u00e3o tende a ser minucioso antes de qualquer outra sugest\u00e3o. <strong>Centro Capilar da Turquia<\/strong>, por exemplo, normalmente come\u00e7a com uma consulta online que analisa fotos, hist\u00f3rico m\u00e9dico e padr\u00f5es atuais de elimina\u00e7\u00e3o. O objetivo \u00e9 entender se o paciente precisa de orienta\u00e7\u00e3o nutricional, tratamento m\u00e9dico, transplante ou simplesmente de tempo.<\/p>\n\n\n\n<p>Essa clareza inicial \u00e9 importante. Permite que os pacientes viajem com expectativas realistas, em vez de suposi\u00e7\u00f5es constru\u00eddas a partir do conte\u00fado de marketing.<\/p>\n\n\n\n<h2 class=\"wp-block-heading\" id=\"final-thoughts\">Considera\u00e7\u00f5es Finais<\/h2>\n\n\n\n<p>Suplementos n\u00e3o s\u00e3o m\u00e1gicos. Mas tamb\u00e9m n\u00e3o s\u00e3o in\u00fateis. Eles ocupam um papel espec\u00edfico e limitado na sa\u00fade do cabelo e funcionam melhor quando a pessoa que os toma realmente precisa do que est\u00e1 no frasco. O verdadeiro progresso tende a vir da compreens\u00e3o do motivo pelo qual o cabelo est\u00e1 caindo e, em seguida, da escolha de uma resposta que corresponda \u00e0 causa.<\/p>\n\n\n\n<p>Para quem n\u00e3o tem certeza de onde est\u00e1 sua situa\u00e7\u00e3o, uma avalia\u00e7\u00e3o adequada, seja com um dermatologista local ou uma cl\u00ednica estruturada como <strong>Centro Capilar da Turquia<\/strong>, geralmente substitui as suposi\u00e7\u00f5es por um plano. E um plano, mesmo que simples, tende a superar um arm\u00e1rio cheio de c\u00e1psulas.<\/p>\n\n\n\n<h2 class=\"wp-block-heading\" id=\"faq\">Perguntas frequentes<\/h2>\n\n\n<div id=\"rank-math-faq\" class=\"rank-math-block\">\n<div class=\"rank-math-list \">\n<div id=\"faq-9788c5a5\" class=\"rank-math-list-item\">\n<h3 class=\"rank-math-question \">Os suplementos por si s\u00f3 podem impedir a queda gen\u00e9tica de cabelo?<\/h3>\n<div class=\"rank-math-answer \">\n\n<p>N\u00e3o. A perda gen\u00e9tica de cabelo \u00e9 causada pela sensibilidade hormonal no fol\u00edculo, e n\u00e3o pelas lacunas de nutrientes. Os suplementos podem melhorar a qualidade geral do cabelo, mas n\u00e3o reverter\u00e3o a calv\u00edcie por si pr\u00f3prios.<\/p>\n\n<\/div>\n<\/div>\n<div id=\"faq-be9ce1c7\" class=\"rank-math-list-item\">\n<h3 class=\"rank-math-question \">Por quanto tempo devo tomar um suplemento antes de julgar se funciona?<\/h3>\n<div class=\"rank-math-answer \">\n\n<p>Pelo menos tr\u00eas a seis meses. Os ciclos capilares s\u00e3o lentos e prazos mais curtos geralmente n\u00e3o refletem mudan\u00e7as reais. Se n\u00e3o houver melhora vis\u00edvel at\u00e9 o sexto m\u00eas, a causa provavelmente n\u00e3o \u00e9 nutricional.<\/p>\n\n<\/div>\n<\/div>\n<div id=\"faq-acd1ad37\" class=\"rank-math-list-item\">\n<h3 class=\"rank-math-question \">A biotina \u00e9 realmente necess\u00e1ria para o crescimento do cabelo?<\/h3>\n<div class=\"rank-math-answer \">\n\n<p>Para a maioria das pessoas, n\u00e3o. A verdadeira defici\u00eancia de biotina \u00e9 rara em adultos saud\u00e1veis \u200b\u200bque seguem uma dieta variada. A biotina extra geralmente n\u00e3o aumenta o crescimento e pode interferir em alguns testes de laborat\u00f3rio.<\/p>\n\n<\/div>\n<\/div>\n<div id=\"faq-ad6abb46\" class=\"rank-math-list-item\">\n<h3 class=\"rank-math-question \">Devo fazer exames de sangue antes de comprar suplementos?<\/h3>\n<div class=\"rank-math-answer \">\n\n<p>Idealmente, sim. Ferritina, vitamina D, fun\u00e7\u00e3o tireoidiana e vitamina B12 s\u00e3o os pontos de partida habituais. Corrigir uma defici\u00eancia confirmada tende a ajudar muito mais do que adivinhar.<\/p>\n\n<\/div>\n<\/div>\n<div id=\"faq-f2436553\" class=\"rank-math-list-item\">\n<h3 class=\"rank-math-question \">Quando devo considerar uma consulta cl\u00ednica em vez de suplementos?<\/h3>\n<div class=\"rank-math-answer \">\n\n<p>Se voc\u00ea notar retra\u00e7\u00e3o da linha do cabelo, afinamento da coroa ou um padr\u00e3o claro em vez de queda difusa, uma avalia\u00e7\u00e3o cl\u00ednica \u00e9 o melhor pr\u00f3ximo passo. Cl\u00ednicas como a Hair Center of Turkey normalmente come\u00e7am com uma an\u00e1lise da \u00e1rea doadora e uma discuss\u00e3o sobre o que realmente est\u00e1 causando a perda antes de recomendar qualquer tratamento.<\/p>\n\n<\/div>\n<\/div>\n<\/div>\n<\/div>","protected":false},"excerpt":{"rendered":"<p>Voc\u00ea provavelmente j\u00e1 viu os an\u00fancios. Um frasco de gomas, um antes e depois confiante, uma promessa de que algumas c\u00e1psulas por dia trar\u00e3o a linha do cabelo de volta. Parece f\u00e1cil. E de certa forma, esse \u00e9 o problema. A queda de cabelo raramente tem uma causa \u00fanica, ent\u00e3o a ideia de que um [&hellip;]<\/p>\n","protected":false},"author":2,"featured_media":36184,"comment_status":"closed","ping_status":"open","sticky":false,"template":"","format":"standard","meta":{"footnotes":""},"categories":[141],"tags":[],"class_list":["post-36553","post","type-post","status-publish","format-standard","has-post-thumbnail","hentry","category-perda-de-cabelo"],"_links":{"self":[{"href":"https:\/\/haircenterofturkey.com\/pt-br\/wp-json\/wp\/v2\/posts\/36553","targetHints":{"allow":["GET"]}}],"collection":[{"href":"https:\/\/haircenterofturkey.com\/pt-br\/wp-json\/wp\/v2\/posts"}],"about":[{"href":"https:\/\/haircenterofturkey.com\/pt-br\/wp-json\/wp\/v2\/types\/post"}],"author":[{"embeddable":true,"href":"https:\/\/haircenterofturkey.com\/pt-br\/wp-json\/wp\/v2\/users\/2"}],"replies":[{"embeddable":true,"href":"https:\/\/haircenterofturkey.com\/pt-br\/wp-json\/wp\/v2\/comments?post=36553"}],"version-history":[{"count":2,"href":"https:\/\/haircenterofturkey.com\/pt-br\/wp-json\/wp\/v2\/posts\/36553\/revisions"}],"predecessor-version":[{"id":36560,"href":"https:\/\/haircenterofturkey.com\/pt-br\/wp-json\/wp\/v2\/posts\/36553\/revisions\/36560"}],"wp:featuredmedia":[{"embeddable":true,"href":"https:\/\/haircenterofturkey.com\/pt-br\/wp-json\/wp\/v2\/media\/36184"}],"wp:attachment":[{"href":"https:\/\/haircenterofturkey.com\/pt-br\/wp-json\/wp\/v2\/media?parent=36553"}],"wp:term":[{"taxonomy":"category","embeddable":true,"href":"https:\/\/haircenterofturkey.com\/pt-br\/wp-json\/wp\/v2\/categories?post=36553"},{"taxonomy":"post_tag","embeddable":true,"href":"https:\/\/haircenterofturkey.com\/pt-br\/wp-json\/wp\/v2\/tags?post=36553"}],"curies":[{"name":"wp","href":"https:\/\/api.w.org\/{rel}","templated":true}]}}