{"id":36012,"date":"2026-04-18T12:47:21","date_gmt":"2026-04-18T09:47:21","guid":{"rendered":"https:\/\/haircenterofturkey.com\/?p=36012"},"modified":"2026-04-20T12:18:54","modified_gmt":"2026-04-20T09:18:54","slug":"a-cera-capilar-causa-queda-de-cabelo-a-opiniao-honesta","status":"publish","type":"post","link":"https:\/\/haircenterofturkey.com\/pt-br\/a-cera-capilar-causa-queda-de-cabelo-a-opiniao-honesta\/","title":{"rendered":"A cera capilar causa queda de cabelo? A opini\u00e3o honesta"},"content":{"rendered":"\n<p>A maioria das pessoas se pergunta sobre isso pela primeira vez depois de detectar alguns fios a mais do que o normal no chuveiro. O pote de cera na prateleira do banheiro de repente parece suspeito. \u00c9 uma pergunta justa &#8211; os produtos de modelagem di\u00e1rios ficam no couro cabeludo por horas e \u00e9 natural perguntar se eles est\u00e3o fazendo algo que n\u00e3o deveriam. E honestamente, a internet n\u00e3o ajuda. Role o suficiente e voc\u00ea encontrar\u00e1 afirma\u00e7\u00f5es confi\u00e1veis \u200b\u200bde ambos os lados.<\/p>\n\n\n\n<div class=\"wp-block-rank-math-toc-block\" id=\"rank-math-toc\"><h2>\u00cdndice<\/h2><nav><ul><li class=\"\"><a href=\"#the-short-answer-you-probably-came-for\">A resposta curta que voc\u00ea provavelmente procurou<\/a><\/li><li class=\"\"><a href=\"#how-hair-wax-actually-interacts-with-the-scalp\">Como a cera capilar realmente interage com o couro cabeludo<\/a><\/li><li class=\"\"><a href=\"#when-wax-does-contribute-to-shedding\">Quando a cera contribui para a queda<\/a><\/li><li class=\"\"><a href=\"#ingredients-worth-paying-attention-to\">Ingredientes aos quais vale a pena prestar aten\u00e7\u00e3o<\/a><\/li><li class=\"\"><a href=\"#habits-that-quietly-damage-hair\">H\u00e1bitos que danificam silenciosamente o cabelo<\/a><\/li><li class=\"\"><a href=\"#shedding-vs-breakage-they-look-the-same-but-they-arent\">Queda versus quebra \u2013 eles parecem iguais, mas n\u00e3o s\u00e3o<\/a><\/li><li class=\"\"><a href=\"#using-hair-wax-without-stressing-your-hair\">Usando cera de cabelo sem estressar o cabelo<\/a><\/li><li class=\"\"><a href=\"#when-the-problem-is-bigger-than-a-styling-product\">Quando o problema \u00e9 maior que um produto de estilo<\/a><\/li><li class=\"\"><a href=\"#final-thoughts\">Considera\u00e7\u00f5es Finais<\/a><\/li><li class=\"\"><a href=\"#frequently-asked-questions\">Perguntas frequentes<\/a><ul><li class=\"\"><a href=\"#faq-3768d422\">Posso usar cera capilar todos os dias sem danificar meu cabelo?<\/a><\/li><li class=\"\"><a href=\"#faq-88ca4f72\">Dormir com cera no cabelo causa calv\u00edcie?<\/a><\/li><li class=\"\"><a href=\"#faq-006cd2cc\">Qual \u00e9 a diferen\u00e7a entre quebra e queda de cabelo causada por produtos de modelagem?<\/a><\/li><li class=\"\"><a href=\"#faq-c459a141\">Devo parar de usar cera se meu cabelo estiver ficando ralo?<\/a><\/li><li class=\"\"><a href=\"#faq-749b6413\">Como posso saber se minha queda de cabelo precisa de avalia\u00e7\u00e3o profissional?<\/a><\/li><\/ul><\/li><\/ul><\/nav><\/div>\n\n\n\n<p>Aqui est\u00e1 a resposta matizada, desembara\u00e7ada do barulho.<\/p>\n\n\n\n<h2 class=\"wp-block-heading\" id=\"the-short-answer-you-probably-came-for\">A resposta curta que voc\u00ea provavelmente procurou<\/h2>\n\n\n\n<p>A cera capilar, por si s\u00f3, n\u00e3o causa queda de cabelo. Os fol\u00edculos est\u00e3o ancorados profundamente na pele e um produto modelador t\u00f3pico n\u00e3o atinge essa camada. Mas h\u00e1 um problema. Certos h\u00e1bitos ligados ao uso da cera \u2013 lavar agressivamente, puxar, dormir com ela \u2013 podem provocar quebras que parecem id\u00eanticas \u00e0 queda. \u00c9 a\u00ed que come\u00e7a a confus\u00e3o para a maioria das pessoas que pesquisam esta pergunta no Google \u00e0s 23h.<\/p>\n\n\n\n<h2 class=\"wp-block-heading\" id=\"how-hair-wax-actually-interacts-with-the-scalp\">Como a cera capilar realmente interage com o couro cabeludo<\/h2>\n\n\n\n<p>Uma cera modeladora cobre a haste do cabelo. D\u00e1 fixa\u00e7\u00e3o, brilho ou textura dependendo da base. A maioria das f\u00f3rmulas fica na parte externa do cabelo e na superf\u00edcie superior do couro cabeludo. Portanto, o pr\u00f3prio fol\u00edculo, onde ocorre o crescimento, permanece praticamente intacto.<\/p>\n\n\n\n<p>Os problemas aparecem quando os res\u00edduos se acumulam. Os poros ao redor de cada fol\u00edculo podem ficar obstru\u00eddos. O couro cabeludo parece pesado. A coceira se instala. Nada disso mata permanentemente um fol\u00edculo, mas pode criar um ambiente onde o cabelo parece mais fino e fr\u00e1gil do que realmente \u00e9.<\/p>\n\n\n\n<figure class=\"wp-block-image size-large\"><img loading=\"lazy\" decoding=\"async\" width=\"1024\" height=\"569\" src=\"https:\/\/haircenterofturkey.com\/wp-content\/uploads\/2026\/04\/When-Wax-Does-Contribute-to-Shedding-1024x569.webp\" alt=\"\" class=\"wp-image-35832\" title=\"\" srcset=\"https:\/\/haircenterofturkey.com\/wp-content\/uploads\/2026\/04\/When-Wax-Does-Contribute-to-Shedding-1024x569.webp 1024w, https:\/\/haircenterofturkey.com\/wp-content\/uploads\/2026\/04\/When-Wax-Does-Contribute-to-Shedding-300x167.webp 300w, https:\/\/haircenterofturkey.com\/wp-content\/uploads\/2026\/04\/When-Wax-Does-Contribute-to-Shedding-768x427.webp 768w, https:\/\/haircenterofturkey.com\/wp-content\/uploads\/2026\/04\/When-Wax-Does-Contribute-to-Shedding-150x83.webp 150w, https:\/\/haircenterofturkey.com\/wp-content\/uploads\/2026\/04\/When-Wax-Does-Contribute-to-Shedding.webp 1080w\" sizes=\"auto, (max-width: 1024px) 100vw, 1024px\" \/><\/figure>\n\n\n\n<h2 class=\"wp-block-heading\" id=\"when-wax-does-contribute-to-shedding\">Quando a cera contribui para a queda<\/h2>\n\n\n\n<p>Mesmo que a cera n\u00e3o seja a causa raiz, ela pode fazer parte da cadeia. Considere estes padr\u00f5es:<\/p>\n\n\n\n<ul class=\"wp-block-list\">\n<li>Dormir com produto no cabelo, noite ap\u00f3s noite<\/li>\n\n\n\n<li>Ignorando uma lavagem adequada e apenas enxaguando levemente<\/li>\n\n\n\n<li>Esfregar com muita for\u00e7a para remover res\u00edduos teimosos<\/li>\n\n\n\n<li>Usar cera de fixa\u00e7\u00e3o muito alta em cabelos j\u00e1 finos e fr\u00e1geis<\/li>\n\n\n\n<li>Puxar os fios em formas apertadas antes de secarem completamente<\/li>\n<\/ul>\n\n\n\n<p>Qualquer um deles pode causar estresse mec\u00e2nico na haste do cabelo. Quebre fios suficientes de forma consistente e come\u00e7ar\u00e1 a parecer uma perda.<\/p>\n\n\n\n<h2 class=\"wp-block-heading\" id=\"ingredients-worth-paying-attention-to\">Ingredientes aos quais vale a pena prestar aten\u00e7\u00e3o<\/h2>\n\n\n\n<p>Nem todas as ceras s\u00e3o constru\u00eddas da mesma forma. F\u00f3rmulas mais baratas tendem a depender de bases pesadas de petr\u00f3leo, solventes agressivos ou acabamentos com alto teor de \u00e1lcool que ressecam o couro cabeludo. Ao longo dos meses, esse tipo de exposi\u00e7\u00e3o n\u00e3o faz bem ao cabelo. Cera de abelha natural ou f\u00f3rmulas \u00e0 base de plantas tendem a ser mais limpas e mais leves. Os r\u00f3tulos nem sempre contam a hist\u00f3ria completa, mas uma r\u00e1pida busca por palavras como \u00f3leo mineral, parafina l\u00edquida ou pol\u00edmeros sint\u00e9ticos densos geralmente \u00e9 suficiente para orient\u00e1-lo em dire\u00e7\u00e3o ou para longe de um frasco.<\/p>\n\n\n\n<p>Se seu couro cabeludo parecer tenso, escamoso ou irritado algumas horas ap\u00f3s a modelagem, vale a pena ouvir esse feedback. Seu cabelo geralmente diz o que ele precisa antes de qualquer outra coisa.<\/p>\n\n\n\n<h2 class=\"wp-block-heading\" id=\"habits-that-quietly-damage-hair\">H\u00e1bitos que danificam silenciosamente o cabelo<\/h2>\n\n\n\n<p>\u00c0s vezes a culpa \u00e9 da cera quando o verdadeiro problema \u00e9 tudo ao seu redor. Remodela\u00e7\u00e3o frequente ao longo do dia. Pentear cera em cabelos j\u00e1 secos. Usando pentes com dentes de metal em se\u00e7\u00f5es enceradas. Enxaguar sem shampoo ap\u00f3s um longo dia. Utiliza\u00e7\u00e3o de ferramentas quentes sobre base encerada, que praticamente frita o revestimento no eixo.<\/p>\n\n\n\n<p>Pequenos h\u00e1bitos. Multiplicado ao longo de um ano. Eles se somam, silenciosamente, de maneiras que a maioria de n\u00f3s n\u00e3o percebe at\u00e9 que o espelho comece a mostr\u00e1-lo.<\/p>\n\n\n\n<h2 class=\"wp-block-heading\" id=\"shedding-vs-breakage-they-look-the-same-but-they-arent\">Queda versus quebra \u2013 eles parecem iguais, mas n\u00e3o s\u00e3o<\/h2>\n\n\n\n<p>A queda significa que o cabelo atingiu o fim do seu ciclo de crescimento e cai pela raiz. Voc\u00ea ver\u00e1 uma pequena l\u00e2mpada branca na parte inferior do fio. A quebra, por outro lado, ocorre no meio do eixo. O fio se quebra. Sem l\u00e2mpada, geralmente com comprimentos irregulares.<\/p>\n\n\n\n<p>A queda de cabelo relacionada \u00e0 cera \u00e9 quase sempre quebra. Efl\u00favio tel\u00f3geno, altera\u00e7\u00f5es hormonais, lacunas nutricionais e padr\u00f5es gen\u00e9ticos \u2013 esse \u00e9 o lado da elimina\u00e7\u00e3o. Compreender a diferen\u00e7a muda a forma como voc\u00ea responde.<\/p>\n\n\n\n<h2 class=\"wp-block-heading\" id=\"using-hair-wax-without-stressing-your-hair\">Usando cera de cabelo sem estressar o cabelo<\/h2>\n\n\n\n<p>Existe um meio-termo sensato entre nunca tocar na coisa e usar meia banheira todas as manh\u00e3s. Alguns h\u00e1bitos que ajudam:<\/p>\n\n\n\n<ul class=\"wp-block-list\">\n<li>Aplicar nos cabelos levemente \u00famidos ou secos, n\u00e3o encharcando os fios molhados<\/li>\n\n\n\n<li>Comece com uma quantidade do tamanho de uma ervilha \u2013 mais n\u00e3o \u00e9 melhor<\/li>\n\n\n\n<li>Aque\u00e7a-o nas palmas das m\u00e3os antes de tocar no cabelo<\/li>\n\n\n\n<li>Lave bem no mesmo dia, de prefer\u00eancia com um shampoo clareador suave uma vez por semana<\/li>\n\n\n\n<li>D\u00ea ao seu couro cabeludo dias sem cera quando puder<\/li>\n<\/ul>\n\n\n\n<p>Essa rotina por si s\u00f3 resolve a maioria dos sintomas que as pessoas atribuem \u00e0 cera.<\/p>\n\n\n\n<figure class=\"wp-block-image size-large\"><img loading=\"lazy\" decoding=\"async\" width=\"1024\" height=\"569\" src=\"https:\/\/haircenterofturkey.com\/wp-content\/uploads\/2026\/04\/When-the-Problem-Is-Bigger-Than-a-Styling-Product-1024x569.webp\" alt=\"\" class=\"wp-image-35833\" title=\"\" srcset=\"https:\/\/haircenterofturkey.com\/wp-content\/uploads\/2026\/04\/When-the-Problem-Is-Bigger-Than-a-Styling-Product-1024x569.webp 1024w, https:\/\/haircenterofturkey.com\/wp-content\/uploads\/2026\/04\/When-the-Problem-Is-Bigger-Than-a-Styling-Product-300x167.webp 300w, https:\/\/haircenterofturkey.com\/wp-content\/uploads\/2026\/04\/When-the-Problem-Is-Bigger-Than-a-Styling-Product-768x427.webp 768w, https:\/\/haircenterofturkey.com\/wp-content\/uploads\/2026\/04\/When-the-Problem-Is-Bigger-Than-a-Styling-Product-150x83.webp 150w, https:\/\/haircenterofturkey.com\/wp-content\/uploads\/2026\/04\/When-the-Problem-Is-Bigger-Than-a-Styling-Product.webp 1080w\" sizes=\"auto, (max-width: 1024px) 100vw, 1024px\" \/><\/figure>\n\n\n\n<h2 class=\"wp-block-heading\" id=\"when-the-problem-is-bigger-than-a-styling-product\">Quando o problema \u00e9 maior que um produto de estilo<\/h2>\n\n\n\n<p>Se voc\u00ea notar bordas mais finas, um recuo da linha do cabelo ou uma coroa visivelmente esparsa, a cera quase certamente n\u00e3o \u00e9 a culpada. A perda gen\u00e9tica de cabelo progride silenciosamente durante anos antes de se tornar \u00f3bvia. Mudan\u00e7as no estilo de vida, estresse, lacunas nutricionais e fatores m\u00e9dicos contribuem para isso.<\/p>\n\n\n\n<p>\u00c9 aqui que a avalia\u00e7\u00e3o adequada \u00e9 importante. Em cl\u00ednicas estruturadas como a Hair Center da Turquia, o primeiro passo \u00e9 geralmente uma an\u00e1lise detalhada da \u00e1rea doadora e uma revis\u00e3o do padr\u00e3o de queda de cabelo, em vez de saltar direto para as decis\u00f5es de tratamento. Esse \u00e9 o tipo de clareza que lhe diz se voc\u00ea est\u00e1 lidando com quebra, queda tempor\u00e1ria ou algo que realmente precisa de um plano real e um caminho de tratamento devidamente mapeado.<\/p>\n\n\n\n<h2 class=\"wp-block-heading\" id=\"final-thoughts\">Considera\u00e7\u00f5es Finais<\/h2>\n\n\n\n<p>A cera n\u00e3o \u00e9 o vil\u00e3o que a internet \u00e0s vezes faz parecer. Usado com um pouco de cuidado, \u00e9 uma parte perfeita de uma rotina de modelagem. O problema come\u00e7a com os h\u00e1bitos constru\u00eddos em torno disso &#8211; e com a confus\u00e3o de quebras relacionadas ao estilo com queda de cabelo real.<\/p>\n\n\n\n<p>Se voc\u00ea realmente n\u00e3o tem certeza do que est\u00e1 acontecendo em seu couro cabeludo, n\u00e3o adivinhe. Uma consulta adequada, de prefer\u00eancia com uma equipe experiente no planejamento de tratamentos para pacientes internacionais, como a do Hair Center of Turkey, oferece o tipo de leitura honesta que nenhuma mudan\u00e7a de produto de estilo pode substituir.<\/p>\n\n\n\n<h2 class=\"wp-block-heading\" id=\"frequently-asked-questions\">Perguntas frequentes<\/h2>\n\n\n<div id=\"rank-math-faq\" class=\"rank-math-block\">\n<div class=\"rank-math-list \">\n<div id=\"faq-3768d422\" class=\"rank-math-list-item\">\n<h3 class=\"rank-math-question \">Posso usar cera capilar todos os dias sem danificar meu cabelo?<\/h3>\n<div class=\"rank-math-answer \">\n\n<p>O uso di\u00e1rio geralmente \u00e9 bom se voc\u00ea lavar bem no mesmo dia e evitar dormir com o produto. O dano raramente vem da pr\u00f3pria cera &#8211; vem do ac\u00famulo de res\u00edduos e h\u00e1bitos de remo\u00e7\u00e3o bruscos. D\u00ea ao seu couro cabeludo um dia sem cera de vez em quando para manter o equil\u00edbrio.<\/p>\n\n<\/div>\n<\/div>\n<div id=\"faq-88ca4f72\" class=\"rank-math-list-item\">\n<h3 class=\"rank-math-question \">Dormir com cera no cabelo causa calv\u00edcie?<\/h3>\n<div class=\"rank-math-answer \">\n\n<p>Dormir com cera n\u00e3o causa calv\u00edcie diretamente, mas pode irritar o couro cabeludo, obstruir as aberturas dos fol\u00edculos e for\u00e7ar a haste do cabelo contra o travesseiro por horas. Com o tempo, isso pode causar quebras e problemas no couro cabeludo. Lav\u00e1-lo antes de dormir \u00e9 a solu\u00e7\u00e3o simples.<\/p>\n\n<\/div>\n<\/div>\n<div id=\"faq-006cd2cc\" class=\"rank-math-list-item\">\n<h3 class=\"rank-math-question \">Qual \u00e9 a diferen\u00e7a entre quebra e queda de cabelo causada por produtos de modelagem?<\/h3>\n<div class=\"rank-math-answer \">\n\n<p>A quebra ocorre no meio da haste e deixa fios de comprimento irregular, sem bulbo de raiz branco. A verdadeira perda de cabelo envolve a queda completa do fio do fol\u00edculo, geralmente com um pequeno bulbo preso. Problemas relacionados ao estilo quase sempre se enquadram na categoria de quebra, e n\u00e3o em perda real.<\/p>\n\n<\/div>\n<\/div>\n<div id=\"faq-c459a141\" class=\"rank-math-list-item\">\n<h3 class=\"rank-math-question \">Devo parar de usar cera se meu cabelo estiver ficando ralo?<\/h3>\n<div class=\"rank-math-answer \">\n\n<p>N\u00e3o necessariamente. Se o desbaste for gen\u00e9tico ou hormonal, interromper a cera n\u00e3o mudar\u00e1 o padr\u00e3o. O que mais importa \u00e9 identificar a causa. Uma avalia\u00e7\u00e3o adequada do couro cabeludo pode indicar se voc\u00ea deve ajustar h\u00e1bitos de estilo, mudar de produto ou seguir um plano de tratamento de longo prazo.<\/p>\n\n<\/div>\n<\/div>\n<div id=\"faq-749b6413\" class=\"rank-math-list-item\">\n<h3 class=\"rank-math-question \">Como posso saber se minha queda de cabelo precisa de avalia\u00e7\u00e3o profissional?<\/h3>\n<div class=\"rank-math-answer \">\n\n<p>Se voc\u00ea notar retra\u00e7\u00e3o da linha do cabelo, coroa esparsa, divis\u00e3o cada vez maior ou queda repentina e intensa que dura mais do que algumas semanas, vale a pena fazer um exame. Uma consulta especializada em uma cl\u00ednica como o Hair Center of Turkey pode esclarecer o que est\u00e1 impulsionando a mudan\u00e7a e o que fazer a respeito, se houver.<\/p>\n\n<\/div>\n<\/div>\n<\/div>\n<\/div>","protected":false},"excerpt":{"rendered":"<p>A maioria das pessoas se pergunta sobre isso pela primeira vez depois de detectar alguns fios a mais do que o normal no chuveiro. O pote de cera na prateleira do banheiro de repente parece suspeito. \u00c9 uma pergunta justa &#8211; os produtos de modelagem di\u00e1rios ficam no couro cabeludo por horas e \u00e9 natural [&hellip;]<\/p>\n","protected":false},"author":2,"featured_media":35831,"comment_status":"closed","ping_status":"open","sticky":false,"template":"","format":"standard","meta":{"footnotes":""},"categories":[1],"tags":[],"class_list":["post-36012","post","type-post","status-publish","format-standard","has-post-thumbnail","hentry","category-blog"],"_links":{"self":[{"href":"https:\/\/haircenterofturkey.com\/pt-br\/wp-json\/wp\/v2\/posts\/36012","targetHints":{"allow":["GET"]}}],"collection":[{"href":"https:\/\/haircenterofturkey.com\/pt-br\/wp-json\/wp\/v2\/posts"}],"about":[{"href":"https:\/\/haircenterofturkey.com\/pt-br\/wp-json\/wp\/v2\/types\/post"}],"author":[{"embeddable":true,"href":"https:\/\/haircenterofturkey.com\/pt-br\/wp-json\/wp\/v2\/users\/2"}],"replies":[{"embeddable":true,"href":"https:\/\/haircenterofturkey.com\/pt-br\/wp-json\/wp\/v2\/comments?post=36012"}],"version-history":[{"count":2,"href":"https:\/\/haircenterofturkey.com\/pt-br\/wp-json\/wp\/v2\/posts\/36012\/revisions"}],"predecessor-version":[{"id":36018,"href":"https:\/\/haircenterofturkey.com\/pt-br\/wp-json\/wp\/v2\/posts\/36012\/revisions\/36018"}],"wp:featuredmedia":[{"embeddable":true,"href":"https:\/\/haircenterofturkey.com\/pt-br\/wp-json\/wp\/v2\/media\/35831"}],"wp:attachment":[{"href":"https:\/\/haircenterofturkey.com\/pt-br\/wp-json\/wp\/v2\/media?parent=36012"}],"wp:term":[{"taxonomy":"category","embeddable":true,"href":"https:\/\/haircenterofturkey.com\/pt-br\/wp-json\/wp\/v2\/categories?post=36012"},{"taxonomy":"post_tag","embeddable":true,"href":"https:\/\/haircenterofturkey.com\/pt-br\/wp-json\/wp\/v2\/tags?post=36012"}],"curies":[{"name":"wp","href":"https:\/\/api.w.org\/{rel}","templated":true}]}}