{"id":3347,"date":"2024-08-23T12:27:45","date_gmt":"2024-08-23T09:27:45","guid":{"rendered":"https:\/\/haircenterofturkey.com\/a-creatina-causa-queda-de-cabelo\/"},"modified":"2026-03-31T09:53:53","modified_gmt":"2026-03-31T06:53:53","slug":"a-creatina-causa-queda-de-cabelo","status":"publish","type":"post","link":"https:\/\/haircenterofturkey.com\/pt-br\/a-creatina-causa-queda-de-cabelo\/","title":{"rendered":"A Creatina Causa Queda De Cabelo? O Que a Ci\u00eancia Diz Sobre O Dht E a Queda De Cabelo"},"content":{"rendered":"\n<h2 class=\"wp-block-heading\" id=\"a-creatina-causa-queda-de-cabelo\"><b>A Creatina Causa Queda de Cabelo?<\/b><\/h2>\n\n\n\n<p><span style=\"font-weight: 400;\">N\u00e3o h\u00e1 comprova\u00e7\u00e3o de que a creatina cause <a href=\"https:\/\/haircenterofturkey.com\/pt-br\/o-gel-de-cabelo-pode-causar-queda-de-cabelo-causas-mitos-e-prevencao\/\">queda de cabelo<\/a>. A preocupa\u00e7\u00e3o vem principalmente de um pequeno estudo de 2009 que identificou um aumento nos n\u00edveis de DHT (um horm\u00f4nio ligado \u00e0 calv\u00edcie masculina) ap\u00f3s uma fase curta de suplementa\u00e7\u00e3o com creatina, mas o estudo n\u00e3o mediu a queda capilar. Um ensaio randomizado mais recente de 12 semanas n\u00e3o encontrou altera\u00e7\u00f5es nos n\u00edveis de DHT ou nos marcadores de <a href=\"https:\/\/haircenterofturkey.com\/pt-br\/oleo-de-alecrim-para-o-crescimento-do-cabelo-usos-beneficios-e-seguranca\/\">crescimento capilar<\/a>.<\/span><\/p>\n\n\n\n<h2 class=\"wp-block-heading\" id=\"por-que-as-pessoas-associam-a-creatina-a-queda-de-cabelo\"><b>Por Que as Pessoas Associam a Creatina \u00e0 Queda de Cabelo<\/b><\/h2>\n\n\n\n<p><span style=\"font-weight: 400;\">A creatina \u00e9 um dos suplementos esportivos mais pesquisados, ent\u00e3o os mitos se espalham rapidamente. O boato sobre queda de cabelo geralmente se origina do di-hidrotestosterona (DHT), um andr\u00f3geno envolvido na <a href=\"https:\/\/haircenterofturkey.com\/pt-br\/oleo-de-alecrim-para-o-crescimento-do-cabelo-usos-beneficios-e-seguranca\/\">alopecia androgen\u00e9tica<\/a> (queda de cabelo masculina\/feminina). Se seus fol\u00edculos forem geneticamente sens\u00edveis ao DHT, at\u00e9 mesmo flutua\u00e7\u00f5es hormonais normais podem ter mais impacto do que teriam em algu\u00e9m sem essa predisposi\u00e7\u00e3o.<\/span><\/p>\n\n\n\n<figure class=\"wp-block-image\"><img decoding=\"async\" src=\"https:\/\/haircenterofturkey.com\/wp-content\/uploads\/2024\/08\/Does-Creatine-Cause-Hair-Loss.webp\" alt=\"A Creatina Causa Queda de Cabelo?\" title=\"\"><\/figure>\n\n\n\n<div class=\"wp-block-rank-math-toc-block\" id=\"rank-math-toc\"><h2>\u00cdndice<\/h2><nav><ul><li class=\"\"><a href=\"#a-creatina-causa-queda-de-cabelo\">A Creatina Causa Queda de Cabelo?<\/a><\/li><li class=\"\"><a href=\"#por-que-as-pessoas-associam-a-creatina-a-queda-de-cabelo\">Por Que as Pessoas Associam a Creatina \u00e0 Queda de Cabelo<\/a><\/li><li class=\"\"><a href=\"#o-que-as-pesquisas-realmente-mostram\">O Que as Pesquisas Realmente Mostram<\/a><\/li><li class=\"\"><a href=\"#dht-genetica-e-por-que-os-resultados-variam-entre-as-pessoas\">DHT, Gen\u00e9tica e Por Que os Resultados Variam Entre as Pessoas<\/a><\/li><li class=\"\"><a href=\"#outros-motivos-comuns-para-queda-de-cabelo-ao-usar-creatina\">Outros Motivos Comuns Para Queda de Cabelo ao Usar Creatina<\/a><\/li><li class=\"\"><a href=\"#o-que-fazer-se-voce-notar-queda\">O Que Fazer Se Voc\u00ea Notar Queda<\/a><\/li><li class=\"\"><a href=\"#como-cuidar-da-saude-capilar-durante-o-treino\">Como Cuidar da Sa\u00fade Capilar Durante o Treino<\/a><\/li><li class=\"\"><a href=\"#quando-procurar-um-especialista-em-queda-de-cabelo\">Quando Procurar um Especialista em Queda de Cabelo<\/a><\/li><li class=\"\"><a href=\"#faq\">FAQ<\/a><ul><li class=\"\"><a href=\"#faq-question-1771335500674\">A creatina aumenta DHT e queda de cabelo?<\/a><\/li><li class=\"\"><a href=\"#faq-question-1771335515867\">Devo parar creatina se eu tiver queda de cabelo?<\/a><\/li><li class=\"\"><a href=\"#faq-question-1771335521242\">Vou parar de perder cabelo se eu parar de tomar creatina?<\/a><\/li><li class=\"\"><a href=\"#faq-question-1771335526480\">Quanta creatina para evitar queda de cabelo?<\/a><\/li><li class=\"\"><a href=\"#faq-question-1771335535156\">A creatina \u00e9 ruim para cabelo ralo?<\/a><\/li><\/ul><\/li><\/ul><\/nav><\/div>\n\n\n\n<h2 class=\"wp-block-heading\" id=\"o-que-as-pesquisas-realmente-mostram\"><b>O Que as Pesquisas Realmente Mostram<\/b><\/h2>\n\n\n\n<p><span style=\"font-weight: 400;\">Um pequeno estudo duplo-cego realizado com jogadores universit\u00e1rios de r\u00fagbi (2009) relatou um aumento nos n\u00edveis de DHT e na propor\u00e7\u00e3o DHT-testosterona ap\u00f3s uma fase de \u201ccarga\u201d de creatina. Importante: o estudo <\/span><b>n\u00e3o<\/b><span style=\"font-weight: 400;\"> acompanhou a queda de cabelo, densidade capilar ou mudan\u00e7as no <a href=\"https:\/\/haircenterofturkey.com\/pt-br\/o-que-pode-acalmar-seu-couro-cabeludo\/\">couro cabeludo<\/a>.<\/span><\/p>\n\n\n\n<p><span style=\"font-weight: 400;\">Mais recentemente, um ensaio cl\u00ednico randomizado de 12 semanas (2025) comparou a creatina com placebo e n\u00e3o encontrou <\/span><b>diferen\u00e7as significativas<\/b><span style=\"font-weight: 400;\"> nos n\u00edveis de DHT, na propor\u00e7\u00e3o DHT-testosterona ou nos par\u00e2metros de crescimento capilar entre os grupos. Na pr\u00e1tica, esse \u00e9 o tipo de estudo que as pessoas queriam ver ap\u00f3s o artigo de 2009.<\/span><\/p>\n\n\n\n<p><span style=\"font-weight: 400;\">O perfil de seguran\u00e7a mais amplo da creatina tamb\u00e9m \u00e9 bem estabelecido na literatura de nutri\u00e7\u00e3o esportiva, com posicionamentos que descrevem o monoidratado de creatina como um suplemento bem estudado quando usado corretamente.<\/span><\/p>\n\n\n\n<h2 class=\"wp-block-heading\" id=\"dht-genetica-e-por-que-os-resultados-variam-entre-as-pessoas\"><b>DHT, Gen\u00e9tica e Por Que os Resultados Variam Entre as Pessoas<\/b><\/h2>\n\n\n\n<p><span style=\"font-weight: 400;\">O DHT n\u00e3o \u201ccausa\u201d queda de cabelo por si s\u00f3. A calv\u00edcie de padr\u00e3o ocorre quando os fol\u00edculos s\u00e3o geneticamente sens\u00edveis ao DHT ao longo do tempo, levando \u00e0 miniaturiza\u00e7\u00e3o (fios mais finos, curtos e uma queda gradual na densidade). Se voc\u00ea j\u00e1 tem hist\u00f3rico familiar de afinamento capilar, pode perceber a queda mais cedo do que amigos que tomam o mesmo suplemento.<\/span><\/p>\n\n\n\n<p><span style=\"font-weight: 400;\">Dito isso, ver mais cabelo no chuveiro n\u00e3o significa automaticamente que o DHT est\u00e1 aumentando. Muitas pessoas passam por quedas tempor\u00e1rias por gatilhos n\u00e3o relacionados.<\/span><\/p>\n\n\n\n<figure class=\"wp-block-image\"><img decoding=\"async\" src=\"https:\/\/haircenterofturkey.com\/wp-content\/uploads\/2024\/08\/Does-Creatine-Cause-Hair-Loss_1.webp\" alt=\"A Creatina Causa Queda de Cabelo?\" title=\"\"><\/figure>\n\n\n\n<p><\/p>\n\n\n\n<h2 class=\"wp-block-heading\" id=\"outros-motivos-comuns-para-queda-de-cabelo-ao-usar-creatina\"><b>Outros Motivos Comuns Para Queda de Cabelo ao Usar Creatina<\/b><\/h2>\n\n\n\n<p><span style=\"font-weight: 400;\">Se a queda come\u00e7ar ao mesmo tempo que o uso de creatina, o timing pode ser enganoso. Alguns fatores confundidores comuns:<\/span><\/p>\n\n\n\n<ul class=\"wp-block-list\">\n<li><span style=\"font-weight: 400;\">**Treinamento intenso e recupera\u00e7\u00e3o insuficiente:** Aumentos r\u00e1pidos no volume de treino, sono ruim ou estresse elevado podem contribuir para a queda.<\/span><\/li>\n\n\n\n<li><span style=\"font-weight: 400;\">**D\u00e9ficit cal\u00f3rico e perda r\u00e1pida de peso:** Cortes agressivos podem reduzir prote\u00edna, ferro, zinco e a disponibilidade energ\u00e9tica geral.<\/span><\/li>\n\n\n\n<li><span style=\"font-weight: 400;\">**Doen\u00e7a ou grandes estressores da vida:** Podem desencadear efl\u00favio tel\u00f3geno (queda tempor\u00e1ria) semanas ou meses depois.<\/span><\/li>\n\n\n\n<li><span style=\"font-weight: 400;\">**Qualidade do suplemento:** Contamina\u00e7\u00f5es n\u00e3o s\u00e3o comuns com marcas confi\u00e1veis, mas testes de terceiros s\u00e3o importantes.<\/span><\/li>\n\n\n\n<li><span style=\"font-weight: 400;\">**Calv\u00edcie de padr\u00e3o j\u00e1 existente:** A creatina pode ser culpada por um processo que j\u00e1 estava em andamento.<\/span><\/li>\n<\/ul>\n\n\n\n<figure class=\"wp-block-image\"><img decoding=\"async\" src=\"https:\/\/haircenterofturkey.com\/wp-content\/uploads\/2024\/08\/Does-Creatine-Cause-Hair-Loss_3.webp\" alt=\"A Creatina Causa Queda de Cabelo?\" title=\"\"><\/figure>\n\n\n\n<p><\/p>\n\n\n\n<h2 class=\"wp-block-heading\" id=\"o-que-fazer-se-voce-notar-queda\"><b>O Que Fazer Se Voc\u00ea Notar Queda<\/b><\/h2>\n\n\n\n<p><span style=\"font-weight: 400;\">Se a queda for leve e voc\u00ea estiver se sentindo bem, pode se estabilizar sozinha. Se for repentina, intensa ou acompanhada de sintomas no couro cabeludo (<a href=\"https:\/\/haircenterofturkey.com\/pt-br\/acalmando-o-couro-cabeludo-com-coceira-o-que-funciona\/\">coceira<\/a>, ard\u00eancia, descama\u00e7\u00e3o) ou afinamento vis\u00edvel nas t\u00eamporas ou coroa, vale a pena procurar avalia\u00e7\u00e3o.<\/span><\/p>\n\n\n\n<p><span style=\"font-weight: 400;\">Um cl\u00ednico pode observar:<\/span><\/p>\n\n\n\n<ul class=\"wp-block-list\">\n<li><span style=\"font-weight: 400;\">Queda localizada (padr\u00e3o) ou difusa<\/span><\/li>\n\n\n\n<li><span style=\"font-weight: 400;\">Estresse recente, mudan\u00e7as na dieta, doen\u00e7as ou medicamentos<\/span><\/li>\n\n\n\n<li><span style=\"font-weight: 400;\">Ferro (ferritina), vitamina D, fun\u00e7\u00e3o da tireoide e outros exames relevantes quando necess\u00e1rio<\/span><\/li>\n<\/ul>\n\n\n\n<p><span style=\"font-weight: 400;\">Se voc\u00ea tem hist\u00f3rico familiar forte de alopecia androgen\u00e9tica, pergunte sobre op\u00e7\u00f5es com evid\u00eancia como <a href=\"https:\/\/haircenterofturkey.com\/pt-br\/quais-medicamentos-sao-usados-no-transplante-capilar\/\">minoxidil<\/a> t\u00f3pico ou tratamentos prescritos\u2014essas decis\u00f5es devem ser feitas com um profissional de sa\u00fade.<\/span><\/p>\n\n\n\n<p><img decoding=\"async\" src=\"https:\/\/haircenterofturkey.com\/wp-content\/uploads\/2024\/08\/Does-Creatine-Cause-Hair-Loss_2.webp\" alt=\"A Creatina Causa Queda de Cabelo?\" title=\"\"><strong>Aspectos a Considerar<\/strong><\/p>\n\n\n\n<h2 class=\"wp-block-heading\" id=\"como-cuidar-da-saude-capilar-durante-o-treino\"><b>Como Cuidar da Sa\u00fade Capilar Durante o Treino<\/b><\/h2>\n\n\n\n<p><span style=\"font-weight: 400;\">O cabelo tende a refletir a sa\u00fade geral. Estes fundamentos ajudam mais do que xampus \u201cmilagrosos\u201d:<\/span><\/p>\n\n\n\n<ul class=\"wp-block-list\">\n<li><span style=\"font-weight: 400;\">Consuma calorias e prote\u00ednas suficientes para sua carga de treino<\/span><\/li>\n\n\n\n<li><span style=\"font-weight: 400;\">Busque uma perda de gordura est\u00e1vel e sustent\u00e1vel se estiver em cutting<\/span><\/li>\n\n\n\n<li><span style=\"font-weight: 400;\">Priorize o sono e a recupera\u00e7\u00e3o<\/span><\/li>\n\n\n\n<li><span style=\"font-weight: 400;\">Evite penteados apertados e tratamentos qu\u00edmicos agressivos se o cabelo estiver fr\u00e1gil<\/span><\/li>\n<\/ul>\n\n\n\n<h2 class=\"wp-block-heading\" id=\"quando-procurar-um-especialista-em-queda-de-cabelo\"><b>Quando Procurar um Especialista em Queda de Cabelo<\/b><\/h2>\n\n\n\n<p><span style=\"font-weight: 400;\">Se voc\u00ea quer clareza sobre o que est\u00e1 causando o afinamento\u2014especialmente se est\u00e1 pensando em um plano de longo prazo\u2014uma avalia\u00e7\u00e3o adequada economiza tempo. O Hair Center of Turkey oferece uma abordagem boutique e estilo VIP, focada em entender primeiro a causa da queda de cabelo e depois discutir os pr\u00f3ximos passos apropriados com base no seu padr\u00e3o, hist\u00f3rico e objetivos.<\/span><\/p>\n\n\n\n<h2 class=\"wp-block-heading\" id=\"faq\">FAQ<\/h2>\n\n\n<div id=\"rank-math-faq\" class=\"rank-math-block\">\n<div class=\"rank-math-list \">\n<div id=\"faq-question-1771335500674\" class=\"rank-math-list-item\">\n<h3 class=\"rank-math-question \">A creatina aumenta DHT e queda de cabelo?<\/h3>\n<div class=\"rank-math-answer \">\n\n<p>N\u00e3o, n\u00e3o h\u00e1 evid\u00eancia forte de que creatina aumente DHT ou cause queda de cabelo.<\/p>\n\n<\/div>\n<\/div>\n<div id=\"faq-question-1771335515867\" class=\"rank-math-list-item\">\n<h3 class=\"rank-math-question \">Devo parar creatina se eu tiver queda de cabelo?<\/h3>\n<div class=\"rank-math-answer \">\n\n<p>N\u00e3o; parar creatina \u00e9 opcional, mas monitore mudan\u00e7as e consulte um dermatologista.<\/p>\n\n<\/div>\n<\/div>\n<div id=\"faq-question-1771335521242\" class=\"rank-math-list-item\">\n<h3 class=\"rank-math-question \">Vou parar de perder cabelo se eu parar de tomar creatina?<\/h3>\n<div class=\"rank-math-answer \">\n\n<p>Improv\u00e1vel; parar creatina n\u00e3o interrompe de forma confi\u00e1vel a queda com predisposi\u00e7\u00e3o gen\u00e9tica.<\/p>\n\n<\/div>\n<\/div>\n<div id=\"faq-question-1771335526480\" class=\"rank-math-list-item\">\n<h3 class=\"rank-math-question \">Quanta creatina para evitar queda de cabelo?<\/h3>\n<div class=\"rank-math-answer \">\n\n<p>Nenhuma dose previne queda comprovadamente; 3\u20135 g\/dia n\u00e3o mostrou causalidade.<\/p>\n\n<\/div>\n<\/div>\n<div id=\"faq-question-1771335535156\" class=\"rank-math-list-item\">\n<h3 class=\"rank-math-question \">A creatina \u00e9 ruim para cabelo ralo?<\/h3>\n<div class=\"rank-math-answer \">\n\n<p>N\u00e3o; creatina n\u00e3o \u00e9 comprovadamente ruim para cabelo ralo.<\/p>\n\n<\/div>\n<\/div>\n<\/div>\n<\/div>","protected":false},"excerpt":{"rendered":"<p>A Creatina Causa Queda de Cabelo? N\u00e3o h\u00e1 comprova\u00e7\u00e3o de que a creatina cause queda de cabelo. A preocupa\u00e7\u00e3o vem principalmente de um pequeno estudo de 2009 que identificou um aumento nos n\u00edveis de DHT (um horm\u00f4nio ligado \u00e0 calv\u00edcie masculina) ap\u00f3s uma fase curta de suplementa\u00e7\u00e3o com creatina, mas o estudo n\u00e3o mediu a [&hellip;]<\/p>\n","protected":false},"author":2,"featured_media":3343,"comment_status":"closed","ping_status":"closed","sticky":false,"template":"","format":"standard","meta":{"footnotes":""},"categories":[4,141],"tags":[],"class_list":["post-3347","post","type-post","status-publish","format-standard","has-post-thumbnail","hentry","category-blog","category-perda-de-cabelo"],"_links":{"self":[{"href":"https:\/\/haircenterofturkey.com\/pt-br\/wp-json\/wp\/v2\/posts\/3347","targetHints":{"allow":["GET"]}}],"collection":[{"href":"https:\/\/haircenterofturkey.com\/pt-br\/wp-json\/wp\/v2\/posts"}],"about":[{"href":"https:\/\/haircenterofturkey.com\/pt-br\/wp-json\/wp\/v2\/types\/post"}],"author":[{"embeddable":true,"href":"https:\/\/haircenterofturkey.com\/pt-br\/wp-json\/wp\/v2\/users\/2"}],"replies":[{"embeddable":true,"href":"https:\/\/haircenterofturkey.com\/pt-br\/wp-json\/wp\/v2\/comments?post=3347"}],"version-history":[{"count":4,"href":"https:\/\/haircenterofturkey.com\/pt-br\/wp-json\/wp\/v2\/posts\/3347\/revisions"}],"predecessor-version":[{"id":33588,"href":"https:\/\/haircenterofturkey.com\/pt-br\/wp-json\/wp\/v2\/posts\/3347\/revisions\/33588"}],"wp:featuredmedia":[{"embeddable":true,"href":"https:\/\/haircenterofturkey.com\/pt-br\/wp-json\/wp\/v2\/media\/3343"}],"wp:attachment":[{"href":"https:\/\/haircenterofturkey.com\/pt-br\/wp-json\/wp\/v2\/media?parent=3347"}],"wp:term":[{"taxonomy":"category","embeddable":true,"href":"https:\/\/haircenterofturkey.com\/pt-br\/wp-json\/wp\/v2\/categories?post=3347"},{"taxonomy":"post_tag","embeddable":true,"href":"https:\/\/haircenterofturkey.com\/pt-br\/wp-json\/wp\/v2\/tags?post=3347"}],"curies":[{"name":"wp","href":"https:\/\/api.w.org\/{rel}","templated":true}]}}