{"id":7365,"date":"2025-05-24T15:04:18","date_gmt":"2025-05-24T12:04:18","guid":{"rendered":"https:\/\/haircenterofturkey.com\/les-patients-atteints-de-la-maladie-de-parkinson-peuvent-ils-subir-une-greffe-de-cheveux\/"},"modified":"2026-02-17T15:18:08","modified_gmt":"2026-02-17T12:18:08","slug":"les-patients-atteints-de-la-maladie-de-parkinson-peuvent-ils-subir-une-greffe-de-cheveux","status":"publish","type":"post","link":"https:\/\/haircenterofturkey.com\/fr\/les-patients-atteints-de-la-maladie-de-parkinson-peuvent-ils-subir-une-greffe-de-cheveux\/","title":{"rendered":"Les patients atteints de la maladie de Parkinson peuvent-ils b\u00e9n\u00e9ficier d&rsquo;une greffe de cheveux\u00a0?"},"content":{"rendered":"\n<h2 class=\"wp-block-heading\" id=\"les-patients-atteints-de-parkinson-peuvent-ils-subir-une-greffe-de-cheveux\">Les patients atteints de Parkinson peuvent\u2011ils subir une greffe de cheveux\u202f?<\/h2>\n\n\n\n<p>Oui, certaines personnes atteintes de la maladie de Parkinson peuvent subir une <a href=\"https:\/\/haircenterofturkey.com\/fr\/ou-faire-une-greffe-de-cheveux\/\">greffe de cheveux<\/a> en toute s\u00e9curit\u00e9, surtout aux stades pr\u00e9coces ou bien contr\u00f4l\u00e9s. L\u2019essentiel est de planifier en tenant compte des tremblements, des horaires de m\u00e9dicaments, des fluctuations de la tension art\u00e9rielle et du soutien pour les soins post\u2011op\u00e9ratoires. L\u2019\u00e9quipe charg\u00e9e de la <a href=\"https:\/\/haircenterofturkey.com\/fr\/comment-maximiser-efficacement-la-survie-des-cheveux-apres-une-greffe-fue\/\">greffe<\/a> capillaire doit coordonner avec le neurologue du patient afin de r\u00e9duire les risques et de respecter les horaires des m\u00e9dicaments contre le Parkinson.<\/p>\n\n\n\n<figure class=\"wp-block-image\"><img decoding=\"async\" src=\"https:\/\/haircenterofturkey.com\/wp-content\/uploads\/2025\/05\/1_result-2.webp\" alt=\"Les patients atteints de Parkinson peuvent\u2011ils subir une greffe de cheveux\u202f?\" title=\"\"><\/figure>\n\n\n\n<div class=\"wp-block-rank-math-toc-block\" id=\"rank-math-toc\"><h2>Table des mati\u00e8res<\/h2><nav><ul><li class=\"\"><a href=\"#les-patients-atteints-de-parkinson-peuvent-ils-subir-une-greffe-de-cheveux\">Les patients atteints de Parkinson peuvent\u2011ils subir une greffe de cheveux\u202f?<\/a><\/li><li class=\"\"><a href=\"#ce-que-signifie-la-maladie-de-parkinson-pour-la-chirurgie\">Ce que signifie la maladie de Parkinson pour la chirurgie<\/a><\/li><li class=\"\"><a href=\"#une-greffe-de-cheveux-est-elle-sure-pour-les-patients-atteints-de-parkinson\">Une greffe de cheveux est\u2011elle s\u00fbre pour les patients atteints de Parkinson\u202f?<\/a><\/li><li class=\"\"><a href=\"#facteurs-cles-qui-determinent-leligibilite\">Facteurs cl\u00e9s qui d\u00e9terminent l\u2019\u00e9ligibilit\u00e9<\/a><ul><li class=\"\"><a href=\"#tremblements-et-capacite-a-rester-immobile\">Tremblements et capacit\u00e9 \u00e0 rester immobile<\/a><\/li><li class=\"\"><a href=\"#programme-des-medicaments-et-interactions-medicamenteuses\">Programme des m\u00e9dicaments et interactions m\u00e9dicamenteuses<\/a><\/li><li class=\"\"><a href=\"#symptomes-autonomes-et-fluctuations-de-la-tension-arterielle\">Sympt\u00f4mes autonomes et fluctuations de la tension art\u00e9rielle<\/a><\/li><li class=\"\"><a href=\"#difficultes-pour-avaler-reflux-et-risque-daspiration\">Difficult\u00e9s pour avaler, reflux et risque d\u2019aspiration<\/a><\/li><li class=\"\"><a href=\"#cognition-anxiete-et-confort-pendant-les-longues-seances\">Cognition, anxi\u00e9t\u00e9 et confort pendant les longues s\u00e9ances<\/a><\/li><li class=\"\"><a href=\"#soutien-pour-les-soins-post-operatoires\">Soutien pour les soins post\u2011op\u00e9ratoires<\/a><\/li><\/ul><\/li><li class=\"\"><a href=\"#liste-de-controle-avant-la-procedure-pour-les-patients-atteints-de-parkinson\">Liste de contr\u00f4le avant la proc\u00e9dure pour les patients atteints de Parkinson<\/a><\/li><li class=\"\"><a href=\"#a-quoi-sattendre-le-jour-de-la-procedure\">\u00c0 quoi s\u2019attendre le jour de la proc\u00e9dure<\/a><\/li><li class=\"\"><a href=\"#quand-il-est-preferable-de-reporter-ou-deviter-la-chirurgie\">Quand il est pr\u00e9f\u00e9rable de reporter ou d\u2019\u00e9viter la chirurgie<\/a><\/li><li class=\"\"><a href=\"#alternatives-non-chirurgicales-qui-peuvent-tout-de-meme-aider\">Alternatives non chirurgicales qui peuvent tout de m\u00eame aider<\/a><\/li><li class=\"\"><a href=\"#questions-frequentes\">Questions fr\u00e9quentes<\/a><ul><li class=\"\"><a href=\"#faq-question-1771325518687\">Quelle est la cause de d\u00e9c\u00e8s la plus fr\u00e9quente chez les patients atteints de Parkinson ?<\/a><\/li><li class=\"\"><a href=\"#faq-question-1771325519659\">La maladie de Parkinson affecte-t-elle la perte de cheveux ?<\/a><\/li><li class=\"\"><a href=\"#faq-question-1771325520683\">Quelles prestations puis-je demander si j\u2019ai la maladie de Parkinson ?<\/a><\/li><li class=\"\"><a href=\"#faq-question-1771325521518\">Quelle est l\u2019esp\u00e9rance de vie d\u2019une personne atteinte de la maladie de Parkinson ?<\/a><\/li><li class=\"\"><a href=\"#faq-question-1771325522250\">Quelle est la r\u00e8gle 5:2:1 pour la maladie de Parkinson ?<\/a><\/li><\/ul><\/li><\/ul><\/nav><\/div>\n\n\n\n<h2 class=\"wp-block-heading\" id=\"ce-que-signifie-la-maladie-de-parkinson-pour-la-chirurgie\">Ce que signifie la maladie de Parkinson pour la chirurgie<\/h2>\n\n\n\n<p>La maladie de Parkinson (MP) est une affection neurologique progressive qui peut provoquer des tremblements, une raideur, un mouvement ralenti, des perturbations de l\u2019\u00e9quilibre, des troubles du sommeil et parfois des <a href=\"https:\/\/haircenterofturkey.com\/fr\/la-greffe-de-cheveux-est-elle-adaptee-aux-personnes-souffrant-de-maladies-de-la-peau\/\">sympt\u00f4mes<\/a> cognitifs ou de l\u2019humeur.<\/p>\n\n\n\n<p>La greffe de cheveux se fait g\u00e9n\u00e9ralement sous <a href=\"https:\/\/haircenterofturkey.com\/fr\/quelles-sont-les-complications-possibles-dune-greffe-de-cheveux\/\">anesth\u00e9sie locale<\/a>, souvent avec des dur\u00e9es d\u2019intervention longues et une obligation stricte de \u00ab\u202frester immobile\u202f\u00bb. Cette combinaison est g\u00e9rable pour de nombreux patients, mais n\u00e9cessite une pr\u00e9paration accrue chez les personnes atteintes de MP.<\/p>\n\n\n\n<h2 class=\"wp-block-heading\" id=\"une-greffe-de-cheveux-est-elle-sure-pour-les-patients-atteints-de-parkinson\">Une greffe de cheveux est\u2011elle s\u00fbre pour les patients atteints de Parkinson\u202f?<\/h2>\n\n\n\n<p>En g\u00e9n\u00e9ral, la MP n\u2019est pas un \u00ab\u202fnon\u202f\u00bb automatique. L\u2019\u00e9ligibilit\u00e9 d\u00e9pend moins du diagnostic lui\u2011m\u00eame et plus de la stabilit\u00e9 des sympt\u00f4mes, de la pr\u00e9visibilit\u00e9 de la r\u00e9ponse aux m\u00e9dicaments et de la capacit\u00e9 du patient \u00e0 tol\u00e9rer plusieurs heures dans une m\u00eame position.<\/p>\n\n\n\n<p>La plupart des cliniques demanderont une autorisation m\u00e9dicale lorsque la MP est mod\u00e9r\u00e9e \u00e0 avanc\u00e9e, s\u2019il y a des tremblements significatifs ou s\u2019il existe des pr\u00e9occupations cardiovasculaires ou respiratoires.<\/p>\n\n\n\n<figure class=\"wp-block-image\"><img decoding=\"async\" src=\"https:\/\/haircenterofturkey.com\/wp-content\/uploads\/2025\/05\/2_result-2.webp\" alt=\"Les patients atteints de Parkinson peuvent\u2011ils subir une greffe de cheveux\u202f?\" title=\"\"><\/figure>\n\n\n\n<p><\/p>\n\n\n\n<h2 class=\"wp-block-heading\" id=\"facteurs-cles-qui-determinent-leligibilite\">Facteurs cl\u00e9s qui d\u00e9terminent l\u2019\u00e9ligibilit\u00e9<\/h2>\n\n\n\n<h3 class=\"wp-block-heading\" id=\"tremblements-et-capacite-a-rester-immobile\">Tremblements et capacit\u00e9 \u00e0 rester immobile<\/h3>\n\n\n\n<p>La greffe de cheveux exige de la pr\u00e9cision pendant la collecte et l\u2019implantation des greffons. Les mouvements involontaires de la t\u00eate peuvent r\u00e9duire la pr\u00e9cision et augmenter le traumatisme des greffons.<\/p>\n\n\n\n<p>Les patients avec des tremblements l\u00e9gers et bien contr\u00f4l\u00e9s s\u2019en sortent souvent bien, surtout si la clinique utilise un positionnement de soutien, des pauses et un environnement calme. Pour des tremblements plus prononc\u00e9s, un chirurgien peut recommander des sessions plus courtes r\u00e9parties sur plusieurs jours ou un report jusqu\u2019\u00e0 ce que les sympt\u00f4mes soient mieux contr\u00f4l\u00e9s.<\/p>\n\n\n\n<h3 class=\"wp-block-heading\" id=\"programme-des-medicaments-et-interactions-medicamenteuses\">Programme des m\u00e9dicaments et interactions m\u00e9dicamenteuses<\/h3>\n\n\n\n<p>Un principe peri\u2011op\u00e9ratoire courant dans la MP est de conserver les m\u00e9dicaments dopaminergiques aussi pr\u00e8s que possible de l\u2019horaire habituel. Des doses manqu\u00e9es ou retard\u00e9es peuvent d\u00e9clencher une p\u00e9riode de \u00ab\u202fwearing\u2011off\u202f\u00bb avec une rigidit\u00e9 accrue, des tremblements, de l\u2019anxi\u00e9t\u00e9 ou des difficult\u00e9s \u00e0 bouger.<\/p>\n\n\n\n<p>Informez la clinique de tous les m\u00e9dicaments contre la MP que vous prenez, y compris la l\u00e9vodopa\/carbidopa, les agonistes de la dopamine, les inhibiteurs de MAO\u2011B et les inhibiteurs de COMT. Certaines combinaisons peuvent affecter la tension art\u00e9rielle ou interagir avec des m\u00e9dicaments utilis\u00e9s lors des proc\u00e9dures, il est donc important de coordonner avec le neurologue (et l\u2019\u00e9quipe d\u2019<a href=\"https:\/\/haircenterofturkey.com\/fr\/quel-type-danesthesie-est-le-plus-adapte-a-une-greffe-de-cheveux\/\">anesth\u00e9sie<\/a> si une <a href=\"https:\/\/haircenterofturkey.com\/fr\/greffe-de-cheveux-sans-douleur-et-sans-aiguille\/\">s\u00e9dation<\/a> est pr\u00e9vue).<\/p>\n\n\n\n<p>L\u2019anesth\u00e9sique local contient souvent de l\u2019\u00e9pin\u00e9phrine (adr\u00e9naline) pour r\u00e9duire les saignements. Chez les personnes prenant un inhibiteur de COMT, il existe des rapports d\u2019\u00e9l\u00e9vations significatives de la tension art\u00e9rielle avec un anesth\u00e9sique local contenant de l\u2019\u00e9pin\u00e9phrine dans des proc\u00e9dures de type dentaire. Cela ne signifie pas que c\u2019est toujours dangereux, mais c\u2019est une raison de personnaliser le plan anesth\u00e9sique et de surveiller attentivement la tension art\u00e9rielle.<\/p>\n\n\n\n<h3 class=\"wp-block-heading\" id=\"symptomes-autonomes-et-fluctuations-de-la-tension-arterielle\">Sympt\u00f4mes autonomes et fluctuations de la tension art\u00e9rielle<\/h3>\n\n\n\n<p>De nombreuses personnes atteintes de MP pr\u00e9sentent des probl\u00e8mes autonomes tels que l\u2019hypotension orthostatique (chute de la tension art\u00e9rielle en se levant), la constipation, des sympt\u00f4mes urinaires et des troubles de la r\u00e9gulation de la temp\u00e9rature.<\/p>\n\n\n\n<p>M\u00eame lors d\u2019une greffe de cheveux sous anesth\u00e9sie locale, une longue p\u00e9riode allong\u00e9e, le stress et la douleur peuvent affecter la fr\u00e9quence cardiaque et la tension art\u00e9rielle. Si vous avez une hypotension orthostatique connue, une hypertension en d\u00e9cubitus ou des \u00e9pisodes d\u2019\u00e9vanouissement, votre \u00e9quipe peut ajuster les fluides, le positionnement et la surveillance.<\/p>\n\n\n\n<h3 class=\"wp-block-heading\" id=\"difficultes-pour-avaler-reflux-et-risque-daspiration\">Difficult\u00e9s pour avaler, reflux et risque d\u2019aspiration<\/h3>\n\n\n\n<p>Les modifications de la d\u00e9glutition et le reflux peuvent faire partie de la MP. Si une s\u00e9dation est utilis\u00e9e, la protection des voies respiratoires et le risque d\u2019aspiration deviennent plus pertinents.<\/p>\n\n\n\n<p>Informez votre clinique si vous avez des \u00e9pisodes d\u2019\u00e9touffement, une toux fr\u00e9quente avec des liquides, un reflux incontr\u00f4l\u00e9 ou des ant\u00e9c\u00e9dents de pneumonie. Cela aide l\u2019\u00e9quipe \u00e0 d\u00e9cider s\u2019il faut \u00e9viter la s\u00e9dation, la limiter ou faire appel \u00e0 un professionnel de l\u2019anesth\u00e9sie.<\/p>\n\n\n\n<h3 class=\"wp-block-heading\" id=\"cognition-anxiete-et-confort-pendant-les-longues-seances\">Cognition, anxi\u00e9t\u00e9 et confort pendant les longues s\u00e9ances<\/h3>\n\n\n\n<p>Une greffe de cheveux peut durer plusieurs heures, et l\u2019ennui, l\u2019anxi\u00e9t\u00e9, la sensibilit\u00e9 \u00e0 la douleur ou les p\u00e9riodes \u00ab\u202foff\u202f\u00bb peuvent rendre la s\u00e9ance difficile \u00e0 terminer confortablement.<\/p>\n\n\n\n<p>Si vous avez une anxi\u00e9t\u00e9 importante, de la claustrophobie, des mouvements impulsifs ou des changements cognitifs, discutez\u2011en t\u00f4t. Un plan avec plus de pauses, des s\u00e9ances plus courtes et un accompagnant pr\u00e9sent le jour de l\u2019intervention peut faire une r\u00e9elle diff\u00e9rence.<\/p>\n\n\n\n<h3 class=\"wp-block-heading\" id=\"soutien-pour-les-soins-post-operatoires\">Soutien pour les soins post\u2011op\u00e9ratoires<\/h3>\n\n\n\n<p>Les premiers soins apr\u00e8s l\u2019intervention n\u00e9cessitent un nettoyage doux, des pr\u00e9cautions concernant la position pour dormir et l\u2019\u00e9vitement de frotter ou gratter les greffons.<\/p>\n\n\n\n<p>Si les tremblements des mains ou la raideur rendent les soins pr\u00e9cis difficiles, pr\u00e9voyez de l\u2019aide pour les 7 \u00e0 10 premiers jours. Un aidant peut aider pour le lavage, le respect des horaires de m\u00e9dication et la protection du cuir <a href=\"https:\/\/haircenterofturkey.com\/fr\/conseils-pour-lutter-contre-leczema-du-cuir-chevelu\/\">chevelu<\/a>.<\/p>\n\n\n\n<h2 class=\"wp-block-heading\" id=\"liste-de-controle-avant-la-procedure-pour-les-patients-atteints-de-parkinson\">Liste de contr\u00f4le avant la proc\u00e9dure pour les patients atteints de Parkinson<\/h2>\n\n\n\n<ul class=\"wp-block-list\">\n<li>Obtenez un examen neurologique si les sympt\u00f4mes ont chang\u00e9 au cours des 3 \u00e0 6 derniers mois, si vous avez des p\u00e9riodes \u00ab\u202foff\u202f\u00bb fr\u00e9quentes ou si des ajustements de m\u00e9dicaments sont en cours.<\/li>\n\n\n\n<li>Demandez \u00e0 la clinique un plan \u00e9crit pour le calendrier des m\u00e9dicaments contre la MP le jour de l\u2019intervention, y compris ce qu\u2019il faut faire si le je\u00fbne est requis et combien de temps apr\u00e8s la s\u00e9ance vous pouvez reprendre les doses.<\/li>\n\n\n\n<li>Partagez votre liste compl\u00e8te de m\u00e9dicaments, y compris les inhibiteurs de COMT et de MAO\u2011B, ainsi que tous les m\u00e9dicaments pour la tension art\u00e9rielle et les anticoagulants.<\/li>\n\n\n\n<li>Discutez du contr\u00f4le des tremblements et du positionnement. Si vous avez du mal \u00e0 rester immobile, demandez s\u2019il est possible de diviser la proc\u00e9dure en s\u00e9ances plus courtes.<\/li>\n\n\n\n<li>Signalez les sympt\u00f4mes autonomes : vertiges en se levant, \u00e9vanouissements, tension art\u00e9rielle impr\u00e9visible, constipation n\u00e9cessitant un m\u00e9dicament, urgence urinaire ou intol\u00e9rance \u00e0 la chaleur.<\/li>\n\n\n\n<li>Pr\u00e9voyez de l\u2019aide pour les soins post\u2011op\u00e9ratoires pendant au moins la premi\u00e8re semaine si les sympt\u00f4mes moteurs sont mod\u00e9r\u00e9s ou si vous vivez seul.<\/li>\n\n\n\n<li>Planifiez le transport. Conduire juste apr\u00e8s une longue s\u00e9ance est une mauvaise id\u00e9e pour la plupart des patients et peut \u00eatre dangereux si les tremblements ou la fatigue sont importants.<\/li>\n<\/ul>\n\n\n\n<h2 class=\"wp-block-heading\" id=\"a-quoi-sattendre-le-jour-de-la-procedure\">\u00c0 quoi s\u2019attendre le jour de la proc\u00e9dure<\/h2>\n\n\n\n<p>De nombreux patients tirent avantage d\u2019un rendez\u2011vous le matin. Cela r\u00e9duit les risques que les horaires de m\u00e9dicament d\u00e9vient et aide \u00e0 \u00e9viter une p\u00e9riode prolong\u00e9e sans th\u00e9rapie dopaminergique.<\/p>\n\n\n\n<p>Attendez\u2011vous \u00e0 des contr\u00f4les fr\u00e9quents de la tension art\u00e9rielle, surtout si vous avez des sympt\u00f4mes autonomes. Si l\u2019anesth\u00e9sique contient de l\u2019\u00e9pin\u00e9phrine, la surveillance devient encore plus importante.<\/p>\n\n\n\n<p>Demandez de courtes pauses pour vous lever ou vous \u00e9tirer lorsque cela est s\u00fbr. De petites mesures de confort r\u00e9duisent les risques d\u2019agitation ou de mouvements involontaires plus tard dans la s\u00e9ance.<\/p>\n\n\n\n<h2 class=\"wp-block-heading\" id=\"quand-il-est-preferable-de-reporter-ou-deviter-la-chirurgie\">Quand il est pr\u00e9f\u00e9rable de reporter ou d\u2019\u00e9viter la chirurgie<\/h2>\n\n\n\n<p>Une greffe de cheveux est un acte \u00e9lectif. Si le profil de risque n\u2019est pas favorable, reporter est souvent le choix le plus judicieux.<\/p>\n\n\n\n<p>Envisagez de reporter si les tremblements sont s\u00e9v\u00e8res et impr\u00e9visibles, si vous ne pouvez pas rester immobile m\u00eame avec des pauses, si votre tension art\u00e9rielle est instable ou si des sympt\u00f4mes cognitifs rendent le consentement \u00e9clair\u00e9 et les soins post\u2011op\u00e9ratoires peu fiables.<\/p>\n\n\n\n<p>Une maladie active du <a href=\"https:\/\/haircenterofturkey.com\/fr\/comment-diminuer-les-demangeaisons-de-son-cuir-chevelu\/\">cuir chevelu<\/a> (dermatite, infection), un <a href=\"https:\/\/haircenterofturkey.com\/fr\/greffe-de-cheveux-chez-les-diabetiques\/\">diab\u00e8te<\/a> non contr\u00f4l\u00e9 ou l\u2019utilisation de certains anticoagulants peuvent \u00e9galement n\u00e9cessiter un report jusqu\u2019\u00e0 optimisation.<\/p>\n\n\n\n<h2 class=\"wp-block-heading\" id=\"alternatives-non-chirurgicales-qui-peuvent-tout-de-meme-aider\">Alternatives non chirurgicales qui peuvent tout de m\u00eame aider<\/h2>\n\n\n\n<p>Si la chirurgie n\u2019est pas adapt\u00e9e pour le moment, vous avez toujours des options qui peuvent am\u00e9liorer l\u2019apparence sans longues dur\u00e9es de proc\u00e9dure.<\/p>\n\n\n\n<p>Les produits de camouflage (fibres capillaires, correcteurs) peuvent cr\u00e9er une densit\u00e9 instantan\u00e9e. Les traitements m\u00e9dicaux pour la <a href=\"https:\/\/haircenterofturkey.com\/fr\/les-plus-grosses-erreurs-a-eviter-chez-le-coiffeur-et-comment-les-corriger\/\">perte de cheveux<\/a> de type androg\u00e9n\u00e9tique, tels que le <a href=\"https:\/\/haircenterofturkey.com\/fr\/quels-sont-les-medicaments-utilises-pour-la-greffe-de-cheveux\/\">minoxidil<\/a> topique ou des options orales prescrites par un clinicien, peuvent ralentir la progression et \u00e9paissir les cheveux existants chez certains patients.<\/p>\n\n\n\n<p>Certaines cliniques proposent \u00e9galement le <a href=\"https:\/\/haircenterofturkey.com\/fr\/effets-secondaires-de-la-greffe-de-cheveux\/\">PRP<\/a> comme compl\u00e9ment pour certains types d\u2019amincissement, bien que les r\u00e9sultats varient et que cela ne remplace pas une greffe lorsque la couverture est limit\u00e9e.<\/p>\n\n\n\n<h2 class=\"wp-block-heading\" id=\"questions-frequentes\">Questions fr\u00e9quentes<\/h2>\n\n\n<div id=\"rank-math-faq\" class=\"rank-math-block\">\n<div class=\"rank-math-list \">\n<div id=\"faq-question-1771325518687\" class=\"rank-math-list-item\">\n<h3 class=\"rank-math-question \">Quelle est la cause de d\u00e9c\u00e8s la plus fr\u00e9quente chez les patients atteints de Parkinson ?<\/h3>\n<div class=\"rank-math-answer \">\n\n<p>La pneumonie d\u2019aspiration est la principale cause de d\u00e9c\u00e8s chez les parkinsoniens.<\/p>\n\n<\/div>\n<\/div>\n<div id=\"faq-question-1771325519659\" class=\"rank-math-list-item\">\n<h3 class=\"rank-math-question \">La maladie de Parkinson affecte-t-elle la perte de cheveux ?<\/h3>\n<div class=\"rank-math-answer \">\n\n<p>Oui\u2014les m\u00e9dicaments dopaminergiques peuvent causer une chute; Parkinson n\u2019en est pas la cause directe.<\/p>\n\n<\/div>\n<\/div>\n<div id=\"faq-question-1771325520683\" class=\"rank-math-list-item\">\n<h3 class=\"rank-math-question \">Quelles prestations puis-je demander si j\u2019ai la maladie de Parkinson ?<\/h3>\n<div class=\"rank-math-answer \">\n\n<p>Prestations d\u2019invalidit\u00e9, mobilit\u00e9 et aide aux aidants peuvent exister selon l\u2019\u00e9ligibilit\u00e9 locale.<\/p>\n\n<\/div>\n<\/div>\n<div id=\"faq-question-1771325521518\" class=\"rank-math-list-item\">\n<h3 class=\"rank-math-question \">Quelle est l\u2019esp\u00e9rance de vie d\u2019une personne atteinte de la maladie de Parkinson ?<\/h3>\n<div class=\"rank-math-answer \">\n\n<p>La survie m\u00e9diane est d\u2019environ 10\u201315 ans apr\u00e8s diagnostic; beaucoup vivent plus.<\/p>\n\n<\/div>\n<\/div>\n<div id=\"faq-question-1771325522250\" class=\"rank-math-list-item\">\n<h3 class=\"rank-math-question \">Quelle est la r\u00e8gle 5:2:1 pour la maladie de Parkinson ?<\/h3>\n<div class=\"rank-math-answer \">\n\n<p>Le 5:2:1 signifie \u22655 doses de l\u00e9vodopa\/jour, \u22652h OFF\/jour, \u22651h dyskin\u00e9sie\/jour.<\/p>\n\n<\/div>\n<\/div>\n<\/div>\n<\/div>","protected":false},"excerpt":{"rendered":"<p>Les patients atteints de Parkinson peuvent\u2011ils subir une greffe de cheveux\u202f? Oui, certaines personnes atteintes de la maladie de Parkinson peuvent subir une greffe de cheveux en toute s\u00e9curit\u00e9, surtout aux stades pr\u00e9coces ou bien contr\u00f4l\u00e9s. L\u2019essentiel est de planifier en tenant compte des tremblements, des horaires de m\u00e9dicaments, des fluctuations de la tension art\u00e9rielle [&hellip;]<\/p>\n","protected":false},"author":2,"featured_media":7574,"comment_status":"closed","ping_status":"closed","sticky":false,"template":"","format":"standard","meta":{"footnotes":""},"categories":[3,145],"tags":[],"class_list":["post-7365","post","type-post","status-publish","format-standard","has-post-thumbnail","hentry","category-blog","category-perte-de-cheveux"],"_links":{"self":[{"href":"https:\/\/haircenterofturkey.com\/fr\/wp-json\/wp\/v2\/posts\/7365","targetHints":{"allow":["GET"]}}],"collection":[{"href":"https:\/\/haircenterofturkey.com\/fr\/wp-json\/wp\/v2\/posts"}],"about":[{"href":"https:\/\/haircenterofturkey.com\/fr\/wp-json\/wp\/v2\/types\/post"}],"author":[{"embeddable":true,"href":"https:\/\/haircenterofturkey.com\/fr\/wp-json\/wp\/v2\/users\/2"}],"replies":[{"embeddable":true,"href":"https:\/\/haircenterofturkey.com\/fr\/wp-json\/wp\/v2\/comments?post=7365"}],"version-history":[{"count":3,"href":"https:\/\/haircenterofturkey.com\/fr\/wp-json\/wp\/v2\/posts\/7365\/revisions"}],"predecessor-version":[{"id":27076,"href":"https:\/\/haircenterofturkey.com\/fr\/wp-json\/wp\/v2\/posts\/7365\/revisions\/27076"}],"wp:featuredmedia":[{"embeddable":true,"href":"https:\/\/haircenterofturkey.com\/fr\/wp-json\/wp\/v2\/media\/7574"}],"wp:attachment":[{"href":"https:\/\/haircenterofturkey.com\/fr\/wp-json\/wp\/v2\/media?parent=7365"}],"wp:term":[{"taxonomy":"category","embeddable":true,"href":"https:\/\/haircenterofturkey.com\/fr\/wp-json\/wp\/v2\/categories?post=7365"},{"taxonomy":"post_tag","embeddable":true,"href":"https:\/\/haircenterofturkey.com\/fr\/wp-json\/wp\/v2\/tags?post=7365"}],"curies":[{"name":"wp","href":"https:\/\/api.w.org\/{rel}","templated":true}]}}